{"id":2080962,"date":"2026-08-06T15:30:40","date_gmt":"2026-08-06T12:30:40","guid":{"rendered":"https:\/\/analyse.optim.biz\/?p=2080962"},"modified":"2026-08-06T15:30:40","modified_gmt":"2026-08-06T12:30:40","slug":"lucian-harsovschi-atentie-nu-mai-cade-tencuiala-la-blocul-lama-din-suceava-am-pregatit-si-contractat-reabilitarea-energetica-prin-pnrr-cu-cost-zero-pentru-prop","status":"publish","type":"post","link":"https:\/\/analyse.optim.biz\/?p=2080962","title":{"rendered":"Lucian Har\u0219ovschi: \u201eAten\u021bie! Nu mai cade tencuiala!\u201d la blocul \u201eLam\u0103\u201d din Suceava. Am preg\u0103tit \u0219i contractat reabilitarea energetic\u0103 prin PNRR, cu cost zero pentru proprietari"},"content":{"rendered":"<p>[analyse_image type=&#8221;featured&#8221; src=&#8221;https:\/\/www.newsbucovina.ro\/wp-content\/uploads\/2026\/08\/Screenshot-2026-08-06-182407.pnghttps:\/\/cdn.newsbucovina.ro\/wp-content\/uploads\/2026\/08\/Screenshot-2026-08-06-182407.png&#8221;]<\/p>\n<div class=\"td-post-content tagdiv-type\">\n<div class=\"td-a-rec td-a-rec-id-content_top  tdi_3 td_block_template_1\"><strong>Intr\u0103 acum \u0219i \u00een grupul de <\/p>\n<div class=\"wp-block-button\"><a class=\"wp-block-button__link wp-element-button\" href=\"https:\/\/t.me\/+TH8wcfnp8fw5NWI0\">Telegram News Bucovina<\/a><\/div>\n<p><\/strong><\/div>\n<p class=\"wp-block-paragraph\">Fostul viceprimar al Sucevei, actual consilier local Lucian Har\u0219ovschi, a anun\u021bat c\u0103 blocul P de pe Bulevardul 1 Mai nr. 2, cunoscut \u0219i ca \u201eblocul Lam\u0103\u201d, situat vizavi de Prim\u0103rie, beneficiaz\u0103 de renovare energetic\u0103 finan\u021bat\u0103 prin Planul Na\u021bional de Redresare \u0219i Rezilien\u021b\u0103, f\u0103r\u0103 niciun cost pentru proprietari.<\/p>\n<div class=\"wp-block-image\">\n<figure class=\"aligncenter size-full\"><a href=\"https:\/\/cdn.newsbucovina.ro\/wp-content\/uploads\/2026\/08\/Screenshot-2026-08-06-182407.png\"><img loading=\"lazy\" decoding=\"async\" width=\"766\" height=\"383\" src=\"https:\/\/cdn.newsbucovina.ro\/wp-content\/uploads\/2026\/08\/Screenshot-2026-08-06-182407.png\" alt class=\"wp-image-445859\"><\/a><\/figure>\n<\/div>\n<p class=\"wp-block-paragraph\">Proiectul a fost preg\u0103tit \u0219i contractat \u00een mandatul administra\u021biei din care a f\u0103cut parte Har\u0219ovschi, fiind finan\u021bat prin PNRR \u2013 Componenta C5 \u201eValul Renov\u0103rii\u201d. Contractul de finan\u021bare a fost semnat de Har\u0219ovschi \u00een martie 2023, valoarea eligibil\u0103 a proiectului fiind de 5.607.172,89 lei. Un an mai t\u00e2rziu, la 28 februarie 2024, a fost semnat contractul de execu\u021bie cu firma sucevean\u0103 Comtransport SRL.<\/p>\n<p class=\"wp-block-paragraph\">Lucr\u0103rile sunt aproape finalizate, iar semnele \u201eAten\u021bie, cade tencuiala!\u201d au fost sau urmeaz\u0103 s\u0103 fie \u00eenl\u0103turate. Har\u0219ovschi a subliniat c\u0103 administra\u021bia \u00eenseamn\u0103 mai mult dec\u00e2t \u201edou\u0103 linii trase pe asfalt, abonamente de parcare \u0219i taxe sau impozite m\u0103rite\u201d. \u00cen opinia sa, administra\u021bia \u00eenseamn\u0103 atragerea de proiecte europene cu finan\u021bare nerambursabil\u0103, investi\u021bii \u00een dezvoltarea ora\u0219ului \u0219i cre\u0219terea calit\u0103\u021bii vie\u021bii oamenilor.<\/p>\n<p class=\"wp-block-paragraph\">\u201eNoi am f\u0103cut partea grea: proiectare, finan\u021bare european\u0103 \u0219i execu\u021bie. Actuala administra\u021bie contribuie \u0219i ea: cu \u00eenl\u0103turarea pl\u0103cu\u021bei pe care scrie \u00abAten\u021bie, cade tencuiala!\u00bb\u201d, a declarat consilierul local. Acesta a ad\u0103ugat, mai \u00een glum\u0103, mai \u00een serios, c\u0103 este un exemplu de \u201ecolaborare\u201d \u00eentre vechea \u0219i actuala administra\u021bie.<\/p>\n<p class=\"wp-block-paragraph\">De\u0219i culoarea aleas\u0103 de arhitec\u021bi poate fi o chestiune de gust, beneficiile renov\u0103rii sunt incontestabile. Cele aproximativ 140 de persoane care locuiesc \u00een bloc beneficiaz\u0103 acum de un confort termic ridicat, cu cost zero din partea lor. Har\u0219ovschi a mul\u021bumit echipei care a lucrat la proiectele europene \u00een perioada mandatului anterior.<\/p>\n<div class=\"td-a-rec td-a-rec-id-content_bottom  tdi_4 td_block_template_1\"><strong>Intr\u0103 acum \u0219i \u00een grupul de <\/p>\n<div class=\"wp-block-button\"><a class=\"wp-block-button__link wp-element-button\" href=\"https:\/\/t.me\/+TH8wcfnp8fw5NWI0\">Telegram News Bucovina<\/a><\/div>\n<p><\/strong><\/div>\n<\/div>\n<div class=\"td-post-content tagdiv-type\">\n<div class=\"td-a-rec td-a-rec-id-content_top  tdi_3 td_block_template_1\"><strong>Intr\u0103 acum \u0219i \u00een grupul de <\/p>\n<div class=\"wp-block-button\"><a class=\"wp-block-button__link wp-element-button\" href=\"https:\/\/t.me\/+TH8wcfnp8fw5NWI0\">Telegram News Bucovina<\/a><\/div>\n<p><\/strong><\/div>\n<p class=\"wp-block-paragraph\">Fostul viceprimar al Sucevei, actual consilier local Lucian Har\u0219ovschi, a anun\u021bat c\u0103 blocul P de pe Bulevardul 1 Mai nr. 2, cunoscut \u0219i ca \u201eblocul Lam\u0103\u201d, situat vizavi de Prim\u0103rie, beneficiaz\u0103 de renovare energetic\u0103 finan\u021bat\u0103 prin Planul Na\u021bional de Redresare \u0219i Rezilien\u021b\u0103, f\u0103r\u0103 niciun cost pentru proprietari.<\/p>\n<div class=\"wp-block-image\">\n<figure class=\"aligncenter size-full\"><a href=\"https:\/\/cdn.newsbucovina.ro\/wp-content\/uploads\/2026\/08\/Screenshot-2026-08-06-182407.png\"><img loading=\"lazy\" decoding=\"async\" width=\"766\" height=\"383\" src=\"https:\/\/cdn.newsbucovina.ro\/wp-content\/uploads\/2026\/08\/Screenshot-2026-08-06-182407.png\" alt class=\"wp-image-445859\"><\/a><\/figure>\n<\/div>\n<p class=\"wp-block-paragraph\">Proiectul a fost preg\u0103tit \u0219i contractat \u00een mandatul administra\u021biei din care a f\u0103cut parte Har\u0219ovschi, fiind finan\u021bat prin PNRR \u2013 Componenta C5 \u201eValul Renov\u0103rii\u201d. Contractul de finan\u021bare a fost semnat de Har\u0219ovschi \u00een martie 2023, valoarea eligibil\u0103 a proiectului fiind de 5.607.172,89 lei. Un an mai t\u00e2rziu, la 28 februarie 2024, a fost semnat contractul de execu\u021bie cu firma sucevean\u0103 Comtransport SRL.<\/p>\n<p class=\"wp-block-paragraph\">Lucr\u0103rile sunt aproape finalizate, iar semnele \u201eAten\u021bie, cade tencuiala!\u201d au fost sau urmeaz\u0103 s\u0103 fie \u00eenl\u0103turate. Har\u0219ovschi a subliniat c\u0103 administra\u021bia \u00eenseamn\u0103 mai mult dec\u00e2t \u201edou\u0103 linii trase pe asfalt, abonamente de parcare \u0219i taxe sau impozite m\u0103rite\u201d. \u00cen opinia sa, administra\u021bia \u00eenseamn\u0103 atragerea de proiecte europene cu finan\u021bare nerambursabil\u0103, investi\u021bii \u00een dezvoltarea ora\u0219ului \u0219i cre\u0219terea calit\u0103\u021bii vie\u021bii oamenilor.<\/p>\n<p class=\"wp-block-paragraph\">\u201eNoi am f\u0103cut partea grea: proiectare, finan\u021bare european\u0103 \u0219i execu\u021bie. Actuala administra\u021bie contribuie \u0219i ea: cu \u00eenl\u0103turarea pl\u0103cu\u021bei pe care scrie \u00abAten\u021bie, cade tencuiala!\u00bb\u201d, a declarat consilierul local. Acesta a ad\u0103ugat, mai \u00een glum\u0103, mai \u00een serios, c\u0103 este un exemplu de \u201ecolaborare\u201d \u00eentre vechea \u0219i actuala administra\u021bie.<\/p>\n<p class=\"wp-block-paragraph\">De\u0219i culoarea aleas\u0103 de arhitec\u021bi poate fi o chestiune de gust, beneficiile renov\u0103rii sunt incontestabile. Cele aproximativ 140 de persoane care locuiesc \u00een bloc beneficiaz\u0103 acum de un confort termic ridicat, cu cost zero din partea lor. Har\u0219ovschi a mul\u021bumit echipei care a lucrat la proiectele europene \u00een perioada mandatului anterior.<\/p>\n<div class=\"td-a-rec td-a-rec-id-content_bottom  tdi_4 td_block_template_1\"><strong>Intr\u0103 acum \u0219i \u00een grupul de <\/p>\n<div class=\"wp-block-button\"><a class=\"wp-block-button__link wp-element-button\" href=\"https:\/\/t.me\/+TH8wcfnp8fw5NWI0\">Telegram News Bucovina<\/a><\/div>\n<p><\/strong><\/div>\n<\/div>\n<p>[analyse_source url=&#8221;https:\/\/www.newsbucovina.ro\/politica\/445858\/lucian-harsovschi-atentie-nu-mai-cade-tencuiala-la-blocul-lama-din-suceava-am-pregatit-si-contractat-reabilitarea-energetica-prin-pnrr-cu-cost-zero-pentru-prop&#8221;]<\/p>\n","protected":false},"excerpt":{"rendered":"<p>[analyse_image type=&#8221;featured&#8221; src=&#8221;https:\/\/www.newsbucovina.ro\/wp-content\/uploads\/2026\/08\/Screenshot-2026-08-06-182407.pnghttps:\/\/cdn.newsbucovina.ro\/wp-content\/uploads\/2026\/08\/Screenshot-2026-08-06-182407.png&#8221;] Intr\u0103 acum \u0219i \u00een grupul de Telegram News Bucovina Fostul viceprimar al Sucevei, actual consilier local Lucian Har\u0219ovschi, a anun\u021bat c\u0103 blocul P de pe Bulevardul 1 Mai nr. 2, cunoscut \u0219i ca \u201eblocul Lam\u0103\u201d, situat vizavi de Prim\u0103rie, beneficiaz\u0103 de renovare energetic\u0103 finan\u021bat\u0103 prin Planul Na\u021bional de Redresare \u0219i Rezilien\u021b\u0103, f\u0103r\u0103 [&hellip;]<\/p>\n","protected":false},"author":1,"featured_media":0,"comment_status":"open","ping_status":"","sticky":false,"template":"","format":"standard","meta":{"footnotes":""},"categories":[89],"tags":[226,165],"class_list":["post-2080962","post","type-post","status-publish","format-standard","hentry","category-romania","tag-crawlmanager","tag-newsbucovina-ro"],"_links":{"self":[{"href":"https:\/\/analyse.optim.biz\/index.php?rest_route=\/wp\/v2\/posts\/2080962","targetHints":{"allow":["GET"]}}],"collection":[{"href":"https:\/\/analyse.optim.biz\/index.php?rest_route=\/wp\/v2\/posts"}],"about":[{"href":"https:\/\/analyse.optim.biz\/index.php?rest_route=\/wp\/v2\/types\/post"}],"author":[{"embeddable":true,"href":"https:\/\/analyse.optim.biz\/index.php?rest_route=\/wp\/v2\/users\/1"}],"replies":[{"embeddable":true,"href":"https:\/\/analyse.optim.biz\/index.php?rest_route=%2Fwp%2Fv2%2Fcomments&post=2080962"}],"version-history":[{"count":0,"href":"https:\/\/analyse.optim.biz\/index.php?rest_route=\/wp\/v2\/posts\/2080962\/revisions"}],"wp:attachment":[{"href":"https:\/\/analyse.optim.biz\/index.php?rest_route=%2Fwp%2Fv2%2Fmedia&parent=2080962"}],"wp:term":[{"taxonomy":"category","embeddable":true,"href":"https:\/\/analyse.optim.biz\/index.php?rest_route=%2Fwp%2Fv2%2Fcategories&post=2080962"},{"taxonomy":"post_tag","embeddable":true,"href":"https:\/\/analyse.optim.biz\/index.php?rest_route=%2Fwp%2Fv2%2Ftags&post=2080962"}],"curies":[{"name":"wp","href":"https:\/\/api.w.org\/{rel}","templated":true}]}}