{"id":2080961,"date":"2026-08-06T16:14:22","date_gmt":"2026-08-06T13:14:22","guid":{"rendered":"https:\/\/analyse.optim.biz\/?p=2080961"},"modified":"2026-08-06T16:14:22","modified_gmt":"2026-08-06T13:14:22","slug":"din-13-august-cetatea-sucevei-prinde-viata-incepe-festivalul-medieval-stiri-suceava","status":"publish","type":"post","link":"https:\/\/analyse.optim.biz\/?p=2080961","title":{"rendered":"Din 13 august, Cetatea Sucevei prinde via\u021b\u0103, \u00eencepe Festivalul Medieval &#8211; Stiri Suceava"},"content":{"rendered":"<p>[analyse_image type=&#8221;featured&#8221; src=&#8221;https:\/\/www.informatiata.ro\/wp-content\/uploads\/2022\/08\/medieval-11-1024&#215;513.jpg&#8221;]<\/p>\n<div class=\"td-post-content tagdiv-type\">\n<div class=\"td-post-featured-image\"><a href=\"https:\/\/www.informatiata.ro\/wp-content\/uploads\/2022\/08\/medieval-11.jpg\" data-caption><img loading=\"lazy\" decoding=\"async\" width=\"696\" height=\"349\" class=\"entry-thumb td-modal-image\" src=\"https:\/\/www.informatiata.ro\/wp-content\/uploads\/2022\/08\/medieval-11-696x349.jpg\" alt title=\"medieval 11\"><img loading=\"lazy\" decoding=\"async\" width=\"696\" height=\"349\" class=\"entry-thumb td-modal-image\" src=\"https:\/\/www.informatiata.ro\/wp-content\/uploads\/2022\/08\/medieval-11-696x349.jpg\" alt title=\"medieval 11\"><\/a><\/div>\n<p>Din 13 august, Cetatea Sucevei prinde via\u021b\u0103, \u00eencepe Festivalul de Art\u0103 Medieval\u0103 \u0218tefan cel Mare.<\/p>\n<p>V\u0103 fi o edi\u021bie de amploare, la care vor participa trupe din Rom\u00e2nia, Ungaria, Danemarca, Turcia, Slovacia \u0219i Bulgaria.<\/p>\n<div class=\"td-a-rec td-a-rec-id-content_inlineright  tdi_7 td_block_template_1\"><img loading=\"lazy\" decoding=\"async\" class=\"aligncenter size-full wp-image-65755\" src=\"https:\/\/www.informatiata.ro\/wp-content\/uploads\/2026\/08\/FACOS-3-2.gif\" alt width=\"300\" height=\"250\"><img loading=\"lazy\" decoding=\"async\" class=\"aligncenter size-full wp-image-65755\" src=\"https:\/\/www.informatiata.ro\/wp-content\/uploads\/2026\/08\/FACOS-3-2.gif\" alt width=\"300\" height=\"250\"><img loading=\"lazy\" decoding=\"async\" class=\"aligncenter size-full wp-image-65754\" src=\"https:\/\/www.informatiata.ro\/wp-content\/uploads\/2026\/08\/SAVCOM-4-3.gif\" alt width=\"299\" height=\"250\"><img loading=\"lazy\" decoding=\"async\" class=\"aligncenter size-full wp-image-65754\" src=\"https:\/\/www.informatiata.ro\/wp-content\/uploads\/2026\/08\/SAVCOM-4-3.gif\" alt width=\"299\" height=\"250\"><\/div>\n<p>Deschiderea oficial\u0103 a festivalului va avea loc joi sear\u0103, pe 13 august, cu celebra parad\u0103 a f\u0103cliilor.<\/p>\n<p>Sute de personaje medievale vor lua cu asalt str\u0103zile municipiului Suceava \u0219i vor \u00eentra \u00een Cetatea de Scaun a Sucevei.<\/p>\n<p>Vizitatorii vor putea asista la demonstra\u021bii impresionante de tactic\u0103 militar\u0103, tehnici de lupt\u0103 medieval\u0103 full-contact, ateliere de tir cu arcul \u0219i arbaleta, precum \u0219i trageri demonstrative cu tunul.<\/p>\n<p>Taberele cavalere\u0219ti amenajate \u00een Parcul Cet\u0103\u021bii le vor permite celor curio\u0219i s\u0103 admire armuri din secolele XIII\u2013XV, s\u0103 participe la \u0219edin\u021be foto cu caii sau s\u0103 afle mai multe despre via\u021ba \u00een campaniile militare din trecut.<\/p>\n<p>Punctele de atrac\u021bie ale fiec\u0103rei seri vor fi turnirurile cavalerilor \u0219i cascadoriile cu cai, urmate de spectacole hipnotizante cu foc \u0219i proiec\u021bii de videomapping pe zidurile fortifica\u021biei.<\/p>\n<p>De asemenea, ziua de duminic\u0103 va culmina cu Marea \u00cenfruntare a Cavalerilor, momentul de maxim\u0103 tensiune al festivalului.<\/p>\n<p>La Muzeul Satului Bucovinean, Teatrul \u201eVasilache\u201d va pune \u00een scen\u0103 piese \u00eendr\u0103gite precum \u201eLegenda Cet\u0103\u021bii Neam\u021bului\u201d sau \u201eR\u0103\u021bu\u0219ca cea ur\u00e2t\u0103\u201d, \u00een timp ce copiii se vor putea bucura zilnic de concursuri de c\u0103utare a comorilor \u0219i ateliere de pictur\u0103 pe scuturi \u0219i miniaturi heraldice.<\/p>\n<blockquote>\n<p><strong>Vezi programul Festivalului pe larg<\/strong><\/p>\n<\/blockquote>\n<p><img loading=\"lazy\" decoding=\"async\" class=\"aligncenter size-large wp-image-65823\" src=\"https:\/\/www.informatiata.ro\/wp-content\/uploads\/2026\/08\/festival-medieval-12-1-726x1024.jpg\" alt width=\"696\" height=\"982\"><img loading=\"lazy\" decoding=\"async\" class=\"aligncenter size-large wp-image-65823\" src=\"https:\/\/www.informatiata.ro\/wp-content\/uploads\/2026\/08\/festival-medieval-12-1-726x1024.jpg\" alt width=\"696\" height=\"982\"><\/p>\n<p><img loading=\"lazy\" decoding=\"async\" class=\"aligncenter size-large wp-image-65822\" src=\"https:\/\/www.informatiata.ro\/wp-content\/uploads\/2026\/08\/festival-medieval-11-1-729x1024.jpg\" alt width=\"696\" height=\"978\"><img loading=\"lazy\" decoding=\"async\" class=\"aligncenter size-large wp-image-65822\" src=\"https:\/\/www.informatiata.ro\/wp-content\/uploads\/2026\/08\/festival-medieval-11-1-729x1024.jpg\" alt width=\"696\" height=\"978\"><\/p>\n<p><img loading=\"lazy\" decoding=\"async\" class=\"aligncenter size-large wp-image-65824\" src=\"https:\/\/www.informatiata.ro\/wp-content\/uploads\/2026\/08\/festival-medieval-10-1-727x1024.jpg\" alt width=\"696\" height=\"980\"><img loading=\"lazy\" decoding=\"async\" class=\"aligncenter size-large wp-image-65824\" src=\"https:\/\/www.informatiata.ro\/wp-content\/uploads\/2026\/08\/festival-medieval-10-1-727x1024.jpg\" alt width=\"696\" height=\"980\"><\/p>\n<p><img loading=\"lazy\" decoding=\"async\" class=\"aligncenter size-large wp-image-65826\" src=\"https:\/\/www.informatiata.ro\/wp-content\/uploads\/2026\/08\/festival-medieval-9-1-722x1024.jpg\" alt width=\"696\" height=\"987\"><img loading=\"lazy\" decoding=\"async\" class=\"aligncenter size-large wp-image-65826\" src=\"https:\/\/www.informatiata.ro\/wp-content\/uploads\/2026\/08\/festival-medieval-9-1-722x1024.jpg\" alt width=\"696\" height=\"987\"><\/p>\n<p><img loading=\"lazy\" decoding=\"async\" class=\"aligncenter size-large wp-image-65814\" src=\"https:\/\/www.informatiata.ro\/wp-content\/uploads\/2026\/08\/festival-medieval-8-1-729x1024.jpg\" alt width=\"696\" height=\"978\"><img loading=\"lazy\" decoding=\"async\" class=\"aligncenter size-large wp-image-65814\" src=\"https:\/\/www.informatiata.ro\/wp-content\/uploads\/2026\/08\/festival-medieval-8-1-729x1024.jpg\" alt width=\"696\" height=\"978\"><\/p>\n<p><img loading=\"lazy\" decoding=\"async\" class=\"aligncenter size-large wp-image-65808\" src=\"https:\/\/www.informatiata.ro\/wp-content\/uploads\/2026\/08\/festival-medieval-7-728x1024.jpg\" alt width=\"696\" height=\"979\"><img loading=\"lazy\" decoding=\"async\" class=\"aligncenter size-large wp-image-65808\" src=\"https:\/\/www.informatiata.ro\/wp-content\/uploads\/2026\/08\/festival-medieval-7-728x1024.jpg\" alt width=\"696\" height=\"979\"><\/p>\n<p><img loading=\"lazy\" decoding=\"async\" class=\"aligncenter size-large wp-image-65809\" src=\"https:\/\/www.informatiata.ro\/wp-content\/uploads\/2026\/08\/festival-medieval-6-731x1024.jpg\" alt width=\"696\" height=\"975\"><img loading=\"lazy\" decoding=\"async\" class=\"aligncenter size-large wp-image-65809\" src=\"https:\/\/www.informatiata.ro\/wp-content\/uploads\/2026\/08\/festival-medieval-6-731x1024.jpg\" alt width=\"696\" height=\"975\"><\/p>\n<p><img loading=\"lazy\" decoding=\"async\" class=\"aligncenter size-large wp-image-65810\" src=\"https:\/\/www.informatiata.ro\/wp-content\/uploads\/2026\/08\/festival-medieval-5-1159x1536-1-773x1024.jpg\" alt width=\"696\" height=\"922\"><img loading=\"lazy\" decoding=\"async\" class=\"aligncenter size-large wp-image-65810\" src=\"https:\/\/www.informatiata.ro\/wp-content\/uploads\/2026\/08\/festival-medieval-5-1159x1536-1-773x1024.jpg\" alt width=\"696\" height=\"922\"><\/p>\n<p><img loading=\"lazy\" decoding=\"async\" class=\"aligncenter size-large wp-image-65811\" src=\"https:\/\/www.informatiata.ro\/wp-content\/uploads\/2026\/08\/festival-medieval-4-731x1024.jpg\" alt width=\"696\" height=\"975\"><img loading=\"lazy\" decoding=\"async\" class=\"aligncenter size-large wp-image-65811\" src=\"https:\/\/www.informatiata.ro\/wp-content\/uploads\/2026\/08\/festival-medieval-4-731x1024.jpg\" alt width=\"696\" height=\"975\"><\/p>\n<p><img loading=\"lazy\" decoding=\"async\" class=\"aligncenter size-large wp-image-65812\" src=\"https:\/\/www.informatiata.ro\/wp-content\/uploads\/2026\/08\/festival-medieval-3-723x1024.jpg\" alt width=\"696\" height=\"986\"><img loading=\"lazy\" decoding=\"async\" class=\"aligncenter size-large wp-image-65812\" src=\"https:\/\/www.informatiata.ro\/wp-content\/uploads\/2026\/08\/festival-medieval-3-723x1024.jpg\" alt width=\"696\" height=\"986\"><\/p>\n<p><img loading=\"lazy\" decoding=\"async\" class=\"aligncenter size-large wp-image-65813\" src=\"https:\/\/www.informatiata.ro\/wp-content\/uploads\/2026\/08\/festival-medieval-2-732x1024.jpg\" alt width=\"696\" height=\"974\"><img loading=\"lazy\" decoding=\"async\" class=\"aligncenter size-large wp-image-65813\" src=\"https:\/\/www.informatiata.ro\/wp-content\/uploads\/2026\/08\/festival-medieval-2-732x1024.jpg\" alt width=\"696\" height=\"974\"><\/p>\n<div class=\"td-a-rec td-a-rec-id-content_bottom  td-rec-hide-on-m tdi_8 td_block_template_1\"><img loading=\"lazy\" decoding=\"async\" class=\"aligncenter size-full wp-image-65603\" src=\"https:\/\/www.informatiata.ro\/wp-content\/uploads\/2026\/07\/SAVCOM-19.gif\" alt width=\"299\" height=\"250\"><img loading=\"lazy\" decoding=\"async\" class=\"aligncenter size-full wp-image-65603\" src=\"https:\/\/www.informatiata.ro\/wp-content\/uploads\/2026\/07\/SAVCOM-19.gif\" alt width=\"299\" height=\"250\"><img loading=\"lazy\" decoding=\"async\" class=\"aligncenter size-full wp-image-65604\" src=\"https:\/\/www.informatiata.ro\/wp-content\/uploads\/2026\/07\/FACOS-16.gif\" alt width=\"300\" height=\"250\"><img loading=\"lazy\" decoding=\"async\" class=\"aligncenter size-full wp-image-65604\" src=\"https:\/\/www.informatiata.ro\/wp-content\/uploads\/2026\/07\/FACOS-16.gif\" alt width=\"300\" height=\"250\"><\/div>\n<\/div>\n<p>[analyse_source url=&#8221;https:\/\/www.informatiata.ro\/incepe-festivalul-medieval-de-la-suceava-2\/&#8221;]<\/p>\n","protected":false},"excerpt":{"rendered":"<p>[analyse_image type=&#8221;featured&#8221; src=&#8221;https:\/\/www.informatiata.ro\/wp-content\/uploads\/2022\/08\/medieval-11-1024&#215;513.jpg&#8221;] Din 13 august, Cetatea Sucevei prinde via\u021b\u0103, \u00eencepe Festivalul de Art\u0103 Medieval\u0103 \u0218tefan cel Mare. V\u0103 fi o edi\u021bie de amploare, la care vor participa trupe din Rom\u00e2nia, Ungaria, Danemarca, Turcia, Slovacia \u0219i Bulgaria. Deschiderea oficial\u0103 a festivalului va avea loc joi sear\u0103, pe 13 august, cu celebra parad\u0103 a f\u0103cliilor. Sute [&hellip;]<\/p>\n","protected":false},"author":1,"featured_media":0,"comment_status":"open","ping_status":"","sticky":false,"template":"","format":"standard","meta":{"footnotes":""},"categories":[89],"tags":[226,167],"class_list":["post-2080961","post","type-post","status-publish","format-standard","hentry","category-romania","tag-crawlmanager","tag-informatiata-ro"],"_links":{"self":[{"href":"https:\/\/analyse.optim.biz\/index.php?rest_route=\/wp\/v2\/posts\/2080961","targetHints":{"allow":["GET"]}}],"collection":[{"href":"https:\/\/analyse.optim.biz\/index.php?rest_route=\/wp\/v2\/posts"}],"about":[{"href":"https:\/\/analyse.optim.biz\/index.php?rest_route=\/wp\/v2\/types\/post"}],"author":[{"embeddable":true,"href":"https:\/\/analyse.optim.biz\/index.php?rest_route=\/wp\/v2\/users\/1"}],"replies":[{"embeddable":true,"href":"https:\/\/analyse.optim.biz\/index.php?rest_route=%2Fwp%2Fv2%2Fcomments&post=2080961"}],"version-history":[{"count":0,"href":"https:\/\/analyse.optim.biz\/index.php?rest_route=\/wp\/v2\/posts\/2080961\/revisions"}],"wp:attachment":[{"href":"https:\/\/analyse.optim.biz\/index.php?rest_route=%2Fwp%2Fv2%2Fmedia&parent=2080961"}],"wp:term":[{"taxonomy":"category","embeddable":true,"href":"https:\/\/analyse.optim.biz\/index.php?rest_route=%2Fwp%2Fv2%2Fcategories&post=2080961"},{"taxonomy":"post_tag","embeddable":true,"href":"https:\/\/analyse.optim.biz\/index.php?rest_route=%2Fwp%2Fv2%2Ftags&post=2080961"}],"curies":[{"name":"wp","href":"https:\/\/api.w.org\/{rel}","templated":true}]}}