{"id":208096,"date":"2014-04-09T03:01:43","date_gmt":"2014-04-09T00:01:43","guid":{"rendered":"https:\/\/analyse.optim.biz\/?p=208096"},"modified":"2014-04-09T03:01:43","modified_gmt":"2014-04-09T00:01:43","slug":"crin-antonescu-vede-posibil-in-anumite-conditii-un-guvern-psd-pnl-dar-exclude-refacerea-usl","status":"publish","type":"post","link":"https:\/\/analyse.optim.biz\/?p=208096","title":{"rendered":"Crin Antonescu vede posibil, \u00een anumite condi\u021bii, un guvern PSD-PNL, dar exclude refacerea USL"},"content":{"rendered":"<div class=\"entry data-app-meta data-app-meta-article\" data-embed-base-url-canonical=\"https:\/\/www.digi24.ro\/embed\/stiri\/actualitate\/politica\/crin-antonescu-vede-posibil-in-anumite-conditii-un-guvern-psd-pnl-dar-exclude-refacerea-usl-226711\">\n<p data-index=\"1\"><strong>Crin Antonescu<\/strong> a analizat variantele pe care le-ar avea prim-vicepre\u015fedintele PNL, <strong>Klaus Iohannis<\/strong>, \u00een calitate de premier desemnat la alc\u0103tuirea guvernului: \u201e<span>Cu PSD? Se poate \u015fi cu PSD. Deci Iohannis s\u0103 vin\u0103 s\u0103 fac\u0103 un guvern PNL-PSD? Se poate \u015fi asta. <strong>Se poate face f\u0103r\u0103 s\u0103 \u00eensemne asta refacerea USL<\/strong>, asta e o <strong>utopie<\/strong>, \u00eenc\u0103 o <strong>utopie tip Ponta<\/strong>. Se poate face cu oricine, important e premierul\u201d, a declarat liderul liberal.<\/span><\/p>\n<p data-index=\"2\">\u201eSe poate \u015fi f\u0103r\u0103 PDL, dar de ce s\u0103 nu-l faci cu PDL? Se poate \u015fi un guvern de uniune na\u0163ional\u0103, dar esen\u0163ial este premierul \u015fi programul\u201d, a repetat pre\u0219edintele PNL, Crin Antonescu.<\/p>\n<p data-index=\"3\">Liderul liberal a mai declarat c\u0103 \u00een situa\u0163ia \u00een care se va retrage din fruntea partidului, ca urmare a unui scor la europarlamentare sub 20%, <strong>nu va \u00eensemna \u00een mod necesar retragerea sa \u015fi din cursa pentru preziden\u0163iale sau din via\u021ba politic\u0103.<\/strong>\u00a0El a men\u0163ionat c\u0103 ar fi \u201epu\u0163in probabil\u201d s\u0103 candideze din nou la \u015fefia PNL \u00een cazul unui congres dup\u0103 alegerile europarlamentare determinat de demisia sa de la conducerea partidului.<\/p>\n<p data-index=\"4\">De asemenea, Antonescu a fost \u00eentrebat dac\u0103 este o posibil\u0103 o <strong>rocad\u0103 \u00eentre el \u015fi Klaus Iohannis<\/strong>. \u201eAsta este exclus (&#8230;) din simplul motiv c\u0103 nici eu, nici Iohannis, nu suntem de lemn sau de plastic, \u00een fine, din ce sunt piesele de \u015fah. Rocada&#8230; \u0103ia stau acolo, turnul, regele, stau. Pe ei \u00eei pui. Iohannis a spus-o limpede, nu dore\u015fte s\u0103 candideze pentru Pre\u015fedin\u0163ia Rom\u00e2niei. Eu nu sunt tentat de aceast\u0103 posibilitate, cu toate c\u0103 este una din pozi\u0163iile politice cu posibilit\u0103\u0163ile cele mai mari de crea\u0163ie, aia de prim-ministru&#8221;, a mai spus pre\u015fedintele PNL.<\/p>\n<\/div>\n<p> Source URL: https:\/\/www.digi24.ro\/stiri\/actualitate\/politica\/crin-antonescu-vede-posibil-in-anumite-conditii-un-guvern-psd-pnl-dar-exclude-refacerea-usl-226711<\/p>\n","protected":false},"excerpt":{"rendered":"<p>Crin Antonescu a analizat variantele pe care le-ar avea prim-vicepre\u015fedintele PNL, Klaus Iohannis, \u00een calitate de premier desemnat la alc\u0103tuirea guvernului: \u201eCu PSD? Se poate \u015fi cu PSD. Deci Iohannis s\u0103 vin\u0103 s\u0103 fac\u0103 un guvern PNL-PSD? Se poate \u015fi asta. Se poate face f\u0103r\u0103 s\u0103 \u00eensemne asta refacerea USL, asta e o utopie, \u00eenc\u0103 [&hellip;]<\/p>\n","protected":false},"author":1,"featured_media":208097,"comment_status":"open","ping_status":"","sticky":false,"template":"","format":"standard","meta":{"footnotes":""},"categories":[2],"tags":[11],"class_list":["post-208096","post","type-post","status-publish","format-standard","has-post-thumbnail","hentry","category-politics","tag-digi24"],"_links":{"self":[{"href":"https:\/\/analyse.optim.biz\/index.php?rest_route=\/wp\/v2\/posts\/208096","targetHints":{"allow":["GET"]}}],"collection":[{"href":"https:\/\/analyse.optim.biz\/index.php?rest_route=\/wp\/v2\/posts"}],"about":[{"href":"https:\/\/analyse.optim.biz\/index.php?rest_route=\/wp\/v2\/types\/post"}],"author":[{"embeddable":true,"href":"https:\/\/analyse.optim.biz\/index.php?rest_route=\/wp\/v2\/users\/1"}],"replies":[{"embeddable":true,"href":"https:\/\/analyse.optim.biz\/index.php?rest_route=%2Fwp%2Fv2%2Fcomments&post=208096"}],"version-history":[{"count":0,"href":"https:\/\/analyse.optim.biz\/index.php?rest_route=\/wp\/v2\/posts\/208096\/revisions"}],"wp:featuredmedia":[{"embeddable":true,"href":"https:\/\/analyse.optim.biz\/index.php?rest_route=\/wp\/v2\/media\/208097"}],"wp:attachment":[{"href":"https:\/\/analyse.optim.biz\/index.php?rest_route=%2Fwp%2Fv2%2Fmedia&parent=208096"}],"wp:term":[{"taxonomy":"category","embeddable":true,"href":"https:\/\/analyse.optim.biz\/index.php?rest_route=%2Fwp%2Fv2%2Fcategories&post=208096"},{"taxonomy":"post_tag","embeddable":true,"href":"https:\/\/analyse.optim.biz\/index.php?rest_route=%2Fwp%2Fv2%2Ftags&post=208096"}],"curies":[{"name":"wp","href":"https:\/\/api.w.org\/{rel}","templated":true}]}}