{"id":2080956,"date":"2026-08-06T11:42:48","date_gmt":"2026-08-06T08:42:48","guid":{"rendered":"https:\/\/analyse.optim.biz\/?p=2080956"},"modified":"2026-08-06T11:42:48","modified_gmt":"2026-08-06T08:42:48","slug":"hoti-prinsi-dupa-ce-rudele-lor-au-venit-sa-restituie-pagubitului-obiectele-furate-stiri-suceava","status":"publish","type":"post","link":"https:\/\/analyse.optim.biz\/?p=2080956","title":{"rendered":"Ho\u021bi prin\u0219i dup\u0103 ce rudele lor au venit s\u0103 restituie p\u0103gubitului obiectele furate &#8211; Stiri Suceava"},"content":{"rendered":"<p>[analyse_image type=&#8221;featured&#8221; src=&#8221;https:\/\/www.informatiata.ro\/wp-content\/uploads\/2026\/08\/politie-municipiu-1024&#215;544.jpg&#8221;]<\/p>\n<div class=\"td-post-content tagdiv-type\">\n<div class=\"td-post-featured-image\"><a href=\"https:\/\/www.informatiata.ro\/wp-content\/uploads\/2026\/08\/politie-municipiu-scaled.jpg\" data-caption><img loading=\"lazy\" decoding=\"async\" width=\"696\" height=\"369\" class=\"entry-thumb td-modal-image\" src=\"https:\/\/www.informatiata.ro\/wp-content\/uploads\/2026\/08\/politie-municipiu-696x369.jpg\" alt title=\"poli\u021bie municipiu\"><\/a><\/div>\n<p>Ho\u021bi prin\u0219i dup\u0103 ce rudele lor au venit s\u0103 restituie p\u0103gubitului obiectele furate. <\/p>\n<p>Poli\u021bi\u0219tii de investiga\u021bii criminale din cadrul Poli\u021biei Municipiului Suceava au reu\u0219it s\u0103 recupereze bunurile sustrase \u00een urma unui furt prin efrac\u021bie comis \u00een noaptea de 4 august. <\/p>\n<div class=\"td-a-rec td-a-rec-id-content_inlineright  tdi_7 td_block_template_1\"><img loading=\"lazy\" decoding=\"async\" class=\"aligncenter size-full wp-image-65755\" src=\"https:\/\/www.informatiata.ro\/wp-content\/uploads\/2026\/08\/FACOS-3-2.gif\" alt width=\"300\" height=\"250\"><img loading=\"lazy\" decoding=\"async\" class=\"aligncenter size-full wp-image-65755\" src=\"https:\/\/www.informatiata.ro\/wp-content\/uploads\/2026\/08\/FACOS-3-2.gif\" alt width=\"300\" height=\"250\"><img loading=\"lazy\" decoding=\"async\" class=\"aligncenter size-full wp-image-65754\" src=\"https:\/\/www.informatiata.ro\/wp-content\/uploads\/2026\/08\/SAVCOM-4-3.gif\" alt width=\"299\" height=\"250\"><img loading=\"lazy\" decoding=\"async\" class=\"aligncenter size-full wp-image-65754\" src=\"https:\/\/www.informatiata.ro\/wp-content\/uploads\/2026\/08\/SAVCOM-4-3.gif\" alt width=\"299\" height=\"250\"><\/div>\n<p>Atunci a fost reclamat un furt comis la un punct de lucru situat pe strada Prof. Leca Morariu din municipiul Suceava. <\/p>\n<p>Autorii au p\u0103truns prin efrac\u021bie \u00een jurul orei 02:00 \u0219i au plecat cu mai multe bunuri, fiind deschis un dosar penal pentru furt calificat.<\/p>\n<p>\u00cen cursul cercet\u0103rilor, persoana v\u0103t\u0103mat\u0103 le-a comunicat poli\u021bi\u0219tilor c\u0103 a fost contactat\u0103 telefonic de un b\u0103rbat care i-a transmis c\u0103 va organiza o \u00eent\u00e2lnire pentru restituirea unei p\u0103r\u021bi din bunurile furate.<\/p>\n<p>Poli\u021bi\u0219tii au organizat un dispozitiv \u00een zona unei cafenele de pe strada Universit\u0103\u021bii, unde urma s\u0103 aib\u0103 loc \u00eent\u00e2lnirea.<\/p>\n<p> Dup\u0103 ce persoana v\u0103t\u0103mat\u0103 s-a \u00eent\u00e2lnit cu doi tineri, \u00een v\u00e2rst\u0103 de 23 \u0219i 24 de ani, ace\u0219tia s-au deplasat c\u0103tre un autoturism aflat \u00eentr-o parcare din apropiere, unde se afla \u0219i o femeie de 48 de ani.<\/p>\n<p>\u00cen momentul \u00een care portbagajul autoturismului a fost deschis, poli\u021bi\u0219tii au intervenit \u0219i au legitimat persoanele. <\/p>\n<p>\u00cen interior au fost g\u0103site dou\u0103 console PlayStation 5, trei controllere \u0219i dou\u0103 sta\u021bii de \u00eenc\u0103rcare pentru controllere, bunuri care proveneau din furt.<\/p>\n<p>Potrivit declara\u021biilor date \u00een fa\u021ba anchetatorilor, cei trei veniser\u0103 pentru a restitui bunurile, sus\u021bin\u00e2nd c\u0103 acestea ar fi fost sustrase de doi tineri de 29 \u0219i 22 de ani, care nu s-au prezentat la \u00eent\u00e2lnire.<\/p>\n<p>\u00cen urma administr\u0103rii probatoriului, poli\u021bi\u0219tii au dispus efectuarea urm\u0103ririi penale fa\u021b\u0103 de cei doi suspec\u021bi pentru s\u0103v\u00e2r\u0219irea infrac\u021biunii de furt calificat. <\/p>\n<p>Ulterior, ace\u0219tia au fost identifica\u021bi pe raza municipiului Suceava \u0219i re\u021binu\u021bi pentru 24 de ore, fiind \u00eencarcera\u021bi \u00een Centrul de Re\u021binere \u0219i Arestare Preventiv\u0103 al IPJ Suceava.<\/p>\n<div class=\"td-a-rec td-a-rec-id-content_bottom  td-rec-hide-on-m tdi_8 td_block_template_1\"><img loading=\"lazy\" decoding=\"async\" class=\"aligncenter size-full wp-image-65603\" src=\"https:\/\/www.informatiata.ro\/wp-content\/uploads\/2026\/07\/SAVCOM-19.gif\" alt width=\"299\" height=\"250\"><img loading=\"lazy\" decoding=\"async\" class=\"aligncenter size-full wp-image-65603\" src=\"https:\/\/www.informatiata.ro\/wp-content\/uploads\/2026\/07\/SAVCOM-19.gif\" alt width=\"299\" height=\"250\"><img loading=\"lazy\" decoding=\"async\" class=\"aligncenter size-full wp-image-65604\" src=\"https:\/\/www.informatiata.ro\/wp-content\/uploads\/2026\/07\/FACOS-16.gif\" alt width=\"300\" height=\"250\"><img loading=\"lazy\" decoding=\"async\" class=\"aligncenter size-full wp-image-65604\" src=\"https:\/\/www.informatiata.ro\/wp-content\/uploads\/2026\/07\/FACOS-16.gif\" alt width=\"300\" height=\"250\"><\/div>\n<\/div>\n<p>[analyse_source url=&#8221;https:\/\/www.informatiata.ro\/hoti-prinsi-dupa-flagrant-cu-rudele-lor\/&#8221;]<\/p>\n","protected":false},"excerpt":{"rendered":"<p>[analyse_image type=&#8221;featured&#8221; src=&#8221;https:\/\/www.informatiata.ro\/wp-content\/uploads\/2026\/08\/politie-municipiu-1024&#215;544.jpg&#8221;] Ho\u021bi prin\u0219i dup\u0103 ce rudele lor au venit s\u0103 restituie p\u0103gubitului obiectele furate. Poli\u021bi\u0219tii de investiga\u021bii criminale din cadrul Poli\u021biei Municipiului Suceava au reu\u0219it s\u0103 recupereze bunurile sustrase \u00een urma unui furt prin efrac\u021bie comis \u00een noaptea de 4 august. Atunci a fost reclamat un furt comis la un punct de lucru [&hellip;]<\/p>\n","protected":false},"author":1,"featured_media":0,"comment_status":"open","ping_status":"","sticky":false,"template":"","format":"standard","meta":{"footnotes":""},"categories":[89],"tags":[226,167],"class_list":["post-2080956","post","type-post","status-publish","format-standard","hentry","category-romania","tag-crawlmanager","tag-informatiata-ro"],"_links":{"self":[{"href":"https:\/\/analyse.optim.biz\/index.php?rest_route=\/wp\/v2\/posts\/2080956","targetHints":{"allow":["GET"]}}],"collection":[{"href":"https:\/\/analyse.optim.biz\/index.php?rest_route=\/wp\/v2\/posts"}],"about":[{"href":"https:\/\/analyse.optim.biz\/index.php?rest_route=\/wp\/v2\/types\/post"}],"author":[{"embeddable":true,"href":"https:\/\/analyse.optim.biz\/index.php?rest_route=\/wp\/v2\/users\/1"}],"replies":[{"embeddable":true,"href":"https:\/\/analyse.optim.biz\/index.php?rest_route=%2Fwp%2Fv2%2Fcomments&post=2080956"}],"version-history":[{"count":0,"href":"https:\/\/analyse.optim.biz\/index.php?rest_route=\/wp\/v2\/posts\/2080956\/revisions"}],"wp:attachment":[{"href":"https:\/\/analyse.optim.biz\/index.php?rest_route=%2Fwp%2Fv2%2Fmedia&parent=2080956"}],"wp:term":[{"taxonomy":"category","embeddable":true,"href":"https:\/\/analyse.optim.biz\/index.php?rest_route=%2Fwp%2Fv2%2Fcategories&post=2080956"},{"taxonomy":"post_tag","embeddable":true,"href":"https:\/\/analyse.optim.biz\/index.php?rest_route=%2Fwp%2Fv2%2Ftags&post=2080956"}],"curies":[{"name":"wp","href":"https:\/\/api.w.org\/{rel}","templated":true}]}}