{"id":2080946,"date":"2026-08-06T09:33:15","date_gmt":"2026-08-06T06:33:15","guid":{"rendered":"https:\/\/analyse.optim.biz\/?p=2080946"},"modified":"2026-08-06T09:33:15","modified_gmt":"2026-08-06T06:33:15","slug":"emil-boc-nu-trebuie-lasat-sa-transforme-clujul-intr-o-groapa-de-gunoi","status":"publish","type":"post","link":"https:\/\/analyse.optim.biz\/?p=2080946","title":{"rendered":"Emil Boc nu trebuie l\u0103sat s\u0103 transforme Clujul \u00eentr-o groap\u0103 de gunoi!"},"content":{"rendered":"<p>[analyse_image type=&#8221;featured&#8221; src=&#8221;https:\/\/www.incorectpolitic.com\/wp-content\/uploads\/2026\/08\/WhatsApp-Image-2026-08-04-at-22.21.35-768&#215;512-1.jpeg&#8221;]<\/p>\n<div class=\"entry\">\n<p><strong>Incorect Politic<br \/><\/strong>August 6, 2026<\/p>\n<p><a href=\"https:\/\/www.incorectpolitic.com\/emil-boc-nu-trebuie-lasat-sa-transforme-clujul-intr-o-groapa-de-gunoi\/whatsapp-image-2026-08-04-at-22-21-35-768x512\/\" rel=\"attachment wp-att-82193\"><img loading=\"lazy\" decoding=\"async\" class=\"aligncenter wp-image-82193 size-full\" src=\"https:\/\/www.incorectpolitic.com\/wp-content\/uploads\/2026\/08\/WhatsApp-Image-2026-08-04-at-22.21.35-768x512-1.jpeg\" alt=\"Emil Boc nu trebuie l\u0103sat s\u0103 transforme Clujul \u00eentr-o groap\u0103 de gunoi!\" width=\"768\" height=\"512\"><\/a><\/p>\n<h2><strong>Emil Boc nu trebuie l\u0103sat s\u0103 transforme Clujul \u00eentr-o groap\u0103 de gunoi!<\/strong><\/h2>\n<p><em>Via <a href=\"https:\/\/comunitateaidentitara.com\/emil-boc-nu-trebuie-lasat-sa-transforme-clujul-intr-o-groapa-de-gunoi\/\">ComunitateaIdentitar\u0103<\/a>:\u00a0<\/em><\/p>\n<p>Asocia\u021bia Comunitatea Identitar\u0103 Rom\u00e2nia ia act cu \u00eengrijorare de decizia primarului Emil Boc \u0219i a Consiliului Local Cluj-Napoca de a cump\u0103ra aproximativ 500 de apartamente \u00een ora\u0219 unde s\u0103 fie mutate c\u00e2teva mii de \u021bigani de la Pata R\u00e2t (groapa de gunoi de la marginea Clujului). Primarul se laud\u0103 c\u0103 aceste locuin\u021be vor fi achizi\u021bionate cu fonduri europene \u0219i norvegiene. Consilierii locali au votat \u00een favoarea acestei decizii, care nu constituie altceva dec\u00e2t o b\u0103taie de joc la adresa clujenilor. De ce? Vom explica \u00een continuare.<\/p>\n<p>Ne \u00eentreb\u0103m:<\/p>\n<p>\u2022 \u021aiganii care au locuit toat\u0103 via\u021ba \u00een cocioabe la rampa de gunoi vor fi capabili s\u0103 se adapteze traiului de la bloc al\u0103turi de vecini?<br \/>\n\u2022 Ace\u0219tia vor fi capabili s\u0103 men\u021bin\u0103 ordinea \u0219i cur\u0103\u021benia \u00eentr-o scar\u0103?<br \/>\n\u2022 Vor putea s\u0103 nu depoziteze gunoaie \u00een spa\u021biul locativ \u0219i \u00een spa\u021biul comun al blocului?<br \/>\n\u2022 Vor fi \u00een stare s\u0103 pl\u0103teasc\u0103 utilit\u0103\u021bile?<br \/>\n\u2022 Ace\u0219tia vor fi capabili s\u0103 nu fac\u0103 g\u0103l\u0103gie \u0219i s\u0103 nu tulbure lini\u0219tea public\u0103?<br \/>\n\u2022 Nu va cre\u0219te nivelul infrac\u021biunilor \u00een zonele din ora\u0219 unde urmeaz\u0103 s\u0103 fie adu\u0219i?<br \/>\n\u2022 Oare nu vor exista mirosuri nepl\u0103cute \u00een acele cl\u0103diri?<br \/>\n\u2022 Oare nu vor fi distruse acele locuin\u021be \u00een nici c\u00e2teva luni dup\u0103 ce noii chiria\u0219i se vor muta acolo?<\/p>\n<p>Nu vom r\u0103spunde noi la aceste \u00eentreb\u0103ri, din cauza unei legi anticonstitu\u021bionale, antirom\u00e2ne\u0219ti, liberticide, mai exact Legea 2\/2021, a\u0219a-zisa lege de combatere a anti\u021big\u0103nismului. R\u0103spunsurile la aceste \u00eentreb\u0103ri ar putea fi considerate rasiste de c\u0103tre cei r\u0103u inten\u021biona\u021bi \u0219i necinsti\u021bi, dar situa\u021biile nepl\u0103cute \u00een care se pot trezi clujenii nu vor mai fi considerate discriminatorii de c\u0103tre sistemul corupt. Majoritatea rom\u00e2nilor \u0219tiu care sunt r\u0103spunsurile reale la aceste \u00eentreb\u0103ri.<\/p>\n<p>Prim\u0103ria va acorda un ajutor lunar \u021biganilor de p\u00e2n\u0103 la 300 euro pentru plata chiriei! B\u0103nuim c\u0103 ace\u0219ti bani nu vor mai veni din fonduri europene (la care contribuie \u0219i cet\u0103\u021benii rom\u00e2ni) sau norvegiene, ci din buzunarul clujenilor!<\/p>\n<p>Dac\u0103 arunc\u0103m doar o scurt\u0103 privire la comentariile l\u0103sate pe re\u021belele de socializare, la articolele despre acest subiect, vom observa c\u0103 aproape to\u021bi cet\u0103\u021benii Clujului se opun acestei decizii a lui Emil Boc, distructive pentru comunitatea local\u0103. Oferim aici doar c\u00e2teva exemple, cu capturi de ecran, despre opozi\u021bia clujenilor fa\u021b\u0103 de proiectul antisocial al Prim\u0103riei:<\/p>\n<blockquote>\n<p><a href=\"https:\/\/comunitateaidentitara.com\/wp-content\/uploads\/2026\/08\/7-c.png\"><img loading=\"lazy\" decoding=\"async\" class=\"size-full wp-image-5627 aligncenter tie-appear lazyload\" alt width=\"716\" height=\"140\" src=\"https:\/\/comunitateaidentitara.com\/wp-content\/uploads\/2026\/08\/7-c.png\"><\/a><\/p>\n<p><img loading=\"lazy\" decoding=\"async\" class=\"size-full wp-image-5627 aligncenter tie-appear\" src=\"https:\/\/comunitateaidentitara.com\/wp-content\/uploads\/2026\/08\/7-c.png\" alt width=\"716\" height=\"140\" data-eio=\"l\"><a href=\"https:\/\/comunitateaidentitara.com\/wp-content\/uploads\/2026\/08\/6-cc.png\"><img loading=\"lazy\" decoding=\"async\" class=\"size-large wp-image-5628 aligncenter tie-appear lazyload\" alt width=\"618\" height=\"79\" src=\"https:\/\/comunitateaidentitara.com\/wp-content\/uploads\/2026\/08\/6-cc.png\"><img loading=\"lazy\" decoding=\"async\" class=\"size-large wp-image-5628 aligncenter tie-appear\" src=\"https:\/\/comunitateaidentitara.com\/wp-content\/uploads\/2026\/08\/6-cc.png\" alt width=\"618\" height=\"79\" data-eio=\"l\"><\/a><a href=\"https:\/\/comunitateaidentitara.com\/wp-content\/uploads\/2026\/08\/5-cc.png\"><img loading=\"lazy\" decoding=\"async\" class=\"size-large wp-image-5629 aligncenter tie-appear lazyload\" alt width=\"618\" height=\"273\" src=\"https:\/\/comunitateaidentitara.com\/wp-content\/uploads\/2026\/08\/5-cc.png\"><img loading=\"lazy\" decoding=\"async\" class=\"size-large wp-image-5629 aligncenter tie-appear\" src=\"https:\/\/comunitateaidentitara.com\/wp-content\/uploads\/2026\/08\/5-cc.png\" alt width=\"618\" height=\"273\" data-eio=\"l\"><\/a><a href=\"https:\/\/comunitateaidentitara.com\/wp-content\/uploads\/2026\/08\/4-cc.png\"><img loading=\"lazy\" decoding=\"async\" class=\"size-large wp-image-5630 aligncenter tie-appear lazyload\" alt width=\"618\" height=\"200\" src=\"https:\/\/comunitateaidentitara.com\/wp-content\/uploads\/2026\/08\/4-cc.png\"><img loading=\"lazy\" decoding=\"async\" class=\"size-large wp-image-5630 aligncenter tie-appear\" src=\"https:\/\/comunitateaidentitara.com\/wp-content\/uploads\/2026\/08\/4-cc.png\" alt width=\"618\" height=\"200\" data-eio=\"l\"><\/a><a href=\"https:\/\/comunitateaidentitara.com\/wp-content\/uploads\/2026\/08\/3-cc.png\"><img loading=\"lazy\" decoding=\"async\" class=\"size-large wp-image-5631 aligncenter tie-appear lazyload\" alt width=\"618\" height=\"360\" src=\"https:\/\/comunitateaidentitara.com\/wp-content\/uploads\/2026\/08\/3-cc.png\"><img loading=\"lazy\" decoding=\"async\" class=\"size-large wp-image-5631 aligncenter tie-appear\" src=\"https:\/\/comunitateaidentitara.com\/wp-content\/uploads\/2026\/08\/3-cc.png\" alt width=\"618\" height=\"360\" data-eio=\"l\"><\/a><a href=\"https:\/\/comunitateaidentitara.com\/wp-content\/uploads\/2026\/08\/2-cc.png\"><img loading=\"lazy\" decoding=\"async\" class=\"size-large wp-image-5632 aligncenter tie-appear lazyload\" alt width=\"618\" height=\"138\" src=\"https:\/\/comunitateaidentitara.com\/wp-content\/uploads\/2026\/08\/2-cc.png\"><img loading=\"lazy\" decoding=\"async\" class=\"size-large wp-image-5632 aligncenter tie-appear\" src=\"https:\/\/comunitateaidentitara.com\/wp-content\/uploads\/2026\/08\/2-cc.png\" alt width=\"618\" height=\"138\" data-eio=\"l\"><\/a><a href=\"https:\/\/comunitateaidentitara.com\/wp-content\/uploads\/2026\/08\/1-cc.png\"><img loading=\"lazy\" decoding=\"async\" class=\"size-large wp-image-5633 aligncenter tie-appear lazyload\" alt width=\"618\" height=\"188\" src=\"https:\/\/comunitateaidentitara.com\/wp-content\/uploads\/2026\/08\/1-cc.png\"><img loading=\"lazy\" decoding=\"async\" class=\"size-large wp-image-5633 aligncenter tie-appear\" src=\"https:\/\/comunitateaidentitara.com\/wp-content\/uploads\/2026\/08\/1-cc.png\" alt width=\"618\" height=\"188\" data-eio=\"l\"><\/a><\/p>\n<p>\u201e350 de locuin\u021be distruse \u00een urm\u0103torul an\u201d<br \/>\n\u201eCe fa\u021b\u0103 de nesuferit, cine l-a votat?\u201d (presupus\u0103 referin\u021b\u0103 la Emil Boc)<\/p>\n<p>\u201ePropun s\u0103 le face\u021bi colibe la R\u0103chi\u021bele, din banii dvs. \u0219i nu din impozitele \u0219i taxele noastre, cei ce contribuim la bugetul local. B\u0103nuiesc c\u0103 de la anul vom avea impozite \u0219i mai mari.\u201d<\/p>\n<p>\u201eSper ca primele apartamente s\u0103 le cumpere \u00een blocul unde st\u0103 \u0219i d-nul primar. Ar trebui s\u0103 fie model pentru noi.\u201d<\/p>\n<p>\u201eB\u0103, voi sunte\u021bi nebuni? Toat\u0103 via\u021ba nu au lucrat nimic \u0219i primesc apartament. Eu \u0219i dup\u0103 ce mor mai am de pl\u0103tit rat\u0103 la cas\u0103. M\u00e2ine m\u0103 duc \u0219i eu cu o cutie de carton acolo, s\u0103 stau o lun\u0103, dou\u0103\u2026 dac\u0103 primesc apartament \u00eei cea mai tare afacere.\u201d<\/p>\n<p>\u201eNe mut\u0103m to\u021bi acolo dac\u0103 primim locuin\u021be. E\u0219ti penibil \u0219i necinstit cu cei care pl\u0103tesc d\u0103rile, chirii etc.\u201d<\/p>\n<p>\u201eS\u0103-\u021bi fie ru\u0219ine. Cum s\u0103 dai case gratis pentru voturi? Au pl\u0103tit un impozit \u00een ultimii 20 de ani?\u201d<\/p>\n<\/blockquote>\n<p>Aceste comentarii sunt doar o pic\u0103tur\u0103 de ap\u0103 dintr-un ocean al nemul\u021bumirilor cet\u0103\u021benilor municipiului Cluj-Napoca fa\u021b\u0103 de ini\u021biativa Prim\u0103riei.<\/p>\n<p>Ne \u00eentreb\u0103m: De ce nu se g\u0103sesc fonduri europene \u0219i norvegiene sau bani de la bugetul public pentru: metroul din Cluj, centura ocolitoare, noi c\u0103mine studen\u021be\u0219ti (av\u00e2nd \u00een vedere c\u0103 extrem de mul\u021bi studen\u021bi dintr-un mare centru universitar cum este Clujul nu prind loc \u00een c\u0103mine), ajutorarea familiilor de rom\u00e2ni s\u0103raci, care muncesc \u0219i pl\u0103tesc taxe, \u00eencurajarea natalit\u0103\u021bii \u00een r\u00e2ndul comunit\u0103\u021bii locale, amenajarea de noi spa\u021bii verzi \u00eentr-un ora\u0219 sufocat de poluare, spa\u021bii subterane de parc\u0103ri pe mai multe niveluri sau multe altele.<\/p>\n<p>Marea majoritate a locuitorilor din Cluj-Napoca au ajuns deja la concluzia c\u0103 Emil Boc, Consiliul Local, Uniunea European\u0103 \u0219i Norvegia fac un experiment multicultural la scar\u0103 larg\u0103 pe pielea cet\u0103\u021benilor nevinova\u021bi din Cluj-Napoca.<br \/>\nPresupunem c\u0103 nicio familie de \u021bigani de la Pata R\u00e2t nu va ajunge s\u0103 locuiasc\u0103 \u00een acela\u0219i bloc unde locuie\u0219te Emil Boc sau consilierii locali din toate partidele corupte \u0219i tr\u0103d\u0103toare care au votat \u00een favoarea acestui experiment nefast.<\/p>\n<p>Autorit\u0103\u021bile locale din Cluj, \u00een frunte cu primarul, s-au l\u0103udat ani la r\u00e2nd c\u0103 au atras foarte mul\u021bi investitori str\u0103ini, c\u0103 au creat locuri de munc\u0103 \u00een ora\u0219 \u0219i astfel s-a dezvoltat Clujul. Trebuie s\u0103 adres\u0103m \u00eentrebarea: Dac\u0103 infrac\u021bionalitatea, comportamentul antisocial, mizeria \u0219i nesiguran\u021ba vor cre\u0219te \u00een Cluj-Napoca, nu va duce acest fapt la descurajarea investitorilor rom\u00e2ni sau str\u0103ini \u0219i la p\u0103r\u0103sirea ora\u0219ului de c\u0103tre tineri \u0219i speciali\u0219ti care contribuie la economia local\u0103? Cu un an \u00een urm\u0103, trei locuitori ai rampei de gunoi au t\u00e2lh\u0103rit un b\u0103tr\u00e2n de 70 de ani \u00een propria locuin\u021b\u0103, l-au jefuit, l-au mutilat \u0219i l-au b\u0103gat \u00een com\u0103. Doi dintre ei nu vor primi nicio pedeaps\u0103 pentru c\u0103 aveau sub 14 ani. Foarte mul\u021bi clujeni au convingerea c\u0103 \u00een ora\u0219 au loc multe infrac\u021biuni cauzate de comunitatea de la Pata R\u00e2t. Nu con\u0219tientizeaz\u0103 tovar\u0103\u0219ul primar c\u0103 majoritatea clujenilor nu se vor sim\u021bi \u00een siguran\u021b\u0103 odat\u0103 ce va fi implementat acest experiment sinistru?<\/p>\n<p>Totodat\u0103, prin aceast\u0103 decizie nedreapt\u0103 se creeaz\u0103 un precedent periculos: oricine nu de\u021bine o locuin\u021b\u0103 \u0219i un loc de munc\u0103, apoi \u00ee\u0219i construie\u0219te o cocioab\u0103 pe spa\u021biul public, poate s\u0103 primeasc\u0103 o locuin\u021b\u0103 social\u0103 pe gratis din partea conducerii ora\u0219ului. \u00cen acela\u0219i timp, o mul\u021bime de rom\u00e2ni cinsti\u021bi, care muncesc din greu, care pl\u0103tesc taxe \u0219i impozite, cu familii \u0219i copii, oameni ce contribuie cu adev\u0103rat la dezvoltarea societ\u0103\u021bii, nu sunt ajuta\u021bi cu absolut nimic de autorit\u0103\u021bile locale! Sau poate astfel de privilegii exist\u0103 numai pentru etnia \u021big\u0103neasc\u0103 \u0219i rom\u00e2nii s\u0103raci nu pot beneficia de ele?<\/p>\n<p>De zeci de ani exist\u0103 \u021bigani care locuiesc la rampa de gunoi, iar num\u0103rul lor a crescut p\u00e2n\u0103 la c\u00e2teva mii. S\u0103 nu \u00ee\u0219i imagineze nimeni c\u0103 Prim\u0103ria \u00eei mut\u0103 \u00een locuin\u021be sociale \u00een ora\u0219 pentru c\u0103 le pas\u0103 de ei. Exist\u0103 zvonul c\u0103 familia Trump vrea s\u0103 construiasc\u0103 o cl\u0103dire de birouri (Trump Tower), \u00een zona Pata R\u00e2t. Drept urmare, din cauza aceasta Emil Boc a ales s\u0103 \u201erezolve problema\u201d. \u00cens\u0103, locuitorii gropii de gunoi puteau fi muta\u021bi oriunde altundeva \u00een afara Clujului \u00een zone mai ieftine (care nu implicau o investi\u021bie a\u0219a de mare), puteau s\u0103 li se ofere locuri de munc\u0103 (dac\u0103 le acceptau sau nu, depindea de ei), \u0219i nu s\u0103 fie \u00eempr\u0103\u0219tia\u021bi prin cartierele Clujului, \u00een blocuri unde nu sunt obi\u0219nui\u021bi s\u0103 tr\u0103iasc\u0103 \u0219i unde exist\u0103 riscul enorm de a nu se putea integra. \u00cen concluzie, conducerii ora\u0219ului nu \u00eei pas\u0103 de \u021bigani, ci doar de proiectul lui Donald Trump.<\/p>\n<p>De mult timp au fost pompate sume enorme \u00een comunitatea de la Pata R\u00e2t pentru a-i ajuta s\u0103 se dezvolte \u0219i s\u0103 se integreze \u00een societate. Banii cet\u0103\u021benilor care muncesc din greu au fost investi\u021bi f\u0103r\u0103 niciun rezultat. De ce acest experiment odios, care contravine voin\u021bei democratice a clujenilor, ar da rezultate mai bune?<\/p>\n<p>Primarul \u0219i consilierii locali au luat aceast\u0103 decizie \u00een mod dictatorial \u0219i stalinist, ne\u021bin\u00e2nd cont de opinia locuitorilor ora\u0219ului. Ar fi normal s\u0103 aib\u0103 loc un referendum local (decizional) prin care cet\u0103\u021benii municipiului s\u0103 hot\u0103rasc\u0103 dac\u0103 aceast\u0103 idee este bun\u0103 sau nu.<\/p>\n<p>Asocia\u021bia Comunitatea Identitar\u0103 Rom\u00e2nia este solidar\u0103 cu marea majoritate a clujenilor revolta\u021bi de aceast\u0103 decizie mizerabil\u0103 a Prim\u0103riei Cluj-Napoca. \u00cei \u00eencuraj\u0103m pe to\u021bi reziden\u021bii din ora\u0219 s\u0103 ia atitudine, s\u0103 trimit\u0103 e-mailuri prim\u0103riei \u0219i s\u0103 se opun\u0103 sub orice form\u0103 transform\u0103rii Clujului \u00eentr-o groap\u0103 de gunoi, \u00een Pata R\u00e2t 2. \u00cei transmitem pe aceast\u0103 cale primarului Emil Boc c\u0103 acest ora\u0219 nu-i apar\u021bine \u0219i c\u0103 are datoria s\u0103 \u021bin\u0103 cont de voin\u021ba rom\u00e2nilor, iar fiecare decizie luat\u0103 \u00eempotriva noastr\u0103 va atrage consecin\u021be grave.<\/p>\n<\/div>\n<div class=\"entry\">\n<p><strong>Incorect Politic<br \/><\/strong>August 6, 2026<\/p>\n<p><a href=\"https:\/\/www.incorectpolitic.com\/emil-boc-nu-trebuie-lasat-sa-transforme-clujul-intr-o-groapa-de-gunoi\/whatsapp-image-2026-08-04-at-22-21-35-768x512\/\" rel=\"attachment wp-att-82193\"><img loading=\"lazy\" decoding=\"async\" class=\"aligncenter wp-image-82193 size-full\" src=\"https:\/\/www.incorectpolitic.com\/wp-content\/uploads\/2026\/08\/WhatsApp-Image-2026-08-04-at-22.21.35-768x512-1.jpeg\" alt=\"Emil Boc nu trebuie l\u0103sat s\u0103 transforme Clujul \u00eentr-o groap\u0103 de gunoi!\" width=\"768\" height=\"512\"><\/a><\/p>\n<h2><strong>Emil Boc nu trebuie l\u0103sat s\u0103 transforme Clujul \u00eentr-o groap\u0103 de gunoi!<\/strong><\/h2>\n<p><em>Via <a href=\"https:\/\/comunitateaidentitara.com\/emil-boc-nu-trebuie-lasat-sa-transforme-clujul-intr-o-groapa-de-gunoi\/\">ComunitateaIdentitar\u0103<\/a>:\u00a0<\/em><\/p>\n<p>Asocia\u021bia Comunitatea Identitar\u0103 Rom\u00e2nia ia act cu \u00eengrijorare de decizia primarului Emil Boc \u0219i a Consiliului Local Cluj-Napoca de a cump\u0103ra aproximativ 500 de apartamente \u00een ora\u0219 unde s\u0103 fie mutate c\u00e2teva mii de \u021bigani de la Pata R\u00e2t (groapa de gunoi de la marginea Clujului). Primarul se laud\u0103 c\u0103 aceste locuin\u021be vor fi achizi\u021bionate cu fonduri europene \u0219i norvegiene. Consilierii locali au votat \u00een favoarea acestei decizii, care nu constituie altceva dec\u00e2t o b\u0103taie de joc la adresa clujenilor. De ce? Vom explica \u00een continuare.<\/p>\n<p>Ne \u00eentreb\u0103m:<\/p>\n<p>\u2022 \u021aiganii care au locuit toat\u0103 via\u021ba \u00een cocioabe la rampa de gunoi vor fi capabili s\u0103 se adapteze traiului de la bloc al\u0103turi de vecini?<br \/>\n\u2022 Ace\u0219tia vor fi capabili s\u0103 men\u021bin\u0103 ordinea \u0219i cur\u0103\u021benia \u00eentr-o scar\u0103?<br \/>\n\u2022 Vor putea s\u0103 nu depoziteze gunoaie \u00een spa\u021biul locativ \u0219i \u00een spa\u021biul comun al blocului?<br \/>\n\u2022 Vor fi \u00een stare s\u0103 pl\u0103teasc\u0103 utilit\u0103\u021bile?<br \/>\n\u2022 Ace\u0219tia vor fi capabili s\u0103 nu fac\u0103 g\u0103l\u0103gie \u0219i s\u0103 nu tulbure lini\u0219tea public\u0103?<br \/>\n\u2022 Nu va cre\u0219te nivelul infrac\u021biunilor \u00een zonele din ora\u0219 unde urmeaz\u0103 s\u0103 fie adu\u0219i?<br \/>\n\u2022 Oare nu vor exista mirosuri nepl\u0103cute \u00een acele cl\u0103diri?<br \/>\n\u2022 Oare nu vor fi distruse acele locuin\u021be \u00een nici c\u00e2teva luni dup\u0103 ce noii chiria\u0219i se vor muta acolo?<\/p>\n<p>Nu vom r\u0103spunde noi la aceste \u00eentreb\u0103ri, din cauza unei legi anticonstitu\u021bionale, antirom\u00e2ne\u0219ti, liberticide, mai exact Legea 2\/2021, a\u0219a-zisa lege de combatere a anti\u021big\u0103nismului. R\u0103spunsurile la aceste \u00eentreb\u0103ri ar putea fi considerate rasiste de c\u0103tre cei r\u0103u inten\u021biona\u021bi \u0219i necinsti\u021bi, dar situa\u021biile nepl\u0103cute \u00een care se pot trezi clujenii nu vor mai fi considerate discriminatorii de c\u0103tre sistemul corupt. Majoritatea rom\u00e2nilor \u0219tiu care sunt r\u0103spunsurile reale la aceste \u00eentreb\u0103ri.<\/p>\n<p>Prim\u0103ria va acorda un ajutor lunar \u021biganilor de p\u00e2n\u0103 la 300 euro pentru plata chiriei! B\u0103nuim c\u0103 ace\u0219ti bani nu vor mai veni din fonduri europene (la care contribuie \u0219i cet\u0103\u021benii rom\u00e2ni) sau norvegiene, ci din buzunarul clujenilor!<\/p>\n<p>Dac\u0103 arunc\u0103m doar o scurt\u0103 privire la comentariile l\u0103sate pe re\u021belele de socializare, la articolele despre acest subiect, vom observa c\u0103 aproape to\u021bi cet\u0103\u021benii Clujului se opun acestei decizii a lui Emil Boc, distructive pentru comunitatea local\u0103. Oferim aici doar c\u00e2teva exemple, cu capturi de ecran, despre opozi\u021bia clujenilor fa\u021b\u0103 de proiectul antisocial al Prim\u0103riei:<\/p>\n<blockquote>\n<p><a href=\"https:\/\/comunitateaidentitara.com\/wp-content\/uploads\/2026\/08\/7-c.png\"><img loading=\"lazy\" decoding=\"async\" class=\"size-full wp-image-5627 aligncenter tie-appear lazyload\" alt width=\"716\" height=\"140\" src=\"https:\/\/comunitateaidentitara.com\/wp-content\/uploads\/2026\/08\/7-c.png\"><\/a><\/p>\n<p><img loading=\"lazy\" decoding=\"async\" class=\"size-full wp-image-5627 aligncenter tie-appear\" src=\"https:\/\/comunitateaidentitara.com\/wp-content\/uploads\/2026\/08\/7-c.png\" alt width=\"716\" height=\"140\" data-eio=\"l\"><a href=\"https:\/\/comunitateaidentitara.com\/wp-content\/uploads\/2026\/08\/6-cc.png\"><img loading=\"lazy\" decoding=\"async\" class=\"size-large wp-image-5628 aligncenter tie-appear lazyload\" alt width=\"618\" height=\"79\" src=\"https:\/\/comunitateaidentitara.com\/wp-content\/uploads\/2026\/08\/6-cc.png\"><img loading=\"lazy\" decoding=\"async\" class=\"size-large wp-image-5628 aligncenter tie-appear\" src=\"https:\/\/comunitateaidentitara.com\/wp-content\/uploads\/2026\/08\/6-cc.png\" alt width=\"618\" height=\"79\" data-eio=\"l\"><\/a><a href=\"https:\/\/comunitateaidentitara.com\/wp-content\/uploads\/2026\/08\/5-cc.png\"><img loading=\"lazy\" decoding=\"async\" class=\"size-large wp-image-5629 aligncenter tie-appear lazyload\" alt width=\"618\" height=\"273\" src=\"https:\/\/comunitateaidentitara.com\/wp-content\/uploads\/2026\/08\/5-cc.png\"><img loading=\"lazy\" decoding=\"async\" class=\"size-large wp-image-5629 aligncenter tie-appear\" src=\"https:\/\/comunitateaidentitara.com\/wp-content\/uploads\/2026\/08\/5-cc.png\" alt width=\"618\" height=\"273\" data-eio=\"l\"><\/a><a href=\"https:\/\/comunitateaidentitara.com\/wp-content\/uploads\/2026\/08\/4-cc.png\"><img loading=\"lazy\" decoding=\"async\" class=\"size-large wp-image-5630 aligncenter tie-appear lazyload\" alt width=\"618\" height=\"200\" src=\"https:\/\/comunitateaidentitara.com\/wp-content\/uploads\/2026\/08\/4-cc.png\"><img loading=\"lazy\" decoding=\"async\" class=\"size-large wp-image-5630 aligncenter tie-appear\" src=\"https:\/\/comunitateaidentitara.com\/wp-content\/uploads\/2026\/08\/4-cc.png\" alt width=\"618\" height=\"200\" data-eio=\"l\"><\/a><a href=\"https:\/\/comunitateaidentitara.com\/wp-content\/uploads\/2026\/08\/3-cc.png\"><img loading=\"lazy\" decoding=\"async\" class=\"size-large wp-image-5631 aligncenter tie-appear lazyload\" alt width=\"618\" height=\"360\" src=\"https:\/\/comunitateaidentitara.com\/wp-content\/uploads\/2026\/08\/3-cc.png\"><img loading=\"lazy\" decoding=\"async\" class=\"size-large wp-image-5631 aligncenter tie-appear\" src=\"https:\/\/comunitateaidentitara.com\/wp-content\/uploads\/2026\/08\/3-cc.png\" alt width=\"618\" height=\"360\" data-eio=\"l\"><\/a><a href=\"https:\/\/comunitateaidentitara.com\/wp-content\/uploads\/2026\/08\/2-cc.png\"><img loading=\"lazy\" decoding=\"async\" class=\"size-large wp-image-5632 aligncenter tie-appear lazyload\" alt width=\"618\" height=\"138\" src=\"https:\/\/comunitateaidentitara.com\/wp-content\/uploads\/2026\/08\/2-cc.png\"><img loading=\"lazy\" decoding=\"async\" class=\"size-large wp-image-5632 aligncenter tie-appear\" src=\"https:\/\/comunitateaidentitara.com\/wp-content\/uploads\/2026\/08\/2-cc.png\" alt width=\"618\" height=\"138\" data-eio=\"l\"><\/a><a href=\"https:\/\/comunitateaidentitara.com\/wp-content\/uploads\/2026\/08\/1-cc.png\"><img loading=\"lazy\" decoding=\"async\" class=\"size-large wp-image-5633 aligncenter tie-appear lazyload\" alt width=\"618\" height=\"188\" src=\"https:\/\/comunitateaidentitara.com\/wp-content\/uploads\/2026\/08\/1-cc.png\"><img loading=\"lazy\" decoding=\"async\" class=\"size-large wp-image-5633 aligncenter tie-appear\" src=\"https:\/\/comunitateaidentitara.com\/wp-content\/uploads\/2026\/08\/1-cc.png\" alt width=\"618\" height=\"188\" data-eio=\"l\"><\/a><\/p>\n<p>\u201e350 de locuin\u021be distruse \u00een urm\u0103torul an\u201d<br \/>\n\u201eCe fa\u021b\u0103 de nesuferit, cine l-a votat?\u201d (presupus\u0103 referin\u021b\u0103 la Emil Boc)<\/p>\n<p>\u201ePropun s\u0103 le face\u021bi colibe la R\u0103chi\u021bele, din banii dvs. \u0219i nu din impozitele \u0219i taxele noastre, cei ce contribuim la bugetul local. B\u0103nuiesc c\u0103 de la anul vom avea impozite \u0219i mai mari.\u201d<\/p>\n<p>\u201eSper ca primele apartamente s\u0103 le cumpere \u00een blocul unde st\u0103 \u0219i d-nul primar. Ar trebui s\u0103 fie model pentru noi.\u201d<\/p>\n<p>\u201eB\u0103, voi sunte\u021bi nebuni? Toat\u0103 via\u021ba nu au lucrat nimic \u0219i primesc apartament. Eu \u0219i dup\u0103 ce mor mai am de pl\u0103tit rat\u0103 la cas\u0103. M\u00e2ine m\u0103 duc \u0219i eu cu o cutie de carton acolo, s\u0103 stau o lun\u0103, dou\u0103\u2026 dac\u0103 primesc apartament \u00eei cea mai tare afacere.\u201d<\/p>\n<p>\u201eNe mut\u0103m to\u021bi acolo dac\u0103 primim locuin\u021be. E\u0219ti penibil \u0219i necinstit cu cei care pl\u0103tesc d\u0103rile, chirii etc.\u201d<\/p>\n<p>\u201eS\u0103-\u021bi fie ru\u0219ine. Cum s\u0103 dai case gratis pentru voturi? Au pl\u0103tit un impozit \u00een ultimii 20 de ani?\u201d<\/p>\n<\/blockquote>\n<p>Aceste comentarii sunt doar o pic\u0103tur\u0103 de ap\u0103 dintr-un ocean al nemul\u021bumirilor cet\u0103\u021benilor municipiului Cluj-Napoca fa\u021b\u0103 de ini\u021biativa Prim\u0103riei.<\/p>\n<p>Ne \u00eentreb\u0103m: De ce nu se g\u0103sesc fonduri europene \u0219i norvegiene sau bani de la bugetul public pentru: metroul din Cluj, centura ocolitoare, noi c\u0103mine studen\u021be\u0219ti (av\u00e2nd \u00een vedere c\u0103 extrem de mul\u021bi studen\u021bi dintr-un mare centru universitar cum este Clujul nu prind loc \u00een c\u0103mine), ajutorarea familiilor de rom\u00e2ni s\u0103raci, care muncesc \u0219i pl\u0103tesc taxe, \u00eencurajarea natalit\u0103\u021bii \u00een r\u00e2ndul comunit\u0103\u021bii locale, amenajarea de noi spa\u021bii verzi \u00eentr-un ora\u0219 sufocat de poluare, spa\u021bii subterane de parc\u0103ri pe mai multe niveluri sau multe altele.<\/p>\n<p>Marea majoritate a locuitorilor din Cluj-Napoca au ajuns deja la concluzia c\u0103 Emil Boc, Consiliul Local, Uniunea European\u0103 \u0219i Norvegia fac un experiment multicultural la scar\u0103 larg\u0103 pe pielea cet\u0103\u021benilor nevinova\u021bi din Cluj-Napoca.<br \/>\nPresupunem c\u0103 nicio familie de \u021bigani de la Pata R\u00e2t nu va ajunge s\u0103 locuiasc\u0103 \u00een acela\u0219i bloc unde locuie\u0219te Emil Boc sau consilierii locali din toate partidele corupte \u0219i tr\u0103d\u0103toare care au votat \u00een favoarea acestui experiment nefast.<\/p>\n<p>Autorit\u0103\u021bile locale din Cluj, \u00een frunte cu primarul, s-au l\u0103udat ani la r\u00e2nd c\u0103 au atras foarte mul\u021bi investitori str\u0103ini, c\u0103 au creat locuri de munc\u0103 \u00een ora\u0219 \u0219i astfel s-a dezvoltat Clujul. Trebuie s\u0103 adres\u0103m \u00eentrebarea: Dac\u0103 infrac\u021bionalitatea, comportamentul antisocial, mizeria \u0219i nesiguran\u021ba vor cre\u0219te \u00een Cluj-Napoca, nu va duce acest fapt la descurajarea investitorilor rom\u00e2ni sau str\u0103ini \u0219i la p\u0103r\u0103sirea ora\u0219ului de c\u0103tre tineri \u0219i speciali\u0219ti care contribuie la economia local\u0103? Cu un an \u00een urm\u0103, trei locuitori ai rampei de gunoi au t\u00e2lh\u0103rit un b\u0103tr\u00e2n de 70 de ani \u00een propria locuin\u021b\u0103, l-au jefuit, l-au mutilat \u0219i l-au b\u0103gat \u00een com\u0103. Doi dintre ei nu vor primi nicio pedeaps\u0103 pentru c\u0103 aveau sub 14 ani. Foarte mul\u021bi clujeni au convingerea c\u0103 \u00een ora\u0219 au loc multe infrac\u021biuni cauzate de comunitatea de la Pata R\u00e2t. Nu con\u0219tientizeaz\u0103 tovar\u0103\u0219ul primar c\u0103 majoritatea clujenilor nu se vor sim\u021bi \u00een siguran\u021b\u0103 odat\u0103 ce va fi implementat acest experiment sinistru?<\/p>\n<p>Totodat\u0103, prin aceast\u0103 decizie nedreapt\u0103 se creeaz\u0103 un precedent periculos: oricine nu de\u021bine o locuin\u021b\u0103 \u0219i un loc de munc\u0103, apoi \u00ee\u0219i construie\u0219te o cocioab\u0103 pe spa\u021biul public, poate s\u0103 primeasc\u0103 o locuin\u021b\u0103 social\u0103 pe gratis din partea conducerii ora\u0219ului. \u00cen acela\u0219i timp, o mul\u021bime de rom\u00e2ni cinsti\u021bi, care muncesc din greu, care pl\u0103tesc taxe \u0219i impozite, cu familii \u0219i copii, oameni ce contribuie cu adev\u0103rat la dezvoltarea societ\u0103\u021bii, nu sunt ajuta\u021bi cu absolut nimic de autorit\u0103\u021bile locale! Sau poate astfel de privilegii exist\u0103 numai pentru etnia \u021big\u0103neasc\u0103 \u0219i rom\u00e2nii s\u0103raci nu pot beneficia de ele?<\/p>\n<p>De zeci de ani exist\u0103 \u021bigani care locuiesc la rampa de gunoi, iar num\u0103rul lor a crescut p\u00e2n\u0103 la c\u00e2teva mii. S\u0103 nu \u00ee\u0219i imagineze nimeni c\u0103 Prim\u0103ria \u00eei mut\u0103 \u00een locuin\u021be sociale \u00een ora\u0219 pentru c\u0103 le pas\u0103 de ei. Exist\u0103 zvonul c\u0103 familia Trump vrea s\u0103 construiasc\u0103 o cl\u0103dire de birouri (Trump Tower), \u00een zona Pata R\u00e2t. Drept urmare, din cauza aceasta Emil Boc a ales s\u0103 \u201erezolve problema\u201d. \u00cens\u0103, locuitorii gropii de gunoi puteau fi muta\u021bi oriunde altundeva \u00een afara Clujului \u00een zone mai ieftine (care nu implicau o investi\u021bie a\u0219a de mare), puteau s\u0103 li se ofere locuri de munc\u0103 (dac\u0103 le acceptau sau nu, depindea de ei), \u0219i nu s\u0103 fie \u00eempr\u0103\u0219tia\u021bi prin cartierele Clujului, \u00een blocuri unde nu sunt obi\u0219nui\u021bi s\u0103 tr\u0103iasc\u0103 \u0219i unde exist\u0103 riscul enorm de a nu se putea integra. \u00cen concluzie, conducerii ora\u0219ului nu \u00eei pas\u0103 de \u021bigani, ci doar de proiectul lui Donald Trump.<\/p>\n<p>De mult timp au fost pompate sume enorme \u00een comunitatea de la Pata R\u00e2t pentru a-i ajuta s\u0103 se dezvolte \u0219i s\u0103 se integreze \u00een societate. Banii cet\u0103\u021benilor care muncesc din greu au fost investi\u021bi f\u0103r\u0103 niciun rezultat. De ce acest experiment odios, care contravine voin\u021bei democratice a clujenilor, ar da rezultate mai bune?<\/p>\n<p>Primarul \u0219i consilierii locali au luat aceast\u0103 decizie \u00een mod dictatorial \u0219i stalinist, ne\u021bin\u00e2nd cont de opinia locuitorilor ora\u0219ului. Ar fi normal s\u0103 aib\u0103 loc un referendum local (decizional) prin care cet\u0103\u021benii municipiului s\u0103 hot\u0103rasc\u0103 dac\u0103 aceast\u0103 idee este bun\u0103 sau nu.<\/p>\n<p>Asocia\u021bia Comunitatea Identitar\u0103 Rom\u00e2nia este solidar\u0103 cu marea majoritate a clujenilor revolta\u021bi de aceast\u0103 decizie mizerabil\u0103 a Prim\u0103riei Cluj-Napoca. \u00cei \u00eencuraj\u0103m pe to\u021bi reziden\u021bii din ora\u0219 s\u0103 ia atitudine, s\u0103 trimit\u0103 e-mailuri prim\u0103riei \u0219i s\u0103 se opun\u0103 sub orice form\u0103 transform\u0103rii Clujului \u00eentr-o groap\u0103 de gunoi, \u00een Pata R\u00e2t 2. \u00cei transmitem pe aceast\u0103 cale primarului Emil Boc c\u0103 acest ora\u0219 nu-i apar\u021bine \u0219i c\u0103 are datoria s\u0103 \u021bin\u0103 cont de voin\u021ba rom\u00e2nilor, iar fiecare decizie luat\u0103 \u00eempotriva noastr\u0103 va atrage consecin\u021be grave.<\/p>\n<\/div>\n<article class=\"post-81436 post type-post status-publish entry includes-feat-image\">\n<div class=\"featured-image alignleft\"><a class=\"featured_post_link\" href=\"https:\/\/www.incorectpolitic.com\/curaj-adevar-si-libertate-senatorul-miron-manega-s-o-s-a-propus-abrogarea-legilor-delictului-de-opinie\/\" title=\"CURAJ, ADEV\u0102R \u0218I LIBERTATE! Senatorul Miron Manega (S.O.S.) a propus abrogarea legilor delictului de opinie!\"><img loading=\"lazy\" decoding=\"async\" width=\"150\" height=\"150\" src=\"https:\/\/www.incorectpolitic.com\/wp-content\/uploads\/2019\/04\/manega-150x150.png\" class=\"attachment-thumbnail size-thumbnail wp-post-image lazyload\" alt><img loading=\"lazy\" decoding=\"async\" width=\"150\" height=\"150\" src=\"https:\/\/www.incorectpolitic.com\/wp-content\/uploads\/2019\/04\/manega-150x150.png\" class=\"attachment-thumbnail size-thumbnail wp-post-image\" alt data-eio=\"l\"><\/a><\/div>\n<div class=\"entry-title\"><a class=\"featured_post_link\" href=\"https:\/\/www.incorectpolitic.com\/curaj-adevar-si-libertate-senatorul-miron-manega-s-o-s-a-propus-abrogarea-legilor-delictului-de-opinie\/\" title=\"CURAJ, ADEV\u0102R \u0218I LIBERTATE! Senatorul Miron Manega (S.O.S.) a propus abrogarea legilor delictului de opinie!\">CURAJ, ADEV\u0102R \u0218I LIBERTATE! Senatorul Miron Manega (S.O.S.) a propus abrogarea legilor delictului de opinie!<\/a><\/div>\n<\/article>\n<article class=\"post-80361 post type-post status-publish entry includes-feat-image\">\n<div class=\"featured-image alignleft\"><a class=\"featured_post_link\" href=\"https:\/\/www.incorectpolitic.com\/ultimul-fiu-al-daciei\/\" title=\"Ultimul Fiu al Daciei\"><img loading=\"lazy\" decoding=\"async\" width=\"100\" height=\"150\" src=\"https:\/\/www.incorectpolitic.com\/wp-content\/uploads\/2025\/10\/dac.jpeg\" class=\"attachment-thumbnail size-thumbnail wp-post-image lazyload\" alt><img loading=\"lazy\" decoding=\"async\" width=\"100\" height=\"150\" src=\"https:\/\/www.incorectpolitic.com\/wp-content\/uploads\/2025\/10\/dac.jpeg\" class=\"attachment-thumbnail size-thumbnail wp-post-image\" alt data-eio=\"l\"><\/a><\/div>\n<div class=\"entry-title\"><a class=\"featured_post_link\" href=\"https:\/\/www.incorectpolitic.com\/ultimul-fiu-al-daciei\/\" title=\"Ultimul Fiu al Daciei\">Ultimul Fiu al Daciei<\/a><\/div>\n<\/article>\n<article class=\"post-73927 post type-post status-publish entry includes-feat-image\">\n<div class=\"featured-image alignleft\"><a class=\"featured_post_link\" href=\"https:\/\/www.incorectpolitic.com\/cauzele-si-dinamica-antisemitismului\/\" title=\"Cauzele \u0219i Dinamica Antisemitismului\"><img loading=\"lazy\" decoding=\"async\" width=\"150\" height=\"150\" src=\"https:\/\/www.incorectpolitic.com\/wp-content\/uploads\/2018\/09\/bolshevik-jews-150x150.jpg\" class=\"attachment-thumbnail size-thumbnail wp-post-image lazyload\" alt><img loading=\"lazy\" decoding=\"async\" width=\"150\" height=\"150\" src=\"https:\/\/www.incorectpolitic.com\/wp-content\/uploads\/2018\/09\/bolshevik-jews-150x150.jpg\" class=\"attachment-thumbnail size-thumbnail wp-post-image\" alt data-eio=\"l\"><\/a><\/div>\n<div class=\"entry-title\"><a class=\"featured_post_link\" href=\"https:\/\/www.incorectpolitic.com\/cauzele-si-dinamica-antisemitismului\/\" title=\"Cauzele \u0219i Dinamica Antisemitismului\">Cauzele \u0219i Dinamica Antisemitismului<\/a><\/div>\n<\/article>\n<article class=\"post-72974 post type-post status-publish entry includes-feat-image\">\n<div class=\"featured-image alignleft\"><a class=\"featured_post_link\" href=\"https:\/\/www.incorectpolitic.com\/navalirea-jidanilor-de-vasile-alecsandri-piesa-interzisa\/\" title=\"N\u0103v\u0103lirea Jidanilor \u2013 de Vasile Alecsandri (Pies\u0103 interzis\u0103)\"><img loading=\"lazy\" decoding=\"async\" width=\"150\" height=\"150\" src=\"https:\/\/www.incorectpolitic.com\/wp-content\/uploads\/2024\/02\/jidani-navalire-2.png\" class=\"attachment-thumbnail size-thumbnail wp-post-image lazyload\" alt><img loading=\"lazy\" decoding=\"async\" width=\"150\" height=\"150\" src=\"https:\/\/www.incorectpolitic.com\/wp-content\/uploads\/2024\/02\/jidani-navalire-2.png\" class=\"attachment-thumbnail size-thumbnail wp-post-image\" alt data-eio=\"l\"><\/a><\/div>\n<div class=\"entry-title\"><a class=\"featured_post_link\" href=\"https:\/\/www.incorectpolitic.com\/navalirea-jidanilor-de-vasile-alecsandri-piesa-interzisa\/\" title=\"N\u0103v\u0103lirea Jidanilor \u2013 de Vasile Alecsandri (Pies\u0103 interzis\u0103)\">N\u0103v\u0103lirea Jidanilor \u2013 de Vasile Alecsandri (Pies\u0103 interzis\u0103)<\/a><\/div>\n<\/article>\n<article class=\"post-71879 post type-post status-publish entry includes-feat-image\">\n<div class=\"featured-image alignleft\"><a class=\"featured_post_link\" href=\"https:\/\/www.incorectpolitic.com\/europa-si-romania-in-anul-2050\/\" title=\"Europa \u0219i Rom\u00e2nia \u00een anul 2050\"><img loading=\"lazy\" decoding=\"async\" width=\"147\" height=\"150\" src=\"https:\/\/www.incorectpolitic.com\/wp-content\/uploads\/2024\/01\/Romania-2050-2.png\" class=\"attachment-thumbnail size-thumbnail wp-post-image lazyload\" alt><img loading=\"lazy\" decoding=\"async\" width=\"147\" height=\"150\" src=\"https:\/\/www.incorectpolitic.com\/wp-content\/uploads\/2024\/01\/Romania-2050-2.png\" class=\"attachment-thumbnail size-thumbnail wp-post-image\" alt data-eio=\"l\"><\/a><\/div>\n<div class=\"entry-title\"><a class=\"featured_post_link\" href=\"https:\/\/www.incorectpolitic.com\/europa-si-romania-in-anul-2050\/\" title=\"Europa \u0219i Rom\u00e2nia \u00een anul 2050\">Europa \u0219i Rom\u00e2nia \u00een anul 2050<\/a><\/div>\n<\/article>\n<article class=\"post-23854 post type-post status-publish entry includes-feat-image\">\n<div class=\"featured-image alignleft\"><a class=\"featured_post_link\" href=\"https:\/\/www.incorectpolitic.com\/vizita-papei-autonomie-alternativa\/\" title=\"Vizita Papei \u2013 Autonomie Alternativ\u0103\"><img loading=\"lazy\" decoding=\"async\" width=\"150\" height=\"150\" class=\"attachment-thumbnail size-thumbnail wp-post-image lazyload\" alt src=\"https:\/\/www.incorectpolitic.com\/wp-content\/uploads\/2019\/06\/uI2HFtR-150x150.jpg\"><img loading=\"lazy\" decoding=\"async\" width=\"150\" height=\"150\" src=\"https:\/\/www.incorectpolitic.com\/wp-content\/uploads\/2019\/06\/uI2HFtR-150x150.jpg\" class=\"attachment-thumbnail size-thumbnail wp-post-image\" alt data-eio=\"l\"><\/a><\/div>\n<div class=\"entry-title\"><a class=\"featured_post_link\" href=\"https:\/\/www.incorectpolitic.com\/vizita-papei-autonomie-alternativa\/\" title=\"Vizita Papei \u2013 Autonomie Alternativ\u0103\">Vizita Papei \u2013 Autonomie Alternativ\u0103<\/a><\/div>\n<\/article>\n<article class=\"post-72111 post type-post status-publish entry includes-feat-image\">\n<div class=\"featured-image alignleft\"><a class=\"featured_post_link\" href=\"https:\/\/www.incorectpolitic.com\/revelion-2023-2024-vine-anul-biruintei\/\" title=\"Revelion 2023 \u2013 2024 vine ANUL BIRUIN\u021aEI\"><img loading=\"lazy\" decoding=\"async\" width=\"150\" height=\"150\" src=\"https:\/\/www.incorectpolitic.com\/wp-content\/uploads\/2023\/12\/anul-biruintei.png\" class=\"attachment-thumbnail size-thumbnail wp-post-image lazyload\" alt><img loading=\"lazy\" decoding=\"async\" width=\"150\" height=\"150\" src=\"https:\/\/www.incorectpolitic.com\/wp-content\/uploads\/2023\/12\/anul-biruintei.png\" class=\"attachment-thumbnail size-thumbnail wp-post-image\" alt data-eio=\"l\"><\/a><\/div>\n<div class=\"entry-title\"><a class=\"featured_post_link\" href=\"https:\/\/www.incorectpolitic.com\/revelion-2023-2024-vine-anul-biruintei\/\" title=\"Revelion 2023 \u2013 2024 vine ANUL BIRUIN\u021aEI\">Revelion 2023 \u2013 2024 vine ANUL BIRUIN\u021aEI<\/a><\/div>\n<\/article>\n<article class=\"post-50139 post type-post status-publish entry includes-feat-image\">\n<div class=\"featured-image alignleft\"><a class=\"featured_post_link\" href=\"https:\/\/www.incorectpolitic.com\/analiza-strategiei-adoptata-de-guvern-pentru-combaterea-antisemitismului-xenofobiei-si-discursului-instigator-la-ura-2021-2023\/\" title=\"Analiza Strategiei Adoptat\u0103 de Guvern Pentru Combaterea \u201cantisemitismului, xenofobiei \u0219i discursului instigator la ur\u0103 2021-2023\u201d\"><img loading=\"lazy\" decoding=\"async\" width=\"150\" height=\"150\" src=\"https:\/\/www.incorectpolitic.com\/wp-content\/uploads\/2019\/08\/Jewish-censorship-e1421273251759-2-150x150.jpg\" class=\"attachment-thumbnail size-thumbnail wp-post-image lazyload\" alt><img loading=\"lazy\" decoding=\"async\" width=\"150\" height=\"150\" src=\"https:\/\/www.incorectpolitic.com\/wp-content\/uploads\/2019\/08\/Jewish-censorship-e1421273251759-2-150x150.jpg\" class=\"attachment-thumbnail size-thumbnail wp-post-image\" alt data-eio=\"l\"><\/a><\/div>\n<div class=\"entry-title\"><a class=\"featured_post_link\" href=\"https:\/\/www.incorectpolitic.com\/analiza-strategiei-adoptata-de-guvern-pentru-combaterea-antisemitismului-xenofobiei-si-discursului-instigator-la-ura-2021-2023\/\" title=\"Analiza Strategiei Adoptat\u0103 de Guvern Pentru Combaterea \u201cantisemitismului, xenofobiei \u0219i discursului instigator la ur\u0103 2021-2023\u201d\">Analiza Strategiei Adoptat\u0103 de Guvern Pentru Combaterea \u201cantisemitismului, xenofobiei \u0219i discursului instigator la ur\u0103 2021-2023\u201d<\/a><\/div>\n<\/article>\n<article class=\"post-70829 post type-post status-publish entry includes-feat-image\">\n<div class=\"featured-image alignleft\"><a class=\"featured_post_link\" href=\"https:\/\/www.incorectpolitic.com\/pozitia-unilaterala-a-pseudo-politicienilor-din-romania-si-a-bor-in-sustinerea-israelului-singurul-stat-terorist-din-lume-arata-ca-acestia-nu-au-o-fibra-cu-adevarat-nationala\/\" title=\"Pozi\u021bia unilateral\u0103 a pseudo politicienilor din Rom\u00e2nia \u0219i a BOR \u00een sus\u021binerea Israelului, singurul stat terorist din lume, arat\u0103 c\u0103 ace\u0219tia nu au o fibr\u0103 cu adev\u0103rat na\u021bional\u0103\"><img loading=\"lazy\" decoding=\"async\" width=\"150\" height=\"89\" src=\"https:\/\/www.incorectpolitic.com\/wp-content\/uploads\/2023\/08\/circumcision.png\" class=\"attachment-thumbnail size-thumbnail wp-post-image lazyload\" alt><img loading=\"lazy\" decoding=\"async\" width=\"150\" height=\"89\" src=\"https:\/\/www.incorectpolitic.com\/wp-content\/uploads\/2023\/08\/circumcision.png\" class=\"attachment-thumbnail size-thumbnail wp-post-image\" alt data-eio=\"l\"><\/a><\/div>\n<div class=\"entry-title\"><a class=\"featured_post_link\" href=\"https:\/\/www.incorectpolitic.com\/pozitia-unilaterala-a-pseudo-politicienilor-din-romania-si-a-bor-in-sustinerea-israelului-singurul-stat-terorist-din-lume-arata-ca-acestia-nu-au-o-fibra-cu-adevarat-nationala\/\" title=\"Pozi\u021bia unilateral\u0103 a pseudo politicienilor din Rom\u00e2nia \u0219i a BOR \u00een sus\u021binerea Israelului, singurul stat terorist din lume, arat\u0103 c\u0103 ace\u0219tia nu au o fibr\u0103 cu adev\u0103rat na\u021bional\u0103\">Pozi\u021bia unilateral\u0103 a pseudo politicienilor din Rom\u00e2nia \u0219i a BOR \u00een sus\u021binerea Israelului, singurul stat terorist din lume, arat\u0103 c\u0103 ace\u0219tia nu au o fibr\u0103 cu adev\u0103rat na\u021bional\u0103<\/a><\/div>\n<\/article>\n<article class=\"post-66937 post type-post status-publish entry includes-feat-image\">\n<div class=\"featured-image alignleft\"><a class=\"featured_post_link\" href=\"https:\/\/www.incorectpolitic.com\/agresiunea-impotriva-revizionistilor-istorici-si-efectele-linsajului-judiciar-de-la-nuremberg\/\" title=\"Agresiunea \u00eempotriva Revizioni\u0219tilor Istorici \u0219i efectele lin\u0219ajului judiciar de la Nurnberg\"><img loading=\"lazy\" decoding=\"async\" width=\"150\" height=\"100\" src=\"https:\/\/www.incorectpolitic.com\/wp-content\/uploads\/2023\/04\/image_2023-04-30_134634134.png\" class=\"attachment-thumbnail size-thumbnail wp-post-image lazyload\" alt><img loading=\"lazy\" decoding=\"async\" width=\"150\" height=\"100\" src=\"https:\/\/www.incorectpolitic.com\/wp-content\/uploads\/2023\/04\/image_2023-04-30_134634134.png\" class=\"attachment-thumbnail size-thumbnail wp-post-image\" alt data-eio=\"l\"><\/a><\/div>\n<div class=\"entry-title\"><a class=\"featured_post_link\" href=\"https:\/\/www.incorectpolitic.com\/agresiunea-impotriva-revizionistilor-istorici-si-efectele-linsajului-judiciar-de-la-nuremberg\/\" title=\"Agresiunea \u00eempotriva Revizioni\u0219tilor Istorici \u0219i efectele lin\u0219ajului judiciar de la Nurnberg\">Agresiunea \u00eempotriva Revizioni\u0219tilor Istorici \u0219i efectele lin\u0219ajului judiciar de la Nurnberg<\/a><\/div>\n<\/article>\n<article class=\"post-19111 post type-post status-publish entry includes-feat-image\">\n<div class=\"featured-image alignleft\"><a class=\"featured_post_link\" href=\"https:\/\/www.incorectpolitic.com\/despre-adevar\/\" title=\"Despre Adev\u0103r\"><img loading=\"lazy\" decoding=\"async\" width=\"150\" height=\"150\" src=\"https:\/\/www.incorectpolitic.com\/wp-content\/uploads\/2019\/02\/freedomfromchain-150x150.jpg\" class=\"attachment-thumbnail size-thumbnail wp-post-image lazyload\" alt><img loading=\"lazy\" decoding=\"async\" width=\"150\" height=\"150\" src=\"https:\/\/www.incorectpolitic.com\/wp-content\/uploads\/2019\/02\/freedomfromchain-150x150.jpg\" class=\"attachment-thumbnail size-thumbnail wp-post-image\" alt data-eio=\"l\"><\/a><\/div>\n<div class=\"entry-title\"><a class=\"featured_post_link\" href=\"https:\/\/www.incorectpolitic.com\/despre-adevar\/\" title=\"Despre Adev\u0103r\">Despre Adev\u0103r<\/a><\/div>\n<\/article>\n<article class=\"post-53767 post type-post status-publish entry includes-feat-image\">\n<div class=\"featured-image alignleft\"><a class=\"featured_post_link\" href=\"https:\/\/www.incorectpolitic.com\/dictionarul-coincidentelor-cine-sunt-iudeii-care-ne-au-influentat-tara-in-istoria-recenta\/\" title=\"DIC\u021aIONARUL COINCIDEN\u021aELOR  \u2013 Cine sunt iudeii care ne-au influen\u021bat \u021bara \u00een istoria recent\u0103\"><img loading=\"lazy\" decoding=\"async\" width=\"150\" height=\"150\" src=\"https:\/\/www.incorectpolitic.com\/wp-content\/uploads\/2021\/09\/coinc-150x150.png\" class=\"attachment-thumbnail size-thumbnail wp-post-image lazyload\" alt><img loading=\"lazy\" decoding=\"async\" width=\"150\" height=\"150\" src=\"https:\/\/www.incorectpolitic.com\/wp-content\/uploads\/2021\/09\/coinc-150x150.png\" class=\"attachment-thumbnail size-thumbnail wp-post-image\" alt data-eio=\"l\"><\/a><\/div>\n<div class=\"entry-title\"><a class=\"featured_post_link\" href=\"https:\/\/www.incorectpolitic.com\/dictionarul-coincidentelor-cine-sunt-iudeii-care-ne-au-influentat-tara-in-istoria-recenta\/\" title=\"DIC\u021aIONARUL COINCIDEN\u021aELOR  \u2013 Cine sunt iudeii care ne-au influen\u021bat \u021bara \u00een istoria recent\u0103\">DIC\u021aIONARUL COINCIDEN\u021aELOR  \u2013 Cine sunt iudeii care ne-au influen\u021bat \u021bara \u00een istoria recent\u0103<\/a><\/div>\n<\/article>\n<article class=\"post-51156 post type-post status-publish entry includes-feat-image\">\n<div class=\"featured-image alignleft\"><a class=\"featured_post_link\" href=\"https:\/\/www.incorectpolitic.com\/desertaciune-nu-aparare\/\" title=\"DE\u0218ERT\u0102CIUNE?! Nu, AP\u0102RARE!\"><img loading=\"lazy\" decoding=\"async\" width=\"150\" height=\"150\" class=\"attachment-thumbnail size-thumbnail wp-post-image lazyload\" alt src=\"https:\/\/www.incorectpolitic.com\/wp-content\/uploads\/2021\/06\/desertaciune-nu-aparare-150x150.jpg\"><img loading=\"lazy\" decoding=\"async\" width=\"150\" height=\"150\" src=\"https:\/\/www.incorectpolitic.com\/wp-content\/uploads\/2021\/06\/desertaciune-nu-aparare-150x150.jpg\" class=\"attachment-thumbnail size-thumbnail wp-post-image\" alt data-eio=\"l\"><\/a><\/div>\n<div class=\"entry-title\"><a class=\"featured_post_link\" href=\"https:\/\/www.incorectpolitic.com\/desertaciune-nu-aparare\/\" title=\"DE\u0218ERT\u0102CIUNE?! Nu, AP\u0102RARE!\">DE\u0218ERT\u0102CIUNE?! Nu, AP\u0102RARE!<\/a><\/div>\n<\/article>\n<article class=\"post-44728 post type-post status-publish entry includes-feat-image\">\n<div class=\"featured-image alignleft\"><a class=\"featured_post_link\" href=\"https:\/\/www.incorectpolitic.com\/resetarea-medicinei-sau-resetarea-omenirii-prin-nanotehnologie\/\" title=\"Resetarea Medicinei sau Resetarea Omenirii prin Nanotehnologie\"><img loading=\"lazy\" decoding=\"async\" width=\"150\" height=\"150\" src=\"https:\/\/www.incorectpolitic.com\/wp-content\/uploads\/2020\/12\/ed8a914d6d236c9d231903a8b2e79f63-150x150.gif\" class=\"attachment-thumbnail size-thumbnail wp-post-image lazyload\" alt><img loading=\"lazy\" decoding=\"async\" width=\"150\" height=\"150\" src=\"https:\/\/www.incorectpolitic.com\/wp-content\/uploads\/2020\/12\/ed8a914d6d236c9d231903a8b2e79f63-150x150.gif\" class=\"attachment-thumbnail size-thumbnail wp-post-image\" alt data-eio=\"l\"><\/a><\/div>\n<div class=\"entry-title\"><a class=\"featured_post_link\" href=\"https:\/\/www.incorectpolitic.com\/resetarea-medicinei-sau-resetarea-omenirii-prin-nanotehnologie\/\" title=\"Resetarea Medicinei sau Resetarea Omenirii prin Nanotehnologie\">Resetarea Medicinei sau Resetarea Omenirii prin Nanotehnologie<\/a><\/div>\n<\/article>\n<article class=\"post-43837 post type-post status-publish entry includes-feat-image\">\n<div class=\"featured-image alignleft\"><a class=\"featured_post_link\" href=\"https:\/\/www.incorectpolitic.com\/noul-legamant\/\" title=\"Noul Leg\u0103m\u00e2nt\"><img loading=\"lazy\" decoding=\"async\" width=\"150\" height=\"150\" src=\"https:\/\/www.incorectpolitic.com\/wp-content\/uploads\/2020\/12\/NL-150x150.jpg\" class=\"attachment-thumbnail size-thumbnail wp-post-image lazyload\" alt><img loading=\"lazy\" decoding=\"async\" width=\"150\" height=\"150\" src=\"https:\/\/www.incorectpolitic.com\/wp-content\/uploads\/2020\/12\/NL-150x150.jpg\" class=\"attachment-thumbnail size-thumbnail wp-post-image\" alt data-eio=\"l\"><\/a><\/div>\n<div class=\"entry-title\"><a class=\"featured_post_link\" href=\"https:\/\/www.incorectpolitic.com\/noul-legamant\/\" title=\"Noul Leg\u0103m\u00e2nt\">Noul Leg\u0103m\u00e2nt<\/a><\/div>\n<\/article>\n<article class=\"post-42525 post type-post status-publish entry includes-feat-image\">\n<div class=\"featured-image alignleft\"><a class=\"featured_post_link\" href=\"https:\/\/www.incorectpolitic.com\/vaccinarea-inseamna-crima-un-atentat-la-sanatatea-personala-la-integritatea-corporala-si-intimitatea-oricarui-om-liber-medicul-ce-vaccineaza-cu-forta-un-om-liber-merita-sa-fie-pedepsit-de-acesta\/\" title=\"Vaccinarea \u00eenseamn\u0103 crim\u0103, un atentat la s\u0103n\u0103tatea personal\u0103, la integritatea corporal\u0103 \u0219i intimitatea oric\u0103rui om liber. Medicul ce vaccineaz\u0103 cu for\u021ba un om liber merit\u0103 s\u0103 fie pedepsit de acesta\"><img loading=\"lazy\" decoding=\"async\" width=\"150\" height=\"150\" src=\"https:\/\/www.incorectpolitic.com\/wp-content\/uploads\/2020\/11\/syringe_0-150x150.jpg\" class=\"attachment-thumbnail size-thumbnail wp-post-image lazyload\" alt><img loading=\"lazy\" decoding=\"async\" width=\"150\" height=\"150\" src=\"https:\/\/www.incorectpolitic.com\/wp-content\/uploads\/2020\/11\/syringe_0-150x150.jpg\" class=\"attachment-thumbnail size-thumbnail wp-post-image\" alt data-eio=\"l\"><\/a><\/div>\n<div class=\"entry-title\"><a class=\"featured_post_link\" href=\"https:\/\/www.incorectpolitic.com\/vaccinarea-inseamna-crima-un-atentat-la-sanatatea-personala-la-integritatea-corporala-si-intimitatea-oricarui-om-liber-medicul-ce-vaccineaza-cu-forta-un-om-liber-merita-sa-fie-pedepsit-de-acesta\/\" title=\"Vaccinarea \u00eenseamn\u0103 crim\u0103, un atentat la s\u0103n\u0103tatea personal\u0103, la integritatea corporal\u0103 \u0219i intimitatea oric\u0103rui om liber. Medicul ce vaccineaz\u0103 cu for\u021ba un om liber merit\u0103 s\u0103 fie pedepsit de acesta\">Vaccinarea \u00eenseamn\u0103 crim\u0103, un atentat la s\u0103n\u0103tatea personal\u0103, la integritatea corporal\u0103 \u0219i intimitatea oric\u0103rui om liber. Medicul ce vaccineaz\u0103 cu for\u021ba un om liber merit\u0103 s\u0103 fie pedepsit de acesta<\/a><\/div>\n<\/article>\n<article class=\"post-38338 post type-post status-publish entry includes-feat-image\">\n<div class=\"featured-image alignleft\"><a class=\"featured_post_link\" href=\"https:\/\/www.incorectpolitic.com\/trebuie-sa-distrugem-suprematia-jidoveasca\/\" title=\"Trebuie s\u0103 distrugem superma\u021bia jidoveasc\u0103!\"><img loading=\"lazy\" decoding=\"async\" width=\"150\" height=\"150\" src=\"https:\/\/www.incorectpolitic.com\/wp-content\/uploads\/2018\/11\/GunoiOPS-150x150.png\" class=\"attachment-thumbnail size-thumbnail wp-post-image lazyload\" alt><img loading=\"lazy\" decoding=\"async\" width=\"150\" height=\"150\" src=\"https:\/\/www.incorectpolitic.com\/wp-content\/uploads\/2018\/11\/GunoiOPS-150x150.png\" class=\"attachment-thumbnail size-thumbnail wp-post-image\" alt data-eio=\"l\"><\/a><\/div>\n<div class=\"entry-title\"><a class=\"featured_post_link\" href=\"https:\/\/www.incorectpolitic.com\/trebuie-sa-distrugem-suprematia-jidoveasca\/\" title=\"Trebuie s\u0103 distrugem superma\u021bia jidoveasc\u0103!\">Trebuie s\u0103 distrugem superma\u021bia jidoveasc\u0103!<\/a><\/div>\n<\/article>\n<article class=\"post-30776 post type-post status-publish entry includes-feat-image\">\n<div class=\"featured-image alignleft\"><a class=\"featured_post_link\" href=\"https:\/\/www.incorectpolitic.com\/da-ti-doua-palme-si-ridica-te\/\" title=\"D\u0103-\u021bi Dou\u0103 Palme \u0219i Ridic\u0103-te\"><img loading=\"lazy\" decoding=\"async\" width=\"150\" height=\"150\" src=\"https:\/\/www.incorectpolitic.com\/wp-content\/uploads\/2019\/11\/1-mai-620x350-150x150.jpg\" class=\"attachment-thumbnail size-thumbnail wp-post-image lazyload\" alt><img loading=\"lazy\" decoding=\"async\" width=\"150\" height=\"150\" src=\"https:\/\/www.incorectpolitic.com\/wp-content\/uploads\/2019\/11\/1-mai-620x350-150x150.jpg\" class=\"attachment-thumbnail size-thumbnail wp-post-image\" alt data-eio=\"l\"><\/a><\/div>\n<div class=\"entry-title\"><a class=\"featured_post_link\" href=\"https:\/\/www.incorectpolitic.com\/da-ti-doua-palme-si-ridica-te\/\" title=\"D\u0103-\u021bi Dou\u0103 Palme \u0219i Ridic\u0103-te\">D\u0103-\u021bi Dou\u0103 Palme \u0219i Ridic\u0103-te<\/a><\/div>\n<\/article>\n<article class=\"post-27862 post type-post status-publish entry includes-feat-image\">\n<div class=\"featured-image alignleft\"><a class=\"featured_post_link\" href=\"https:\/\/www.incorectpolitic.com\/scrisoare-deschisa-catre-neamul-romanesc\/\" title=\"Scrisoare Deschis\u0103 C\u0103tre Neamul Rom\u00e2nesc\"><img loading=\"lazy\" decoding=\"async\" width=\"150\" height=\"150\" src=\"https:\/\/www.incorectpolitic.com\/wp-content\/uploads\/2019\/09\/videoblocks-male-hand-reload-a-revolver-magnum-gun-without-bullets-magnum-revolver-and-empty-bullet-magnum-lead-round-nose-45-auto-rim-revolver-rounds_ha1focujz_thumbnail-full01-150x150.jpg\" class=\"attachment-thumbnail size-thumbnail wp-post-image lazyload\" alt><img loading=\"lazy\" decoding=\"async\" width=\"150\" height=\"150\" src=\"https:\/\/www.incorectpolitic.com\/wp-content\/uploads\/2019\/09\/videoblocks-male-hand-reload-a-revolver-magnum-gun-without-bullets-magnum-revolver-and-empty-bullet-magnum-lead-round-nose-45-auto-rim-revolver-rounds_ha1focujz_thumbnail-full01-150x150.jpg\" class=\"attachment-thumbnail size-thumbnail wp-post-image\" alt data-eio=\"l\"><\/a><\/div>\n<div class=\"entry-title\"><a class=\"featured_post_link\" href=\"https:\/\/www.incorectpolitic.com\/scrisoare-deschisa-catre-neamul-romanesc\/\" title=\"Scrisoare Deschis\u0103 C\u0103tre Neamul Rom\u00e2nesc\">Scrisoare Deschis\u0103 C\u0103tre Neamul Rom\u00e2nesc<\/a><\/div>\n<\/article>\n<article class=\"post-26255 post type-post status-publish entry includes-feat-image\">\n<div class=\"featured-image alignleft\"><a class=\"featured_post_link\" href=\"https:\/\/www.incorectpolitic.com\/sociologia-eliberarii-si-curentele-laterale-de-sedimentare-revolutionara\/\" title=\"Sociologia Eliber\u0103rii \u0219i Curentele Laterale de Sedimentare Revolu\u021bionar\u0103\"><img loading=\"lazy\" decoding=\"async\" width=\"150\" height=\"150\" src=\"https:\/\/www.incorectpolitic.com\/wp-content\/uploads\/2020\/12\/nm3-150x150.png\" class=\"attachment-thumbnail size-thumbnail wp-post-image lazyload\" alt><img loading=\"lazy\" decoding=\"async\" width=\"150\" height=\"150\" src=\"https:\/\/www.incorectpolitic.com\/wp-content\/uploads\/2020\/12\/nm3-150x150.png\" class=\"attachment-thumbnail size-thumbnail wp-post-image\" alt data-eio=\"l\"><\/a><\/div>\n<div class=\"entry-title\"><a class=\"featured_post_link\" href=\"https:\/\/www.incorectpolitic.com\/sociologia-eliberarii-si-curentele-laterale-de-sedimentare-revolutionara\/\" title=\"Sociologia Eliber\u0103rii \u0219i Curentele Laterale de Sedimentare Revolu\u021bionar\u0103\">Sociologia Eliber\u0103rii \u0219i Curentele Laterale de Sedimentare Revolu\u021bionar\u0103<\/a><\/div>\n<\/article>\n<article class=\"post-21977 post type-post status-publish entry includes-feat-image\">\n<div class=\"featured-image alignleft\"><a class=\"featured_post_link\" href=\"https:\/\/www.incorectpolitic.com\/impotriva-fatalismului\/\" title=\"\u00cempotriva Fatalismului\"><img loading=\"lazy\" decoding=\"async\" width=\"150\" height=\"150\" src=\"https:\/\/www.incorectpolitic.com\/wp-content\/uploads\/2019\/04\/thumb-150x150.jpg\" class=\"attachment-thumbnail size-thumbnail wp-post-image lazyload\" alt><img loading=\"lazy\" decoding=\"async\" width=\"150\" height=\"150\" src=\"https:\/\/www.incorectpolitic.com\/wp-content\/uploads\/2019\/04\/thumb-150x150.jpg\" class=\"attachment-thumbnail size-thumbnail wp-post-image\" alt data-eio=\"l\"><\/a><\/div>\n<div class=\"entry-title\"><a class=\"featured_post_link\" href=\"https:\/\/www.incorectpolitic.com\/impotriva-fatalismului\/\" title=\"\u00cempotriva Fatalismului\">\u00cempotriva Fatalismului<\/a><\/div>\n<\/article>\n<article class=\"post-20844 post type-post status-publish entry includes-feat-image\">\n<div class=\"featured-image alignleft\"><a class=\"featured_post_link\" href=\"https:\/\/www.incorectpolitic.com\/inceputul-etapei-post-globaliste-mass-media-ultimul-obstacol\/\" title=\"\u00cenceputul Etapei Post-Globaliste \u2013  Mass Media Ultimul Obstacol\"><img loading=\"lazy\" decoding=\"async\" width=\"150\" height=\"150\" src=\"https:\/\/www.incorectpolitic.com\/wp-content\/uploads\/2019\/03\/https___cdn.cnn_.com_cnnnext_dam_assets_181202123002-yellow-vest-protest-150x150.jpg\" class=\"attachment-thumbnail size-thumbnail wp-post-image lazyload\" alt><img loading=\"lazy\" decoding=\"async\" width=\"150\" height=\"150\" src=\"https:\/\/www.incorectpolitic.com\/wp-content\/uploads\/2019\/03\/https___cdn.cnn_.com_cnnnext_dam_assets_181202123002-yellow-vest-protest-150x150.jpg\" class=\"attachment-thumbnail size-thumbnail wp-post-image\" alt data-eio=\"l\"><\/a><\/div>\n<div class=\"entry-title\"><a class=\"featured_post_link\" href=\"https:\/\/www.incorectpolitic.com\/inceputul-etapei-post-globaliste-mass-media-ultimul-obstacol\/\" title=\"\u00cenceputul Etapei Post-Globaliste \u2013  Mass Media Ultimul Obstacol\">\u00cenceputul Etapei Post-Globaliste \u2013  Mass Media Ultimul Obstacol<\/a><\/div>\n<\/article>\n<article class=\"post-19704 post type-post status-publish entry includes-feat-image\">\n<div class=\"featured-image alignleft\"><a class=\"featured_post_link\" href=\"https:\/\/www.incorectpolitic.com\/mlastina-mass-media-serial-complet\/\" title=\"Mla\u0219tina Mass Media  \u2013 Serial Complet\"><img loading=\"lazy\" decoding=\"async\" width=\"150\" height=\"150\" src=\"https:\/\/www.incorectpolitic.com\/wp-content\/uploads\/2018\/06\/colaj-modificat-1-768x278-150x150.jpg\" class=\"attachment-thumbnail size-thumbnail wp-post-image lazyload\" alt><img loading=\"lazy\" decoding=\"async\" width=\"150\" height=\"150\" src=\"https:\/\/www.incorectpolitic.com\/wp-content\/uploads\/2018\/06\/colaj-modificat-1-768x278-150x150.jpg\" class=\"attachment-thumbnail size-thumbnail wp-post-image\" alt data-eio=\"l\"><\/a><\/div>\n<div class=\"entry-title\"><a class=\"featured_post_link\" href=\"https:\/\/www.incorectpolitic.com\/mlastina-mass-media-serial-complet\/\" title=\"Mla\u0219tina Mass Media  \u2013 Serial Complet\">Mla\u0219tina Mass Media  \u2013 Serial Complet<\/a><\/div>\n<\/article>\n<article class=\"post-5104 post type-post status-publish entry includes-feat-image\">\n<div class=\"featured-image alignleft\"><a class=\"featured_post_link\" href=\"https:\/\/www.incorectpolitic.com\/momentul-1937\/\" title=\"Momentul 1937\"><img loading=\"lazy\" decoding=\"async\" width=\"150\" height=\"150\" src=\"https:\/\/www.incorectpolitic.com\/wp-content\/uploads\/2018\/03\/capitanul-codreanu2003a-150x150.jpg\" class=\"attachment-thumbnail size-thumbnail wp-post-image lazyload\" alt><img loading=\"lazy\" decoding=\"async\" width=\"150\" height=\"150\" src=\"https:\/\/www.incorectpolitic.com\/wp-content\/uploads\/2018\/03\/capitanul-codreanu2003a-150x150.jpg\" class=\"attachment-thumbnail size-thumbnail wp-post-image\" alt data-eio=\"l\"><\/a><\/div>\n<div class=\"entry-title\"><a class=\"featured_post_link\" href=\"https:\/\/www.incorectpolitic.com\/momentul-1937\/\" title=\"Momentul 1937\">Momentul 1937<\/a><\/div>\n<\/article>\n<article class=\"post-16914 post type-post status-publish entry includes-feat-image\">\n<div class=\"featured-image alignleft\"><a class=\"featured_post_link\" href=\"https:\/\/www.incorectpolitic.com\/portretul-romanului-iudeo-crestin\/\" title=\"Portretul Rom\u00e2nului Iudeo-Cre\u0219tin Iubitor de Infanticid\"><img loading=\"lazy\" decoding=\"async\" width=\"150\" height=\"150\" src=\"https:\/\/www.incorectpolitic.com\/wp-content\/uploads\/2019\/01\/venn-150x150.jpg\" class=\"attachment-thumbnail size-thumbnail wp-post-image lazyload\" alt><img loading=\"lazy\" decoding=\"async\" width=\"150\" height=\"150\" src=\"https:\/\/www.incorectpolitic.com\/wp-content\/uploads\/2019\/01\/venn-150x150.jpg\" class=\"attachment-thumbnail size-thumbnail wp-post-image\" alt data-eio=\"l\"><\/a><\/div>\n<div class=\"entry-title\"><a class=\"featured_post_link\" href=\"https:\/\/www.incorectpolitic.com\/portretul-romanului-iudeo-crestin\/\" title=\"Portretul Rom\u00e2nului Iudeo-Cre\u0219tin Iubitor de Infanticid\">Portretul Rom\u00e2nului Iudeo-Cre\u0219tin Iubitor de Infanticid<\/a><\/div>\n<\/article>\n<article class=\"post-13899 post type-post status-publish entry includes-feat-image\">\n<div class=\"featured-image alignleft\"><a class=\"featured_post_link\" href=\"https:\/\/www.incorectpolitic.com\/manifest-impotriva-national-sionismului\/\" title=\"Manifest \u00cempotriva Na\u021bional-Sionismului din Rom\u00e2nia\"><img loading=\"lazy\" decoding=\"async\" width=\"150\" height=\"150\" src=\"https:\/\/www.incorectpolitic.com\/wp-content\/uploads\/2018\/10\/z1-150x150.png\" class=\"attachment-thumbnail size-thumbnail wp-post-image lazyload\" alt><img loading=\"lazy\" decoding=\"async\" width=\"150\" height=\"150\" src=\"https:\/\/www.incorectpolitic.com\/wp-content\/uploads\/2018\/10\/z1-150x150.png\" class=\"attachment-thumbnail size-thumbnail wp-post-image\" alt data-eio=\"l\"><\/a><\/div>\n<div class=\"entry-title\"><a class=\"featured_post_link\" href=\"https:\/\/www.incorectpolitic.com\/manifest-impotriva-national-sionismului\/\" title=\"Manifest \u00cempotriva Na\u021bional-Sionismului din Rom\u00e2nia\">Manifest \u00cempotriva Na\u021bional-Sionismului din Rom\u00e2nia<\/a><\/div>\n<\/article>\n<article class=\"post-7498 post type-post status-publish entry includes-feat-image\">\n<div class=\"featured-image alignleft\"><a class=\"featured_post_link\" href=\"https:\/\/www.incorectpolitic.com\/istorie-zydokomuna-cea-mai-completa-lista-a-nomenclaturii-iudeo-bolsevice-din-romania\/\" title=\"Istorie: \u017bYDOKOMUNA, Cea Mai Complet\u0103 List\u0103 a Nomenclaturii Iudeo-Bol\u0219evice din Rom\u00e2nia\"><img loading=\"lazy\" decoding=\"async\" width=\"150\" height=\"150\" src=\"https:\/\/www.incorectpolitic.com\/wp-content\/uploads\/2018\/06\/holocaustul-rosu-150x150.jpg\" class=\"attachment-thumbnail size-thumbnail wp-post-image lazyload\" alt><img loading=\"lazy\" decoding=\"async\" width=\"150\" height=\"150\" src=\"https:\/\/www.incorectpolitic.com\/wp-content\/uploads\/2018\/06\/holocaustul-rosu-150x150.jpg\" class=\"attachment-thumbnail size-thumbnail wp-post-image\" alt data-eio=\"l\"><\/a><\/div>\n<div class=\"entry-title\"><a class=\"featured_post_link\" href=\"https:\/\/www.incorectpolitic.com\/istorie-zydokomuna-cea-mai-completa-lista-a-nomenclaturii-iudeo-bolsevice-din-romania\/\" title=\"Istorie: \u017bYDOKOMUNA, Cea Mai Complet\u0103 List\u0103 a Nomenclaturii Iudeo-Bol\u0219evice din Rom\u00e2nia\">Istorie: \u017bYDOKOMUNA, Cea Mai Complet\u0103 List\u0103 a Nomenclaturii Iudeo-Bol\u0219evice din Rom\u00e2nia<\/a><\/div>\n<\/article>\n<article class=\"post-6413 post type-post status-publish entry includes-feat-image\">\n<div class=\"featured-image alignleft\"><a class=\"featured_post_link\" href=\"https:\/\/www.incorectpolitic.com\/iudaismul-este-un-proiect-politic\/\" title=\"Iudaismul Este Un Proiect Politic\"><img loading=\"lazy\" decoding=\"async\" width=\"150\" height=\"150\" src=\"https:\/\/www.incorectpolitic.com\/wp-content\/uploads\/2018\/05\/israelzionismjudaism5-150x150.jpeg\" class=\"attachment-thumbnail size-thumbnail wp-post-image lazyload\" alt><img loading=\"lazy\" decoding=\"async\" width=\"150\" height=\"150\" src=\"https:\/\/www.incorectpolitic.com\/wp-content\/uploads\/2018\/05\/israelzionismjudaism5-150x150.jpeg\" class=\"attachment-thumbnail size-thumbnail wp-post-image\" alt data-eio=\"l\"><\/a><\/div>\n<div class=\"entry-title\"><a class=\"featured_post_link\" href=\"https:\/\/www.incorectpolitic.com\/iudaismul-este-un-proiect-politic\/\" title=\"Iudaismul Este Un Proiect Politic\">Iudaismul Este Un Proiect Politic<\/a><\/div>\n<\/article>\n<article class=\"post-5089 post type-post status-publish entry includes-feat-image\">\n<div class=\"featured-image alignleft\"><a class=\"featured_post_link\" href=\"https:\/\/www.incorectpolitic.com\/exploziv-si-excluziv-interviul-interzis-in-presa-romaneasca\/\" title=\"EXPLOZIV \u0218I EXCLUSIV: Interviul INTERZIS \u00een Presa Rom\u00e2neasc\u0103\"><img loading=\"lazy\" decoding=\"async\" width=\"150\" height=\"150\" src=\"https:\/\/www.incorectpolitic.com\/wp-content\/uploads\/2018\/03\/gscz6z-150x150.gif\" class=\"attachment-thumbnail size-thumbnail wp-post-image lazyload\" alt><img loading=\"lazy\" decoding=\"async\" width=\"150\" height=\"150\" src=\"https:\/\/www.incorectpolitic.com\/wp-content\/uploads\/2018\/03\/gscz6z-150x150.gif\" class=\"attachment-thumbnail size-thumbnail wp-post-image\" alt data-eio=\"l\"><\/a><\/div>\n<div class=\"entry-title\"><a class=\"featured_post_link\" href=\"https:\/\/www.incorectpolitic.com\/exploziv-si-excluziv-interviul-interzis-in-presa-romaneasca\/\" title=\"EXPLOZIV \u0218I EXCLUSIV: Interviul INTERZIS \u00een Presa Rom\u00e2neasc\u0103\">EXPLOZIV \u0218I EXCLUSIV: Interviul INTERZIS \u00een Presa Rom\u00e2neasc\u0103<\/a><\/div>\n<\/article>\n<article class=\"post-1109 post type-post status-publish entry includes-feat-image\">\n<div class=\"featured-image alignleft\"><a class=\"featured_post_link\" href=\"https:\/\/www.incorectpolitic.com\/ofensiva-spirituala-poloniei\/\" title=\"Ofensiva Spiritual\u0103 a Poloniei\"><img loading=\"lazy\" decoding=\"async\" width=\"150\" height=\"150\" src=\"https:\/\/www.incorectpolitic.com\/wp-content\/uploads\/2017\/10\/jesus-with-whip3-150x150.jpg\" class=\"attachment-thumbnail size-thumbnail wp-post-image lazyload\" alt><img loading=\"lazy\" decoding=\"async\" width=\"150\" height=\"150\" src=\"https:\/\/www.incorectpolitic.com\/wp-content\/uploads\/2017\/10\/jesus-with-whip3-150x150.jpg\" class=\"attachment-thumbnail size-thumbnail wp-post-image\" alt data-eio=\"l\"><\/a><\/div>\n<div class=\"entry-title\"><a class=\"featured_post_link\" href=\"https:\/\/www.incorectpolitic.com\/ofensiva-spirituala-poloniei\/\" title=\"Ofensiva Spiritual\u0103 a Poloniei\">Ofensiva Spiritual\u0103 a Poloniei<\/a><\/div>\n<\/article>\n<article class=\"post-5673 post type-post status-publish entry includes-feat-image\">\n<div class=\"featured-image alignleft\"><a class=\"featured_post_link\" href=\"https:\/\/www.incorectpolitic.com\/biciul-prigonirii-romanilor-este-in-mana-jidanilor\/\" title=\"Biciul Prigonirii Rom\u00e2nilor Este \u00een M\u00e2na Jidanilor!\"><img loading=\"lazy\" decoding=\"async\" width=\"150\" height=\"150\" src=\"https:\/\/www.incorectpolitic.com\/wp-content\/uploads\/2018\/04\/S.-Vexler-si-B.-Netanyahu-150x150.jpg\" class=\"attachment-thumbnail size-thumbnail wp-post-image lazyload\" alt><img loading=\"lazy\" decoding=\"async\" width=\"150\" height=\"150\" src=\"https:\/\/www.incorectpolitic.com\/wp-content\/uploads\/2018\/04\/S.-Vexler-si-B.-Netanyahu-150x150.jpg\" class=\"attachment-thumbnail size-thumbnail wp-post-image\" alt data-eio=\"l\"><\/a><\/div>\n<div class=\"entry-title\"><a class=\"featured_post_link\" href=\"https:\/\/www.incorectpolitic.com\/biciul-prigonirii-romanilor-este-in-mana-jidanilor\/\" title=\"Biciul Prigonirii Rom\u00e2nilor Este \u00een M\u00e2na Jidanilor!\">Biciul Prigonirii Rom\u00e2nilor Este \u00een M\u00e2na Jidanilor!<\/a><\/div>\n<\/article>\n<article class=\"post-80464 post type-post status-publish entry includes-feat-image\">\n<div class=\"featured-image alignleft\"><a class=\"featured_post_link\" href=\"https:\/\/www.incorectpolitic.com\/talmudismul-este-esenta-satanismului\/\" title=\"TALMUDISMUL ESTE ESEN\u021aA SATANISMULUI\"><img loading=\"lazy\" decoding=\"async\" width=\"150\" height=\"150\" src=\"https:\/\/www.incorectpolitic.com\/wp-content\/uploads\/2020\/02\/vasile-zarnescu-150x150.png\" class=\"attachment-thumbnail size-thumbnail wp-post-image lazyload\" alt><img loading=\"lazy\" decoding=\"async\" width=\"150\" height=\"150\" src=\"https:\/\/www.incorectpolitic.com\/wp-content\/uploads\/2020\/02\/vasile-zarnescu-150x150.png\" class=\"attachment-thumbnail size-thumbnail wp-post-image\" alt data-eio=\"l\"><\/a><\/div>\n<div class=\"entry-title\"><a class=\"featured_post_link\" href=\"https:\/\/www.incorectpolitic.com\/talmudismul-este-esenta-satanismului\/\" title=\"TALMUDISMUL ESTE ESEN\u021aA SATANISMULUI\">TALMUDISMUL ESTE ESEN\u021aA SATANISMULUI<\/a><\/div>\n<\/article>\n<article class=\"post-20005 post type-post status-publish entry includes-feat-image\">\n<div class=\"featured-image alignleft\"><a class=\"featured_post_link\" href=\"https:\/\/www.incorectpolitic.com\/viciul-matematic-elementar-v-m-e-2\/\" title=\"Viciul Matematic Elementar (V.M.E.)\"><img loading=\"lazy\" decoding=\"async\" width=\"150\" height=\"150\" src=\"https:\/\/www.incorectpolitic.com\/wp-content\/uploads\/2017\/12\/tell-lie-vision-150x150.jpg\" class=\"attachment-thumbnail size-thumbnail wp-post-image lazyload\" alt><img loading=\"lazy\" decoding=\"async\" width=\"150\" height=\"150\" src=\"https:\/\/www.incorectpolitic.com\/wp-content\/uploads\/2017\/12\/tell-lie-vision-150x150.jpg\" class=\"attachment-thumbnail size-thumbnail wp-post-image\" alt data-eio=\"l\"><\/a><\/div>\n<div class=\"entry-title\"><a class=\"featured_post_link\" href=\"https:\/\/www.incorectpolitic.com\/viciul-matematic-elementar-v-m-e-2\/\" title=\"Viciul Matematic Elementar (V.M.E.)\">Viciul Matematic Elementar (V.M.E.)<\/a><\/div>\n<\/article>\n<p>[analyse_source url=&#8221;https:\/\/www.incorectpolitic.com\/emil-boc-nu-trebuie-lasat-sa-transforme-clujul-intr-o-groapa-de-gunoi\/&#8221;]<\/p>\n","protected":false},"excerpt":{"rendered":"<p>[analyse_image type=&#8221;featured&#8221; src=&#8221;https:\/\/www.incorectpolitic.com\/wp-content\/uploads\/2026\/08\/WhatsApp-Image-2026-08-04-at-22.21.35-768&#215;512-1.jpeg&#8221;] Incorect PoliticAugust 6, 2026 Emil Boc nu trebuie l\u0103sat s\u0103 transforme Clujul \u00eentr-o groap\u0103 de gunoi! Via ComunitateaIdentitar\u0103:\u00a0 Asocia\u021bia Comunitatea Identitar\u0103 Rom\u00e2nia ia act cu \u00eengrijorare de decizia primarului Emil Boc \u0219i a Consiliului Local Cluj-Napoca de a cump\u0103ra aproximativ 500 de apartamente \u00een ora\u0219 unde s\u0103 fie mutate c\u00e2teva mii de [&hellip;]<\/p>\n","protected":false},"author":1,"featured_media":0,"comment_status":"open","ping_status":"","sticky":false,"template":"","format":"standard","meta":{"footnotes":""},"categories":[89],"tags":[226,95],"class_list":["post-2080946","post","type-post","status-publish","format-standard","hentry","category-romania","tag-crawlmanager","tag-incorectpolitic-com"],"_links":{"self":[{"href":"https:\/\/analyse.optim.biz\/index.php?rest_route=\/wp\/v2\/posts\/2080946","targetHints":{"allow":["GET"]}}],"collection":[{"href":"https:\/\/analyse.optim.biz\/index.php?rest_route=\/wp\/v2\/posts"}],"about":[{"href":"https:\/\/analyse.optim.biz\/index.php?rest_route=\/wp\/v2\/types\/post"}],"author":[{"embeddable":true,"href":"https:\/\/analyse.optim.biz\/index.php?rest_route=\/wp\/v2\/users\/1"}],"replies":[{"embeddable":true,"href":"https:\/\/analyse.optim.biz\/index.php?rest_route=%2Fwp%2Fv2%2Fcomments&post=2080946"}],"version-history":[{"count":0,"href":"https:\/\/analyse.optim.biz\/index.php?rest_route=\/wp\/v2\/posts\/2080946\/revisions"}],"wp:attachment":[{"href":"https:\/\/analyse.optim.biz\/index.php?rest_route=%2Fwp%2Fv2%2Fmedia&parent=2080946"}],"wp:term":[{"taxonomy":"category","embeddable":true,"href":"https:\/\/analyse.optim.biz\/index.php?rest_route=%2Fwp%2Fv2%2Fcategories&post=2080946"},{"taxonomy":"post_tag","embeddable":true,"href":"https:\/\/analyse.optim.biz\/index.php?rest_route=%2Fwp%2Fv2%2Ftags&post=2080946"}],"curies":[{"name":"wp","href":"https:\/\/api.w.org\/{rel}","templated":true}]}}