{"id":2080920,"date":"2026-08-06T14:56:30","date_gmt":"2026-08-06T11:56:30","guid":{"rendered":"https:\/\/analyse.optim.biz\/?p=2080920"},"modified":"2026-08-06T14:56:30","modified_gmt":"2026-08-06T11:56:30","slug":"saptamana-mondiala-a-alimentatiei-la-san-la-maternitatea-buzau","status":"publish","type":"post","link":"https:\/\/analyse.optim.biz\/?p=2080920","title":{"rendered":"S\u0103pt\u0103m\u00e2na Mondial\u0103 a Alimenta\u021biei la S\u00e2n, la Maternitatea Buz\u0103u"},"content":{"rendered":"<p>[analyse_image type=&#8221;featured&#8221; src=&#8221;https:\/\/revistaverde.ro\/wp-content\/uploads\/2026\/08\/SAN-Z.jpg&#8221;]<\/p>\n<article id=\"post-15776\" class=\"post-15776 post type-post status-publish format-standard has-post-thumbnail hentry category-evnimente category-international category-sanatate\">\n<header class=\"entry-header mh-clearfix\">\n<h1 class=\"entry-title\">S\u0103pt\u0103m\u00e2na Mondial\u0103 a Alimenta\u021biei la S\u00e2n, la Maternitatea Buz\u0103u<\/h1>\n<p class=\"mh-meta entry-meta\"><span class=\"entry-meta-date updated\"><a href=\"https:\/\/revistaverde.ro\/2026\/08\/\">august 6, 2026<\/a><\/span><span class=\"entry-meta-author author vcard\"><a class=\"fn\" href=\"https:\/\/revistaverde.ro\/author\/revistaverdefrumoasa2017\/\">M\u0103rg\u0103rit GROSU<\/a><\/span><span class=\"entry-meta-categories\"><a href=\"https:\/\/revistaverde.ro\/category\/local\/evnimente\/\" rel=\"category tag\">Evenimente<\/a>, <a href=\"https:\/\/revistaverde.ro\/category\/international\/\" rel=\"category tag\">international<\/a>, <a href=\"https:\/\/revistaverde.ro\/category\/sanatate\/\" rel=\"category tag\">SANATATE<\/a><\/span><span class=\"entry-meta-comments\"><a class=\"mh-comment-scroll\" href=\"https:\/\/revistaverde.ro\/2026\/08\/06\/saptamana-mondiala-a-alimentatiei-la-san-la-maternitatea-buzau\/#mh-comments\">0<\/a><\/span><\/p>\n<\/header>\n<div class=\"entry-content mh-clearfix\">\n<figure class=\"entry-thumbnail\"><img decoding=\"async\" src=\"https:\/\/revistaverde.ro\/wp-content\/uploads\/2026\/08\/SAN-Z-678x381.jpg\" alt title=\"SAN Z\"><\/figure>\n<p>Cu ocazia S\u0103pt\u0103m\u00e2nii Mondiale a Alimenta\u021biei la S\u00e2n (1\u20137 august), \u00eencuraj\u0103m toate mamele s\u0103 cear\u0103 sprijin \u0219i informa\u021bii corecte despre al\u0103ptare.<br \/>La Maternitatea Buz\u0103u, al\u0103ptarea este sus\u021binut\u0103 de \u00eentreg colectivul de medici din cadrul sec\u021biilor de neonatologie \u0219i obstetric\u0103-ginecologie, care ofer\u0103 consiliere \u0219i sprijin tuturor pacientelor. Din echipa implicat\u0103 \u00een promovarea \u0219i sus\u021binerea al\u0103pt\u0103rii fac parte dr. Silvia Cemurtan, dr. Andreea Ilie, dr. Aida Vasile, dr. M\u0103d\u0103lin Bobe, dr. Andreea B\u0103nic\u0103 \u0219i dr. Iris Tudor. O parte dintre ace\u0219ti medici organizeaz\u0103 \u0219i cursuri dedicate al\u0103pt\u0103rii \u0219i \u00eengrijirii nou-n\u0103scutului.<br \/>Prin informa\u021bii corecte \u0219i sprijin specializat, ne dorim ca fiecare mam\u0103 s\u0103 aib\u0103 \u00eencredere \u00een acest \u00eenceput esen\u021bial pentru s\u0103n\u0103tatea copilului.<\/p>\n<div class=\"col-md-2 col-sm-4 col-xs-4\"> .col-md-2 { float:left; width: 16.6667%; } <\/div>\n<div class=\"col-md-2 col-sm-4 col-xs-4\"> .col-md-2 { float:left; width: 16.6667%; } <\/p>\n<div class=\"fb-share-button\" data-href=\"https:\/\/revistaverde.ro\/2026\/08\/06\/saptamana-mondiala-a-alimentatiei-la-san-la-maternitatea-buzau\/\" data-layout=\"button\" data-size=\"large\" data-mobile-iframe=\"true\"><a class=\"fb-xfbml-parse-ignore\" target=\"_blank\" href=\"https:\/\/www.facebook.com\/sharer\/sharer.php?u=https%3A%2F%2Frevistaverde.ro%2F2026%2F08%2F06%2Fsaptamana-mondiala-a-alimentatiei-la-san-la-maternitatea-buzau%2F&amp;src=sdkpreparse\">Share<\/a><\/div>\n<\/div>\n<div class=\"col-md-2 col-sm-4 col-xs-4\"> .col-md-2 { float:left; width: 16.6667%; } <\/div>\n<\/div>\n<\/article>\n<div class=\"entry-content mh-clearfix\">\n<figure class=\"entry-thumbnail\"><img decoding=\"async\" src=\"https:\/\/revistaverde.ro\/wp-content\/uploads\/2026\/08\/SAN-Z-678x381.jpg\" alt title=\"SAN Z\"><\/figure>\n<p>Cu ocazia S\u0103pt\u0103m\u00e2nii Mondiale a Alimenta\u021biei la S\u00e2n (1\u20137 august), \u00eencuraj\u0103m toate mamele s\u0103 cear\u0103 sprijin \u0219i informa\u021bii corecte despre al\u0103ptare.<br \/>La Maternitatea Buz\u0103u, al\u0103ptarea este sus\u021binut\u0103 de \u00eentreg colectivul de medici din cadrul sec\u021biilor de neonatologie \u0219i obstetric\u0103-ginecologie, care ofer\u0103 consiliere \u0219i sprijin tuturor pacientelor. Din echipa implicat\u0103 \u00een promovarea \u0219i sus\u021binerea al\u0103pt\u0103rii fac parte dr. Silvia Cemurtan, dr. Andreea Ilie, dr. Aida Vasile, dr. M\u0103d\u0103lin Bobe, dr. Andreea B\u0103nic\u0103 \u0219i dr. Iris Tudor. O parte dintre ace\u0219ti medici organizeaz\u0103 \u0219i cursuri dedicate al\u0103pt\u0103rii \u0219i \u00eengrijirii nou-n\u0103scutului.<br \/>Prin informa\u021bii corecte \u0219i sprijin specializat, ne dorim ca fiecare mam\u0103 s\u0103 aib\u0103 \u00eencredere \u00een acest \u00eenceput esen\u021bial pentru s\u0103n\u0103tatea copilului.<\/p>\n<div class=\"col-md-2 col-sm-4 col-xs-4\"> .col-md-2 { float:left; width: 16.6667%; } <\/div>\n<div class=\"col-md-2 col-sm-4 col-xs-4\"> .col-md-2 { float:left; width: 16.6667%; } <\/p>\n<div class=\"fb-share-button\" data-href=\"https:\/\/revistaverde.ro\/2026\/08\/06\/saptamana-mondiala-a-alimentatiei-la-san-la-maternitatea-buzau\/\" data-layout=\"button\" data-size=\"large\" data-mobile-iframe=\"true\"><a class=\"fb-xfbml-parse-ignore\" target=\"_blank\" href=\"https:\/\/www.facebook.com\/sharer\/sharer.php?u=https%3A%2F%2Frevistaverde.ro%2F2026%2F08%2F06%2Fsaptamana-mondiala-a-alimentatiei-la-san-la-maternitatea-buzau%2F&amp;src=sdkpreparse\">Share<\/a><\/div>\n<\/div>\n<div class=\"col-md-2 col-sm-4 col-xs-4\"> .col-md-2 { float:left; width: 16.6667%; } <\/div>\n<\/div>\n<p>[analyse_source url=&#8221;https:\/\/revistaverde.ro\/2026\/08\/06\/saptamana-mondiala-a-alimentatiei-la-san-la-maternitatea-buzau\/&#8221;]<\/p>\n","protected":false},"excerpt":{"rendered":"<p>[analyse_image type=&#8221;featured&#8221; src=&#8221;https:\/\/revistaverde.ro\/wp-content\/uploads\/2026\/08\/SAN-Z.jpg&#8221;] S\u0103pt\u0103m\u00e2na Mondial\u0103 a Alimenta\u021biei la S\u00e2n, la Maternitatea Buz\u0103u august 6, 2026M\u0103rg\u0103rit GROSUEvenimente, international, SANATATE0 Cu ocazia S\u0103pt\u0103m\u00e2nii Mondiale a Alimenta\u021biei la S\u00e2n (1\u20137 august), \u00eencuraj\u0103m toate mamele s\u0103 cear\u0103 sprijin \u0219i informa\u021bii corecte despre al\u0103ptare.La Maternitatea Buz\u0103u, al\u0103ptarea este sus\u021binut\u0103 de \u00eentreg colectivul de medici din cadrul sec\u021biilor de neonatologie \u0219i [&hellip;]<\/p>\n","protected":false},"author":1,"featured_media":0,"comment_status":"open","ping_status":"","sticky":false,"template":"","format":"standard","meta":{"footnotes":""},"categories":[2],"tags":[226,57],"class_list":["post-2080920","post","type-post","status-publish","format-standard","hentry","category-politics","tag-crawlmanager","tag-revistaverde-ro"],"_links":{"self":[{"href":"https:\/\/analyse.optim.biz\/index.php?rest_route=\/wp\/v2\/posts\/2080920","targetHints":{"allow":["GET"]}}],"collection":[{"href":"https:\/\/analyse.optim.biz\/index.php?rest_route=\/wp\/v2\/posts"}],"about":[{"href":"https:\/\/analyse.optim.biz\/index.php?rest_route=\/wp\/v2\/types\/post"}],"author":[{"embeddable":true,"href":"https:\/\/analyse.optim.biz\/index.php?rest_route=\/wp\/v2\/users\/1"}],"replies":[{"embeddable":true,"href":"https:\/\/analyse.optim.biz\/index.php?rest_route=%2Fwp%2Fv2%2Fcomments&post=2080920"}],"version-history":[{"count":0,"href":"https:\/\/analyse.optim.biz\/index.php?rest_route=\/wp\/v2\/posts\/2080920\/revisions"}],"wp:attachment":[{"href":"https:\/\/analyse.optim.biz\/index.php?rest_route=%2Fwp%2Fv2%2Fmedia&parent=2080920"}],"wp:term":[{"taxonomy":"category","embeddable":true,"href":"https:\/\/analyse.optim.biz\/index.php?rest_route=%2Fwp%2Fv2%2Fcategories&post=2080920"},{"taxonomy":"post_tag","embeddable":true,"href":"https:\/\/analyse.optim.biz\/index.php?rest_route=%2Fwp%2Fv2%2Ftags&post=2080920"}],"curies":[{"name":"wp","href":"https:\/\/api.w.org\/{rel}","templated":true}]}}