{"id":208074,"date":"2014-04-09T05:27:28","date_gmt":"2014-04-09T02:27:28","guid":{"rendered":"https:\/\/analyse.optim.biz\/?p=208074"},"modified":"2014-04-09T05:27:28","modified_gmt":"2014-04-09T02:27:28","slug":"crin-antonescu-acuza-nerusinarea-pesedista-considera-tara-pur-si-simplu-feuda-lor","status":"publish","type":"post","link":"https:\/\/analyse.optim.biz\/?p=208074","title":{"rendered":"Crin Antonescu acuz\u0103 \u201eneru\u0219inarea pesedist\u0103\u201d: Consider\u0103 \u021bara, pur \u0219i simplu, feuda lor"},"content":{"rendered":"<div class=\"entry data-app-meta data-app-meta-article\" data-embed-base-url-canonical=\"https:\/\/www.digi24.ro\/embed\/stiri\/actualitate\/politica\/crin-antonescu-acuza-nerusinarea-pesedista-considera-tara-pur-si-simplu-feuda-lor-226726\">\n<p data-index=\"1\">\u201eNu am nimic de comentat nici despre ac\u0163iunile <strong>DNA<\/strong>, nici despre declara\u0163iile celor impricina\u0163i, care e normal s\u0103 se apere. Este a doua zi consecutiv\u0103 \u00eens\u0103 c\u00e2nd primul ministru al Rom\u00e2niei \u015fi \u00een acela\u015fi timp pre\u015fedintele principalului partid de guvern\u0103m\u00e2nt, domnul <strong>Victor Ponta<\/strong>, <strong>face declara\u0163ii cu totul \u015fi cu totul inacceptabile \u015fi \u00eentr-un stat de drept \u015fi \u00eentr-un stat care are istoria recent\u0103 a Rom\u00e2niei<\/strong>. Faptul c\u0103 a ajuns s\u0103 compare ace\u015fti oameni, domnnul <a href=\"https:\/\/www.digi24.ro\/Stiri\/Digi24\/Actualitate\/Justitie\/Procurori+Adrian+Duicu+presedintele+CJ+Mehedinti+facea+trafic+de\" target=\"_blank\" data-skip-linkfix=\"1\" rel=\"noopener\"><strong>Duicu<\/strong><\/a>, domnul <a href=\"https:\/\/www.digi24.ro\/Stiri\/Digi24\/Actualitate\/Justitie\/Radu+Mazare+a+fost+retinut\" target=\"_blank\" data-skip-linkfix=\"1\" rel=\"noopener\">Maz\u0103re<\/a>, al\u0163i domni, cu martirii Revolu\u0163iei din decembrie 1989, cu tinerii care au ie\u015fit \u00een strad\u0103 \u015fi \u015fi-au pierdut via\u0163a atunci este o dovad\u0103 de proasp\u0103t\u0103, neb\u0103nuit\u0103 de neru\u015finare pesedist\u0103&#8221;, a declarat <strong>Crin Antonescu<\/strong>.<\/p>\n<p data-index=\"2\">Liderul PNL a reamintit \u00a0c\u0103 \u0219i unii membri liberali au avut probleme cu justi\u021bia, c\u00e2nd PNL se afla la guvernare. El a adus \u00eens\u0103 acuza\u021bii grave fo\u0219tilor colegi social-democra\u021bi de alian\u021b\u0103 \u2013 faptul c\u0103 leag\u0103 demersurile judiciare cu rezultatele electorale arat\u0103 c\u0103 au un program ascuns prin care \u021bara va fi subordonat\u0103 unui singur partid, PSD: \u201eAm avut \u015fi am exprimat \u015fi noi \u00eendoieli fa\u0163\u0103 de anumite momente din cursul cercet\u0103rii \u015fi am ap\u0103rat prezump\u0163ia de nevinov\u0103\u0163ie p\u00e2n\u0103 c\u00e2nd s-a dat o sentin\u0163\u0103 definitiv\u0103. Niciodat\u0103 n-am f\u0103cut \u00eens\u0103 o leg\u0103tur\u0103 \u00eentre o cercetare judiciar\u0103 \u015fi rezultatele electorale. <strong>Aceste declara\u0163ii ale dnului Ponta ne arat\u0103 foarte clar care e proiectul PSD pentru aceast\u0103 \u0163ar\u0103, e un proiect nu \u00een care PSD face ceva pentru aceast\u0103 \u0163ar\u0103, ci aceast\u0103 \u0163ar\u0103 urmeaz\u0103 s\u0103 fie pus\u0103 s\u0103 fac\u0103 ceva pentru PSD, s\u0103 execute ordinele PSD, s\u0103 fie poligonul, terenul de \u00eencercare pe care acest partid, conduc\u0103torii s\u0103i (&#8230;) \u00een\u0163elege s\u0103 practice \u00eentr-o \u0163ar\u0103 pe care o consider\u0103 pur \u015fi simplu feuda lor<\/strong>&#8220;, a argumentat liderul PNL.<\/p>\n<h5>Ce a spus Victor Ponta<\/h5>\n<p data-index=\"3\">Premierul <strong>Victor Ponta<\/strong>, lider PSD, <a href=\"https:\/\/www.digi24.ro\/Stiri\/Digi24\/Actualitate\/Justitie\/Premierul+despre+perchezitiile+DNA+de+la+Constanta+7+4+milioane+\" data-skip-linkfix=\"1\">a comentat scurt, mar\u0163i, informa\u0163ia privind perchezi\u0163iile \u00eencepute de procurorii DNA \u00een cazul primarului Radu Maz\u0103re<\/a>, spun\u00e2nd c\u0103 \u201e7,4 milioane nu cred c\u0103 reu\u015fesc p\u00e2n\u0103 \u00een noiembrie&#8221;, referitor la num\u0103rul persoanelor care au votat pentru demiterea pre\u015fedintelui B\u0103sescu.<\/p>\n<p data-index=\"4\">Ulterior, Ponta a afirmat c\u0103 are o p\u0103rere foarte bun\u0103 despre Radu Maz\u0103re, ca \u015fi majoritatea cet\u0103\u0163enilor Constan\u0163ei, \u015fi a sus\u0163inut c\u0103 \u015fi \u00een 2012, dup\u0103 referendumul de demitere a pre\u015fedintelui Traian B\u0103sescu, \u201es-a pornit un val de anchete&#8221; pentru ca USL s\u0103 nu fie votat \u00een decembrie.<\/p>\n<p data-index=\"5\">De asemenea, Ponta le-a spus, mar\u0163i, pre\u015fedin\u0163ilor de consilii jude\u021bene, reuni\u0163i la Palatul Parlamentului, c\u0103 o \u00eentreag\u0103 propagand\u0103 \u015fi <a href=\"https:\/\/www.digi24.ro\/Stiri\/Digi24\/Actualitate\/Stiri\/Mesajul+premierului+pentru+sefii+de+consilii+judetene+Un+aparat+\" target=\"_blank\" data-skip-linkfix=\"1\" rel=\"noopener\">un \u00eentreg aparat care \u00eei detest\u0103 lucreaz\u0103 \u00eempotriva lor<\/a>, lucru la care trebuiau s\u0103 se a\u015ftepte. Premierul le-a dat asigur\u0103ri c\u0103 el personal \u015fi Guvernul \u00eei vor sprijini.<\/p>\n<p data-index=\"6\">\u201eNici \u00een 1989 nu a putut s\u0103 ne \u00eempu\u015fte pe to\u0163i. Eu atunci aveam 17 ani, am ie\u015fit pe strad\u0103, ca mul\u0163i dintre dumneavoastr\u0103, deci cred c\u0103 nici \u00een 2014 nu o s\u0103 se poat\u0103 \u00eent\u00e2mpla acest lucru. Cred c\u0103 proiectele importante pentru cet\u0103\u0163enii \u0163\u0103rii le ve\u0163i desf\u0103\u015fura \u00een continuare, c\u0103 v\u0103 ve\u0163i face datoria fa\u0163\u0103 de ei, iar cei mai mul\u0163i dintre dumneavoastr\u0103 probabil ve\u0163i fi reale\u015fi \u00een 2016, pentru c\u0103 v-a\u0163i f\u0103cut datoria fa\u0163\u0103 de oameni\u201d, a spus Victor Ponta, citat de Mediafax. \u201eC\u00e2t voi fi \u015fef al Guvernului, v\u0103 voi respecta, v\u0103 voi aprecia \u015fi voi considera de fiecare dat\u0103 c\u0103 dumneavoastr\u0103 reprezenta\u0163i mai bine cet\u0103\u0163enii Rom\u00e2niei dec\u00e2t cei afla\u0163i \u00een func\u0163ii temporare aici, la Bucure\u015fti, fie \u00een Parlament, fie la Cotroceni, fie la Guvern&#8221;, a mai spus Victor Ponta.<\/p>\n<\/div>\n<p> Source URL: https:\/\/www.digi24.ro\/stiri\/actualitate\/politica\/crin-antonescu-acuza-nerusinarea-pesedista-considera-tara-pur-si-simplu-feuda-lor-226726<\/p>\n","protected":false},"excerpt":{"rendered":"<p>\u201eNu am nimic de comentat nici despre ac\u0163iunile DNA, nici despre declara\u0163iile celor impricina\u0163i, care e normal s\u0103 se apere. Este a doua zi consecutiv\u0103 \u00eens\u0103 c\u00e2nd primul ministru al Rom\u00e2niei \u015fi \u00een acela\u015fi timp pre\u015fedintele principalului partid de guvern\u0103m\u00e2nt, domnul Victor Ponta, face declara\u0163ii cu totul \u015fi cu totul inacceptabile \u015fi \u00eentr-un stat de [&hellip;]<\/p>\n","protected":false},"author":1,"featured_media":208075,"comment_status":"open","ping_status":"","sticky":false,"template":"","format":"standard","meta":{"footnotes":""},"categories":[2],"tags":[11],"class_list":["post-208074","post","type-post","status-publish","format-standard","has-post-thumbnail","hentry","category-politics","tag-digi24"],"_links":{"self":[{"href":"https:\/\/analyse.optim.biz\/index.php?rest_route=\/wp\/v2\/posts\/208074","targetHints":{"allow":["GET"]}}],"collection":[{"href":"https:\/\/analyse.optim.biz\/index.php?rest_route=\/wp\/v2\/posts"}],"about":[{"href":"https:\/\/analyse.optim.biz\/index.php?rest_route=\/wp\/v2\/types\/post"}],"author":[{"embeddable":true,"href":"https:\/\/analyse.optim.biz\/index.php?rest_route=\/wp\/v2\/users\/1"}],"replies":[{"embeddable":true,"href":"https:\/\/analyse.optim.biz\/index.php?rest_route=%2Fwp%2Fv2%2Fcomments&post=208074"}],"version-history":[{"count":0,"href":"https:\/\/analyse.optim.biz\/index.php?rest_route=\/wp\/v2\/posts\/208074\/revisions"}],"wp:featuredmedia":[{"embeddable":true,"href":"https:\/\/analyse.optim.biz\/index.php?rest_route=\/wp\/v2\/media\/208075"}],"wp:attachment":[{"href":"https:\/\/analyse.optim.biz\/index.php?rest_route=%2Fwp%2Fv2%2Fmedia&parent=208074"}],"wp:term":[{"taxonomy":"category","embeddable":true,"href":"https:\/\/analyse.optim.biz\/index.php?rest_route=%2Fwp%2Fv2%2Fcategories&post=208074"},{"taxonomy":"post_tag","embeddable":true,"href":"https:\/\/analyse.optim.biz\/index.php?rest_route=%2Fwp%2Fv2%2Ftags&post=208074"}],"curies":[{"name":"wp","href":"https:\/\/api.w.org\/{rel}","templated":true}]}}