{"id":2080646,"date":"2026-08-06T12:38:39","date_gmt":"2026-08-06T09:38:39","guid":{"rendered":"https:\/\/analyse.optim.biz\/?p=2080646"},"modified":"2026-08-06T12:38:39","modified_gmt":"2026-08-06T09:38:39","slug":"la-popesti-gradinita-veche-va-fi-demolata-si-inlocuita-cu-o-cladire-moderna-aurora-magura-estimeaza-deschiderea-santierului-in-toamna","status":"publish","type":"post","link":"https:\/\/analyse.optim.biz\/?p=2080646","title":{"rendered":"La Pope\u0219ti, gr\u0103dini\u021ba veche va fi demolat\u0103 \u0219i \u00eenlocuit\u0103 cu o cl\u0103dire modern\u0103: Aurora M\u0103gura estimeaz\u0103 deschiderea \u0219antierului \u00een toamn\u0103"},"content":{"rendered":"<p>[analyse_image type=&#8221;featured&#8221; src=&#8221;https:\/\/www.impactreal.ro\/wp-content\/uploads\/2026\/08\/Popesti-Aurora-Magura.jpg&#8221;]<\/p>\n<div class=\"single-news-content\">\n<div class=\"news-image\"><img loading=\"lazy\" decoding=\"async\" width=\"1800\" height=\"1100\" src=\"https:\/\/www.impactreal.ro\/wp-content\/uploads\/2026\/08\/Popesti-Aurora-Magura.jpg\" class=\"img-responsive wp-post-image\" alt=\"La Pope\u0219ti, gr\u0103dini\u021ba veche va fi demolat\u0103 \u0219i \u00eenlocuit\u0103 cu o cl\u0103dire modern\u0103: Aurora M\u0103gura estimeaz\u0103 deschiderea \u0219antierului \u00een toamn\u0103\"><\/div>\n<div class=\"news-detail clearfix\">\n<div class=\"entry-meta\"><span class=\"posted-date\"><a href=\"https:\/\/www.impactreal.ro\/2026\/08\/06\/la-popesti-gradinita-veche-va-fi-demolata-si-inlocuita-cu-o-cladire-moderna-aurora-magura-estimeaza-deschiderea-santierului-in-toamna\/\" rel=\"bookmark\"><time class=\"entry-date published updated\" datetime=\"2026-08-06T15:38:39+03:00\">6 august 2026<\/time><\/a><\/span><span class=\"author vcard\"><a href=\"https:\/\/www.impactreal.ro\/author\/claudia-schiopu\/\">Claudia Schiopu<\/a><\/span><span class=\"cat-links\"><a href=\"https:\/\/www.impactreal.ro\/category\/administratie\/\" rel=\"category tag\">Administra\u0163ie<\/a><a href=\"https:\/\/www.impactreal.ro\/category\/popesti\/\" rel=\"category tag\">Popesti<\/a><\/span><\/div>\n<div class=\"news-content editor-content-entry\">\n<p>La Pope\u0219ti, Prim\u0103ria preg\u0103te\u0219te construirea unei gr\u0103dini\u021be cu program prelungit, finan\u021bat\u0103 din fonduri europene prin Programul Regional Sud-Vest Oltenia. Procedura pentru alegerea constructorului se afl\u0103 acum \u00een SEAP. Lucr\u0103rile ar putea \u00eencepe \u00een luna octombrie, dac\u0103 licita\u021bia se \u00eencheie f\u0103r\u0103 contesta\u021bii.<\/p>\n<p>Noua cl\u0103dire va fi ridicat\u0103 pe locul actualei gr\u0103dini\u021be din satul Pope\u0219ti, construit\u0103 \u00een anii \u201950. Imobilul nu mai corespunde cerin\u021belor \u0219i nu poate fi reparat, motiv pentru care proiectul prevede demolarea acestuia \u0219i construirea unei gr\u0103dini\u021be complet noi.<\/p>\n<p><strong><u>Licita\u021bia este \u00een SEAP<\/u><\/strong><\/p>\n<p>Proiectul se num\u0103r\u0103 printre investi\u021biile aflate \u00een preg\u0103tire la Pope\u0219ti. Primarul comunei, Aurora M\u0103gura, urm\u0103re\u0219te \u00eencheierea procedurii \u0219i sper\u0103 ca desemnarea constructorului s\u0103 se fac\u0103 f\u0103r\u0103 \u00eent\u00e2rzieri.<\/p>\n<p>\u201e<strong><em>Avem mai multe proiecte \u00een localitate. Unele sunt \u00een implementare, pentru altele preg\u0103tim documenta\u021biile, la c\u00e2teva se lucreaz\u0103 deja \u00een teren. Pentru gr\u0103dini\u021b\u0103 suntem acum \u00een SEAP \u0219i sper\u0103m s\u0103 fie desemnat foarte cur\u00e2nd constructorul, dac\u0103 nu vor exista contesta\u021bii<\/em><\/strong>\u201d, declar\u0103 Aurora M\u0103gura.<\/p>\n<p>Dup\u0103 alegerea firmei \u0219i semnarea contractului, Prim\u0103ria va putea emite ordinul de \u00eencepere<strong><em>:\u201eSper\u0103m ca lucrurile s\u0103 decurg\u0103 bine. Dup\u0103 desemnarea constructorului, vrem s\u0103 d\u0103m foarte repede ordinul de \u00eencepere. Estimarea noastr\u0103 este ca lucr\u0103rile s\u0103 \u00eenceap\u0103 \u00een octombrie<\/em><\/strong>\u201d, precizeaz\u0103 primarul comunei Pope\u0219ti.<\/p>\n<p><strong><u>O cl\u0103dire de la temelie<\/u><\/strong><\/p>\n<p>Actuala gr\u0103dini\u021b\u0103 nu va fi modernizat\u0103, deoarece starea cl\u0103dirii nu mai permite efectuarea unor repara\u021bii. Aceasta va fi demolat\u0103, apoi pe acela\u0219i teren va fi construit un imobil adaptat cerin\u021belor educa\u021bionale actuale.<\/p>\n<p>Noua gr\u0103dini\u021b\u0103 va avea dou\u0103 grupe cu program prelungit. Proiectul cuprinde s\u0103li luminoase, spa\u021bii de joac\u0103, sal\u0103 de mese \u0219i dot\u0103rile necesare desf\u0103\u0219ur\u0103rii activit\u0103\u021bilor zilnice.<\/p>\n<p>\u201e<strong><em>O gr\u0103dini\u021b\u0103 cu program prelungit este un vis al meu \u00eemplinit. Se va demola cl\u0103direa veche, construit\u0103 \u00een anii \u201950, care nu mai mergea c\u00e2rpit\u0103. Vom construi o gr\u0103dini\u021b\u0103 nou\u0103, adaptat\u0103 noilor cerin\u021be educa\u021bionale, cu s\u0103li luminoase, spa\u021bii de joac\u0103 \u0219i sal\u0103 de mese, a\u0219a cum trebuie s\u0103 fi<\/em><\/strong>e\u201d, afirm\u0103 Aurora M\u0103gura.<\/p>\n<p><strong><u>Dou\u0103 grupe cu program prelungit<\/u><\/strong><\/p>\n<p>Primarul subliniaz\u0103 faptul c\u0103 investi\u021bia este foarte necesar\u0103. Programul prelungit le va permite copiilor s\u0103 r\u0103m\u00e2n\u0103 la gr\u0103dini\u021b\u0103 pe durata \u00eentregii zile, \u00eentr-o cl\u0103dire construit\u0103 special pentru activit\u0103\u021bile lor.<\/p>\n<p><strong><em><u>Urm\u0103toarele etape depind de finalizarea licita\u021biei \u0219i de semnarea contractului cu firma desemnat\u0103. Dac\u0103 nu apar contesta\u021bii, lucr\u0103rile ar putea \u00eencepe \u00een luna octombrie.<\/u><\/em><\/strong><\/p>\n<p>\u00a0<\/p>\n<p><img loading=\"lazy\" decoding=\"async\" class=\"alignnone size-medium wp-image-58125\" src=\"https:\/\/www.impactreal.ro\/wp-content\/uploads\/2026\/08\/popesti-gradinita-300x225.jpg\" alt width=\"300\" height=\"225\"><img loading=\"lazy\" decoding=\"async\" class=\"alignnone size-medium wp-image-58126\" src=\"https:\/\/www.impactreal.ro\/wp-content\/uploads\/2026\/08\/popesti-01-rotated-1-300x169.jpg\" alt width=\"300\" height=\"169\"><img decoding=\"async\" loading=\"lazy\" class=\"alignnone size-medium wp-image-58127\" src=\"https:\/\/www.impactreal.ro\/wp-content\/uploads\/2026\/08\/popesti-02-rotated-1-300x175.jpg\" alt width=\"300\" height=\"175\"><img decoding=\"async\" loading=\"lazy\" class=\"alignnone size-medium wp-image-58128\" src=\"https:\/\/www.impactreal.ro\/wp-content\/uploads\/2026\/08\/popesti-03-rotated-1-300x175.jpg\" alt width=\"300\" height=\"175\"><\/p>\n<p>\u00a0<\/p>\n<p>\u00a0<\/p>\n<p>\u00a0<\/p>\n<\/div>\n<\/div>\n<\/div>\n<div class=\"news-content editor-content-entry\">\n<p>La Pope\u0219ti, Prim\u0103ria preg\u0103te\u0219te construirea unei gr\u0103dini\u021be cu program prelungit, finan\u021bat\u0103 din fonduri europene prin Programul Regional Sud-Vest Oltenia. Procedura pentru alegerea constructorului se afl\u0103 acum \u00een SEAP. Lucr\u0103rile ar putea \u00eencepe \u00een luna octombrie, dac\u0103 licita\u021bia se \u00eencheie f\u0103r\u0103 contesta\u021bii.<\/p>\n<p>Noua cl\u0103dire va fi ridicat\u0103 pe locul actualei gr\u0103dini\u021be din satul Pope\u0219ti, construit\u0103 \u00een anii \u201950. Imobilul nu mai corespunde cerin\u021belor \u0219i nu poate fi reparat, motiv pentru care proiectul prevede demolarea acestuia \u0219i construirea unei gr\u0103dini\u021be complet noi.<\/p>\n<p><strong><u>Licita\u021bia este \u00een SEAP<\/u><\/strong><\/p>\n<p>Proiectul se num\u0103r\u0103 printre investi\u021biile aflate \u00een preg\u0103tire la Pope\u0219ti. Primarul comunei, Aurora M\u0103gura, urm\u0103re\u0219te \u00eencheierea procedurii \u0219i sper\u0103 ca desemnarea constructorului s\u0103 se fac\u0103 f\u0103r\u0103 \u00eent\u00e2rzieri.<\/p>\n<p>\u201e<strong><em>Avem mai multe proiecte \u00een localitate. Unele sunt \u00een implementare, pentru altele preg\u0103tim documenta\u021biile, la c\u00e2teva se lucreaz\u0103 deja \u00een teren. Pentru gr\u0103dini\u021b\u0103 suntem acum \u00een SEAP \u0219i sper\u0103m s\u0103 fie desemnat foarte cur\u00e2nd constructorul, dac\u0103 nu vor exista contesta\u021bii<\/em><\/strong>\u201d, declar\u0103 Aurora M\u0103gura.<\/p>\n<p>Dup\u0103 alegerea firmei \u0219i semnarea contractului, Prim\u0103ria va putea emite ordinul de \u00eencepere<strong><em>:\u201eSper\u0103m ca lucrurile s\u0103 decurg\u0103 bine. Dup\u0103 desemnarea constructorului, vrem s\u0103 d\u0103m foarte repede ordinul de \u00eencepere. Estimarea noastr\u0103 este ca lucr\u0103rile s\u0103 \u00eenceap\u0103 \u00een octombrie<\/em><\/strong>\u201d, precizeaz\u0103 primarul comunei Pope\u0219ti.<\/p>\n<p><strong><u>O cl\u0103dire de la temelie<\/u><\/strong><\/p>\n<p>Actuala gr\u0103dini\u021b\u0103 nu va fi modernizat\u0103, deoarece starea cl\u0103dirii nu mai permite efectuarea unor repara\u021bii. Aceasta va fi demolat\u0103, apoi pe acela\u0219i teren va fi construit un imobil adaptat cerin\u021belor educa\u021bionale actuale.<\/p>\n<p>Noua gr\u0103dini\u021b\u0103 va avea dou\u0103 grupe cu program prelungit. Proiectul cuprinde s\u0103li luminoase, spa\u021bii de joac\u0103, sal\u0103 de mese \u0219i dot\u0103rile necesare desf\u0103\u0219ur\u0103rii activit\u0103\u021bilor zilnice.<\/p>\n<p>\u201e<strong><em>O gr\u0103dini\u021b\u0103 cu program prelungit este un vis al meu \u00eemplinit. Se va demola cl\u0103direa veche, construit\u0103 \u00een anii \u201950, care nu mai mergea c\u00e2rpit\u0103. Vom construi o gr\u0103dini\u021b\u0103 nou\u0103, adaptat\u0103 noilor cerin\u021be educa\u021bionale, cu s\u0103li luminoase, spa\u021bii de joac\u0103 \u0219i sal\u0103 de mese, a\u0219a cum trebuie s\u0103 fi<\/em><\/strong>e\u201d, afirm\u0103 Aurora M\u0103gura.<\/p>\n<p><strong><u>Dou\u0103 grupe cu program prelungit<\/u><\/strong><\/p>\n<p>Primarul subliniaz\u0103 faptul c\u0103 investi\u021bia este foarte necesar\u0103. Programul prelungit le va permite copiilor s\u0103 r\u0103m\u00e2n\u0103 la gr\u0103dini\u021b\u0103 pe durata \u00eentregii zile, \u00eentr-o cl\u0103dire construit\u0103 special pentru activit\u0103\u021bile lor.<\/p>\n<p><strong><em><u>Urm\u0103toarele etape depind de finalizarea licita\u021biei \u0219i de semnarea contractului cu firma desemnat\u0103. Dac\u0103 nu apar contesta\u021bii, lucr\u0103rile ar putea \u00eencepe \u00een luna octombrie.<\/u><\/em><\/strong><\/p>\n<p>\u00a0<\/p>\n<p><img loading=\"lazy\" decoding=\"async\" class=\"alignnone size-medium wp-image-58125\" src=\"https:\/\/www.impactreal.ro\/wp-content\/uploads\/2026\/08\/popesti-gradinita-300x225.jpg\" alt width=\"300\" height=\"225\"><img loading=\"lazy\" decoding=\"async\" class=\"alignnone size-medium wp-image-58126\" src=\"https:\/\/www.impactreal.ro\/wp-content\/uploads\/2026\/08\/popesti-01-rotated-1-300x169.jpg\" alt width=\"300\" height=\"169\"><img decoding=\"async\" loading=\"lazy\" class=\"alignnone size-medium wp-image-58127\" src=\"https:\/\/www.impactreal.ro\/wp-content\/uploads\/2026\/08\/popesti-02-rotated-1-300x175.jpg\" alt width=\"300\" height=\"175\"><img decoding=\"async\" loading=\"lazy\" class=\"alignnone size-medium wp-image-58128\" src=\"https:\/\/www.impactreal.ro\/wp-content\/uploads\/2026\/08\/popesti-03-rotated-1-300x175.jpg\" alt width=\"300\" height=\"175\"><\/p>\n<p>\u00a0<\/p>\n<p>\u00a0<\/p>\n<p>\u00a0<\/p>\n<\/div>\n<div class=\"news-content editor-content-entry\">\n<p>La Pope\u0219ti, Prim\u0103ria preg\u0103te\u0219te construirea unei gr\u0103dini\u021be cu program prelungit, finan\u021bat\u0103 din fonduri europene prin Programul Regional Sud-Vest Oltenia. Procedura pentru alegerea constructorului se afl\u0103 acum \u00een SEAP. Lucr\u0103rile ar putea \u00eencepe \u00een luna octombrie, dac\u0103 licita\u021bia se \u00eencheie f\u0103r\u0103 contesta\u021bii.<\/p>\n<p>Noua cl\u0103dire va fi ridicat\u0103 pe locul actualei gr\u0103dini\u021be din satul Pope\u0219ti, construit\u0103 \u00een anii \u201950. Imobilul nu mai corespunde cerin\u021belor \u0219i nu poate fi reparat, motiv pentru care proiectul prevede demolarea acestuia \u0219i construirea unei gr\u0103dini\u021be complet noi.<\/p>\n<p><strong><u>Licita\u021bia este \u00een SEAP<\/u><\/strong><\/p>\n<p>Proiectul se num\u0103r\u0103 printre investi\u021biile aflate \u00een preg\u0103tire la Pope\u0219ti. Primarul comunei, Aurora M\u0103gura, urm\u0103re\u0219te \u00eencheierea procedurii \u0219i sper\u0103 ca desemnarea constructorului s\u0103 se fac\u0103 f\u0103r\u0103 \u00eent\u00e2rzieri.<\/p>\n<p>\u201e<strong><em>Avem mai multe proiecte \u00een localitate. Unele sunt \u00een implementare, pentru altele preg\u0103tim documenta\u021biile, la c\u00e2teva se lucreaz\u0103 deja \u00een teren. Pentru gr\u0103dini\u021b\u0103 suntem acum \u00een SEAP \u0219i sper\u0103m s\u0103 fie desemnat foarte cur\u00e2nd constructorul, dac\u0103 nu vor exista contesta\u021bii<\/em><\/strong>\u201d, declar\u0103 Aurora M\u0103gura.<\/p>\n<p>Dup\u0103 alegerea firmei \u0219i semnarea contractului, Prim\u0103ria va putea emite ordinul de \u00eencepere<strong><em>:\u201eSper\u0103m ca lucrurile s\u0103 decurg\u0103 bine. Dup\u0103 desemnarea constructorului, vrem s\u0103 d\u0103m foarte repede ordinul de \u00eencepere. Estimarea noastr\u0103 este ca lucr\u0103rile s\u0103 \u00eenceap\u0103 \u00een octombrie<\/em><\/strong>\u201d, precizeaz\u0103 primarul comunei Pope\u0219ti.<\/p>\n<p><strong><u>O cl\u0103dire de la temelie<\/u><\/strong><\/p>\n<p>Actuala gr\u0103dini\u021b\u0103 nu va fi modernizat\u0103, deoarece starea cl\u0103dirii nu mai permite efectuarea unor repara\u021bii. Aceasta va fi demolat\u0103, apoi pe acela\u0219i teren va fi construit un imobil adaptat cerin\u021belor educa\u021bionale actuale.<\/p>\n<p>Noua gr\u0103dini\u021b\u0103 va avea dou\u0103 grupe cu program prelungit. Proiectul cuprinde s\u0103li luminoase, spa\u021bii de joac\u0103, sal\u0103 de mese \u0219i dot\u0103rile necesare desf\u0103\u0219ur\u0103rii activit\u0103\u021bilor zilnice.<\/p>\n<p>\u201e<strong><em>O gr\u0103dini\u021b\u0103 cu program prelungit este un vis al meu \u00eemplinit. Se va demola cl\u0103direa veche, construit\u0103 \u00een anii \u201950, care nu mai mergea c\u00e2rpit\u0103. Vom construi o gr\u0103dini\u021b\u0103 nou\u0103, adaptat\u0103 noilor cerin\u021be educa\u021bionale, cu s\u0103li luminoase, spa\u021bii de joac\u0103 \u0219i sal\u0103 de mese, a\u0219a cum trebuie s\u0103 fi<\/em><\/strong>e\u201d, afirm\u0103 Aurora M\u0103gura.<\/p>\n<p><strong><u>Dou\u0103 grupe cu program prelungit<\/u><\/strong><\/p>\n<p>Primarul subliniaz\u0103 faptul c\u0103 investi\u021bia este foarte necesar\u0103. Programul prelungit le va permite copiilor s\u0103 r\u0103m\u00e2n\u0103 la gr\u0103dini\u021b\u0103 pe durata \u00eentregii zile, \u00eentr-o cl\u0103dire construit\u0103 special pentru activit\u0103\u021bile lor.<\/p>\n<p><strong><em><u>Urm\u0103toarele etape depind de finalizarea licita\u021biei \u0219i de semnarea contractului cu firma desemnat\u0103. Dac\u0103 nu apar contesta\u021bii, lucr\u0103rile ar putea \u00eencepe \u00een luna octombrie.<\/u><\/em><\/strong><\/p>\n<p>\u00a0<\/p>\n<p><img loading=\"lazy\" decoding=\"async\" class=\"alignnone size-medium wp-image-58125\" src=\"https:\/\/www.impactreal.ro\/wp-content\/uploads\/2026\/08\/popesti-gradinita-300x225.jpg\" alt width=\"300\" height=\"225\"><img loading=\"lazy\" decoding=\"async\" class=\"alignnone size-medium wp-image-58126\" src=\"https:\/\/www.impactreal.ro\/wp-content\/uploads\/2026\/08\/popesti-01-rotated-1-300x169.jpg\" alt width=\"300\" height=\"169\"><img decoding=\"async\" loading=\"lazy\" class=\"alignnone size-medium wp-image-58127\" src=\"https:\/\/www.impactreal.ro\/wp-content\/uploads\/2026\/08\/popesti-02-rotated-1-300x175.jpg\" alt width=\"300\" height=\"175\"><img decoding=\"async\" loading=\"lazy\" class=\"alignnone size-medium wp-image-58128\" src=\"https:\/\/www.impactreal.ro\/wp-content\/uploads\/2026\/08\/popesti-03-rotated-1-300x175.jpg\" alt width=\"300\" height=\"175\"><\/p>\n<p>\u00a0<\/p>\n<p>\u00a0<\/p>\n<p>\u00a0<\/p>\n<\/div>\n<p>[analyse_source url=&#8221;https:\/\/www.impactreal.ro\/2026\/08\/06\/la-popesti-gradinita-veche-va-fi-demolata-si-inlocuita-cu-o-cladire-moderna-aurora-magura-estimeaza-deschiderea-santierului-in-toamna\/&#8221;]<\/p>\n","protected":false},"excerpt":{"rendered":"<p>[analyse_image type=&#8221;featured&#8221; src=&#8221;https:\/\/www.impactreal.ro\/wp-content\/uploads\/2026\/08\/Popesti-Aurora-Magura.jpg&#8221;] 6 august 2026Claudia SchiopuAdministra\u0163iePopesti La Pope\u0219ti, Prim\u0103ria preg\u0103te\u0219te construirea unei gr\u0103dini\u021be cu program prelungit, finan\u021bat\u0103 din fonduri europene prin Programul Regional Sud-Vest Oltenia. Procedura pentru alegerea constructorului se afl\u0103 acum \u00een SEAP. Lucr\u0103rile ar putea \u00eencepe \u00een luna octombrie, dac\u0103 licita\u021bia se \u00eencheie f\u0103r\u0103 contesta\u021bii. Noua cl\u0103dire va fi ridicat\u0103 pe locul [&hellip;]<\/p>\n","protected":false},"author":1,"featured_media":0,"comment_status":"open","ping_status":"","sticky":false,"template":"","format":"standard","meta":{"footnotes":""},"categories":[89],"tags":[226,212],"class_list":["post-2080646","post","type-post","status-publish","format-standard","hentry","category-romania","tag-crawlmanager","tag-impactreal-ro"],"_links":{"self":[{"href":"https:\/\/analyse.optim.biz\/index.php?rest_route=\/wp\/v2\/posts\/2080646","targetHints":{"allow":["GET"]}}],"collection":[{"href":"https:\/\/analyse.optim.biz\/index.php?rest_route=\/wp\/v2\/posts"}],"about":[{"href":"https:\/\/analyse.optim.biz\/index.php?rest_route=\/wp\/v2\/types\/post"}],"author":[{"embeddable":true,"href":"https:\/\/analyse.optim.biz\/index.php?rest_route=\/wp\/v2\/users\/1"}],"replies":[{"embeddable":true,"href":"https:\/\/analyse.optim.biz\/index.php?rest_route=%2Fwp%2Fv2%2Fcomments&post=2080646"}],"version-history":[{"count":0,"href":"https:\/\/analyse.optim.biz\/index.php?rest_route=\/wp\/v2\/posts\/2080646\/revisions"}],"wp:attachment":[{"href":"https:\/\/analyse.optim.biz\/index.php?rest_route=%2Fwp%2Fv2%2Fmedia&parent=2080646"}],"wp:term":[{"taxonomy":"category","embeddable":true,"href":"https:\/\/analyse.optim.biz\/index.php?rest_route=%2Fwp%2Fv2%2Fcategories&post=2080646"},{"taxonomy":"post_tag","embeddable":true,"href":"https:\/\/analyse.optim.biz\/index.php?rest_route=%2Fwp%2Fv2%2Ftags&post=2080646"}],"curies":[{"name":"wp","href":"https:\/\/api.w.org\/{rel}","templated":true}]}}