{"id":2080525,"date":"2026-08-06T10:36:35","date_gmt":"2026-08-06T07:36:35","guid":{"rendered":"https:\/\/analyse.optim.biz\/?p=2080525"},"modified":"2026-08-06T10:36:35","modified_gmt":"2026-08-06T07:36:35","slug":"cinci-adolescenti-din-constanta-aflati-in-tabara-in-bucovina-au-furat-noaptea-bauturi-dintr-o-statie-de-carburanti","status":"publish","type":"post","link":"https:\/\/analyse.optim.biz\/?p=2080525","title":{"rendered":"Cinci adolescen\u021bi din Constan\u021ba afla\u021bi \u00een tab\u0103r\u0103 \u00een Bucovina au furat noaptea b\u0103uturi dintr-o sta\u021bie de carburan\u021bi"},"content":{"rendered":"<p>[analyse_image type=&#8221;featured&#8221; src=&#8221;https:\/\/www.newsbucovina.ro\/wp-content\/uploads\/2026\/08\/Screenshot-3.pnghttps:\/\/cdn.newsbucovina.ro\/wp-content\/uploads\/2026\/08\/Screenshot-3.png&#8221;]<\/p>\n<div class=\"td-post-content tagdiv-type\">\n<div class=\"td-a-rec td-a-rec-id-content_top  tdi_3 td_block_template_1\"><strong>Intr\u0103 acum \u0219i \u00een grupul de <\/p>\n<div class=\"wp-block-button\"><a class=\"wp-block-button__link wp-element-button\" href=\"https:\/\/t.me\/+TH8wcfnp8fw5NWI0\">Telegram News Bucovina<\/a><\/div>\n<p><\/strong><\/div>\n<p class=\"wp-block-paragraph\">Poli\u021bi\u0219tii de la Sec\u021bia 14 Poli\u021bie Rural\u0103 Vama au fost sesiza\u021bi miercuri, 5 august 2026, \u00een jurul orei 08:30, prin, de administratorul sta\u021biei de carburan\u021bi Rompetrol din satul Str\u00e2mtura, comuna Vama, cu privire la sustragerea unor sticle cu b\u0103uturi alcoolice \u0219i nonalcoolice dintr-un frigider aflat \u00een incinta societ\u0103\u021bii.<\/p>\n<div class=\"wp-block-image\">\n<figure class=\"aligncenter size-full\"><a href=\"https:\/\/cdn.newsbucovina.ro\/wp-content\/uploads\/2026\/08\/Screenshot-3.png\"><img loading=\"lazy\" decoding=\"async\" width=\"979\" height=\"546\" src=\"https:\/\/cdn.newsbucovina.ro\/wp-content\/uploads\/2026\/08\/Screenshot-3.png\" alt class=\"wp-image-445785\"><\/a><\/figure>\n<\/div>\n<p class=\"wp-block-paragraph\">Din verific\u0103rile efectuate a rezultat c\u0103, \u00een jurul orei 02:30, persoane necunoscute au p\u0103truns \u00een spa\u021biul delimitat \u0219i \u00eenchis al societ\u0103\u021bii, au for\u021bat sistemul de asigurare al unui frigider situat l\u00e2ng\u0103 cl\u0103dire \u0219i au sustras mai multe sticle, f\u0103r\u0103 a distruge sistemul de \u00eenchidere. \u00cen cauz\u0103 a fost \u00eentocmit dosar penal sub aspectul s\u0103v\u00e2r\u0219irii infrac\u021biunii de furt calificat.<\/p>\n<p class=\"wp-block-paragraph\">\u00cen urma activit\u0103\u021bilor investigativ-operative desf\u0103\u0219urate pe raza comunelor Vama, Frumosu \u0219i Vatra Moldovi\u021bei, poli\u021bi\u0219tii au stabilit c\u0103 autorii nu sunt din zona de competen\u021b\u0103. La o pensiune din satul Vatra Moldovi\u021bei au fost identifica\u021bi cinci tineri inclu\u0219i \u00een cercul de b\u0103nui\u021bi, to\u021bi \u00een v\u00e2rst\u0103 de 16 ani \u0219i domicilia\u021bi \u00een municipiul Constan\u021ba.<\/p>\n<p class=\"wp-block-paragraph\">Minorii au relatat c\u0103, \u00een noaptea de 5 august, \u00een jurul orei 02:30, au plecat de la unitatea de cazare, s-au deplasat la sta\u021bia de pe raza localit\u0103\u021bii vecine, au for\u021bat u\u0219a frigiderului pentru b\u0103uturi \u0219i au sustras mai multe sticle din plastic \u0219i doze cu b\u0103uturi alcoolice \u0219i nonalcoolice. Ace\u0219tia se aflau \u00eentr-o tab\u0103r\u0103 de var\u0103 organizat\u0103, cu acordul p\u0103rin\u021bilor, \u0219i erau \u00een grija supraveghetorilor.<\/p>\n<p class=\"wp-block-paragraph\">Poli\u021bi\u0219tii au luat leg\u0103tura telefonic\u0103 cu p\u0103rin\u021bii minorilor, c\u0103rora li s-a adus la cuno\u0219tin\u021b\u0103 situa\u021bia. Ace\u0219tia au ar\u0103tat disponibilitate pentru achitarea prejudiciului. Cercet\u0103rile continu\u0103 sub \u00eendrumarea procurorului de caz, urm\u00e2nd ca dosarul s\u0103 fie \u00eenaintat cu solu\u021bie legal\u0103 c\u0103tre Parchetul de pe l\u00e2ng\u0103 Judec\u0103toria C\u00e2mpulung Moldovenesc.<\/p>\n<div class=\"td-a-rec td-a-rec-id-content_bottom  tdi_4 td_block_template_1\"><strong>Intr\u0103 acum \u0219i \u00een grupul de <\/p>\n<div class=\"wp-block-button\"><a class=\"wp-block-button__link wp-element-button\" href=\"https:\/\/t.me\/+TH8wcfnp8fw5NWI0\">Telegram News Bucovina<\/a><\/div>\n<p><\/strong><\/div>\n<\/div>\n<div class=\"td-post-content tagdiv-type\">\n<div class=\"td-a-rec td-a-rec-id-content_top  tdi_3 td_block_template_1\"><strong>Intr\u0103 acum \u0219i \u00een grupul de <\/p>\n<div class=\"wp-block-button\"><a class=\"wp-block-button__link wp-element-button\" href=\"https:\/\/t.me\/+TH8wcfnp8fw5NWI0\">Telegram News Bucovina<\/a><\/div>\n<p><\/strong><\/div>\n<p class=\"wp-block-paragraph\">Poli\u021bi\u0219tii de la Sec\u021bia 14 Poli\u021bie Rural\u0103 Vama au fost sesiza\u021bi miercuri, 5 august 2026, \u00een jurul orei 08:30, prin, de administratorul sta\u021biei de carburan\u021bi Rompetrol din satul Str\u00e2mtura, comuna Vama, cu privire la sustragerea unor sticle cu b\u0103uturi alcoolice \u0219i nonalcoolice dintr-un frigider aflat \u00een incinta societ\u0103\u021bii.<\/p>\n<div class=\"wp-block-image\">\n<figure class=\"aligncenter size-full\"><a href=\"https:\/\/cdn.newsbucovina.ro\/wp-content\/uploads\/2026\/08\/Screenshot-3.png\"><img loading=\"lazy\" decoding=\"async\" width=\"979\" height=\"546\" src=\"https:\/\/cdn.newsbucovina.ro\/wp-content\/uploads\/2026\/08\/Screenshot-3.png\" alt class=\"wp-image-445785\"><\/a><\/figure>\n<\/div>\n<p class=\"wp-block-paragraph\">Din verific\u0103rile efectuate a rezultat c\u0103, \u00een jurul orei 02:30, persoane necunoscute au p\u0103truns \u00een spa\u021biul delimitat \u0219i \u00eenchis al societ\u0103\u021bii, au for\u021bat sistemul de asigurare al unui frigider situat l\u00e2ng\u0103 cl\u0103dire \u0219i au sustras mai multe sticle, f\u0103r\u0103 a distruge sistemul de \u00eenchidere. \u00cen cauz\u0103 a fost \u00eentocmit dosar penal sub aspectul s\u0103v\u00e2r\u0219irii infrac\u021biunii de furt calificat.<\/p>\n<p class=\"wp-block-paragraph\">\u00cen urma activit\u0103\u021bilor investigativ-operative desf\u0103\u0219urate pe raza comunelor Vama, Frumosu \u0219i Vatra Moldovi\u021bei, poli\u021bi\u0219tii au stabilit c\u0103 autorii nu sunt din zona de competen\u021b\u0103. La o pensiune din satul Vatra Moldovi\u021bei au fost identifica\u021bi cinci tineri inclu\u0219i \u00een cercul de b\u0103nui\u021bi, to\u021bi \u00een v\u00e2rst\u0103 de 16 ani \u0219i domicilia\u021bi \u00een municipiul Constan\u021ba.<\/p>\n<p class=\"wp-block-paragraph\">Minorii au relatat c\u0103, \u00een noaptea de 5 august, \u00een jurul orei 02:30, au plecat de la unitatea de cazare, s-au deplasat la sta\u021bia de pe raza localit\u0103\u021bii vecine, au for\u021bat u\u0219a frigiderului pentru b\u0103uturi \u0219i au sustras mai multe sticle din plastic \u0219i doze cu b\u0103uturi alcoolice \u0219i nonalcoolice. Ace\u0219tia se aflau \u00eentr-o tab\u0103r\u0103 de var\u0103 organizat\u0103, cu acordul p\u0103rin\u021bilor, \u0219i erau \u00een grija supraveghetorilor.<\/p>\n<p class=\"wp-block-paragraph\">Poli\u021bi\u0219tii au luat leg\u0103tura telefonic\u0103 cu p\u0103rin\u021bii minorilor, c\u0103rora li s-a adus la cuno\u0219tin\u021b\u0103 situa\u021bia. Ace\u0219tia au ar\u0103tat disponibilitate pentru achitarea prejudiciului. Cercet\u0103rile continu\u0103 sub \u00eendrumarea procurorului de caz, urm\u00e2nd ca dosarul s\u0103 fie \u00eenaintat cu solu\u021bie legal\u0103 c\u0103tre Parchetul de pe l\u00e2ng\u0103 Judec\u0103toria C\u00e2mpulung Moldovenesc.<\/p>\n<div class=\"td-a-rec td-a-rec-id-content_bottom  tdi_4 td_block_template_1\"><strong>Intr\u0103 acum \u0219i \u00een grupul de <\/p>\n<div class=\"wp-block-button\"><a class=\"wp-block-button__link wp-element-button\" href=\"https:\/\/t.me\/+TH8wcfnp8fw5NWI0\">Telegram News Bucovina<\/a><\/div>\n<p><\/strong><\/div>\n<\/div>\n<p>[analyse_source url=&#8221;https:\/\/www.newsbucovina.ro\/social\/445784\/cinci-adolescenti-din-constanta-aflati-in-tabara-in-bucovina-au-furat-noaptea-bauturi-dintr-o-statie-de-carburanti&#8221;]<\/p>\n","protected":false},"excerpt":{"rendered":"<p>[analyse_image type=&#8221;featured&#8221; src=&#8221;https:\/\/www.newsbucovina.ro\/wp-content\/uploads\/2026\/08\/Screenshot-3.pnghttps:\/\/cdn.newsbucovina.ro\/wp-content\/uploads\/2026\/08\/Screenshot-3.png&#8221;] Intr\u0103 acum \u0219i \u00een grupul de Telegram News Bucovina Poli\u021bi\u0219tii de la Sec\u021bia 14 Poli\u021bie Rural\u0103 Vama au fost sesiza\u021bi miercuri, 5 august 2026, \u00een jurul orei 08:30, prin, de administratorul sta\u021biei de carburan\u021bi Rompetrol din satul Str\u00e2mtura, comuna Vama, cu privire la sustragerea unor sticle cu b\u0103uturi alcoolice \u0219i nonalcoolice dintr-un [&hellip;]<\/p>\n","protected":false},"author":1,"featured_media":0,"comment_status":"open","ping_status":"","sticky":false,"template":"","format":"standard","meta":{"footnotes":""},"categories":[89],"tags":[226,165],"class_list":["post-2080525","post","type-post","status-publish","format-standard","hentry","category-romania","tag-crawlmanager","tag-newsbucovina-ro"],"_links":{"self":[{"href":"https:\/\/analyse.optim.biz\/index.php?rest_route=\/wp\/v2\/posts\/2080525","targetHints":{"allow":["GET"]}}],"collection":[{"href":"https:\/\/analyse.optim.biz\/index.php?rest_route=\/wp\/v2\/posts"}],"about":[{"href":"https:\/\/analyse.optim.biz\/index.php?rest_route=\/wp\/v2\/types\/post"}],"author":[{"embeddable":true,"href":"https:\/\/analyse.optim.biz\/index.php?rest_route=\/wp\/v2\/users\/1"}],"replies":[{"embeddable":true,"href":"https:\/\/analyse.optim.biz\/index.php?rest_route=%2Fwp%2Fv2%2Fcomments&post=2080525"}],"version-history":[{"count":0,"href":"https:\/\/analyse.optim.biz\/index.php?rest_route=\/wp\/v2\/posts\/2080525\/revisions"}],"wp:attachment":[{"href":"https:\/\/analyse.optim.biz\/index.php?rest_route=%2Fwp%2Fv2%2Fmedia&parent=2080525"}],"wp:term":[{"taxonomy":"category","embeddable":true,"href":"https:\/\/analyse.optim.biz\/index.php?rest_route=%2Fwp%2Fv2%2Fcategories&post=2080525"},{"taxonomy":"post_tag","embeddable":true,"href":"https:\/\/analyse.optim.biz\/index.php?rest_route=%2Fwp%2Fv2%2Ftags&post=2080525"}],"curies":[{"name":"wp","href":"https:\/\/api.w.org\/{rel}","templated":true}]}}