{"id":2080523,"date":"2026-08-06T11:13:04","date_gmt":"2026-08-06T08:13:04","guid":{"rendered":"https:\/\/analyse.optim.biz\/?p=2080523"},"modified":"2026-08-06T11:13:04","modified_gmt":"2026-08-06T08:13:04","slug":"un-sofer-beat-la-volan-a-coborat-din-masina-si-a-luat-o-la-fuga-cand-a-fost-oprit-de-politisti-pe-dj-174-d-in-dorna-candrenilor","status":"publish","type":"post","link":"https:\/\/analyse.optim.biz\/?p=2080523","title":{"rendered":"Un \u0219ofer beat la volan a cobor\u00e2t din ma\u0219in\u0103 \u0219i a luat-o la fug\u0103 c\u00e2nd a fost oprit de poli\u021bi\u0219ti pe DJ 174 D, \u00een Dorna Candrenilor"},"content":{"rendered":"<p>[analyse_image type=&#8221;featured&#8221; src=&#8221;https:\/\/www.newsbucovina.ro\/wp-content\/uploads\/2026\/03\/politie-2.jpeghttps:\/\/cdn.newsbucovina.ro\/wp-content\/uploads\/2026\/03\/politie-2.jpeg&#8221;]<\/p>\n<div class=\"td-post-content tagdiv-type\">\n<div class=\"td-a-rec td-a-rec-id-content_top  tdi_3 td_block_template_1\"><strong>Intr\u0103 acum \u0219i \u00een grupul de <\/p>\n<div class=\"wp-block-button\"><a class=\"wp-block-button__link wp-element-button\" href=\"https:\/\/t.me\/+TH8wcfnp8fw5NWI0\">Telegram News Bucovina<\/a><\/div>\n<p><\/strong><\/div>\n<p class=\"wp-block-paragraph\">Miercuri, 5 august 2026, \u00een jurul orei 18:40, un echipaj de poli\u021bie din cadrul Sec\u021biei de Poli\u021bie Rural\u0103 nr. 15 Vatra Dornei, aflat \u00een serviciu de supraveghere \u0219i control al traficului rutier pe DJ 174 D, pe raza comunei Dorna Candrenilor, a oprit pentru control un autoturism Hyundai.<\/p>\n<figure class=\"wp-block-image size-large\"><a href=\"https:\/\/cdn.newsbucovina.ro\/wp-content\/uploads\/2026\/03\/politie-2.jpeg\"><img loading=\"lazy\" decoding=\"async\" width=\"1024\" height=\"768\" src=\"https:\/\/cdn.newsbucovina.ro\/wp-content\/uploads\/2026\/03\/politie-2-1024x768.jpeg\" alt class=\"wp-image-434080\"><\/a><\/figure>\n<p class=\"wp-block-paragraph\">La vederea echipajului, persoana aflat\u0103 pe scaunul \u0219oferului a cobor\u00e2t \u0219i a \u00eencercat s\u0103 fug\u0103, \u00eens\u0103 a fost prins\u0103 \u0219i imobilizat\u0103. Poli\u021bi\u0219tii au constatat c\u0103 \u0219oferul emana halen\u0103 alcoolic\u0103, motiv pentru care i s-a solicitat s\u0103 fie testat cu aparatul etilometru. Acesta a refuzat ini\u021bial.<\/p>\n<p class=\"wp-block-paragraph\">Conduc\u0103torul auto a fost condus la Spitalul Municipal Vatra Dornei \u00een vederea recolt\u0103rii probelor biologice. La spital a fost de acord cu testarea alcoolscopic\u0103 efectuat\u0103 cu aparatul etilometru, care a indicat o concentra\u021bie de 1,59 mg\/l alcool pur \u00een aerul expirat.<\/p>\n<p class=\"wp-block-paragraph\">Ulterior, \u0219oferul a refuzat \u00een mod expres prelevarea probelor biologice. \u00cen cauz\u0103 a fost \u00eentocmit dosar penal privind infrac\u021biunea de refuz al recolt\u0103rii de probe biologice.<\/p>\n<div class=\"td-a-rec td-a-rec-id-content_bottom  tdi_4 td_block_template_1\"><strong>Intr\u0103 acum \u0219i \u00een grupul de <\/p>\n<div class=\"wp-block-button\"><a class=\"wp-block-button__link wp-element-button\" href=\"https:\/\/t.me\/+TH8wcfnp8fw5NWI0\">Telegram News Bucovina<\/a><\/div>\n<p><\/strong><\/div>\n<\/div>\n<div class=\"td-post-content tagdiv-type\">\n<div class=\"td-a-rec td-a-rec-id-content_top  tdi_3 td_block_template_1\"><strong>Intr\u0103 acum \u0219i \u00een grupul de <\/p>\n<div class=\"wp-block-button\"><a class=\"wp-block-button__link wp-element-button\" href=\"https:\/\/t.me\/+TH8wcfnp8fw5NWI0\">Telegram News Bucovina<\/a><\/div>\n<p><\/strong><\/div>\n<p class=\"wp-block-paragraph\">Miercuri, 5 august 2026, \u00een jurul orei 18:40, un echipaj de poli\u021bie din cadrul Sec\u021biei de Poli\u021bie Rural\u0103 nr. 15 Vatra Dornei, aflat \u00een serviciu de supraveghere \u0219i control al traficului rutier pe DJ 174 D, pe raza comunei Dorna Candrenilor, a oprit pentru control un autoturism Hyundai.<\/p>\n<figure class=\"wp-block-image size-large\"><a href=\"https:\/\/cdn.newsbucovina.ro\/wp-content\/uploads\/2026\/03\/politie-2.jpeg\"><img loading=\"lazy\" decoding=\"async\" width=\"1024\" height=\"768\" src=\"https:\/\/cdn.newsbucovina.ro\/wp-content\/uploads\/2026\/03\/politie-2-1024x768.jpeg\" alt class=\"wp-image-434080\"><\/a><\/figure>\n<p class=\"wp-block-paragraph\">La vederea echipajului, persoana aflat\u0103 pe scaunul \u0219oferului a cobor\u00e2t \u0219i a \u00eencercat s\u0103 fug\u0103, \u00eens\u0103 a fost prins\u0103 \u0219i imobilizat\u0103. Poli\u021bi\u0219tii au constatat c\u0103 \u0219oferul emana halen\u0103 alcoolic\u0103, motiv pentru care i s-a solicitat s\u0103 fie testat cu aparatul etilometru. Acesta a refuzat ini\u021bial.<\/p>\n<p class=\"wp-block-paragraph\">Conduc\u0103torul auto a fost condus la Spitalul Municipal Vatra Dornei \u00een vederea recolt\u0103rii probelor biologice. La spital a fost de acord cu testarea alcoolscopic\u0103 efectuat\u0103 cu aparatul etilometru, care a indicat o concentra\u021bie de 1,59 mg\/l alcool pur \u00een aerul expirat.<\/p>\n<p class=\"wp-block-paragraph\">Ulterior, \u0219oferul a refuzat \u00een mod expres prelevarea probelor biologice. \u00cen cauz\u0103 a fost \u00eentocmit dosar penal privind infrac\u021biunea de refuz al recolt\u0103rii de probe biologice.<\/p>\n<div class=\"td-a-rec td-a-rec-id-content_bottom  tdi_4 td_block_template_1\"><strong>Intr\u0103 acum \u0219i \u00een grupul de <\/p>\n<div class=\"wp-block-button\"><a class=\"wp-block-button__link wp-element-button\" href=\"https:\/\/t.me\/+TH8wcfnp8fw5NWI0\">Telegram News Bucovina<\/a><\/div>\n<p><\/strong><\/div>\n<\/div>\n<p>[analyse_source url=&#8221;https:\/\/www.newsbucovina.ro\/social\/445798\/un-sofer-beat-la-volan-a-coborat-din-masina-si-a-luat-o-la-fuga-cand-a-fost-oprit-de-politisti-pe-dj-174-d-in-dorna-candrenilor&#8221;]<\/p>\n","protected":false},"excerpt":{"rendered":"<p>[analyse_image type=&#8221;featured&#8221; src=&#8221;https:\/\/www.newsbucovina.ro\/wp-content\/uploads\/2026\/03\/politie-2.jpeghttps:\/\/cdn.newsbucovina.ro\/wp-content\/uploads\/2026\/03\/politie-2.jpeg&#8221;] Intr\u0103 acum \u0219i \u00een grupul de Telegram News Bucovina Miercuri, 5 august 2026, \u00een jurul orei 18:40, un echipaj de poli\u021bie din cadrul Sec\u021biei de Poli\u021bie Rural\u0103 nr. 15 Vatra Dornei, aflat \u00een serviciu de supraveghere \u0219i control al traficului rutier pe DJ 174 D, pe raza comunei Dorna Candrenilor, a oprit [&hellip;]<\/p>\n","protected":false},"author":1,"featured_media":0,"comment_status":"open","ping_status":"","sticky":false,"template":"","format":"standard","meta":{"footnotes":""},"categories":[89],"tags":[226,165],"class_list":["post-2080523","post","type-post","status-publish","format-standard","hentry","category-romania","tag-crawlmanager","tag-newsbucovina-ro"],"_links":{"self":[{"href":"https:\/\/analyse.optim.biz\/index.php?rest_route=\/wp\/v2\/posts\/2080523","targetHints":{"allow":["GET"]}}],"collection":[{"href":"https:\/\/analyse.optim.biz\/index.php?rest_route=\/wp\/v2\/posts"}],"about":[{"href":"https:\/\/analyse.optim.biz\/index.php?rest_route=\/wp\/v2\/types\/post"}],"author":[{"embeddable":true,"href":"https:\/\/analyse.optim.biz\/index.php?rest_route=\/wp\/v2\/users\/1"}],"replies":[{"embeddable":true,"href":"https:\/\/analyse.optim.biz\/index.php?rest_route=%2Fwp%2Fv2%2Fcomments&post=2080523"}],"version-history":[{"count":0,"href":"https:\/\/analyse.optim.biz\/index.php?rest_route=\/wp\/v2\/posts\/2080523\/revisions"}],"wp:attachment":[{"href":"https:\/\/analyse.optim.biz\/index.php?rest_route=%2Fwp%2Fv2%2Fmedia&parent=2080523"}],"wp:term":[{"taxonomy":"category","embeddable":true,"href":"https:\/\/analyse.optim.biz\/index.php?rest_route=%2Fwp%2Fv2%2Fcategories&post=2080523"},{"taxonomy":"post_tag","embeddable":true,"href":"https:\/\/analyse.optim.biz\/index.php?rest_route=%2Fwp%2Fv2%2Ftags&post=2080523"}],"curies":[{"name":"wp","href":"https:\/\/api.w.org\/{rel}","templated":true}]}}