{"id":2080519,"date":"2026-08-06T10:49:13","date_gmt":"2026-08-06T07:49:13","guid":{"rendered":"https:\/\/analyse.optim.biz\/?p=2080519"},"modified":"2026-08-06T10:49:13","modified_gmt":"2026-08-06T07:49:13","slug":"spectacole-de-zile-mari-targ-traditional-si-activitati-pentru-copii-la-zilele-comunei-moara-stiri-suceava","status":"publish","type":"post","link":"https:\/\/analyse.optim.biz\/?p=2080519","title":{"rendered":"Spectacole de zile mari, t\u00e2rg tradi\u021bional \u0219i activit\u0103\u021bi pentru copii, la Zilele comunei Moara &#8211; Stiri Suceava"},"content":{"rendered":"<p>[analyse_image type=&#8221;featured&#8221; src=&#8221;https:\/\/www.informatiata.ro\/wp-content\/uploads\/2026\/08\/IMG-20260806-WA0001.jpg&#8221;]<\/p>\n<div class=\"td-post-content tagdiv-type\">\n<div class=\"td-post-featured-image\"><a href=\"https:\/\/www.informatiata.ro\/wp-content\/uploads\/2026\/08\/IMG-20260806-WA0001.jpg\" data-caption><img loading=\"lazy\" decoding=\"async\" width=\"626\" height=\"933\" class=\"entry-thumb td-modal-image\" src=\"https:\/\/www.informatiata.ro\/wp-content\/uploads\/2026\/08\/IMG-20260806-WA0001.jpg\" alt title=\"IMG-20260806-WA0001\"><\/a><\/div>\n<p>Spectacole de zile mari, t\u00e2rg tradi\u021bional \u0219i activit\u0103\u021bi pentru copii, la Zilele comunei Moara, pe 15 \u0219i 16 august. <\/p>\n<p>Printre arti\u0219tii care vor urca pe scena amenajat\u0103 la iazul Hagigadar se num\u0103r\u0103 \u0219i F Charm \u0219i Paula Seling. <\/p>\n<div class=\"td-a-rec td-a-rec-id-content_inlineright  tdi_7 td_block_template_1\"><img loading=\"lazy\" decoding=\"async\" class=\"aligncenter size-full wp-image-65755\" src=\"https:\/\/www.informatiata.ro\/wp-content\/uploads\/2026\/08\/FACOS-3-2.gif\" alt width=\"300\" height=\"250\"><img loading=\"lazy\" decoding=\"async\" class=\"aligncenter size-full wp-image-65755\" src=\"https:\/\/www.informatiata.ro\/wp-content\/uploads\/2026\/08\/FACOS-3-2.gif\" alt width=\"300\" height=\"250\"><img loading=\"lazy\" decoding=\"async\" class=\"aligncenter size-full wp-image-65754\" src=\"https:\/\/www.informatiata.ro\/wp-content\/uploads\/2026\/08\/SAVCOM-4-3.gif\" alt width=\"299\" height=\"250\"><img loading=\"lazy\" decoding=\"async\" class=\"aligncenter size-full wp-image-65754\" src=\"https:\/\/www.informatiata.ro\/wp-content\/uploads\/2026\/08\/SAVCOM-4-3.gif\" alt width=\"299\" height=\"250\"><\/div>\n<p>Locuitorii comunei Moara dar \u0219i cei din zona Metropolitan\u0103 Suceava vor avea parte de spectacole cu arti\u0219ti consacra\u021bi, \u00eentr-o loca\u021bie de vis. <\/p>\n<p>Vor fi muzic\u0103 pe toate gusturile, dans, voie bun\u0103 \u0219i produse tradi\u021bionale, chiar \u00een zona iazului Hagigadar. <\/p>\n<p>\u201eAm preg\u0103tit dou\u0103 zile cu muzic\u0103 pentru toate gusturile, tradi\u021bii, produse locale \u0219i activit\u0103\u021bi pentru copii. Ne dorim ca fiecare familie s\u0103 g\u0103seasc\u0103 ceva pe placul ei \u0219i s\u0103 petreac\u0103 timp frumos \u00eempreun\u0103.<\/p>\n<p>Pentru noi, Zilele Comunei Moara sunt un moment \u00een care ne \u00eent\u00e2lnim, st\u0103m de vorb\u0103 \u0219i ne bucur\u0103m de comunitatea noastr\u0103. \u00cei a\u0219tept\u0103m pe to\u021bi la Iaz Hagigadar, pe 15 \u0219i 16 august, s\u0103 petrecem \u00eempreun\u0103 \u0219i s\u0103 ne bucur\u0103m de aceste zile de s\u0103rb\u0103toare. <\/p>\n<p>V\u0103 a\u0219tept\u0103m cu drag \u0219i v\u0103 doresc tuturor s\u0103n\u0103tate \u0219i voie bun\u0103!\u201d, transmite primarul comunei Moara, Eduard Dziminschi.<\/p>\n<p>S\u00e2mb\u0103t\u0103, 15 august, vor \u00eenc\u00e2nt\u0103 publicul:  Paula Seling, F. Charm &amp; Band, F\u0103r\u0103  Zah\u0103r, Andrei P\u0103unescu &amp; Magda Pu\u0219ca\u0219 \u0219i Alma D.<\/p>\n<p>Seara se va \u00eencheia cu un DJ Party \u00een aer liber.<\/p>\n<p>Duminic\u0103, 16 august, programul va fi dedicat \u00een special folclorului \u0219i tradi\u021biilor locale. <\/p>\n<p>Copiii vor avea la dispozi\u021bie o zon\u0103 de agrement, unde vor putea participa la jocuri \u0219i activit\u0103\u021bi recreative.<\/p>\n<div class=\"td-a-rec td-a-rec-id-content_bottom  td-rec-hide-on-m tdi_8 td_block_template_1\"><img loading=\"lazy\" decoding=\"async\" class=\"aligncenter size-full wp-image-65603\" src=\"https:\/\/www.informatiata.ro\/wp-content\/uploads\/2026\/07\/SAVCOM-19.gif\" alt width=\"299\" height=\"250\"><img loading=\"lazy\" decoding=\"async\" class=\"aligncenter size-full wp-image-65603\" src=\"https:\/\/www.informatiata.ro\/wp-content\/uploads\/2026\/07\/SAVCOM-19.gif\" alt width=\"299\" height=\"250\"><img loading=\"lazy\" decoding=\"async\" class=\"aligncenter size-full wp-image-65604\" src=\"https:\/\/www.informatiata.ro\/wp-content\/uploads\/2026\/07\/FACOS-16.gif\" alt width=\"300\" height=\"250\"><img loading=\"lazy\" decoding=\"async\" class=\"aligncenter size-full wp-image-65604\" src=\"https:\/\/www.informatiata.ro\/wp-content\/uploads\/2026\/07\/FACOS-16.gif\" alt width=\"300\" height=\"250\"><\/div>\n<\/div>\n<p>[analyse_source url=&#8221;https:\/\/www.informatiata.ro\/zilele-comunei-moara-regal-de-muzica-buna\/&#8221;]<\/p>\n","protected":false},"excerpt":{"rendered":"<p>[analyse_image type=&#8221;featured&#8221; src=&#8221;https:\/\/www.informatiata.ro\/wp-content\/uploads\/2026\/08\/IMG-20260806-WA0001.jpg&#8221;] Spectacole de zile mari, t\u00e2rg tradi\u021bional \u0219i activit\u0103\u021bi pentru copii, la Zilele comunei Moara, pe 15 \u0219i 16 august. Printre arti\u0219tii care vor urca pe scena amenajat\u0103 la iazul Hagigadar se num\u0103r\u0103 \u0219i F Charm \u0219i Paula Seling. Locuitorii comunei Moara dar \u0219i cei din zona Metropolitan\u0103 Suceava vor avea parte de [&hellip;]<\/p>\n","protected":false},"author":1,"featured_media":0,"comment_status":"open","ping_status":"","sticky":false,"template":"","format":"standard","meta":{"footnotes":""},"categories":[89],"tags":[226,167],"class_list":["post-2080519","post","type-post","status-publish","format-standard","hentry","category-romania","tag-crawlmanager","tag-informatiata-ro"],"_links":{"self":[{"href":"https:\/\/analyse.optim.biz\/index.php?rest_route=\/wp\/v2\/posts\/2080519","targetHints":{"allow":["GET"]}}],"collection":[{"href":"https:\/\/analyse.optim.biz\/index.php?rest_route=\/wp\/v2\/posts"}],"about":[{"href":"https:\/\/analyse.optim.biz\/index.php?rest_route=\/wp\/v2\/types\/post"}],"author":[{"embeddable":true,"href":"https:\/\/analyse.optim.biz\/index.php?rest_route=\/wp\/v2\/users\/1"}],"replies":[{"embeddable":true,"href":"https:\/\/analyse.optim.biz\/index.php?rest_route=%2Fwp%2Fv2%2Fcomments&post=2080519"}],"version-history":[{"count":0,"href":"https:\/\/analyse.optim.biz\/index.php?rest_route=\/wp\/v2\/posts\/2080519\/revisions"}],"wp:attachment":[{"href":"https:\/\/analyse.optim.biz\/index.php?rest_route=%2Fwp%2Fv2%2Fmedia&parent=2080519"}],"wp:term":[{"taxonomy":"category","embeddable":true,"href":"https:\/\/analyse.optim.biz\/index.php?rest_route=%2Fwp%2Fv2%2Fcategories&post=2080519"},{"taxonomy":"post_tag","embeddable":true,"href":"https:\/\/analyse.optim.biz\/index.php?rest_route=%2Fwp%2Fv2%2Ftags&post=2080519"}],"curies":[{"name":"wp","href":"https:\/\/api.w.org\/{rel}","templated":true}]}}