{"id":2080515,"date":"2026-08-06T11:08:20","date_gmt":"2026-08-06T08:08:20","guid":{"rendered":"https:\/\/analyse.optim.biz\/?p=2080515"},"modified":"2026-08-06T11:08:20","modified_gmt":"2026-08-06T08:08:20","slug":"e-oficial-ne-intoarcem-inainte-de-89-guvernul-rationalizeaza-consumul-de-energie-printr-un-act-normativ","status":"publish","type":"post","link":"https:\/\/analyse.optim.biz\/?p=2080515","title":{"rendered":"E oficial, ne \u00eentoarcem \u00eenainte de 89: Guvernul ra\u021bionalizeaz\u0103 consumul de energie printr-un act normativ"},"content":{"rendered":"<p>[analyse_image type=&#8221;featured&#8221; src=&#8221;https:\/\/r3media.ro\/wp-content\/uploads\/2025\/11\/bolojan-mosteanu-e1781434700396.pnghttps:\/\/r3media.ro\/wp-content\/uploads\/2025\/11\/bolojan-mosteanu-e1781434700396.png&#8221;]<\/p>\n<article id=\"template-id-109\" class=\"post-109 tdb_templates type-tdb_templates status-publish post\">\n<div id=\"tdi_2\" class=\"tdc-zone\">\n<div class=\"tdc_zone tdi_3  wpb_row td-pb-row\">\n<div id=\"tdi_4\" class=\"tdc-row\">\n<div class=\"vc_row tdi_5  wpb_row td-pb-row\">\n<div class=\"vc_column tdi_7  wpb_column vc_column_container tdc-column td-pb-span8\">\n<div class=\"wpb_wrapper\">\n<div class=\"td_block_wrap tdb_breadcrumbs tdi_8 td-pb-border-top td_block_template_1 tdb-breadcrumbs \" data-td-block-uid=\"tdi_8\">\n<div class=\"tdb-block-inner td-fix-index\"><span><a title=\"Vede\u021bi toate articolele \u00een ENERGIE\" class=\"tdb-entry-crumb\" href=\"https:\/\/r3media.ro\/category\/energie\/\">ENERGIE<\/a><\/span><span class=\"tdb-bred-no-url-last\">E oficial, ne \u00eentoarcem \u00eenainte de 89: Guvernul ra\u021bionalizeaz\u0103 consumul de energie&#8230;<\/span><\/div>\n<\/div>\n<div class=\"td_block_wrap tdb_single_categories tdi_9 td-pb-border-top td_block_template_1 \" data-td-block-uid=\"tdi_9\">\n<div class=\"tdb-category td-fix-index\"><a class=\"tdb-entry-category\" href=\"https:\/\/r3media.ro\/category\/energie\/\">ENERGIE<\/a><a class=\"tdb-entry-category\" href=\"https:\/\/r3media.ro\/category\/featured\/\">FEATURED<\/a><a class=\"tdb-entry-category\" href=\"https:\/\/r3media.ro\/category\/stiri\/\">\u0218TIRI<\/a><\/div>\n<\/div>\n<div class=\"td_block_wrap tdb_title tdi_10 tdb-single-title td-pb-border-top td_block_template_1\" data-td-block-uid=\"tdi_10\">\n<div class=\"tdb-block-inner td-fix-index\">\n<h1 class=\"tdb-title-text\">E oficial, ne \u00eentoarcem \u00eenainte de 89: Guvernul ra\u021bionalizeaz\u0103 consumul de energie printr-un act normativ<\/h1>\n<\/div>\n<\/div>\n<div class=\"vc_row_inner tdi_12  vc_row vc_inner wpb_row td-pb-row\">\n<div class=\"vc_column_inner tdi_14  wpb_column vc_column_container tdc-inner-column td-pb-span12\">\n<div class=\"vc_column-inner\">\n<div class=\"wpb_wrapper\">\n<div class=\"td_block_wrap tdb_single_author tdi_15 td-pb-border-top td_block_template_1 tdb-post-meta\" data-td-block-uid=\"tdi_15\">\n<div class=\"tdb-block-inner td-fix-index\">\n<div class=\"tdb-author-name-wrap\"><a class=\"tdb-author-name\" href=\"https:\/\/r3media.ro\/author\/radu_ursan\/\">Radu Ursan<\/a><\/div>\n<\/div>\n<\/div>\n<div class=\"td_block_wrap tdb_single_date tdi_16 td-pb-border-top td_block_template_1 tdb-post-meta\" data-td-block-uid=\"tdi_16\">\n<div class=\"tdb-block-inner td-fix-index\"><time class=\"entry-date updated td-module-date\" datetime=\"2026-08-06T14:08:20+03:00\">06\/08\/2026<\/time><\/div>\n<\/div>\n<\/div>\n<\/div>\n<\/div>\n<\/div>\n<div class=\"td_block_wrap tdb_single_featured_image tdi_17 tdb-content-horiz-left td-pb-border-top td_block_template_1\" data-td-block-uid=\"tdi_17\">\n<div class=\"tdb-block-inner td-fix-index\">\n<figure><figcaption class=\"tdb-caption-text\">Sursa foto: Guvernul Rom\u00e2niei<\/figcaption><\/figure>\n<\/div>\n<\/div>\n<div class=\"td_block_wrap tdb_single_content tdi_18 td-pb-border-top td_block_template_1 td-post-content tagdiv-type\" data-td-block-uid=\"tdi_18\">\n<div class=\"tdb-block-inner td-fix-index\">\n<p><strong>Guvernul ra\u021bionalizeaz\u0103 consumul de energie, printr-un act normativ, informeaz\u0103<\/strong><a href=\"https:\/\/hotnews.ro\/ultima-ora-guvernul-pregateste-limitarea-consumului-de-energie-electrica-printr-un-act-normativ-ce-arata-datele-oficiale-despre-consum-si-importuri-2318397\" target=\"_blank\" rel=\"noopener\"><strong> Hotnews.<\/strong><\/a><\/p>\n<p>Este vorba despre \u201eaprobarea Planului de Preg\u0103tire pentru Riscuri \u00een domeniul energiei electrice\u201d: \u201eEste o hot\u0103r\u00e2re prev\u0103zut\u0103 de legisla\u021bie, prin care avem un mecanism pe care \u00eel putem pune \u00een practic\u0103, prin Dispecerul Energetic Na\u021bional de la Transelectrica, pentru limitarea consumului.\u201d<\/p>\n<p>Cadrul legislativ general (Legea nr. 123\/2012) ofer\u0103 dreptul operatorului de transport \u0219i de sistem (Transelectrica) s\u0103 apeleze la reducerea consumului industrial \u00een caz de dezechilibre majore.<\/p>\n<p>Actul normativ aflat pe masa Guvernului va permite aplicarea efectiv\u0103 a acestui cadru legislativ general.<\/p>\n<p>Legea energiei permite reducerea consumului industrial \u00een caz de dezechilibre majore.<\/p>\n<p>Clien\u021bii pot fi prioritiza\u021bi, \u00een sensul c\u0103 marii consumatori industriali pot deveni \u00eentreruptibili, fiind deconecta\u021bi sau limita\u021bi \u00eenaintea unor consumatori esen\u021biali, precum spitalele, \u0219colile, institu\u021biile critice, dar \u0219i consumatorii casnici.<\/p>\n<p>Este un plan care garanteaz\u0103 protec\u021bia consumatorilor casnici \u00een caz de criz\u0103 energetic\u0103, indiferent de cauza acesteia (criz\u0103 de combustibil, greve, pandemie, secet\u0103, cutremur sau conflict militar), potrivit proiectului de Hot\u0103r\u00e2re.<\/p>\n<p>Elaborarea planului este o obliga\u021bie a Rom\u00e2niei ca stat membru al UE. Adic\u0103, trebuia oricum elaborat, conform Regulamentului (UE) 2019\/941, pentru a fi evitat\u0103 o procedur\u0103 de infringement de c\u0103tre Comisia European\u0103.<\/p>\n<p>Planul reglementeaz\u0103 procedurile de consultare, testarea anual\u0103 a func\u021bion\u0103rii Sistemului Energetic Na\u021bional de la Centrul de Dispecer de Urgen\u021b\u0103 \u0219i raportarea ex-post c\u0103tre Comisia European\u0103 \u00een termen de trei luni de la \u00eencetarea unei crize.<\/p>\n<h2><strong>M\u0103surile \u00een caz de <a href=\"https:\/\/r3media.ro\/tag\/criza-energetica\/\" target=\"_blank\" rel=\"noopener\">criz\u0103 energetic\u0103<\/a><\/strong><\/h2>\n<p>\u200b\u00cen caz de criz\u0103, planul stabile\u0219te c\u0103 func\u021bionarea pie\u021bei libere de energie va fi men\u021binut\u0103 c\u00e2t mai mult posibil. M\u0103surile de remediere sunt structurate gradual.<\/p>\n<p>Mai \u00eent\u00e2i, sunt luate m\u0103suri f\u0103r\u0103 impact asupra pie\u021bei de energie:<\/p>\n<p>\u200b- \u00cenc\u0103rcarea grupurilor generatoare la puterea maxim\u0103 disponibil\u0103 \u0219i devansarea ie\u0219irii din repara\u021bii sau conservare a unit\u0103\u021bilor de produc\u021bie.<\/p>\n<p>\u200b- Optimizarea func\u021bion\u0103rii centralelor de stocare, hidrocentralelor \u0219i a centralelor cu acumulare prin pompaj.<\/p>\n<p>\u200b- Modificarea topologiei re\u021belei pentru eliminarea restric\u021biilor de transfer.<\/p>\n<p>\u200b- Cre\u0219terea capacit\u0103\u021bilor transfrontaliere \u0219i solicitarea ajutorului de avarie de la OTS din \u021b\u0103rile vecine.<\/p>\n<p>\u200b- Trecerea la func\u021bionarea \u00een banda minim\u0103 de tensiune \u00een re\u021belele de distribu\u021bie.<\/p>\n<p>Ulterior, sunt luate m\u0103suri tehnice \u0219i comerciale cu impact asupra pie\u021bei (m\u0103suri de Salvgardare). Dac\u0103 primele ac\u021biuni nu sunt suficiente, se aplic\u0103 m\u0103suri de salvgardare, \u00een ordine strict\u0103:<\/p>\n<p>\u200b- Cre\u0219terea rezervelor pe combustibil alternativ \u0219i pornirea grupurilor din rezerva tehnic\u0103.<\/p>\n<p>\u200b- Reducerea sau anularea capacit\u0103\u021bii disponibile de interconexiune (ATC) \u0219i a schimburilor notificate pe direc\u021bia export.<\/p>\n<p>\u200b- Limitarea \u00een tran\u0219e a consumului de energie electric\u0103 conform Normativului de limit\u0103ri, aprobat prin Hot\u0103r\u00e2re de Guvern. Anun\u021barea clien\u021bilor afecta\u021bi se face \u00een scris cu cel pu\u021bin 24 de ore \u00eenainte.<\/p>\n<p>\u200b- Suspendarea complet\u0103 a pie\u021bei de energie electric\u0103 r\u0103m\u00e2ne o m\u0103sur\u0103 extrem\u0103, aplicabil\u0103 exclusiv ca ultim\u0103 solu\u021bie.<\/p>\n<p>\u200b- Protec\u021bia consumatorilor casnici \u0219i a infrastructurilor critice<\/p>\n<p>\u200b\u00cen cazuri excep\u021bionale \u0219i neprev\u0103zute (de exemplu, izolarea unor zone, sc\u0103derea frecven\u021bei sub 49 Hz, suprasolicit\u0103ri termice ale re\u021belei sau tensiuni sc\u0103zute la valori de sacrificiu), se poate aplica deconectarea manual\u0103 temporar\u0103 conform unor proceduri opera\u021bionale.<\/p>\n<p>\u200bM\u0103surile de limitare sau deconectare manual\u0103 se aplic\u0103 exclusiv consumatorilor industriali. Consumatorii casnici \u0219i reziden\u021biali sunt complet excepta\u021bi de la aceste m\u0103suri. De asemenea, beneficiaz\u0103 de protec\u021bie special\u0103 \u00eempotriva deconect\u0103rii spitalele, sanatoriile, minele subterane, sta\u021biile de extrac\u021bie a \u021bi\u021beiului \u0219i gazelor naturale, precum \u0219i alte unit\u0103\u021bi unde \u00eentreruperea aliment\u0103rii ar pune \u00een pericol vie\u021bi omene\u0219ti sau ar cauza distrugeri.<\/p>\n<h2><strong>Cum a fost pe vremea lui Ceau\u0219escu<\/strong><\/h2>\n<p>\u00cen ultimul deceniu al regimului comunist ra\u021bionalizarea energiei a fost reglementat\u0103 prin acte normative publicate \u00een Buletinul Oficial, nu doar prin dispozi\u021bii interne. Mecanismul juridic era decretul Consiliului de Stat (cu putere de lege), aprobat ulterior de Marea Adunare Na\u021bional\u0103 printr-o lege.<\/p>\n<p>Principalele acte normative:<\/p>\n<ul>\n<li>Decretul nr. 277\/1979 \u2013 primul pas important, privind ra\u021bionalizarea consumului de carburan\u021bi \u0219i gospod\u0103rirea economicoas\u0103 a parcului de autovehicule.<\/li>\n<li>Decretul nr. 240\/1982 (29 iunie 1982, B. Of. nr. 61\/30 iunie 1982) \u2013 actul-cadru al ra\u021bionaliz\u0103rii. Motivarea invoca criza energetic\u0103 mondial\u0103 \u0219i necesitatea ra\u021bionaliz\u0103rii riguroase a consumului tuturor categoriilor de combustibili, energie electric\u0103 \u0219i termic\u0103. Prevedea major\u0103ri de pre\u021buri, compensa\u021bii b\u0103ne\u0219ti pentru pensionari \u0219i cerea ca fiecare familie s\u0103 realizeze o reducere a consumului de energie cu circa 20 la sut\u0103.<\/li>\n<li>Decretul din 7 februarie 1987 \u2013 reducerea cotelor lunare pentru popula\u021bie cu 20% \u0219i a consumului pentru activit\u0103\u021bi neproductive cu cel pu\u021bin 30%. Interzicea explicit folosirea oric\u0103ror aparate consumatoare de energie electric\u0103 pentru \u00eenc\u0103lzirea spa\u021biilor.<\/li>\n<li>Decretul nr. 272\/1987 (B. Of. nr. 53\/11 noiembrie 1987) \u2013 cel mai dur. Stabilea cote lunare fixe \u00een func\u021bie de tipul locuin\u021bei \u0219i num\u0103rul de persoane: o familie \u00eentr-un apartament de 2 camere la ora\u0219 avea dreptul la maximum 35 kWh lunar iarna \u0219i 25 kWh \u00een restul anului, la tariful de baz\u0103 de 0,65 lei\/kWh. Dep\u0103\u0219irile erau sanc\u021bionate progresiv: tarif de 1.500 lei\/1.000 mc pentru dep\u0103\u0219iri de 1\u20135% la gaze, 3.000 lei plus avertisment pentru 5\u201310%, \u00eentreruperea temporar\u0103 dup\u0103 avertisment \u0219i \u00eentreruperea definitiv\u0103 \u00een caz de repetare. Pentru unit\u0103\u021bile economice se prevedea inclusiv \u00eenlocuirea din func\u021bie a cadrelor de conducere vinovate.<\/li>\n<li>Decretul nr. 315\/1988 (13 octombrie 1988), aprobat prin Legea nr. 21 din 2 decembrie 1988 \u2013 regimul pentru iarna 1988\u20131989, inclusiv programul orar de furnizare a apei calde (c\u00e2teva ore pe zi, pe zile ale s\u0103pt\u0103m\u00e2nii). Articolul 9 obliga cet\u0103\u021benii s\u0103 se \u00eencadreze \u00een nivelurile de consum normate \u0219i s\u0103 elimine orice form\u0103 de risip\u0103.<\/li>\n<li>Decretul nr. 118\/1989 (29 aprilie 1989) \u2013 regimul pentru vara 1989, cu obliga\u021bia de a men\u021bine produc\u021bia hidro la niveluri reduse pentru umplerea lacurilor de acumulare p\u00e2n\u0103 la 31 octombrie 1989.<\/li>\n<\/ul>\n<p>\u00cen 1985, pe fondul secetei \u0219i al problemelor termocentralelor, Ceau\u0219escu<a href=\"https:\/\/www.profit.ro\/povesti-cu-profit\/energie\/cum-a-rezistat-sistemul-energetic-romanesc-imediat-dupa-caderea-lui-ceausescu-14476602\" target=\"_blank\" rel=\"noopener\"> a impus starea de necesitate permanent\u0103<\/a> \u0219i regimul militarizat \u00een unit\u0103\u021bile sistemului energetic na\u021bional, fiecare unitate primind un comandant militar care controla \u00eentreaga activitate.<\/p>\n<p>Tot atunci au fost \u00eenchise posturile de radio regionale, iar televiziunea a fost limitat\u0103 la un singur canal care emitea dou\u0103-trei ore pe zi, justificarea fiind reducerea consumului de energie.<\/p>\n<p>Cotele pentru popula\u021bie au fost eliminate de FSN \u00een ianuarie 1990, iar formal actele au fost declarate abrogate abia prin Legea nr. 120\/2000 privind declararea ca abrogate a unor acte normative.<\/p>\n<div class=\"crp_related     crp-masonry\">\n<h2>\u00ceN CONTEXT<\/h2>\n<ul>\n<li><a href=\"https:\/\/r3media.ro\/consumul-in-romania-prabusit-radu-georgescu-guvernul-bolojan-model-venezuela-inflatie-2026-pregatire-financiara-mentala\/\" class=\"crp_link post-114384\"><span class=\"crp_title\">Consumul \u00een Rom\u00e2nia s-a pr\u0103bu\u0219it | Radu Georgescu: \u00cen acest ritm, Guvernul Bolojan va lua\u2026<\/span><\/a><\/li>\n<li><a href=\"https:\/\/r3media.ro\/paternalism-dupa-liberalism-2-reducerea-cheltuielilor-publice-pentru-reforma-statului\/\" class=\"crp_link post-113306\"><span class=\"crp_title\">Paternalism dup\u0103 liberalism (2) Reducerea cheltuielilor publice pentru \u201ereforma statului\u201d<\/span><\/a><\/li>\n<li><a href=\"https:\/\/r3media.ro\/dacia-ford-suspendare-productie-19-august-criza-energetica\/\" class=\"crp_link post-120794\"><span class=\"crp_title\">Dacia \u0219i Ford au suspendat produc\u021bia p\u00e2n\u0103 pe 19 august din cauza crizei energetice<\/span><\/a><\/li>\n<li><a href=\"https:\/\/r3media.ro\/romanii-bolojan-mindruta-consum-energie-electrica-romania\/\" class=\"crp_link post-120901\"><span class=\"crp_title\">Rom\u00e2nii nu au ascultat apelul lui Bolojan \u0219i al lui M\u00eendru\u021b\u0103: Miercuri sear\u0103 s-a \u00eenregistrat\u2026<\/span><\/a><\/li>\n<li><a href=\"https:\/\/r3media.ro\/romania-importa-energie-ucraina-ilie-bolojan-stare-de-alerta\/\" class=\"crp_link post-120674\"><span class=\"crp_title\">Rom\u00e2nia a ajuns s\u0103 importe energie de la Ucraina, stat aflat \u00een r\u0103zboi. Ilie Bolojan a\u2026<\/span><\/a><\/li>\n<li><a href=\"https:\/\/r3media.ro\/ilie-bolojan-dacia-ford-suspendare-productie-economie-energie\/\" class=\"crp_link post-120837\"><span class=\"crp_title\">Controvers\u0103: Dacia \u0219i Ford \u00ee\u0219i suspend\u0103 produc\u021bia pentru a face economie la energie sau nu?<\/span><\/a><\/li>\n<li><a href=\"https:\/\/r3media.ro\/criza-energetica-bolojan-romani-reducere-consum\/\" class=\"crp_link post-120638\"><span class=\"crp_title\">Criza energiei, confirmat\u0103 de la Guvern: Ilie Bolojan \u00eendeamn\u0103 rom\u00e2nii s\u0103 reduc\u0103 consumul de energie<\/span><\/a><\/li>\n<li><a href=\"https:\/\/r3media.ro\/economia-romaniei-pusa-pe-butuci-romani-saracesc-crestere-tva-scazut-consum-septembrie-incasari-stat-mici-350-milioane-de-lei\/\" class=\"crp_link post-114255\"><span class=\"crp_title\">Economia Rom\u00e2niei e pus\u0103 pe butuci iar rom\u00e2nii s\u0103r\u0103cesc pe zi ce trece | Cre\u0219terea TVA a\u2026<\/span><\/a><\/li>\n<\/ul>\n<\/div>\n<\/div>\n<\/div>\n<div class=\"td_block_wrap tdb_single_tags tdi_19 td-pb-border-top td_block_template_1\" data-td-block-uid=\"tdi_19\">\n<div class=\"tdb-block-inner td-fix-index\">\n<ul class=\"tdb-tags\">\n<li><span>SUBIECTE FIERBIN\u021aI<\/span><\/li>\n<li><a href=\"https:\/\/r3media.ro\/tag\/criza-energetica\/\">criza energetica<\/a><\/li>\n<li><a href=\"https:\/\/r3media.ro\/tag\/guvernul-bolojan\/\">guvernul bolojan<\/a><\/li>\n<li><a href=\"https:\/\/r3media.ro\/tag\/rationalizarea-gazelor\/\">ra\u021bionalizarea gazelor<\/a><\/li>\n<\/ul>\n<\/div>\n<\/div>\n<div class=\"td_block_wrap td_block_9 tdi_20 td_with_ajax_pagination td-pb-border-top td_block_template_1 td-column-2 td_block_padding td_block_bot_line\" data-td-block-uid=\"tdi_20\">\n<div class=\"td-block-title-wrap\">\n<h4 class=\"block-title td-block-title\"><span class=\"td-pulldown-size\">CITE\u0218TE MAI MULT<\/span><\/h4>\n<\/div>\n<div id=\"tdi_20\" class=\"td_block_inner\">\n<div class=\"td-block-row\">\n<div class=\"td-block-span6\">\n<div class=\"td_module_8 td_module_wrap\">\n<div class=\"item-details\">\n<h3 class=\"entry-title td-module-title\"><a href=\"https:\/\/r3media.ro\/show-iluzie-si-realitate-de-la-the-truman-show-la-son-of-a-rich\/\" rel=\"bookmark\" title=\"Show, iluzie \u0219i realitate: de la The Truman Show la Son of a Rich\">Show, iluzie \u0219i realitate: de la The Truman Show la Son of a Rich<\/a><\/h3>\n<div class=\"td-module-meta-info\"><a href=\"https:\/\/r3media.ro\/category\/opinii\/\" class=\"td-post-category\">OPINII<\/a><span class=\"td-post-author-name\"><a href=\"https:\/\/r3media.ro\/author\/costi_balasoiu\/\">Constantin B\u0103l\u0103\u0219oiu<\/a><span>&#8211;<\/span><\/span><span class=\"td-post-date\"><time class=\"entry-date updated td-module-date\" datetime=\"2026-08-04T21:41:25+03:00\">04\/08\/2026<\/time><\/span><\/div>\n<\/div>\n<\/div>\n<\/div>\n<div class=\"td-block-span6\">\n<div class=\"td_module_8 td_module_wrap\">\n<div class=\"item-details\">\n<h3 class=\"entry-title td-module-title\"><a href=\"https:\/\/r3media.ro\/cand-incepe-scoala-in-2026-structura-an-nou-scolar\/\" rel=\"bookmark\" title=\"C\u00e2nd \u00eencepe \u0219coala \u00een 2026: Structura noului an \u0219colar, vacan\u021bele \u0219i zilele libere\">C\u00e2nd \u00eencepe \u0219coala \u00een 2026: Structura noului an \u0219colar, vacan\u021bele \u0219i zilele libere<\/a><\/h3>\n<div class=\"td-module-meta-info\"><a href=\"https:\/\/r3media.ro\/category\/actualitate\/\" class=\"td-post-category\">ACTUALITATE<\/a><span class=\"td-post-author-name\"><a href=\"https:\/\/r3media.ro\/author\/oana\/\">Oana Ivan<\/a><span>&#8211;<\/span><\/span><span class=\"td-post-date\"><time class=\"entry-date updated td-module-date\" datetime=\"2026-08-03T22:23:20+03:00\">03\/08\/2026<\/time><\/span><\/div>\n<\/div>\n<\/div>\n<\/div>\n<\/div>\n<div class=\"td-block-row\">\n<div class=\"td-block-span6\">\n<div class=\"td_module_8 td_module_wrap\">\n<div class=\"item-details\">\n<h3 class=\"entry-title td-module-title\"><a href=\"https:\/\/r3media.ro\/tara-europa-norvegia-masini-electrice-inmatriculate-cota-ridicata\/\" rel=\"bookmark\" title=\"\u021aara din Europa unde aproape toate ma\u0219inile \u00eenmatriculate sune electrice. Cota a ajuns la 97,6% \u00een iulie\">\u021aara din Europa unde aproape toate ma\u0219inile \u00eenmatriculate sune electrice. Cota a ajuns la&#8230;<\/a><\/h3>\n<div class=\"td-module-meta-info\"><a href=\"https:\/\/r3media.ro\/category\/actualitate\/\" class=\"td-post-category\">ACTUALITATE<\/a><span class=\"td-post-author-name\"><a href=\"https:\/\/r3media.ro\/author\/oana\/\">Oana Ivan<\/a><span>&#8211;<\/span><\/span><span class=\"td-post-date\"><time class=\"entry-date updated td-module-date\" datetime=\"2026-08-03T17:01:21+03:00\">03\/08\/2026<\/time><\/span><\/div>\n<\/div>\n<\/div>\n<\/div>\n<div class=\"td-block-span6\">\n<div class=\"td_module_8 td_module_wrap\">\n<div class=\"item-details\">\n<h3 class=\"entry-title td-module-title\"><a href=\"https:\/\/r3media.ro\/puterea-mitologica-instalata-a-romaniei\/\" rel=\"bookmark\" title=\"Puterea mitologic\u0103 instalat\u0103 a Rom\u00e2niei\">Puterea mitologic\u0103 instalat\u0103 a Rom\u00e2niei<\/a><\/h3>\n<div class=\"td-module-meta-info\"><a href=\"https:\/\/r3media.ro\/category\/opinii\/\" class=\"td-post-category\">OPINII<\/a><span class=\"td-post-author-name\"><a href=\"https:\/\/r3media.ro\/author\/tru\/\">TRU (Traian Ungureanu)<\/a><span>&#8211;<\/span><\/span><span class=\"td-post-date\"><time class=\"entry-date updated td-module-date\" datetime=\"2026-08-02T22:08:04+03:00\">02\/08\/2026<\/time><\/span><\/div>\n<\/div>\n<\/div>\n<\/div>\n<\/div>\n<div class=\"td-block-row\">\n<div class=\"td-block-span6\">\n<div class=\"td_module_8 td_module_wrap\">\n<div class=\"item-details\">\n<h3 class=\"entry-title td-module-title\"><a href=\"https:\/\/r3media.ro\/hyundai-recheama-service-masini-electrice-inster-risc-incendiu\/\" rel=\"bookmark\" title=\"Hyundai recheam\u0103 \u00een service zeci de mii de ma\u0219ini electrice din cauza riscului de incendiu\">Hyundai recheam\u0103 \u00een service zeci de mii de ma\u0219ini electrice din cauza riscului de&#8230;<\/a><\/h3>\n<div class=\"td-module-meta-info\"><a href=\"https:\/\/r3media.ro\/category\/actualitate\/\" class=\"td-post-category\">ACTUALITATE<\/a><span class=\"td-post-author-name\"><a href=\"https:\/\/r3media.ro\/author\/oana\/\">Oana Ivan<\/a><span>&#8211;<\/span><\/span><span class=\"td-post-date\"><time class=\"entry-date updated td-module-date\" datetime=\"2026-08-02T08:34:05+03:00\">02\/08\/2026<\/time><\/span><\/div>\n<\/div>\n<\/div>\n<\/div>\n<div class=\"td-block-span6\">\n<div class=\"td_module_8 td_module_wrap\">\n<div class=\"item-details\">\n<h3 class=\"entry-title td-module-title\"><a href=\"https:\/\/r3media.ro\/dragostea-care-transcende-epoci-descult-in-parc-1967\/\" rel=\"bookmark\" title=\"Dragostea care transcende epoci \u2014 Descul\u021b \u00een parc (1967)\">Dragostea care transcende epoci \u2014 Descul\u021b \u00een parc (1967)<\/a><\/h3>\n<div class=\"td-module-meta-info\"><a href=\"https:\/\/r3media.ro\/category\/opinii\/\" class=\"td-post-category\">OPINII<\/a><span class=\"td-post-author-name\"><a href=\"https:\/\/r3media.ro\/author\/costi_balasoiu\/\">Constantin B\u0103l\u0103\u0219oiu<\/a><span>&#8211;<\/span><\/span><span class=\"td-post-date\"><time class=\"entry-date updated td-module-date\" datetime=\"2026-08-01T13:45:14+03:00\">01\/08\/2026<\/time><\/span><\/div>\n<\/div>\n<\/div>\n<\/div>\n<\/div>\n<div class=\"td-block-row\">\n<div class=\"td-block-span6\">\n<div class=\"td_module_8 td_module_wrap\">\n<div class=\"item-details\">\n<h3 class=\"entry-title td-module-title\"><a href=\"https:\/\/r3media.ro\/masina-electrica-foc-turcia-incarcat-vehicul-explozie-pompieri-stingere-incendiu-video\/\" rel=\"bookmark\" title=\"VIDEO | O ma\u0219in\u0103 electric\u0103 a luat foc \u00een timp ce se afla la \u00eenc\u0103rcat. Vehiculul a explodat chiar c\u00e2nd pompierii \u00eencercau s\u0103 sting\u0103 incendiul folosind o p\u0103tur\u0103 ignifug\u0103\">VIDEO | O ma\u0219in\u0103 electric\u0103 a luat foc \u00een timp ce se afla la&#8230;<\/a><\/h3>\n<div class=\"td-module-meta-info\"><a href=\"https:\/\/r3media.ro\/category\/actualitate\/\" class=\"td-post-category\">ACTUALITATE<\/a><span class=\"td-post-author-name\"><a href=\"https:\/\/r3media.ro\/author\/oana\/\">Oana Ivan<\/a><span>&#8211;<\/span><\/span><span class=\"td-post-date\"><time class=\"entry-date updated td-module-date\" datetime=\"2026-07-31T13:33:48+03:00\">31\/07\/2026<\/time><\/span><\/div>\n<\/div>\n<\/div>\n<\/div>\n<div class=\"td-block-span6\">\n<div class=\"td_module_8 td_module_wrap\">\n<div class=\"item-details\">\n<h3 class=\"entry-title td-module-title\"><a href=\"https:\/\/r3media.ro\/spania-asediu-migranti-exclava-ceuta-africa-madrid-trupe-securitate-video\/\" rel=\"bookmark\" title=\"VIDEO | Spania se afl\u0103 sub asediu: Mii de migran\u021bi au luat cu asalt exclava Ceuta din Africa. Madridul a trimis trupe pentru a consolida securitatea\">VIDEO | Spania se afl\u0103 sub asediu: Mii de migran\u021bi au luat cu asalt&#8230;<\/a><\/h3>\n<div class=\"td-module-meta-info\"><a href=\"https:\/\/r3media.ro\/category\/actualitate\/\" class=\"td-post-category\">ACTUALITATE<\/a><span class=\"td-post-author-name\"><a href=\"https:\/\/r3media.ro\/author\/oana\/\">Oana Ivan<\/a><span>&#8211;<\/span><\/span><span class=\"td-post-date\"><time class=\"entry-date updated td-module-date\" datetime=\"2026-07-31T12:39:57+03:00\">31\/07\/2026<\/time><\/span><\/div>\n<\/div>\n<\/div>\n<\/div>\n<\/div>\n<div class=\"td-block-row\">\n<div class=\"td-block-span6\">\n<div class=\"td_module_8 td_module_wrap\">\n<div class=\"item-details\">\n<h3 class=\"entry-title td-module-title\"><a href=\"https:\/\/r3media.ro\/expert-ucraina-faliment-agricultura-romaneasca-tehnologii-ue\/\" rel=\"bookmark\" title=\"Un expert explic\u0103 felul \u00een care concuren\u021ba din Ucraina bag\u0103 \u00een faliment agricultura rom\u00e2neasc\u0103: Folosesc tehnologii interzise \u00een UE\">Un expert explic\u0103 felul \u00een care concuren\u021ba din Ucraina bag\u0103 \u00een faliment agricultura rom\u00e2neasc\u0103:&#8230;<\/a><\/h3>\n<div class=\"td-module-meta-info\"><a href=\"https:\/\/r3media.ro\/category\/actualitate\/\" class=\"td-post-category\">ACTUALITATE<\/a><span class=\"td-post-author-name\"><a href=\"https:\/\/r3media.ro\/author\/radu_ursan\/\">Radu Ursan<\/a><span>&#8211;<\/span><\/span><span class=\"td-post-date\"><time class=\"entry-date updated td-module-date\" datetime=\"2026-07-30T09:51:48+03:00\">30\/07\/2026<\/time><\/span><\/div>\n<\/div>\n<\/div>\n<\/div>\n<div class=\"td-block-span6\">\n<div class=\"td_module_8 td_module_wrap\">\n<div class=\"item-details\">\n<h3 class=\"entry-title td-module-title\"><a href=\"https:\/\/r3media.ro\/cornel-nistorescu-drone-razboi-ucraina\/\" rel=\"bookmark\" title=\"Cornel Nistorescu, dup\u0103 incidentele cu drone: Adie a aer de r\u0103zboi. De mirare c\u0103 dronele ucrainene nu au st\u00e2rnit at\u00e2ta t\u0103r\u0103boi\">Cornel Nistorescu, dup\u0103 incidentele cu drone: Adie a aer de r\u0103zboi. De mirare c\u0103&#8230;<\/a><\/h3>\n<div class=\"td-module-meta-info\"><a href=\"https:\/\/r3media.ro\/category\/actualitate\/\" class=\"td-post-category\">ACTUALITATE<\/a><span class=\"td-post-author-name\"><a href=\"https:\/\/r3media.ro\/author\/radu_ursan\/\">Radu Ursan<\/a><span>&#8211;<\/span><\/span><span class=\"td-post-date\"><time class=\"entry-date updated td-module-date\" datetime=\"2026-07-28T10:21:51+03:00\">28\/07\/2026<\/time><\/span><\/div>\n<\/div>\n<\/div>\n<\/div>\n<\/div>\n<div class=\"td-block-row\">\n<div class=\"td-block-span6\">\n<div class=\"td_module_8 td_module_wrap\">\n<div class=\"item-details\">\n<h3 class=\"entry-title td-module-title\"><a href=\"https:\/\/r3media.ro\/bnr-recomanda-romani-rezerve-de-cash-atacuri-cibernetice-numerar-relevant-criza\/\" rel=\"bookmark\" title=\"BNR le recomand\u0103 rom\u00e2nilor s\u0103 p\u0103streze rezerve de cash: Numerarul se poate dovedi relevant \u00een criz\u0103\">BNR le recomand\u0103 rom\u00e2nilor s\u0103 p\u0103streze rezerve de cash: Numerarul se poate dovedi relevant&#8230;<\/a><\/h3>\n<div class=\"td-module-meta-info\"><a href=\"https:\/\/r3media.ro\/category\/actualitate\/\" class=\"td-post-category\">ACTUALITATE<\/a><span class=\"td-post-author-name\"><a href=\"https:\/\/r3media.ro\/author\/oana\/\">Oana Ivan<\/a><span>&#8211;<\/span><\/span><span class=\"td-post-date\"><time class=\"entry-date updated td-module-date\" datetime=\"2026-07-27T13:11:47+03:00\">27\/07\/2026<\/time><\/span><\/div>\n<\/div>\n<\/div>\n<\/div>\n<div class=\"td-block-span6\">\n<div class=\"td_module_8 td_module_wrap\">\n<div class=\"item-details\">\n<h3 class=\"entry-title td-module-title\"><a href=\"https:\/\/r3media.ro\/statul-roman-a-semnat-actul-propriei-disparitii\/\" rel=\"bookmark\" title=\"Statul rom\u00e2n a semnat actul propriei dispari\u021bii?\">Statul rom\u00e2n a semnat actul propriei dispari\u021bii?<\/a><\/h3>\n<div class=\"td-module-meta-info\"><a href=\"https:\/\/r3media.ro\/category\/opinii\/\" class=\"td-post-category\">OPINII<\/a><span class=\"td-post-author-name\"><a href=\"https:\/\/r3media.ro\/author\/gabipopa\/\">Gabriel Popa<\/a><span>&#8211;<\/span><\/span><span class=\"td-post-date\"><time class=\"entry-date updated td-module-date\" datetime=\"2026-07-27T15:07:05+03:00\">27\/07\/2026<\/time><\/span><\/div>\n<\/div>\n<\/div>\n<\/div>\n<\/div>\n<\/div>\n<div class=\"td-load-more-wrap td-load-more-infinite-wrap\" id=\"infinite-lm-tdi_20\"><a href=\"https:\/\/r3media.ro\/oficial-1989-rationalizare-consum-energie\/\" class=\"td_ajax_load_more td_ajax_load_more_js\" aria-label=\"\u00cenc\u0103rca\u021bi mai multe\" id=\"next-page-tdi_20\" data-td_block_id=\"tdi_20\">\u00cenc\u0103rca\u021bi mai multe<\/a><\/div>\n<\/div>\n<div class=\"td_block_wrap tdb_single_comments tdi_21 tdb-comm-layout2 td-pb-border-top td_block_template_1\" data-td-block-uid=\"tdi_21\">\n<div class=\"tdb-block-inner td-fix-index\">\n<div class=\"comments\" id=\"comments\">\n<div id=\"respond\" class=\"comment-respond\">\n<h3 id=\"reply-title\" class=\"comment-reply-title\">AI CEVA DE SPUS? <small><a rel=\"nofollow\" id=\"cancel-comment-reply-link\" href=\"https:\/\/r3media.ro\/oficial-1989-rationalizare-consum-energie\/#respond\">Renun\u021ba\u021bi la r\u0103spuns<\/a><\/small><\/h3>\n<div class=\"comment-form-input-wrap td-form-comment\">\n<div class=\"td-warning-comment\">V\u0103 rug\u0103m s\u0103 introduce\u021bi comentariul dvs.!<\/div>\n<\/div>\n<div class=\"comment-form-input-wrap td-form-author\">\n<div class=\"td-warning-author\">Introduce\u021bi aici numele dvs.<\/div>\n<\/div>\n<div class=\"comment-form-input-wrap td-form-email\">\n<div class=\"td-warning-email-error\">A\u021bi introdus o adres\u0103 de e-mail incorect\u0103!<\/div>\n<div class=\"td-warning-email\">V\u0103 rug\u0103m s\u0103 introduce\u021bi adresa dvs. de e-mail aici<\/div>\n<\/div>\n<\/div>\n<\/div>\n<\/div>\n<\/div>\n<\/div>\n<\/div>\n<div class=\"vc_column tdi_23  wpb_column vc_column_container tdc-column td-pb-span4 td-is-sticky\">\n<div class=\"wpb_wrapper\" data-sticky-enabled-on=\"W3RydWUsdHJ1ZSx0cnVlLHRydWVd\" data-sticky-offset=\"20\" data-sticky-is-width-auto=\"W2ZhbHNlLGZhbHNlLGZhbHNlLGZhbHNlXQ==\">\n<div class=\"wpb_wrapper td_block_wrap vc_widget_sidebar tdi_25 \">\n<div class=\"td_block_wrap td_block_7 td_block_widget tdi_26 td-pb-border-top td_block_template_1 td-column-1 td_block_padding\" data-td-block-uid=\"tdi_26\">\n<div class=\"td-block-title-wrap\">\n<h4 class=\"block-title td-block-title\"><span class=\"td-pulldown-size\">Articole RELA\u021aIONATE<\/span><\/h4>\n<\/div>\n<div id=\"tdi_26\" class=\"td_block_inner\">\n<div class=\"td-block-span12\">\n<div class=\"td_module_6 td_module_wrap td-animation-stack\">\n<div class=\"td-module-thumb\"><a href=\"https:\/\/r3media.ro\/aur-platforma-nicusor-dan\/\" rel=\"bookmark\" class=\"td-image-wrap \" title=\"AUR a lansat platforma suspeND.ro: procesul de suspendare a pre\u0219edintelui Nicu\u0219or Dan\"><img loading=\"lazy\" decoding=\"async\" class=\"entry-thumb\" src=\"https:\/\/r3media.ro\/wp-content\/uploads\/2026\/08\/suspend-nicusor-dan-100x70.jpg\" alt title=\"AUR a lansat platforma suspeND.ro: procesul de suspendare a pre\u0219edintelui Nicu\u0219or Dan\" width=\"100\" height=\"70\"><\/a><\/div>\n<div class=\"item-details\">\n<h3 class=\"entry-title td-module-title\"><a href=\"https:\/\/r3media.ro\/aur-platforma-nicusor-dan\/\" rel=\"bookmark\" title=\"AUR a lansat platforma suspeND.ro: procesul de suspendare a pre\u0219edintelui Nicu\u0219or Dan\">AUR a lansat platforma suspeND.ro: procesul de suspendare a pre\u0219edintelui Nicu\u0219or&#8230;<\/a><\/h3>\n<div class=\"td-module-meta-info\"><span class=\"td-post-date\"><time class=\"entry-date updated td-module-date\" datetime=\"2026-08-06T13:31:37+03:00\">06\/08\/2026<\/time><\/span><\/div>\n<\/div>\n<\/div>\n<\/div>\n<div class=\"td-block-span12\">\n<div class=\"td_module_6 td_module_wrap td-animation-stack\">\n<div class=\"td-module-thumb\"><a href=\"https:\/\/r3media.ro\/romanii-bolojan-mindruta-consum-energie-electrica-romania\/\" rel=\"bookmark\" class=\"td-image-wrap \" title=\"Rom\u00e2nii nu au ascultat apelul lui Bolojan \u0219i al lui M\u00eendru\u021b\u0103: Miercuri sear\u0103 s-a \u00eenregistrat unul dintre cele mai ridicate niveluri ale consumului de energie electric\u0103 din aceast\u0103 var\u0103\"><img loading=\"lazy\" decoding=\"async\" class=\"entry-thumb\" src=\"https:\/\/r3media.ro\/wp-content\/uploads\/2026\/08\/pexels-lamps-2178743-100x70.jpg\" alt title=\"Rom\u00e2nii nu au ascultat apelul lui Bolojan \u0219i al lui M\u00eendru\u021b\u0103: Miercuri sear\u0103 s-a \u00eenregistrat unul dintre cele mai ridicate niveluri ale consumului de energie electric\u0103 din aceast\u0103 var\u0103\" width=\"100\" height=\"70\"><\/a><\/div>\n<div class=\"item-details\">\n<h3 class=\"entry-title td-module-title\"><a href=\"https:\/\/r3media.ro\/romanii-bolojan-mindruta-consum-energie-electrica-romania\/\" rel=\"bookmark\" title=\"Rom\u00e2nii nu au ascultat apelul lui Bolojan \u0219i al lui M\u00eendru\u021b\u0103: Miercuri sear\u0103 s-a \u00eenregistrat unul dintre cele mai ridicate niveluri ale consumului de energie electric\u0103 din aceast\u0103 var\u0103\">Rom\u00e2nii nu au ascultat apelul lui Bolojan \u0219i al lui M\u00eendru\u021b\u0103:&#8230;<\/a><\/h3>\n<div class=\"td-module-meta-info\"><span class=\"td-post-date\"><time class=\"entry-date updated td-module-date\" datetime=\"2026-08-06T12:57:34+03:00\">06\/08\/2026<\/time><\/span><\/div>\n<\/div>\n<\/div>\n<\/div>\n<div class=\"td-block-span12\">\n<div class=\"td_module_6 td_module_wrap td-animation-stack\">\n<div class=\"td-module-thumb\"><a href=\"https:\/\/r3media.ro\/dyson-airwrap-sau-ondulator-clasic-in-vacanta-ce-pui-efectiv-in-bagaj\/\" rel=\"bookmark\" class=\"td-image-wrap \" title=\"Dyson Airwrap sau ondulator clasic \u00een vacan\u021b\u0103: ce pui efectiv \u00een bagaj\"><img loading=\"lazy\" decoding=\"async\" class=\"entry-thumb\" src=\"https:\/\/r3media.ro\/wp-content\/uploads\/2026\/08\/dyson_airwrap_sau_ondulator_clasic_n_vacan_ce_pui_efectiv_n_bagaj-100x70.jpg\" alt title=\"Dyson Airwrap sau ondulator clasic \u00een vacan\u021b\u0103: ce pui efectiv \u00een bagaj\" width=\"100\" height=\"70\"><\/a><\/div>\n<div class=\"item-details\">\n<h3 class=\"entry-title td-module-title\"><a href=\"https:\/\/r3media.ro\/dyson-airwrap-sau-ondulator-clasic-in-vacanta-ce-pui-efectiv-in-bagaj\/\" rel=\"bookmark\" title=\"Dyson Airwrap sau ondulator clasic \u00een vacan\u021b\u0103: ce pui efectiv \u00een bagaj\">Dyson Airwrap sau ondulator clasic \u00een vacan\u021b\u0103: ce pui efectiv \u00een&#8230;<\/a><\/h3>\n<div class=\"td-module-meta-info\"><span class=\"td-post-date\"><time class=\"entry-date updated td-module-date\" datetime=\"2026-08-06T00:08:20+03:00\">06\/08\/2026<\/time><\/span><\/div>\n<\/div>\n<\/div>\n<\/div>\n<div class=\"td-block-span12\">\n<div class=\"td_module_6 td_module_wrap td-animation-stack\">\n<div class=\"td-module-thumb\"><a href=\"https:\/\/r3media.ro\/reincarcare-cartela-digi-cele-mai-rapide-metode-disponibile-online\/\" rel=\"bookmark\" class=\"td-image-wrap \" title=\"Re\u00eenc\u0103rcare cartel\u0103 Digi: cele mai rapide metode disponibile online\"><img loading=\"lazy\" decoding=\"async\" class=\"entry-thumb\" src=\"https:\/\/r3media.ro\/wp-content\/uploads\/2026\/08\/rencrcare_cartel_digi_cele_mai_rapide_metode_disponibile_online-100x70.jpg\" alt title=\"Re\u00eenc\u0103rcare cartel\u0103 Digi: cele mai rapide metode disponibile online\" width=\"100\" height=\"70\"><\/a><\/div>\n<div class=\"item-details\">\n<h3 class=\"entry-title td-module-title\"><a href=\"https:\/\/r3media.ro\/reincarcare-cartela-digi-cele-mai-rapide-metode-disponibile-online\/\" rel=\"bookmark\" title=\"Re\u00eenc\u0103rcare cartel\u0103 Digi: cele mai rapide metode disponibile online\">Re\u00eenc\u0103rcare cartel\u0103 Digi: cele mai rapide metode disponibile online<\/a><\/h3>\n<div class=\"td-module-meta-info\"><span class=\"td-post-date\"><time class=\"entry-date updated td-module-date\" datetime=\"2026-08-06T00:04:49+03:00\">06\/08\/2026<\/time><\/span><\/div>\n<\/div>\n<\/div>\n<\/div>\n<div class=\"td-block-span12\">\n<div class=\"td_module_6 td_module_wrap td-animation-stack\">\n<div class=\"td-module-thumb\"><a href=\"https:\/\/r3media.ro\/mariuca-zaharia-fetita-12-ani-marasesti\/\" rel=\"bookmark\" class=\"td-image-wrap \" title=\"Calendarul zilei 6 august: M\u0103riuca Zaharia, feti\u021ba de 12 ani c\u0103zut\u0103 la M\u0103r\u0103\u0219e\u0219ti, care nu mai are loc \u00een manualele de istorie\"><img loading=\"lazy\" decoding=\"async\" class=\"entry-thumb\" src=\"https:\/\/r3media.ro\/wp-content\/uploads\/2021\/08\/mariuca-zaharia-100x70.jpeg\" alt title=\"Calendarul zilei 6 august: M\u0103riuca Zaharia, feti\u021ba de 12 ani c\u0103zut\u0103 la M\u0103r\u0103\u0219e\u0219ti, care nu mai are loc \u00een manualele de istorie\" width=\"100\" height=\"70\"><\/a><\/div>\n<div class=\"item-details\">\n<h3 class=\"entry-title td-module-title\"><a href=\"https:\/\/r3media.ro\/mariuca-zaharia-fetita-12-ani-marasesti\/\" rel=\"bookmark\" title=\"Calendarul zilei 6 august: M\u0103riuca Zaharia, feti\u021ba de 12 ani c\u0103zut\u0103 la M\u0103r\u0103\u0219e\u0219ti, care nu mai are loc \u00een manualele de istorie\">Calendarul zilei 6 august: M\u0103riuca Zaharia, feti\u021ba de 12 ani c\u0103zut\u0103&#8230;<\/a><\/h3>\n<div class=\"td-module-meta-info\"><span class=\"td-post-date\"><time class=\"entry-date updated td-module-date\" datetime=\"2026-08-05T22:42:18+03:00\">05\/08\/2026<\/time><\/span><\/div>\n<\/div>\n<\/div>\n<\/div>\n<div class=\"td-block-span12\">\n<div class=\"td_module_6 td_module_wrap td-animation-stack\">\n<div class=\"td-module-thumb\"><a href=\"https:\/\/r3media.ro\/calendarul-zilei-6-august-schimbarea-la-fata-a-domnului\/\" rel=\"bookmark\" class=\"td-image-wrap \" title=\"Calendarul zilei 6 august: Schimbarea la fa\u021b\u0103 a Domnului\"><img loading=\"lazy\" decoding=\"async\" class=\"entry-thumb\" src=\"https:\/\/r3media.ro\/wp-content\/uploads\/2022\/08\/schimbarea-la-fata-a-domnului-100x70.jpg\" alt title=\"Calendarul zilei 6 august: Schimbarea la fa\u021b\u0103 a Domnului\" width=\"100\" height=\"70\"><\/a><\/div>\n<div class=\"item-details\">\n<h3 class=\"entry-title td-module-title\"><a href=\"https:\/\/r3media.ro\/calendarul-zilei-6-august-schimbarea-la-fata-a-domnului\/\" rel=\"bookmark\" title=\"Calendarul zilei 6 august: Schimbarea la fa\u021b\u0103 a Domnului\">Calendarul zilei 6 august: Schimbarea la fa\u021b\u0103 a Domnului<\/a><\/h3>\n<div class=\"td-module-meta-info\"><span class=\"td-post-date\"><time class=\"entry-date updated td-module-date\" datetime=\"2026-08-05T22:00:40+03:00\">05\/08\/2026<\/time><\/span><\/div>\n<\/div>\n<\/div>\n<\/div>\n<div class=\"td-block-span12\">\n<div class=\"td_module_6 td_module_wrap td-animation-stack\">\n<div class=\"td-module-thumb\"><a href=\"https:\/\/r3media.ro\/drona-gasita-mare-mamaia-zona-loft-video\/\" rel=\"bookmark\" class=\"td-image-wrap \" title=\"VIDEO | O dron\u0103 a fost g\u0103sit\u0103 \u00een mare, \u00een Mamaia, \u00een zona Loft\"><img loading=\"lazy\" decoding=\"async\" class=\"entry-thumb\" src=\"https:\/\/r3media.ro\/wp-content\/uploads\/2026\/07\/plaja-goala-100x70.png\" alt title=\"VIDEO | O dron\u0103 a fost g\u0103sit\u0103 \u00een mare, \u00een Mamaia, \u00een zona Loft\" width=\"100\" height=\"70\"><\/a><\/div>\n<div class=\"item-details\">\n<h3 class=\"entry-title td-module-title\"><a href=\"https:\/\/r3media.ro\/drona-gasita-mare-mamaia-zona-loft-video\/\" rel=\"bookmark\" title=\"VIDEO | O dron\u0103 a fost g\u0103sit\u0103 \u00een mare, \u00een Mamaia, \u00een zona Loft\">VIDEO | O dron\u0103 a fost g\u0103sit\u0103 \u00een mare, \u00een Mamaia,&#8230;<\/a><\/h3>\n<div class=\"td-module-meta-info\"><span class=\"td-post-date\"><time class=\"entry-date updated td-module-date\" datetime=\"2026-08-05T21:48:11+03:00\">05\/08\/2026<\/time><\/span><\/div>\n<\/div>\n<\/div>\n<\/div>\n<\/div>\n<\/div>\n<aside class=\"td_block_template_1 widget widget_recent_comments\">\n<h4 class=\"block-title\"><span>INTR\u0102 \u00ceN DISCU\u021aIE!<\/span><\/h4>\n<ul id=\"recentcomments\">\n<li class=\"recentcomments\"><span class=\"comment-author-link\">Nicu<\/span> la <a href=\"https:\/\/r3media.ro\/ucraina-scuze-grecia-drona-marina-insula-lefkada-expolozie-portul-constanta\/#comment-40351\">Ucraina i-a cerut scuze Greciei pentru c\u0103 o dron\u0103 marin\u0103 a ajuns l\u00e2ng\u0103 Insula Lefkada. Nicio vorb\u0103 despre drona care putea s\u0103 arunce \u00een aer Portul Constan\u021ba<\/a><\/li>\n<li class=\"recentcomments\"><span class=\"comment-author-link\">Nicu<\/span> la <a href=\"https:\/\/r3media.ro\/bulgaria-nivelul-scazut-al-apelor-dunarii-nu-afecteaza-centrala-nucleara-de-la-kozlodui\/#comment-40350\">Bulgaria: Nivelul sc\u0103zut al apelor Dun\u0103rii NU afecteaz\u0103 centrala nuclear\u0103 de la Kozlodui<\/a><\/li>\n<li class=\"recentcomments\"><span class=\"comment-author-link\">Cristian<\/span> la <a href=\"https:\/\/r3media.ro\/4-august-1919-armata-romana-budapesta\/#comment-40349\">Calendarul zilei: 4 august 1919, cucerirea Budapestei de c\u0103tre Armata Rom\u00e2n\u0103<\/a><\/li>\n<li class=\"recentcomments\"><span class=\"comment-author-link\">Nicu<\/span> la <a href=\"https:\/\/r3media.ro\/ministr-securitate-energetica-marea-britanie-subventii-net-zero-umfla-facturi-cetateni-energie\/#comment-40348\">Ministrul Securit\u0103\u021bii Energetice din Marea Britanie neag\u0103 faptul c\u0103 subven\u021biile Net Zero umfl\u0103 facturile cet\u0103\u021benilor la energie<\/a><\/li>\n<li class=\"recentcomments\"><span class=\"comment-author-link\">Nicu<\/span> la <a href=\"https:\/\/r3media.ro\/sursa-crizei-energetice-radu-miruta-romania-capacitati-carbune-seceta\/#comment-40347\">Sursa crizei energetice. Ministrul Radu Miru\u021b\u0103: Rom\u00e2nia a \u00eenchis capacit\u0103\u021bi de produc\u021bie pe carbune f\u0103r\u0103 s\u0103 pun\u0103 nimic \u00een loc. Nu te po\u021bi ascunde \u00een spatele secetei<\/a><\/li>\n<li class=\"recentcomments\"><span class=\"comment-author-link\">Gavril\u0103 Moldovan<\/span> la <a href=\"https:\/\/r3media.ro\/prima-oara-istorie-presedintia-document-primplan-patriotism-european\/#comment-40346\">Pentru prima oar\u0103 \u00een istorie, Pre\u0219edin\u021bia Rom\u00e2niei emite un document care pune pe primul plan o alt\u0103 entitate dec\u00e2t \u021bara noastr\u0103: patriotismul european<\/a><\/li>\n<li class=\"recentcomments\"><span class=\"comment-author-link\">Redac\u021bia<\/span> la <a href=\"https:\/\/r3media.ro\/statul-roman-a-semnat-actul-propriei-disparitii\/#comment-40345\">Statul rom\u00e2n a semnat actul propriei dispari\u021bii?<\/a><\/li>\n<\/ul>\n<\/aside>\n<aside class=\"td_block_template_1 widget widget_search\">\n<h4 class=\"block-title\"><span>CAUT\u0102 \u0218I VEI G\u0102SI<\/span><\/h4>\n<\/aside>\n<\/div>\n<\/div>\n<\/div>\n<\/div>\n<\/div>\n<\/div>\n<\/div>\n<p><span class=\"td-page-meta\"><\/span><span class=\"td-page-meta\"><span class=\"td-page-meta\"><\/span><\/span><span class=\"td-page-meta\"><\/span><\/article>\n<\/p>\n<div class=\"td_block_wrap tdb_single_content tdi_18 td-pb-border-top td_block_template_1 td-post-content tagdiv-type\" data-td-block-uid=\"tdi_18\">\n<div class=\"tdb-block-inner td-fix-index\">\n<p><strong>Guvernul ra\u021bionalizeaz\u0103 consumul de energie, printr-un act normativ, informeaz\u0103<\/strong><a href=\"https:\/\/hotnews.ro\/ultima-ora-guvernul-pregateste-limitarea-consumului-de-energie-electrica-printr-un-act-normativ-ce-arata-datele-oficiale-despre-consum-si-importuri-2318397\" target=\"_blank\" rel=\"noopener\"><strong> Hotnews.<\/strong><\/a><\/p>\n<p>Este vorba despre \u201eaprobarea Planului de Preg\u0103tire pentru Riscuri \u00een domeniul energiei electrice\u201d: \u201eEste o hot\u0103r\u00e2re prev\u0103zut\u0103 de legisla\u021bie, prin care avem un mecanism pe care \u00eel putem pune \u00een practic\u0103, prin Dispecerul Energetic Na\u021bional de la Transelectrica, pentru limitarea consumului.\u201d<\/p>\n<p>Cadrul legislativ general (Legea nr. 123\/2012) ofer\u0103 dreptul operatorului de transport \u0219i de sistem (Transelectrica) s\u0103 apeleze la reducerea consumului industrial \u00een caz de dezechilibre majore.<\/p>\n<p>Actul normativ aflat pe masa Guvernului va permite aplicarea efectiv\u0103 a acestui cadru legislativ general.<\/p>\n<p>Legea energiei permite reducerea consumului industrial \u00een caz de dezechilibre majore.<\/p>\n<p>Clien\u021bii pot fi prioritiza\u021bi, \u00een sensul c\u0103 marii consumatori industriali pot deveni \u00eentreruptibili, fiind deconecta\u021bi sau limita\u021bi \u00eenaintea unor consumatori esen\u021biali, precum spitalele, \u0219colile, institu\u021biile critice, dar \u0219i consumatorii casnici.<\/p>\n<p>Este un plan care garanteaz\u0103 protec\u021bia consumatorilor casnici \u00een caz de criz\u0103 energetic\u0103, indiferent de cauza acesteia (criz\u0103 de combustibil, greve, pandemie, secet\u0103, cutremur sau conflict militar), potrivit proiectului de Hot\u0103r\u00e2re.<\/p>\n<p>Elaborarea planului este o obliga\u021bie a Rom\u00e2niei ca stat membru al UE. Adic\u0103, trebuia oricum elaborat, conform Regulamentului (UE) 2019\/941, pentru a fi evitat\u0103 o procedur\u0103 de infringement de c\u0103tre Comisia European\u0103.<\/p>\n<p>Planul reglementeaz\u0103 procedurile de consultare, testarea anual\u0103 a func\u021bion\u0103rii Sistemului Energetic Na\u021bional de la Centrul de Dispecer de Urgen\u021b\u0103 \u0219i raportarea ex-post c\u0103tre Comisia European\u0103 \u00een termen de trei luni de la \u00eencetarea unei crize.<\/p>\n<h2><strong>M\u0103surile \u00een caz de <a href=\"https:\/\/r3media.ro\/tag\/criza-energetica\/\" target=\"_blank\" rel=\"noopener\">criz\u0103 energetic\u0103<\/a><\/strong><\/h2>\n<p>\u200b\u00cen caz de criz\u0103, planul stabile\u0219te c\u0103 func\u021bionarea pie\u021bei libere de energie va fi men\u021binut\u0103 c\u00e2t mai mult posibil. M\u0103surile de remediere sunt structurate gradual.<\/p>\n<p>Mai \u00eent\u00e2i, sunt luate m\u0103suri f\u0103r\u0103 impact asupra pie\u021bei de energie:<\/p>\n<p>\u200b- \u00cenc\u0103rcarea grupurilor generatoare la puterea maxim\u0103 disponibil\u0103 \u0219i devansarea ie\u0219irii din repara\u021bii sau conservare a unit\u0103\u021bilor de produc\u021bie.<\/p>\n<p>\u200b- Optimizarea func\u021bion\u0103rii centralelor de stocare, hidrocentralelor \u0219i a centralelor cu acumulare prin pompaj.<\/p>\n<p>\u200b- Modificarea topologiei re\u021belei pentru eliminarea restric\u021biilor de transfer.<\/p>\n<p>\u200b- Cre\u0219terea capacit\u0103\u021bilor transfrontaliere \u0219i solicitarea ajutorului de avarie de la OTS din \u021b\u0103rile vecine.<\/p>\n<p>\u200b- Trecerea la func\u021bionarea \u00een banda minim\u0103 de tensiune \u00een re\u021belele de distribu\u021bie.<\/p>\n<p>Ulterior, sunt luate m\u0103suri tehnice \u0219i comerciale cu impact asupra pie\u021bei (m\u0103suri de Salvgardare). Dac\u0103 primele ac\u021biuni nu sunt suficiente, se aplic\u0103 m\u0103suri de salvgardare, \u00een ordine strict\u0103:<\/p>\n<p>\u200b- Cre\u0219terea rezervelor pe combustibil alternativ \u0219i pornirea grupurilor din rezerva tehnic\u0103.<\/p>\n<p>\u200b- Reducerea sau anularea capacit\u0103\u021bii disponibile de interconexiune (ATC) \u0219i a schimburilor notificate pe direc\u021bia export.<\/p>\n<p>\u200b- Limitarea \u00een tran\u0219e a consumului de energie electric\u0103 conform Normativului de limit\u0103ri, aprobat prin Hot\u0103r\u00e2re de Guvern. Anun\u021barea clien\u021bilor afecta\u021bi se face \u00een scris cu cel pu\u021bin 24 de ore \u00eenainte.<\/p>\n<p>\u200b- Suspendarea complet\u0103 a pie\u021bei de energie electric\u0103 r\u0103m\u00e2ne o m\u0103sur\u0103 extrem\u0103, aplicabil\u0103 exclusiv ca ultim\u0103 solu\u021bie.<\/p>\n<p>\u200b- Protec\u021bia consumatorilor casnici \u0219i a infrastructurilor critice<\/p>\n<p>\u200b\u00cen cazuri excep\u021bionale \u0219i neprev\u0103zute (de exemplu, izolarea unor zone, sc\u0103derea frecven\u021bei sub 49 Hz, suprasolicit\u0103ri termice ale re\u021belei sau tensiuni sc\u0103zute la valori de sacrificiu), se poate aplica deconectarea manual\u0103 temporar\u0103 conform unor proceduri opera\u021bionale.<\/p>\n<p>\u200bM\u0103surile de limitare sau deconectare manual\u0103 se aplic\u0103 exclusiv consumatorilor industriali. Consumatorii casnici \u0219i reziden\u021biali sunt complet excepta\u021bi de la aceste m\u0103suri. De asemenea, beneficiaz\u0103 de protec\u021bie special\u0103 \u00eempotriva deconect\u0103rii spitalele, sanatoriile, minele subterane, sta\u021biile de extrac\u021bie a \u021bi\u021beiului \u0219i gazelor naturale, precum \u0219i alte unit\u0103\u021bi unde \u00eentreruperea aliment\u0103rii ar pune \u00een pericol vie\u021bi omene\u0219ti sau ar cauza distrugeri.<\/p>\n<h2><strong>Cum a fost pe vremea lui Ceau\u0219escu<\/strong><\/h2>\n<p>\u00cen ultimul deceniu al regimului comunist ra\u021bionalizarea energiei a fost reglementat\u0103 prin acte normative publicate \u00een Buletinul Oficial, nu doar prin dispozi\u021bii interne. Mecanismul juridic era decretul Consiliului de Stat (cu putere de lege), aprobat ulterior de Marea Adunare Na\u021bional\u0103 printr-o lege.<\/p>\n<p>Principalele acte normative:<\/p>\n<ul>\n<li>Decretul nr. 277\/1979 \u2013 primul pas important, privind ra\u021bionalizarea consumului de carburan\u021bi \u0219i gospod\u0103rirea economicoas\u0103 a parcului de autovehicule.<\/li>\n<li>Decretul nr. 240\/1982 (29 iunie 1982, B. Of. nr. 61\/30 iunie 1982) \u2013 actul-cadru al ra\u021bionaliz\u0103rii. Motivarea invoca criza energetic\u0103 mondial\u0103 \u0219i necesitatea ra\u021bionaliz\u0103rii riguroase a consumului tuturor categoriilor de combustibili, energie electric\u0103 \u0219i termic\u0103. Prevedea major\u0103ri de pre\u021buri, compensa\u021bii b\u0103ne\u0219ti pentru pensionari \u0219i cerea ca fiecare familie s\u0103 realizeze o reducere a consumului de energie cu circa 20 la sut\u0103.<\/li>\n<li>Decretul din 7 februarie 1987 \u2013 reducerea cotelor lunare pentru popula\u021bie cu 20% \u0219i a consumului pentru activit\u0103\u021bi neproductive cu cel pu\u021bin 30%. Interzicea explicit folosirea oric\u0103ror aparate consumatoare de energie electric\u0103 pentru \u00eenc\u0103lzirea spa\u021biilor.<\/li>\n<li>Decretul nr. 272\/1987 (B. Of. nr. 53\/11 noiembrie 1987) \u2013 cel mai dur. Stabilea cote lunare fixe \u00een func\u021bie de tipul locuin\u021bei \u0219i num\u0103rul de persoane: o familie \u00eentr-un apartament de 2 camere la ora\u0219 avea dreptul la maximum 35 kWh lunar iarna \u0219i 25 kWh \u00een restul anului, la tariful de baz\u0103 de 0,65 lei\/kWh. Dep\u0103\u0219irile erau sanc\u021bionate progresiv: tarif de 1.500 lei\/1.000 mc pentru dep\u0103\u0219iri de 1\u20135% la gaze, 3.000 lei plus avertisment pentru 5\u201310%, \u00eentreruperea temporar\u0103 dup\u0103 avertisment \u0219i \u00eentreruperea definitiv\u0103 \u00een caz de repetare. Pentru unit\u0103\u021bile economice se prevedea inclusiv \u00eenlocuirea din func\u021bie a cadrelor de conducere vinovate.<\/li>\n<li>Decretul nr. 315\/1988 (13 octombrie 1988), aprobat prin Legea nr. 21 din 2 decembrie 1988 \u2013 regimul pentru iarna 1988\u20131989, inclusiv programul orar de furnizare a apei calde (c\u00e2teva ore pe zi, pe zile ale s\u0103pt\u0103m\u00e2nii). Articolul 9 obliga cet\u0103\u021benii s\u0103 se \u00eencadreze \u00een nivelurile de consum normate \u0219i s\u0103 elimine orice form\u0103 de risip\u0103.<\/li>\n<li>Decretul nr. 118\/1989 (29 aprilie 1989) \u2013 regimul pentru vara 1989, cu obliga\u021bia de a men\u021bine produc\u021bia hidro la niveluri reduse pentru umplerea lacurilor de acumulare p\u00e2n\u0103 la 31 octombrie 1989.<\/li>\n<\/ul>\n<p>\u00cen 1985, pe fondul secetei \u0219i al problemelor termocentralelor, Ceau\u0219escu<a href=\"https:\/\/www.profit.ro\/povesti-cu-profit\/energie\/cum-a-rezistat-sistemul-energetic-romanesc-imediat-dupa-caderea-lui-ceausescu-14476602\" target=\"_blank\" rel=\"noopener\"> a impus starea de necesitate permanent\u0103<\/a> \u0219i regimul militarizat \u00een unit\u0103\u021bile sistemului energetic na\u021bional, fiecare unitate primind un comandant militar care controla \u00eentreaga activitate.<\/p>\n<p>Tot atunci au fost \u00eenchise posturile de radio regionale, iar televiziunea a fost limitat\u0103 la un singur canal care emitea dou\u0103-trei ore pe zi, justificarea fiind reducerea consumului de energie.<\/p>\n<p>Cotele pentru popula\u021bie au fost eliminate de FSN \u00een ianuarie 1990, iar formal actele au fost declarate abrogate abia prin Legea nr. 120\/2000 privind declararea ca abrogate a unor acte normative.<\/p>\n<div class=\"crp_related     crp-masonry\">\n<h2>\u00ceN CONTEXT<\/h2>\n<ul>\n<li><a href=\"https:\/\/r3media.ro\/consumul-in-romania-prabusit-radu-georgescu-guvernul-bolojan-model-venezuela-inflatie-2026-pregatire-financiara-mentala\/\" class=\"crp_link post-114384\"><span class=\"crp_title\">Consumul \u00een Rom\u00e2nia s-a pr\u0103bu\u0219it | Radu Georgescu: \u00cen acest ritm, Guvernul Bolojan va lua\u2026<\/span><\/a><\/li>\n<li><a href=\"https:\/\/r3media.ro\/paternalism-dupa-liberalism-2-reducerea-cheltuielilor-publice-pentru-reforma-statului\/\" class=\"crp_link post-113306\"><span class=\"crp_title\">Paternalism dup\u0103 liberalism (2) Reducerea cheltuielilor publice pentru \u201ereforma statului\u201d<\/span><\/a><\/li>\n<li><a href=\"https:\/\/r3media.ro\/dacia-ford-suspendare-productie-19-august-criza-energetica\/\" class=\"crp_link post-120794\"><span class=\"crp_title\">Dacia \u0219i Ford au suspendat produc\u021bia p\u00e2n\u0103 pe 19 august din cauza crizei energetice<\/span><\/a><\/li>\n<li><a href=\"https:\/\/r3media.ro\/romanii-bolojan-mindruta-consum-energie-electrica-romania\/\" class=\"crp_link post-120901\"><span class=\"crp_title\">Rom\u00e2nii nu au ascultat apelul lui Bolojan \u0219i al lui M\u00eendru\u021b\u0103: Miercuri sear\u0103 s-a \u00eenregistrat\u2026<\/span><\/a><\/li>\n<li><a href=\"https:\/\/r3media.ro\/romania-importa-energie-ucraina-ilie-bolojan-stare-de-alerta\/\" class=\"crp_link post-120674\"><span class=\"crp_title\">Rom\u00e2nia a ajuns s\u0103 importe energie de la Ucraina, stat aflat \u00een r\u0103zboi. Ilie Bolojan a\u2026<\/span><\/a><\/li>\n<li><a href=\"https:\/\/r3media.ro\/ilie-bolojan-dacia-ford-suspendare-productie-economie-energie\/\" class=\"crp_link post-120837\"><span class=\"crp_title\">Controvers\u0103: Dacia \u0219i Ford \u00ee\u0219i suspend\u0103 produc\u021bia pentru a face economie la energie sau nu?<\/span><\/a><\/li>\n<li><a href=\"https:\/\/r3media.ro\/criza-energetica-bolojan-romani-reducere-consum\/\" class=\"crp_link post-120638\"><span class=\"crp_title\">Criza energiei, confirmat\u0103 de la Guvern: Ilie Bolojan \u00eendeamn\u0103 rom\u00e2nii s\u0103 reduc\u0103 consumul de energie<\/span><\/a><\/li>\n<li><a href=\"https:\/\/r3media.ro\/economia-romaniei-pusa-pe-butuci-romani-saracesc-crestere-tva-scazut-consum-septembrie-incasari-stat-mici-350-milioane-de-lei\/\" class=\"crp_link post-114255\"><span class=\"crp_title\">Economia Rom\u00e2niei e pus\u0103 pe butuci iar rom\u00e2nii s\u0103r\u0103cesc pe zi ce trece | Cre\u0219terea TVA a\u2026<\/span><\/a><\/li>\n<\/ul>\n<\/div>\n<\/div>\n<\/div>\n<p>[analyse_source url=&#8221;https:\/\/r3media.ro\/oficial-1989-rationalizare-consum-energie\/&#8221;]<\/p>\n","protected":false},"excerpt":{"rendered":"<p>[analyse_image type=&#8221;featured&#8221; src=&#8221;https:\/\/r3media.ro\/wp-content\/uploads\/2025\/11\/bolojan-mosteanu-e1781434700396.pnghttps:\/\/r3media.ro\/wp-content\/uploads\/2025\/11\/bolojan-mosteanu-e1781434700396.png&#8221;] ENERGIEE oficial, ne \u00eentoarcem \u00eenainte de 89: Guvernul ra\u021bionalizeaz\u0103 consumul de energie&#8230; ENERGIEFEATURED\u0218TIRI E oficial, ne \u00eentoarcem \u00eenainte de 89: Guvernul ra\u021bionalizeaz\u0103 consumul de energie printr-un act normativ Radu Ursan 06\/08\/2026 Sursa foto: Guvernul Rom\u00e2niei Guvernul ra\u021bionalizeaz\u0103 consumul de energie, printr-un act normativ, informeaz\u0103 Hotnews. Este vorba despre \u201eaprobarea Planului de Preg\u0103tire [&hellip;]<\/p>\n","protected":false},"author":1,"featured_media":0,"comment_status":"open","ping_status":"","sticky":false,"template":"","format":"standard","meta":{"footnotes":""},"categories":[89],"tags":[226,93],"class_list":["post-2080515","post","type-post","status-publish","format-standard","hentry","category-romania","tag-crawlmanager","tag-r3media-ro"],"_links":{"self":[{"href":"https:\/\/analyse.optim.biz\/index.php?rest_route=\/wp\/v2\/posts\/2080515","targetHints":{"allow":["GET"]}}],"collection":[{"href":"https:\/\/analyse.optim.biz\/index.php?rest_route=\/wp\/v2\/posts"}],"about":[{"href":"https:\/\/analyse.optim.biz\/index.php?rest_route=\/wp\/v2\/types\/post"}],"author":[{"embeddable":true,"href":"https:\/\/analyse.optim.biz\/index.php?rest_route=\/wp\/v2\/users\/1"}],"replies":[{"embeddable":true,"href":"https:\/\/analyse.optim.biz\/index.php?rest_route=%2Fwp%2Fv2%2Fcomments&post=2080515"}],"version-history":[{"count":0,"href":"https:\/\/analyse.optim.biz\/index.php?rest_route=\/wp\/v2\/posts\/2080515\/revisions"}],"wp:attachment":[{"href":"https:\/\/analyse.optim.biz\/index.php?rest_route=%2Fwp%2Fv2%2Fmedia&parent=2080515"}],"wp:term":[{"taxonomy":"category","embeddable":true,"href":"https:\/\/analyse.optim.biz\/index.php?rest_route=%2Fwp%2Fv2%2Fcategories&post=2080515"},{"taxonomy":"post_tag","embeddable":true,"href":"https:\/\/analyse.optim.biz\/index.php?rest_route=%2Fwp%2Fv2%2Ftags&post=2080515"}],"curies":[{"name":"wp","href":"https:\/\/api.w.org\/{rel}","templated":true}]}}