{"id":208051,"date":"2014-04-09T10:01:59","date_gmt":"2014-04-09T07:01:59","guid":{"rendered":"https:\/\/analyse.optim.biz\/?p=208051"},"modified":"2014-04-09T10:01:59","modified_gmt":"2014-04-09T07:01:59","slug":"mircea-diaconu-afla-astazi-daca-va-putea-candida-ca-independent-la-alegerile-europarlamentare","status":"publish","type":"post","link":"https:\/\/analyse.optim.biz\/?p=208051","title":{"rendered":"Mircea Diaconu afl\u0103 ast\u0103zi dac\u0103 va putea candida ca independent la alegerile europarlamentare"},"content":{"rendered":"<div class=\"entry data-app-meta data-app-meta-article\" data-embed-base-url-canonical=\"https:\/\/www.digi24.ro\/embed\/stiri\/actualitate\/politica\/mircea-diaconu-afla-astazi-daca-va-putea-candida-ca-independent-la-alegerile-europarlamentare-226768\">\n<p data-index=\"1\">\u00cen 2012, \u00cenalta Curte de Casa\u0163ie \u015fi Justi\u0163ie l-a declarat incompatibil pe Mircea Diaconu \u015fi i-a interzis ca, pe o perioad\u0103 de trei ani, s\u0103 ocupe func\u0163ii publice.<\/p>\n<\/div>\n<p> Source URL: https:\/\/www.digi24.ro\/stiri\/actualitate\/politica\/mircea-diaconu-afla-astazi-daca-va-putea-candida-ca-independent-la-alegerile-europarlamentare-226768<\/p>\n","protected":false},"excerpt":{"rendered":"<p>\u00cen 2012, \u00cenalta Curte de Casa\u0163ie \u015fi Justi\u0163ie l-a declarat incompatibil pe Mircea Diaconu \u015fi i-a interzis ca, pe o perioad\u0103 de trei ani, s\u0103 ocupe func\u0163ii publice. Source URL: https:\/\/www.digi24.ro\/stiri\/actualitate\/politica\/mircea-diaconu-afla-astazi-daca-va-putea-candida-ca-independent-la-alegerile-europarlamentare-226768<\/p>\n","protected":false},"author":1,"featured_media":208052,"comment_status":"open","ping_status":"","sticky":false,"template":"","format":"standard","meta":{"footnotes":""},"categories":[2],"tags":[11],"class_list":["post-208051","post","type-post","status-publish","format-standard","has-post-thumbnail","hentry","category-politics","tag-digi24"],"_links":{"self":[{"href":"https:\/\/analyse.optim.biz\/index.php?rest_route=\/wp\/v2\/posts\/208051","targetHints":{"allow":["GET"]}}],"collection":[{"href":"https:\/\/analyse.optim.biz\/index.php?rest_route=\/wp\/v2\/posts"}],"about":[{"href":"https:\/\/analyse.optim.biz\/index.php?rest_route=\/wp\/v2\/types\/post"}],"author":[{"embeddable":true,"href":"https:\/\/analyse.optim.biz\/index.php?rest_route=\/wp\/v2\/users\/1"}],"replies":[{"embeddable":true,"href":"https:\/\/analyse.optim.biz\/index.php?rest_route=%2Fwp%2Fv2%2Fcomments&post=208051"}],"version-history":[{"count":0,"href":"https:\/\/analyse.optim.biz\/index.php?rest_route=\/wp\/v2\/posts\/208051\/revisions"}],"wp:featuredmedia":[{"embeddable":true,"href":"https:\/\/analyse.optim.biz\/index.php?rest_route=\/wp\/v2\/media\/208052"}],"wp:attachment":[{"href":"https:\/\/analyse.optim.biz\/index.php?rest_route=%2Fwp%2Fv2%2Fmedia&parent=208051"}],"wp:term":[{"taxonomy":"category","embeddable":true,"href":"https:\/\/analyse.optim.biz\/index.php?rest_route=%2Fwp%2Fv2%2Fcategories&post=208051"},{"taxonomy":"post_tag","embeddable":true,"href":"https:\/\/analyse.optim.biz\/index.php?rest_route=%2Fwp%2Fv2%2Ftags&post=208051"}],"curies":[{"name":"wp","href":"https:\/\/api.w.org\/{rel}","templated":true}]}}