{"id":2080318,"date":"2026-08-05T17:18:59","date_gmt":"2026-08-05T14:18:59","guid":{"rendered":"https:\/\/analyse.optim.biz\/?p=2080318"},"modified":"2026-08-05T17:18:59","modified_gmt":"2026-08-05T14:18:59","slug":"vara-marilor-proiecte-la-horezu-cu-investitii-in-energie-transport-sanatate-scoli-patrimoniu-si-gaze-nicolae-sardarescu-cand-proiectele-depind-de-mine-concediul-nu-exista","status":"publish","type":"post","link":"https:\/\/analyse.optim.biz\/?p=2080318","title":{"rendered":"Vara marilor proiecte la Horezu, cu investi\u021bii \u00een energie, transport, s\u0103n\u0103tate, \u0219coli, patrimoniu \u0219i gaze. Nicolae S\u0103rd\u0103rescu: \u201eC\u00e2nd proiectele depind de mine, concediul nu exist\u0103\u201d"},"content":{"rendered":"<p>[analyse_image type=&#8221;featured&#8221; src=&#8221;https:\/\/www.impactreal.ro\/wp-content\/uploads\/2026\/08\/PRIMARIA-HOREZU-2026-1024&#215;576.png&#8221;]<\/p>\n<div class=\"single-news-content\">\n<div class=\"news-image\"><img loading=\"lazy\" decoding=\"async\" width=\"1672\" height=\"941\" src=\"https:\/\/www.impactreal.ro\/wp-content\/uploads\/2026\/08\/PRIMARIA-HOREZU-2026.png\" class=\"img-responsive wp-post-image\" alt=\"Vara marilor proiecte la Horezu, cu investi\u021bii \u00een energie, transport, s\u0103n\u0103tate, \u0219coli, patrimoniu \u0219i gaze. Nicolae S\u0103rd\u0103rescu: \u201eC\u00e2nd proiectele depind de mine, concediul nu exist\u0103\u201d\"><\/div>\n<div class=\"news-detail clearfix\">\n<div class=\"entry-meta\"><span class=\"posted-date\"><a href=\"https:\/\/www.impactreal.ro\/2026\/08\/05\/vara-marilor-proiecte-la-horezu-cu-investitii-in-energie-transport-sanatate-scoli-patrimoniu-si-gaze-nicolae-sardarescu-cand-proiectele-depind-de-mine-concediul-nu-exista\/\" rel=\"bookmark\"><time class=\"entry-date published updated\" datetime=\"2026-08-05T20:18:59+03:00\">5 august 2026<\/time><\/a><\/span><span class=\"author vcard\"><a href=\"https:\/\/www.impactreal.ro\/author\/claudia-schiopu\/\">Claudia Schiopu<\/a><\/span><span class=\"cat-links\"><a href=\"https:\/\/www.impactreal.ro\/category\/administratie\/\" rel=\"category tag\">Administra\u0163ie<\/a><a href=\"https:\/\/www.impactreal.ro\/category\/horezu\/\" rel=\"category tag\">Horezu<\/a><\/span><\/div>\n<div class=\"news-content editor-content-entry\">\n<p><strong>Primarul ora\u0219ului Horezu, Nicolae S\u0103rd\u0103rescu, spune c\u0103 nici \u00een aceast\u0103 var\u0103 nu \u00ee\u0219i va lua concediu, deoarece perioada este decisiv\u0103 pentru finalizarea proiectelor finan\u021bate prin PNRR \u0219i pentru investi\u021biile aflate \u00een desf\u0103\u0219urare. P\u00e2n\u0103 la sf\u00e2r\u0219itul lunii august trebuie \u00eencheiate ultimele dou\u0103 obiective din program, dup\u0103 care administra\u021bia local\u0103 \u00ee\u0219i va concentra aten\u021bia asupra altor investi\u021bii, de la energie verde \u0219i transport public p\u00e2n\u0103 la extinderea spitalului \u0219i modernizarea centrului ora\u0219ului.<\/strong><\/p>\n<p>Nicolae S\u0103rd\u0103rescu afirm\u0103 c\u0103 nu \u0219i-a luat concediu nici \u00een acest an \u0219i spune c\u0103 acest lucru face parte din felul \u00een care \u0219i-a desf\u0103\u0219urat activitatea de-a lungul timpului. De\u0219i familia a plecat \u00een vacan\u021b\u0103, el a r\u0103mas la Prim\u0103rie pentru a urm\u0103ri lucr\u0103rile \u0219i pentru a se asigura c\u0103 fiecare proiect este dus la bun sf\u00e2r\u0219it:<\/p>\n<p>\u201e<strong><em>Da, ca de obicei, f\u0103r\u0103 concediu, fiindc\u0103 \u00abf\u0103r\u0103 concediu\u00bb face parte din activitatea mea. Toat\u0103 via\u021ba mea am fost dedicat activit\u0103\u021bii pe care am f\u0103cut-o, tot f\u0103r\u0103 concediu, cu at\u00e2t mai mult de c\u00e2nd sunt primarul acestui ora\u0219. Nu vreau s\u0103 pierd nicio zi f\u0103r\u0103 ca eu s\u0103 \u0219tiu ce se \u00eent\u00e2mpl\u0103. Familia \u00eentreag\u0103 a plecat \u00een vacan\u021b\u0103, copiii \u0219i nepo\u021bii<\/em><\/strong>.\u201d<\/p>\n<p><strong><u>Finalul lunii august, termenul decisiv pentru PNRR<\/u><\/strong><\/p>\n<p>Primarul spune c\u0103, prin PNRR, mai sunt de finalizat blocurile nZEB \u0219i Planul Urbanistic General. Restul proiectelor au fost \u00eencheiate, iar termenul de la sf\u00e2r\u0219itul lunii august trebuie respectat:<\/p>\n<p>\u201e<strong><em>Nu pot s\u0103 plec \u00een concediu pentru c\u0103 prin PNRR avem de finalizat zece proiecte. Din toate aceste zece proiecte mai avem blocurile nZEB p\u00e2n\u0103 la finele lunii august, dar le finaliz\u0103m \u0219i pe acestea p\u00e2n\u0103 la finele lunii, \u0219i PUG, pe care \u00eel finaliz\u0103m tot acum. Restul sunt finalizate toate. Blocurile nZEB sunt realizate \u00een propor\u021bie de 99%. Finalizarea p\u00e2n\u0103 la sf\u00e2r\u0219itul lunii august este o condi\u021bie pe care trebuie s\u0103 o \u00eendeplinim. Pentru a finaliza toate aceste proiecte am luat ni\u0219te m\u0103suri draconice cu constructorii.\u201d<\/em><\/strong><\/p>\n<p><strong><u>Dou\u0103 parcuri fotovoltaice pentru consumul institu\u021biilor publice<\/u><\/strong><\/p>\n<p>Pe lista investi\u021biilor aflate \u00een lucru se afl\u0103 cele dou\u0103 parcuri fotovoltaice din zona Treapt. Dup\u0103 finalizarea lor, administra\u021bia local\u0103 estimeaz\u0103 c\u0103 energia produs\u0103 va acoperi consumul institu\u021biilor publice din ora\u0219, de la spital \u0219i liceu p\u00e2n\u0103 la \u0219coli, gr\u0103dini\u021be \u0219i iluminatul public: \u201e<strong><em>Cu aceste parcuri vom compensa \u00eentreaga energie consumat\u0103 pentru toate institu\u021biile publice. Vom deveni prosumatori<\/em><\/strong>.\u201d<\/p>\n<p><strong><u>Transport public modern, cu autobuze electrice<\/u><\/strong><\/p>\n<p>Tot \u00een lucru este proiectul de mobilitate urban\u0103, care include autogara \u0219i baza de service pentru mijloacele de transport electrice. Valoarea investi\u021biei este de aproximativ cinci milioane de euro \u0219i prevede amenajarea a 44 de sta\u021bii moderne, precum \u0219i introducerea a \u0219ase autobuze \u0219i dou\u0103 microbuze electrice pentru transportul \u00een zona metropolitan\u0103 Horezu.<\/p>\n<p><strong><u>Un nou corp pentru Spitalul Or\u0103\u0219enesc<\/u><\/strong><\/p>\n<p>O investi\u021bie important\u0103 urmeaz\u0103 s\u0103 intre \u00een etapa de execu\u021bie la Spitalul Or\u0103\u0219enesc Horezu. Prim\u0103ria preg\u0103te\u0219te licita\u021bia pentru construirea unui nou corp de cl\u0103dire, finan\u021bat din fonduri europene prin ADR Sud-Vest Oltenia. Proiectul are o valoare de peste patru milioane de euro \u0219i prevede o cl\u0103dire cu subsol, parter \u0219i dou\u0103 etaje.<\/p>\n<p>Potrivit primarului, noul corp va extinde ambulatoriul \u0219i spitalul, va include saloane pentru intern\u0103ri de o zi \u0219i spa\u021bii destinate sec\u021biilor de urologie, pneumologie, diabetologie \u0219i cardiologie. Activit\u0103\u021bile care nu au leg\u0103tur\u0103 cu blocul operator vor fi mutate \u00een aceast\u0103 cl\u0103dire, pentru a reduce presiunea asupra compartimentului de urgen\u021b\u0103.<\/p>\n<p><strong><u>Lucr\u0103rile din Centrul II ar putea fi terminate \u00eenainte de termen<\/u><\/strong><\/p>\n<p>Lucr\u0103rile continu\u0103 \u0219i \u00een zona Centrul II, unde administra\u021bia local\u0103 estimeaz\u0103 c\u0103 investi\u021bia ar putea fi terminat\u0103 cu aproximativ \u0219ase luni \u00eenainte de termen. Proiectul cuprinde modernizarea unei suprafe\u021be de aproximativ opt mii de metri p\u0103tra\u021bi, refacerea re\u021belelor de ap\u0103, canalizare \u0219i energie electric\u0103, amenajarea spa\u021biilor verzi, a unui amfiteatru \u00een aer liber \u0219i a unei zone de joac\u0103.<\/p>\n<p><strong><u>\u0218coala profesional\u0103 intr\u0103 \u00een etapa final\u0103<\/u><\/strong><\/p>\n<p>La Romanii de Jos se apropie de final construc\u021bia \u0219colii profesionale. Primarul spune c\u0103 au mai r\u0103mas de executat lucr\u0103ri la terenul de sport, unde va fi amenajat gazon sintetic \u0219i instala\u021bie de nocturn\u0103, astfel \u00eenc\u00e2t obiectivul s\u0103 fie gata p\u00e2n\u0103 \u00een luna septembrie.<\/p>\n<p><strong><u>O gr\u0103dini\u021b\u0103 nou\u0103 va fi construit\u0103 \u00een zona S\u0103li\u0219te<\/u><\/strong><\/p>\n<p>Administra\u021bia local\u0103 a \u00eencheiat \u0219i etapa de evaluare pentru construirea unei noi gr\u0103dini\u021be \u00een zona S\u0103li\u0219te. Cl\u0103direa veche este \u00een curs de demolare, iar noua gr\u0103dini\u021b\u0103 va avea parter \u0219i etaj.<\/p>\n<p><strong><u>Lucr\u0103ri la Ur\u0219ani \u0219i restaurarea M\u0103n\u0103stirii Horezu<\/u><\/strong><\/p>\n<p>Pe \u0219antiere se lucreaz\u0103 \u0219i la ansamblul Bisericii din Ur\u0219ani, unde investi\u021bia este finan\u021bat\u0103 din fonduri europene. \u00cen acela\u0219i timp, a fost semnat ordinul de \u00eencepere pentru restaurarea M\u0103n\u0103stirii Horezu, proiect finan\u021bat tot prin ADR Sud-Vest Oltenia.<\/p>\n<p><strong><u>Horezu preg\u0103te\u0219te re\u021beaua de distribu\u021bie pentru gaz<\/u><\/strong><\/p>\n<p>Nicolae S\u0103rd\u0103rescu spune c\u0103 administra\u021bia local\u0103 preg\u0103te\u0219te \u0219i proiectul re\u021belei de distribu\u021bie a gazelor, astfel \u00eenc\u00e2t ora\u0219ul s\u0103 fie preg\u0103tit c\u00e2nd magistrala Tetila \u2013 Horezu \u2013 R\u00e2mnicu V\u00e2lcea va fi finalizat\u0103: \u201e<strong><em>Magistrala avanseaz\u0103 foarte bine. Noi, \u00een tot acest timp, ne ocup\u0103m de proiectul ora\u0219ului, astfel \u00eenc\u00e2t atunci c\u00e2nd se va finaliza magistrala \u0219i noi s\u0103 fim gata cu proiectul ora\u0219ului<\/em><\/strong>.\u201d<\/p>\n<p><strong><u>Nicolae S\u0103rd\u0103rescu: \u201eAici este ideologia ora\u0219ului \u0219i a oamenilor acestui ora\u0219\u201d<\/u><\/strong><\/p>\n<p>Despre colaborarea cu Consiliul Local, primarul spune c\u0103 aproape toate proiectele au fost aprobate \u00een ultimii zece ani, de\u0219i PSD are \u0219apte consilieri din totalul de 15.<\/p>\n<p>Nicolae S\u0103rd\u0103rescu consider\u0103 c\u0103 acest lucru a fost posibil deoarece proiectele au fost bine preg\u0103tite, iar \u00eenaintea fiec\u0103rei \u0219edin\u021be discut\u0103 cu ale\u0219ii locali \u0219i le ofer\u0103 explica\u021biile necesare<\/p>\n<p>\u201e<strong><em>Din totalul de 15 consilieri locali, PSD are \u0219apte. Au trecut \u00eentotdeauna, \u00een propor\u021bie de 99%, toate proiectele. Nu am avut niciodat\u0103 probleme \u00een zece ani de c\u00e2nd sunt primarul acestui ora\u0219. Nu m-am dus niciodat\u0103 cu un proiect neserios. Am o discu\u021bie deschis\u0103 cu ei \u0219i, dac\u0103 au nel\u0103muriri, merg personal \u0219i le explic. Este o localitate mic\u0103, ne \u0219tim cu to\u021bii. Aici ideologia de partid nu \u00ee\u0219i are rostul, aici este ideologia ora\u0219ului \u0219i a oamenilor acestui ora\u0219<\/em><\/strong>.\u201d<\/p>\n<p>\u00a0<\/p>\n<p>\u00a0<\/p>\n<p>\u00a0<\/p>\n<p>\u00a0<\/p>\n<p>\u00a0<\/p>\n<\/div>\n<\/div>\n<\/div>\n<div class=\"news-content editor-content-entry\">\n<p><strong>Primarul ora\u0219ului Horezu, Nicolae S\u0103rd\u0103rescu, spune c\u0103 nici \u00een aceast\u0103 var\u0103 nu \u00ee\u0219i va lua concediu, deoarece perioada este decisiv\u0103 pentru finalizarea proiectelor finan\u021bate prin PNRR \u0219i pentru investi\u021biile aflate \u00een desf\u0103\u0219urare. P\u00e2n\u0103 la sf\u00e2r\u0219itul lunii august trebuie \u00eencheiate ultimele dou\u0103 obiective din program, dup\u0103 care administra\u021bia local\u0103 \u00ee\u0219i va concentra aten\u021bia asupra altor investi\u021bii, de la energie verde \u0219i transport public p\u00e2n\u0103 la extinderea spitalului \u0219i modernizarea centrului ora\u0219ului.<\/strong><\/p>\n<p>Nicolae S\u0103rd\u0103rescu afirm\u0103 c\u0103 nu \u0219i-a luat concediu nici \u00een acest an \u0219i spune c\u0103 acest lucru face parte din felul \u00een care \u0219i-a desf\u0103\u0219urat activitatea de-a lungul timpului. De\u0219i familia a plecat \u00een vacan\u021b\u0103, el a r\u0103mas la Prim\u0103rie pentru a urm\u0103ri lucr\u0103rile \u0219i pentru a se asigura c\u0103 fiecare proiect este dus la bun sf\u00e2r\u0219it:<\/p>\n<p>\u201e<strong><em>Da, ca de obicei, f\u0103r\u0103 concediu, fiindc\u0103 \u00abf\u0103r\u0103 concediu\u00bb face parte din activitatea mea. Toat\u0103 via\u021ba mea am fost dedicat activit\u0103\u021bii pe care am f\u0103cut-o, tot f\u0103r\u0103 concediu, cu at\u00e2t mai mult de c\u00e2nd sunt primarul acestui ora\u0219. Nu vreau s\u0103 pierd nicio zi f\u0103r\u0103 ca eu s\u0103 \u0219tiu ce se \u00eent\u00e2mpl\u0103. Familia \u00eentreag\u0103 a plecat \u00een vacan\u021b\u0103, copiii \u0219i nepo\u021bii<\/em><\/strong>.\u201d<\/p>\n<p><strong><u>Finalul lunii august, termenul decisiv pentru PNRR<\/u><\/strong><\/p>\n<p>Primarul spune c\u0103, prin PNRR, mai sunt de finalizat blocurile nZEB \u0219i Planul Urbanistic General. Restul proiectelor au fost \u00eencheiate, iar termenul de la sf\u00e2r\u0219itul lunii august trebuie respectat:<\/p>\n<p>\u201e<strong><em>Nu pot s\u0103 plec \u00een concediu pentru c\u0103 prin PNRR avem de finalizat zece proiecte. Din toate aceste zece proiecte mai avem blocurile nZEB p\u00e2n\u0103 la finele lunii august, dar le finaliz\u0103m \u0219i pe acestea p\u00e2n\u0103 la finele lunii, \u0219i PUG, pe care \u00eel finaliz\u0103m tot acum. Restul sunt finalizate toate. Blocurile nZEB sunt realizate \u00een propor\u021bie de 99%. Finalizarea p\u00e2n\u0103 la sf\u00e2r\u0219itul lunii august este o condi\u021bie pe care trebuie s\u0103 o \u00eendeplinim. Pentru a finaliza toate aceste proiecte am luat ni\u0219te m\u0103suri draconice cu constructorii.\u201d<\/em><\/strong><\/p>\n<p><strong><u>Dou\u0103 parcuri fotovoltaice pentru consumul institu\u021biilor publice<\/u><\/strong><\/p>\n<p>Pe lista investi\u021biilor aflate \u00een lucru se afl\u0103 cele dou\u0103 parcuri fotovoltaice din zona Treapt. Dup\u0103 finalizarea lor, administra\u021bia local\u0103 estimeaz\u0103 c\u0103 energia produs\u0103 va acoperi consumul institu\u021biilor publice din ora\u0219, de la spital \u0219i liceu p\u00e2n\u0103 la \u0219coli, gr\u0103dini\u021be \u0219i iluminatul public: \u201e<strong><em>Cu aceste parcuri vom compensa \u00eentreaga energie consumat\u0103 pentru toate institu\u021biile publice. Vom deveni prosumatori<\/em><\/strong>.\u201d<\/p>\n<p><strong><u>Transport public modern, cu autobuze electrice<\/u><\/strong><\/p>\n<p>Tot \u00een lucru este proiectul de mobilitate urban\u0103, care include autogara \u0219i baza de service pentru mijloacele de transport electrice. Valoarea investi\u021biei este de aproximativ cinci milioane de euro \u0219i prevede amenajarea a 44 de sta\u021bii moderne, precum \u0219i introducerea a \u0219ase autobuze \u0219i dou\u0103 microbuze electrice pentru transportul \u00een zona metropolitan\u0103 Horezu.<\/p>\n<p><strong><u>Un nou corp pentru Spitalul Or\u0103\u0219enesc<\/u><\/strong><\/p>\n<p>O investi\u021bie important\u0103 urmeaz\u0103 s\u0103 intre \u00een etapa de execu\u021bie la Spitalul Or\u0103\u0219enesc Horezu. Prim\u0103ria preg\u0103te\u0219te licita\u021bia pentru construirea unui nou corp de cl\u0103dire, finan\u021bat din fonduri europene prin ADR Sud-Vest Oltenia. Proiectul are o valoare de peste patru milioane de euro \u0219i prevede o cl\u0103dire cu subsol, parter \u0219i dou\u0103 etaje.<\/p>\n<p>Potrivit primarului, noul corp va extinde ambulatoriul \u0219i spitalul, va include saloane pentru intern\u0103ri de o zi \u0219i spa\u021bii destinate sec\u021biilor de urologie, pneumologie, diabetologie \u0219i cardiologie. Activit\u0103\u021bile care nu au leg\u0103tur\u0103 cu blocul operator vor fi mutate \u00een aceast\u0103 cl\u0103dire, pentru a reduce presiunea asupra compartimentului de urgen\u021b\u0103.<\/p>\n<p><strong><u>Lucr\u0103rile din Centrul II ar putea fi terminate \u00eenainte de termen<\/u><\/strong><\/p>\n<p>Lucr\u0103rile continu\u0103 \u0219i \u00een zona Centrul II, unde administra\u021bia local\u0103 estimeaz\u0103 c\u0103 investi\u021bia ar putea fi terminat\u0103 cu aproximativ \u0219ase luni \u00eenainte de termen. Proiectul cuprinde modernizarea unei suprafe\u021be de aproximativ opt mii de metri p\u0103tra\u021bi, refacerea re\u021belelor de ap\u0103, canalizare \u0219i energie electric\u0103, amenajarea spa\u021biilor verzi, a unui amfiteatru \u00een aer liber \u0219i a unei zone de joac\u0103.<\/p>\n<p><strong><u>\u0218coala profesional\u0103 intr\u0103 \u00een etapa final\u0103<\/u><\/strong><\/p>\n<p>La Romanii de Jos se apropie de final construc\u021bia \u0219colii profesionale. Primarul spune c\u0103 au mai r\u0103mas de executat lucr\u0103ri la terenul de sport, unde va fi amenajat gazon sintetic \u0219i instala\u021bie de nocturn\u0103, astfel \u00eenc\u00e2t obiectivul s\u0103 fie gata p\u00e2n\u0103 \u00een luna septembrie.<\/p>\n<p><strong><u>O gr\u0103dini\u021b\u0103 nou\u0103 va fi construit\u0103 \u00een zona S\u0103li\u0219te<\/u><\/strong><\/p>\n<p>Administra\u021bia local\u0103 a \u00eencheiat \u0219i etapa de evaluare pentru construirea unei noi gr\u0103dini\u021be \u00een zona S\u0103li\u0219te. Cl\u0103direa veche este \u00een curs de demolare, iar noua gr\u0103dini\u021b\u0103 va avea parter \u0219i etaj.<\/p>\n<p><strong><u>Lucr\u0103ri la Ur\u0219ani \u0219i restaurarea M\u0103n\u0103stirii Horezu<\/u><\/strong><\/p>\n<p>Pe \u0219antiere se lucreaz\u0103 \u0219i la ansamblul Bisericii din Ur\u0219ani, unde investi\u021bia este finan\u021bat\u0103 din fonduri europene. \u00cen acela\u0219i timp, a fost semnat ordinul de \u00eencepere pentru restaurarea M\u0103n\u0103stirii Horezu, proiect finan\u021bat tot prin ADR Sud-Vest Oltenia.<\/p>\n<p><strong><u>Horezu preg\u0103te\u0219te re\u021beaua de distribu\u021bie pentru gaz<\/u><\/strong><\/p>\n<p>Nicolae S\u0103rd\u0103rescu spune c\u0103 administra\u021bia local\u0103 preg\u0103te\u0219te \u0219i proiectul re\u021belei de distribu\u021bie a gazelor, astfel \u00eenc\u00e2t ora\u0219ul s\u0103 fie preg\u0103tit c\u00e2nd magistrala Tetila \u2013 Horezu \u2013 R\u00e2mnicu V\u00e2lcea va fi finalizat\u0103: \u201e<strong><em>Magistrala avanseaz\u0103 foarte bine. Noi, \u00een tot acest timp, ne ocup\u0103m de proiectul ora\u0219ului, astfel \u00eenc\u00e2t atunci c\u00e2nd se va finaliza magistrala \u0219i noi s\u0103 fim gata cu proiectul ora\u0219ului<\/em><\/strong>.\u201d<\/p>\n<p><strong><u>Nicolae S\u0103rd\u0103rescu: \u201eAici este ideologia ora\u0219ului \u0219i a oamenilor acestui ora\u0219\u201d<\/u><\/strong><\/p>\n<p>Despre colaborarea cu Consiliul Local, primarul spune c\u0103 aproape toate proiectele au fost aprobate \u00een ultimii zece ani, de\u0219i PSD are \u0219apte consilieri din totalul de 15.<\/p>\n<p>Nicolae S\u0103rd\u0103rescu consider\u0103 c\u0103 acest lucru a fost posibil deoarece proiectele au fost bine preg\u0103tite, iar \u00eenaintea fiec\u0103rei \u0219edin\u021be discut\u0103 cu ale\u0219ii locali \u0219i le ofer\u0103 explica\u021biile necesare<\/p>\n<p>\u201e<strong><em>Din totalul de 15 consilieri locali, PSD are \u0219apte. Au trecut \u00eentotdeauna, \u00een propor\u021bie de 99%, toate proiectele. Nu am avut niciodat\u0103 probleme \u00een zece ani de c\u00e2nd sunt primarul acestui ora\u0219. Nu m-am dus niciodat\u0103 cu un proiect neserios. Am o discu\u021bie deschis\u0103 cu ei \u0219i, dac\u0103 au nel\u0103muriri, merg personal \u0219i le explic. Este o localitate mic\u0103, ne \u0219tim cu to\u021bii. Aici ideologia de partid nu \u00ee\u0219i are rostul, aici este ideologia ora\u0219ului \u0219i a oamenilor acestui ora\u0219<\/em><\/strong>.\u201d<\/p>\n<p>\u00a0<\/p>\n<p>\u00a0<\/p>\n<p>\u00a0<\/p>\n<p>\u00a0<\/p>\n<p>\u00a0<\/p>\n<\/div>\n<div class=\"news-content editor-content-entry\">\n<p><strong>Primarul ora\u0219ului Horezu, Nicolae S\u0103rd\u0103rescu, spune c\u0103 nici \u00een aceast\u0103 var\u0103 nu \u00ee\u0219i va lua concediu, deoarece perioada este decisiv\u0103 pentru finalizarea proiectelor finan\u021bate prin PNRR \u0219i pentru investi\u021biile aflate \u00een desf\u0103\u0219urare. P\u00e2n\u0103 la sf\u00e2r\u0219itul lunii august trebuie \u00eencheiate ultimele dou\u0103 obiective din program, dup\u0103 care administra\u021bia local\u0103 \u00ee\u0219i va concentra aten\u021bia asupra altor investi\u021bii, de la energie verde \u0219i transport public p\u00e2n\u0103 la extinderea spitalului \u0219i modernizarea centrului ora\u0219ului.<\/strong><\/p>\n<p>Nicolae S\u0103rd\u0103rescu afirm\u0103 c\u0103 nu \u0219i-a luat concediu nici \u00een acest an \u0219i spune c\u0103 acest lucru face parte din felul \u00een care \u0219i-a desf\u0103\u0219urat activitatea de-a lungul timpului. De\u0219i familia a plecat \u00een vacan\u021b\u0103, el a r\u0103mas la Prim\u0103rie pentru a urm\u0103ri lucr\u0103rile \u0219i pentru a se asigura c\u0103 fiecare proiect este dus la bun sf\u00e2r\u0219it:<\/p>\n<p>\u201e<strong><em>Da, ca de obicei, f\u0103r\u0103 concediu, fiindc\u0103 \u00abf\u0103r\u0103 concediu\u00bb face parte din activitatea mea. Toat\u0103 via\u021ba mea am fost dedicat activit\u0103\u021bii pe care am f\u0103cut-o, tot f\u0103r\u0103 concediu, cu at\u00e2t mai mult de c\u00e2nd sunt primarul acestui ora\u0219. Nu vreau s\u0103 pierd nicio zi f\u0103r\u0103 ca eu s\u0103 \u0219tiu ce se \u00eent\u00e2mpl\u0103. Familia \u00eentreag\u0103 a plecat \u00een vacan\u021b\u0103, copiii \u0219i nepo\u021bii<\/em><\/strong>.\u201d<\/p>\n<p><strong><u>Finalul lunii august, termenul decisiv pentru PNRR<\/u><\/strong><\/p>\n<p>Primarul spune c\u0103, prin PNRR, mai sunt de finalizat blocurile nZEB \u0219i Planul Urbanistic General. Restul proiectelor au fost \u00eencheiate, iar termenul de la sf\u00e2r\u0219itul lunii august trebuie respectat:<\/p>\n<p>\u201e<strong><em>Nu pot s\u0103 plec \u00een concediu pentru c\u0103 prin PNRR avem de finalizat zece proiecte. Din toate aceste zece proiecte mai avem blocurile nZEB p\u00e2n\u0103 la finele lunii august, dar le finaliz\u0103m \u0219i pe acestea p\u00e2n\u0103 la finele lunii, \u0219i PUG, pe care \u00eel finaliz\u0103m tot acum. Restul sunt finalizate toate. Blocurile nZEB sunt realizate \u00een propor\u021bie de 99%. Finalizarea p\u00e2n\u0103 la sf\u00e2r\u0219itul lunii august este o condi\u021bie pe care trebuie s\u0103 o \u00eendeplinim. Pentru a finaliza toate aceste proiecte am luat ni\u0219te m\u0103suri draconice cu constructorii.\u201d<\/em><\/strong><\/p>\n<p><strong><u>Dou\u0103 parcuri fotovoltaice pentru consumul institu\u021biilor publice<\/u><\/strong><\/p>\n<p>Pe lista investi\u021biilor aflate \u00een lucru se afl\u0103 cele dou\u0103 parcuri fotovoltaice din zona Treapt. Dup\u0103 finalizarea lor, administra\u021bia local\u0103 estimeaz\u0103 c\u0103 energia produs\u0103 va acoperi consumul institu\u021biilor publice din ora\u0219, de la spital \u0219i liceu p\u00e2n\u0103 la \u0219coli, gr\u0103dini\u021be \u0219i iluminatul public: \u201e<strong><em>Cu aceste parcuri vom compensa \u00eentreaga energie consumat\u0103 pentru toate institu\u021biile publice. Vom deveni prosumatori<\/em><\/strong>.\u201d<\/p>\n<p><strong><u>Transport public modern, cu autobuze electrice<\/u><\/strong><\/p>\n<p>Tot \u00een lucru este proiectul de mobilitate urban\u0103, care include autogara \u0219i baza de service pentru mijloacele de transport electrice. Valoarea investi\u021biei este de aproximativ cinci milioane de euro \u0219i prevede amenajarea a 44 de sta\u021bii moderne, precum \u0219i introducerea a \u0219ase autobuze \u0219i dou\u0103 microbuze electrice pentru transportul \u00een zona metropolitan\u0103 Horezu.<\/p>\n<p><strong><u>Un nou corp pentru Spitalul Or\u0103\u0219enesc<\/u><\/strong><\/p>\n<p>O investi\u021bie important\u0103 urmeaz\u0103 s\u0103 intre \u00een etapa de execu\u021bie la Spitalul Or\u0103\u0219enesc Horezu. Prim\u0103ria preg\u0103te\u0219te licita\u021bia pentru construirea unui nou corp de cl\u0103dire, finan\u021bat din fonduri europene prin ADR Sud-Vest Oltenia. Proiectul are o valoare de peste patru milioane de euro \u0219i prevede o cl\u0103dire cu subsol, parter \u0219i dou\u0103 etaje.<\/p>\n<p>Potrivit primarului, noul corp va extinde ambulatoriul \u0219i spitalul, va include saloane pentru intern\u0103ri de o zi \u0219i spa\u021bii destinate sec\u021biilor de urologie, pneumologie, diabetologie \u0219i cardiologie. Activit\u0103\u021bile care nu au leg\u0103tur\u0103 cu blocul operator vor fi mutate \u00een aceast\u0103 cl\u0103dire, pentru a reduce presiunea asupra compartimentului de urgen\u021b\u0103.<\/p>\n<p><strong><u>Lucr\u0103rile din Centrul II ar putea fi terminate \u00eenainte de termen<\/u><\/strong><\/p>\n<p>Lucr\u0103rile continu\u0103 \u0219i \u00een zona Centrul II, unde administra\u021bia local\u0103 estimeaz\u0103 c\u0103 investi\u021bia ar putea fi terminat\u0103 cu aproximativ \u0219ase luni \u00eenainte de termen. Proiectul cuprinde modernizarea unei suprafe\u021be de aproximativ opt mii de metri p\u0103tra\u021bi, refacerea re\u021belelor de ap\u0103, canalizare \u0219i energie electric\u0103, amenajarea spa\u021biilor verzi, a unui amfiteatru \u00een aer liber \u0219i a unei zone de joac\u0103.<\/p>\n<p><strong><u>\u0218coala profesional\u0103 intr\u0103 \u00een etapa final\u0103<\/u><\/strong><\/p>\n<p>La Romanii de Jos se apropie de final construc\u021bia \u0219colii profesionale. Primarul spune c\u0103 au mai r\u0103mas de executat lucr\u0103ri la terenul de sport, unde va fi amenajat gazon sintetic \u0219i instala\u021bie de nocturn\u0103, astfel \u00eenc\u00e2t obiectivul s\u0103 fie gata p\u00e2n\u0103 \u00een luna septembrie.<\/p>\n<p><strong><u>O gr\u0103dini\u021b\u0103 nou\u0103 va fi construit\u0103 \u00een zona S\u0103li\u0219te<\/u><\/strong><\/p>\n<p>Administra\u021bia local\u0103 a \u00eencheiat \u0219i etapa de evaluare pentru construirea unei noi gr\u0103dini\u021be \u00een zona S\u0103li\u0219te. Cl\u0103direa veche este \u00een curs de demolare, iar noua gr\u0103dini\u021b\u0103 va avea parter \u0219i etaj.<\/p>\n<p><strong><u>Lucr\u0103ri la Ur\u0219ani \u0219i restaurarea M\u0103n\u0103stirii Horezu<\/u><\/strong><\/p>\n<p>Pe \u0219antiere se lucreaz\u0103 \u0219i la ansamblul Bisericii din Ur\u0219ani, unde investi\u021bia este finan\u021bat\u0103 din fonduri europene. \u00cen acela\u0219i timp, a fost semnat ordinul de \u00eencepere pentru restaurarea M\u0103n\u0103stirii Horezu, proiect finan\u021bat tot prin ADR Sud-Vest Oltenia.<\/p>\n<p><strong><u>Horezu preg\u0103te\u0219te re\u021beaua de distribu\u021bie pentru gaz<\/u><\/strong><\/p>\n<p>Nicolae S\u0103rd\u0103rescu spune c\u0103 administra\u021bia local\u0103 preg\u0103te\u0219te \u0219i proiectul re\u021belei de distribu\u021bie a gazelor, astfel \u00eenc\u00e2t ora\u0219ul s\u0103 fie preg\u0103tit c\u00e2nd magistrala Tetila \u2013 Horezu \u2013 R\u00e2mnicu V\u00e2lcea va fi finalizat\u0103: \u201e<strong><em>Magistrala avanseaz\u0103 foarte bine. Noi, \u00een tot acest timp, ne ocup\u0103m de proiectul ora\u0219ului, astfel \u00eenc\u00e2t atunci c\u00e2nd se va finaliza magistrala \u0219i noi s\u0103 fim gata cu proiectul ora\u0219ului<\/em><\/strong>.\u201d<\/p>\n<p><strong><u>Nicolae S\u0103rd\u0103rescu: \u201eAici este ideologia ora\u0219ului \u0219i a oamenilor acestui ora\u0219\u201d<\/u><\/strong><\/p>\n<p>Despre colaborarea cu Consiliul Local, primarul spune c\u0103 aproape toate proiectele au fost aprobate \u00een ultimii zece ani, de\u0219i PSD are \u0219apte consilieri din totalul de 15.<\/p>\n<p>Nicolae S\u0103rd\u0103rescu consider\u0103 c\u0103 acest lucru a fost posibil deoarece proiectele au fost bine preg\u0103tite, iar \u00eenaintea fiec\u0103rei \u0219edin\u021be discut\u0103 cu ale\u0219ii locali \u0219i le ofer\u0103 explica\u021biile necesare<\/p>\n<p>\u201e<strong><em>Din totalul de 15 consilieri locali, PSD are \u0219apte. Au trecut \u00eentotdeauna, \u00een propor\u021bie de 99%, toate proiectele. Nu am avut niciodat\u0103 probleme \u00een zece ani de c\u00e2nd sunt primarul acestui ora\u0219. Nu m-am dus niciodat\u0103 cu un proiect neserios. Am o discu\u021bie deschis\u0103 cu ei \u0219i, dac\u0103 au nel\u0103muriri, merg personal \u0219i le explic. Este o localitate mic\u0103, ne \u0219tim cu to\u021bii. Aici ideologia de partid nu \u00ee\u0219i are rostul, aici este ideologia ora\u0219ului \u0219i a oamenilor acestui ora\u0219<\/em><\/strong>.\u201d<\/p>\n<p>\u00a0<\/p>\n<p>\u00a0<\/p>\n<p>\u00a0<\/p>\n<p>\u00a0<\/p>\n<p>\u00a0<\/p>\n<\/div>\n<p>[analyse_source url=&#8221;https:\/\/www.impactreal.ro\/2026\/08\/05\/vara-marilor-proiecte-la-horezu-cu-investitii-in-energie-transport-sanatate-scoli-patrimoniu-si-gaze-nicolae-sardarescu-cand-proiectele-depind-de-mine-concediul-nu-exista\/&#8221;]<\/p>\n","protected":false},"excerpt":{"rendered":"<p>[analyse_image type=&#8221;featured&#8221; src=&#8221;https:\/\/www.impactreal.ro\/wp-content\/uploads\/2026\/08\/PRIMARIA-HOREZU-2026-1024&#215;576.png&#8221;] 5 august 2026Claudia SchiopuAdministra\u0163ieHorezu Primarul ora\u0219ului Horezu, Nicolae S\u0103rd\u0103rescu, spune c\u0103 nici \u00een aceast\u0103 var\u0103 nu \u00ee\u0219i va lua concediu, deoarece perioada este decisiv\u0103 pentru finalizarea proiectelor finan\u021bate prin PNRR \u0219i pentru investi\u021biile aflate \u00een desf\u0103\u0219urare. P\u00e2n\u0103 la sf\u00e2r\u0219itul lunii august trebuie \u00eencheiate ultimele dou\u0103 obiective din program, dup\u0103 care administra\u021bia local\u0103 [&hellip;]<\/p>\n","protected":false},"author":1,"featured_media":0,"comment_status":"open","ping_status":"","sticky":false,"template":"","format":"standard","meta":{"footnotes":""},"categories":[89],"tags":[226,212],"class_list":["post-2080318","post","type-post","status-publish","format-standard","hentry","category-romania","tag-crawlmanager","tag-impactreal-ro"],"_links":{"self":[{"href":"https:\/\/analyse.optim.biz\/index.php?rest_route=\/wp\/v2\/posts\/2080318","targetHints":{"allow":["GET"]}}],"collection":[{"href":"https:\/\/analyse.optim.biz\/index.php?rest_route=\/wp\/v2\/posts"}],"about":[{"href":"https:\/\/analyse.optim.biz\/index.php?rest_route=\/wp\/v2\/types\/post"}],"author":[{"embeddable":true,"href":"https:\/\/analyse.optim.biz\/index.php?rest_route=\/wp\/v2\/users\/1"}],"replies":[{"embeddable":true,"href":"https:\/\/analyse.optim.biz\/index.php?rest_route=%2Fwp%2Fv2%2Fcomments&post=2080318"}],"version-history":[{"count":0,"href":"https:\/\/analyse.optim.biz\/index.php?rest_route=\/wp\/v2\/posts\/2080318\/revisions"}],"wp:attachment":[{"href":"https:\/\/analyse.optim.biz\/index.php?rest_route=%2Fwp%2Fv2%2Fmedia&parent=2080318"}],"wp:term":[{"taxonomy":"category","embeddable":true,"href":"https:\/\/analyse.optim.biz\/index.php?rest_route=%2Fwp%2Fv2%2Fcategories&post=2080318"},{"taxonomy":"post_tag","embeddable":true,"href":"https:\/\/analyse.optim.biz\/index.php?rest_route=%2Fwp%2Fv2%2Ftags&post=2080318"}],"curies":[{"name":"wp","href":"https:\/\/api.w.org\/{rel}","templated":true}]}}