{"id":2080266,"date":"2026-08-06T08:06:23","date_gmt":"2026-08-06T05:06:23","guid":{"rendered":"https:\/\/analyse.optim.biz\/?p=2080266"},"modified":"2026-08-06T08:06:23","modified_gmt":"2026-08-06T05:06:23","slug":"antrenorul-cetatii-1932-suceava-petre-grigoras-inaintea-deplasarii-de-la-tirgu-mures-nu-vrem-sa-ne-obisnuim-cu-infringerile","status":"publish","type":"post","link":"https:\/\/analyse.optim.biz\/?p=2080266","title":{"rendered":"Antrenorul Cet\u0103\u021bii 1932 Suceava, Petre Grigora\u0219, \u00eenaintea deplas\u0103rii de la T\u00eergu Mure\u0219: Nu vrem s\u0103 ne obi\u0219nuim cu \u00eenfr\u00eengerile"},"content":{"rendered":"<p>[analyse_image type=&#8221;featured&#8221; src=&#8221;https:\/\/www.radiotop.ro\/img\/media\/2026\/06\/petre-grigoras-1.jpeg&#8221;]<\/p>\n<div class=\"entry-content no-share\">\n<div class=\"content-inner \">\n<p>Antrenorul principal al Cet\u0103\u021bii 1932 Suceava, Petre Grigora\u0219, a declarat c\u0103 se a\u0219teapt\u0103 la o reac\u021bie din partea juc\u0103torilor \u00een partida cu FC ASA T\u00eergu Mure\u0219, din etapa a II-a a Ligii a II-a, dup\u0103 \u00eenfr\u00eengerea suferit\u0103 la debutul \u00een noul sezon, 1-3, pe \u201dAreni\u201d, cu Concordia Chiajna.<\/p>\n<p>\u00cen cadrul unei conferin\u021be de pres\u0103, tehnicianul sucevean a spus: \u201dSper ca emo\u021biile debutului s\u0103 fie risipite la juc\u0103tori. S-a v\u0103zut \u00een prima etap\u0103 c\u0103 am fost departe de adev\u0103r, de cum ne-am prezentat \u00een preg\u0103tiri. S\u0103 o punem pe seama faptului c\u0103 a fost prima etap\u0103, a fost debutul \u0219i unii juc\u0103tori au sim\u021bit acest impact cu Liga a II-a mai mult dec\u00eet ar fi trebuit. S\u00eent convins c\u0103 vom ar\u0103ta altfel. A\u0219tept din partea lor o reac\u021bie pozitiv\u0103, un joc agresiv \u0219i, bine\u00een\u021beles, s\u0103 ne \u00eentoarcem cu un rezultat favorabil, pentru c\u0103 nu vrem s\u0103 ne obi\u0219nuim cu \u00eenfr\u00eengerile\u201d.<\/p>\n<p>La r\u00eendul s\u0103u, juc\u0103torul Vl\u0103du\u021b Cimbru s-a declarat \u00eencrez\u0103tor \u00eenaintea deplas\u0103rii de la T\u00eergu Mure\u0219: \u201dVom avea parte de un meci greu, contra unei echipe bune, dar s\u00eentem \u00eencrez\u0103tori c\u0103 vom scoate puncte de la T\u00eergu Mure\u0219. Avem un lot puternic, cu b\u0103ie\u021bi de caracter, cu siguran\u021b\u0103 c\u0103 or s\u0103 apar\u0103 \u0219i rezultatele\u201d.<\/p>\n<p>Partida dintre FC ASA T\u00eergu Mure\u0219 \u0219i Cetatea 1932 Suceava, din etapa a II-a a Ligii a II-a, se va disputa s\u00eemb\u0103t\u0103, 8 august, \u00eencep\u00eend cu ora 11.00, pe stadionul Trans-Sil din T\u00eergu Mure\u0219.<\/p>\n<\/div>\n<\/div>\n<div class=\"content-inner \">\n<p>Antrenorul principal al Cet\u0103\u021bii 1932 Suceava, Petre Grigora\u0219, a declarat c\u0103 se a\u0219teapt\u0103 la o reac\u021bie din partea juc\u0103torilor \u00een partida cu FC ASA T\u00eergu Mure\u0219, din etapa a II-a a Ligii a II-a, dup\u0103 \u00eenfr\u00eengerea suferit\u0103 la debutul \u00een noul sezon, 1-3, pe \u201dAreni\u201d, cu Concordia Chiajna.<\/p>\n<p>\u00cen cadrul unei conferin\u021be de pres\u0103, tehnicianul sucevean a spus: \u201dSper ca emo\u021biile debutului s\u0103 fie risipite la juc\u0103tori. S-a v\u0103zut \u00een prima etap\u0103 c\u0103 am fost departe de adev\u0103r, de cum ne-am prezentat \u00een preg\u0103tiri. S\u0103 o punem pe seama faptului c\u0103 a fost prima etap\u0103, a fost debutul \u0219i unii juc\u0103tori au sim\u021bit acest impact cu Liga a II-a mai mult dec\u00eet ar fi trebuit. S\u00eent convins c\u0103 vom ar\u0103ta altfel. A\u0219tept din partea lor o reac\u021bie pozitiv\u0103, un joc agresiv \u0219i, bine\u00een\u021beles, s\u0103 ne \u00eentoarcem cu un rezultat favorabil, pentru c\u0103 nu vrem s\u0103 ne obi\u0219nuim cu \u00eenfr\u00eengerile\u201d.<\/p>\n<p>La r\u00eendul s\u0103u, juc\u0103torul Vl\u0103du\u021b Cimbru s-a declarat \u00eencrez\u0103tor \u00eenaintea deplas\u0103rii de la T\u00eergu Mure\u0219: \u201dVom avea parte de un meci greu, contra unei echipe bune, dar s\u00eentem \u00eencrez\u0103tori c\u0103 vom scoate puncte de la T\u00eergu Mure\u0219. Avem un lot puternic, cu b\u0103ie\u021bi de caracter, cu siguran\u021b\u0103 c\u0103 or s\u0103 apar\u0103 \u0219i rezultatele\u201d.<\/p>\n<p>Partida dintre FC ASA T\u00eergu Mure\u0219 \u0219i Cetatea 1932 Suceava, din etapa a II-a a Ligii a II-a, se va disputa s\u00eemb\u0103t\u0103, 8 august, \u00eencep\u00eend cu ora 11.00, pe stadionul Trans-Sil din T\u00eergu Mure\u0219.<\/p>\n<\/div>\n<p>[analyse_source url=&#8221;https:\/\/www.radiotop.ro\/sport\/antrenorul-cetatii-1932-suceava-petre-grigoras-inaintea-deplasarii-de-la-tirgu-mures-nu-vrem-sa-ne-obisnuim-cu-infringerile.html&#8221;]<\/p>\n","protected":false},"excerpt":{"rendered":"<p>[analyse_image type=&#8221;featured&#8221; src=&#8221;https:\/\/www.radiotop.ro\/img\/media\/2026\/06\/petre-grigoras-1.jpeg&#8221;] Antrenorul principal al Cet\u0103\u021bii 1932 Suceava, Petre Grigora\u0219, a declarat c\u0103 se a\u0219teapt\u0103 la o reac\u021bie din partea juc\u0103torilor \u00een partida cu FC ASA T\u00eergu Mure\u0219, din etapa a II-a a Ligii a II-a, dup\u0103 \u00eenfr\u00eengerea suferit\u0103 la debutul \u00een noul sezon, 1-3, pe \u201dAreni\u201d, cu Concordia Chiajna. \u00cen cadrul unei conferin\u021be [&hellip;]<\/p>\n","protected":false},"author":1,"featured_media":0,"comment_status":"open","ping_status":"","sticky":false,"template":"","format":"standard","meta":{"footnotes":""},"categories":[89],"tags":[226,163],"class_list":["post-2080266","post","type-post","status-publish","format-standard","hentry","category-romania","tag-crawlmanager","tag-radiotop-ro"],"_links":{"self":[{"href":"https:\/\/analyse.optim.biz\/index.php?rest_route=\/wp\/v2\/posts\/2080266","targetHints":{"allow":["GET"]}}],"collection":[{"href":"https:\/\/analyse.optim.biz\/index.php?rest_route=\/wp\/v2\/posts"}],"about":[{"href":"https:\/\/analyse.optim.biz\/index.php?rest_route=\/wp\/v2\/types\/post"}],"author":[{"embeddable":true,"href":"https:\/\/analyse.optim.biz\/index.php?rest_route=\/wp\/v2\/users\/1"}],"replies":[{"embeddable":true,"href":"https:\/\/analyse.optim.biz\/index.php?rest_route=%2Fwp%2Fv2%2Fcomments&post=2080266"}],"version-history":[{"count":0,"href":"https:\/\/analyse.optim.biz\/index.php?rest_route=\/wp\/v2\/posts\/2080266\/revisions"}],"wp:attachment":[{"href":"https:\/\/analyse.optim.biz\/index.php?rest_route=%2Fwp%2Fv2%2Fmedia&parent=2080266"}],"wp:term":[{"taxonomy":"category","embeddable":true,"href":"https:\/\/analyse.optim.biz\/index.php?rest_route=%2Fwp%2Fv2%2Fcategories&post=2080266"},{"taxonomy":"post_tag","embeddable":true,"href":"https:\/\/analyse.optim.biz\/index.php?rest_route=%2Fwp%2Fv2%2Ftags&post=2080266"}],"curies":[{"name":"wp","href":"https:\/\/api.w.org\/{rel}","templated":true}]}}