{"id":2080262,"date":"2026-08-06T10:17:01","date_gmt":"2026-08-06T07:17:01","guid":{"rendered":"https:\/\/analyse.optim.biz\/?p=2080262"},"modified":"2026-08-06T10:17:01","modified_gmt":"2026-08-06T07:17:01","slug":"tineri-retinuti-dupa-un-furt-prin-efractie-dintr-o-sala-de-jocuri-din-suceava-bunurile-recuperate-de-politisti","status":"publish","type":"post","link":"https:\/\/analyse.optim.biz\/?p=2080262","title":{"rendered":"Tineri re\u021binu\u021bi dup\u0103 un furt prin efrac\u021bie dintr-o sal\u0103 de jocuri din Suceava. Bunurile, recuperate de poli\u021bi\u0219ti"},"content":{"rendered":"<p>[analyse_image type=&#8221;featured&#8221; src=&#8221;https:\/\/www.newsbucovina.ro\/wp-content\/uploads\/2023\/07\/furt-noaptea-pixabay.jpghttps:\/\/cdn.newsbucovina.ro\/wp-content\/uploads\/2023\/07\/furt-noaptea-pixabay.jpg&#8221;]<\/p>\n<div class=\"td-post-content tagdiv-type\">\n<div class=\"td-a-rec td-a-rec-id-content_top  tdi_3 td_block_template_1\"><strong>Intr\u0103 acum \u0219i \u00een grupul de <\/p>\n<div class=\"wp-block-button\"><a class=\"wp-block-button__link wp-element-button\" href=\"https:\/\/t.me\/+TH8wcfnp8fw5NWI0\">Telegram News Bucovina<\/a><\/div>\n<p><\/strong><\/div>\n<p class=\"wp-block-paragraph\">Poli\u021bi\u0219tii judiciari\u0219ti din cadrul Poli\u021biei Municipiului Suceava au continuat cercet\u0103rile privind o reclama\u021bie din 4 august 2026, c\u00e2nd un b\u0103rbat a sesizat c\u0103 persoane necunoscute au p\u0103truns prin efrac\u021bie, \u00een jurul orei 02:00, \u00een societatea sa de pe strada Prof. Leca Morariu, de unde au sustras mai multe bunuri. \u00cen cauz\u0103 a fost \u00eentocmit dosar penal sub aspectul comiterii infrac\u021biunii de furt calificat.<\/p>\n<figure class=\"wp-block-image size-large\"><a href=\"https:\/\/cdn.newsbucovina.ro\/wp-content\/uploads\/2023\/07\/furt-noaptea-pixabay.jpg\"><img loading=\"lazy\" decoding=\"async\" width=\"1024\" height=\"683\" src=\"https:\/\/cdn.newsbucovina.ro\/wp-content\/uploads\/2023\/07\/furt-noaptea-pixabay-1024x683.jpg.webp\" alt class=\"wp-image-366789\"><\/a><\/figure>\n<p class=\"wp-block-paragraph\">\u00cen urma activit\u0103\u021bilor investigativ-operative, la data de 5 august, persoana v\u0103t\u0103mat\u0103 a precizat c\u0103 a fost contactat\u0103 de un b\u0103rbat care i-a spus c\u0103 \u00eel va suna mai t\u00e2rziu pentru a se \u00eent\u00e2lni \u00een vederea pred\u0103rii unor bunuri sustrase. Poli\u021bi\u0219tii s-au deplasat la o cafenea de pe strada Universit\u0103\u021bii, locul stabilit pentru \u00eent\u00e2lnire.<\/p>\n<p class=\"wp-block-paragraph\">Partea v\u0103t\u0103mat\u0103 s-a \u00eent\u00e2lnit cu dou\u0103 persoane de sex masculin \u0219i s-au deplasat \u00een parcarea din apropiere, pe aceea\u0219i strad\u0103, unde se afla un autoturism Audi A4. La ma\u0219in\u0103 se mai afla o femeie. \u00cen momentul \u00een care s-au \u00eendreptat spre portbagaj, poli\u021bi\u0219tii, sprijini\u021bi de patrule de ordine public\u0103, au interceptat \u0219i legitimarea persoanelor: doi fra\u021bi, \u00een v\u00e2rst\u0103 de 24 \u0219i 23 de ani, \u0219i mama acestora, de 48 de ani.<\/p>\n<p class=\"wp-block-paragraph\">\u00cen portbagaj au fost identificate dou\u0103 console PlayStation 5, trei controlere \u0219i dou\u0103 suporturi de \u00eenc\u0103rcare. Cei interoga\u021bi au declarat c\u0103 s-au deplasat pentru a restitui bunurile sustrase din sala de jocuri \u0219i au men\u021bionat c\u0103 furtul a fost comis de fratele lor, \u00een v\u00e2rst\u0103 de 29 de ani, \u0219i de un v\u0103r, de 22 de ani, care nu s-au prezentat personal de team\u0103.<\/p>\n<p class=\"wp-block-paragraph\">Dup\u0103 administrarea probatoriului, s-a dispus efectuarea urm\u0103ririi penale fa\u021b\u0103 de cei doi suspec\u021bi, sub aspectul s\u0103v\u00e2r\u0219irii infrac\u021biunii de furt calificat. Ambii au fost identifica\u021bi pe raza municipiului Suceava \u0219i re\u021binu\u021bi pentru 24 de ore, fiind \u00eencarcera\u021bi \u00een Centrul de Re\u021binere \u0219i Arestare Preventiv\u0103 al IPJ Suceava.<\/p>\n<div class=\"td-a-rec td-a-rec-id-content_bottom  tdi_4 td_block_template_1\"><strong>Intr\u0103 acum \u0219i \u00een grupul de <\/p>\n<div class=\"wp-block-button\"><a class=\"wp-block-button__link wp-element-button\" href=\"https:\/\/t.me\/+TH8wcfnp8fw5NWI0\">Telegram News Bucovina<\/a><\/div>\n<p><\/strong><\/div>\n<\/div>\n<div class=\"td-post-content tagdiv-type\">\n<div class=\"td-a-rec td-a-rec-id-content_top  tdi_3 td_block_template_1\"><strong>Intr\u0103 acum \u0219i \u00een grupul de <\/p>\n<div class=\"wp-block-button\"><a class=\"wp-block-button__link wp-element-button\" href=\"https:\/\/t.me\/+TH8wcfnp8fw5NWI0\">Telegram News Bucovina<\/a><\/div>\n<p><\/strong><\/div>\n<p class=\"wp-block-paragraph\">Poli\u021bi\u0219tii judiciari\u0219ti din cadrul Poli\u021biei Municipiului Suceava au continuat cercet\u0103rile privind o reclama\u021bie din 4 august 2026, c\u00e2nd un b\u0103rbat a sesizat c\u0103 persoane necunoscute au p\u0103truns prin efrac\u021bie, \u00een jurul orei 02:00, \u00een societatea sa de pe strada Prof. Leca Morariu, de unde au sustras mai multe bunuri. \u00cen cauz\u0103 a fost \u00eentocmit dosar penal sub aspectul comiterii infrac\u021biunii de furt calificat.<\/p>\n<figure class=\"wp-block-image size-large\"><a href=\"https:\/\/cdn.newsbucovina.ro\/wp-content\/uploads\/2023\/07\/furt-noaptea-pixabay.jpg\"><img loading=\"lazy\" decoding=\"async\" width=\"1024\" height=\"683\" src=\"https:\/\/cdn.newsbucovina.ro\/wp-content\/uploads\/2023\/07\/furt-noaptea-pixabay-1024x683.jpg.webp\" alt class=\"wp-image-366789\"><\/a><\/figure>\n<p class=\"wp-block-paragraph\">\u00cen urma activit\u0103\u021bilor investigativ-operative, la data de 5 august, persoana v\u0103t\u0103mat\u0103 a precizat c\u0103 a fost contactat\u0103 de un b\u0103rbat care i-a spus c\u0103 \u00eel va suna mai t\u00e2rziu pentru a se \u00eent\u00e2lni \u00een vederea pred\u0103rii unor bunuri sustrase. Poli\u021bi\u0219tii s-au deplasat la o cafenea de pe strada Universit\u0103\u021bii, locul stabilit pentru \u00eent\u00e2lnire.<\/p>\n<p class=\"wp-block-paragraph\">Partea v\u0103t\u0103mat\u0103 s-a \u00eent\u00e2lnit cu dou\u0103 persoane de sex masculin \u0219i s-au deplasat \u00een parcarea din apropiere, pe aceea\u0219i strad\u0103, unde se afla un autoturism Audi A4. La ma\u0219in\u0103 se mai afla o femeie. \u00cen momentul \u00een care s-au \u00eendreptat spre portbagaj, poli\u021bi\u0219tii, sprijini\u021bi de patrule de ordine public\u0103, au interceptat \u0219i legitimarea persoanelor: doi fra\u021bi, \u00een v\u00e2rst\u0103 de 24 \u0219i 23 de ani, \u0219i mama acestora, de 48 de ani.<\/p>\n<p class=\"wp-block-paragraph\">\u00cen portbagaj au fost identificate dou\u0103 console PlayStation 5, trei controlere \u0219i dou\u0103 suporturi de \u00eenc\u0103rcare. Cei interoga\u021bi au declarat c\u0103 s-au deplasat pentru a restitui bunurile sustrase din sala de jocuri \u0219i au men\u021bionat c\u0103 furtul a fost comis de fratele lor, \u00een v\u00e2rst\u0103 de 29 de ani, \u0219i de un v\u0103r, de 22 de ani, care nu s-au prezentat personal de team\u0103.<\/p>\n<p class=\"wp-block-paragraph\">Dup\u0103 administrarea probatoriului, s-a dispus efectuarea urm\u0103ririi penale fa\u021b\u0103 de cei doi suspec\u021bi, sub aspectul s\u0103v\u00e2r\u0219irii infrac\u021biunii de furt calificat. Ambii au fost identifica\u021bi pe raza municipiului Suceava \u0219i re\u021binu\u021bi pentru 24 de ore, fiind \u00eencarcera\u021bi \u00een Centrul de Re\u021binere \u0219i Arestare Preventiv\u0103 al IPJ Suceava.<\/p>\n<div class=\"td-a-rec td-a-rec-id-content_bottom  tdi_4 td_block_template_1\"><strong>Intr\u0103 acum \u0219i \u00een grupul de <\/p>\n<div class=\"wp-block-button\"><a class=\"wp-block-button__link wp-element-button\" href=\"https:\/\/t.me\/+TH8wcfnp8fw5NWI0\">Telegram News Bucovina<\/a><\/div>\n<p><\/strong><\/div>\n<\/div>\n<p>[analyse_source url=&#8221;https:\/\/www.newsbucovina.ro\/social\/445779\/tineri-retinuti-dupa-un-furt-prin-efractie-dintr-o-sala-de-jocuri-din-suceava-bunurile-recuperate-de-politisti&#8221;]<\/p>\n","protected":false},"excerpt":{"rendered":"<p>[analyse_image type=&#8221;featured&#8221; src=&#8221;https:\/\/www.newsbucovina.ro\/wp-content\/uploads\/2023\/07\/furt-noaptea-pixabay.jpghttps:\/\/cdn.newsbucovina.ro\/wp-content\/uploads\/2023\/07\/furt-noaptea-pixabay.jpg&#8221;] Intr\u0103 acum \u0219i \u00een grupul de Telegram News Bucovina Poli\u021bi\u0219tii judiciari\u0219ti din cadrul Poli\u021biei Municipiului Suceava au continuat cercet\u0103rile privind o reclama\u021bie din 4 august 2026, c\u00e2nd un b\u0103rbat a sesizat c\u0103 persoane necunoscute au p\u0103truns prin efrac\u021bie, \u00een jurul orei 02:00, \u00een societatea sa de pe strada Prof. Leca Morariu, de [&hellip;]<\/p>\n","protected":false},"author":1,"featured_media":0,"comment_status":"open","ping_status":"","sticky":false,"template":"","format":"standard","meta":{"footnotes":""},"categories":[89],"tags":[226,165],"class_list":["post-2080262","post","type-post","status-publish","format-standard","hentry","category-romania","tag-crawlmanager","tag-newsbucovina-ro"],"_links":{"self":[{"href":"https:\/\/analyse.optim.biz\/index.php?rest_route=\/wp\/v2\/posts\/2080262","targetHints":{"allow":["GET"]}}],"collection":[{"href":"https:\/\/analyse.optim.biz\/index.php?rest_route=\/wp\/v2\/posts"}],"about":[{"href":"https:\/\/analyse.optim.biz\/index.php?rest_route=\/wp\/v2\/types\/post"}],"author":[{"embeddable":true,"href":"https:\/\/analyse.optim.biz\/index.php?rest_route=\/wp\/v2\/users\/1"}],"replies":[{"embeddable":true,"href":"https:\/\/analyse.optim.biz\/index.php?rest_route=%2Fwp%2Fv2%2Fcomments&post=2080262"}],"version-history":[{"count":0,"href":"https:\/\/analyse.optim.biz\/index.php?rest_route=\/wp\/v2\/posts\/2080262\/revisions"}],"wp:attachment":[{"href":"https:\/\/analyse.optim.biz\/index.php?rest_route=%2Fwp%2Fv2%2Fmedia&parent=2080262"}],"wp:term":[{"taxonomy":"category","embeddable":true,"href":"https:\/\/analyse.optim.biz\/index.php?rest_route=%2Fwp%2Fv2%2Fcategories&post=2080262"},{"taxonomy":"post_tag","embeddable":true,"href":"https:\/\/analyse.optim.biz\/index.php?rest_route=%2Fwp%2Fv2%2Ftags&post=2080262"}],"curies":[{"name":"wp","href":"https:\/\/api.w.org\/{rel}","templated":true}]}}