{"id":208026,"date":"2014-04-09T19:17:10","date_gmt":"2014-04-09T16:17:10","guid":{"rendered":"https:\/\/analyse.optim.biz\/?p=208026"},"modified":"2014-04-09T19:17:10","modified_gmt":"2014-04-09T16:17:10","slug":"mircea-diaconu-si-vadim-tudor-pot-candida-la-europarlamentare","status":"publish","type":"post","link":"https:\/\/analyse.optim.biz\/?p=208026","title":{"rendered":"Mircea Diaconu \u0219i Vadim Tudor pot candida la europarlamentare"},"content":{"rendered":"<div class=\"entry data-app-meta data-app-meta-article\" data-embed-base-url-canonical=\"https:\/\/www.digi24.ro\/embed\/stiri\/actualitate\/politica\/mircea-diaconu-si-vadim-tudor-pot-candida-la-europarlamentare-227240\">\n<p data-index=\"1\"><img decoding=\"async\" src=\"https:\/\/analyse.optim.biz\/wp-content\/uploads\/2024\/09\/cgcmdz04mdamagfzad0xzjlimgeymtq1njfhmzzhnmflzmeyntdhnta0yzlizq-thumb_.jpg\" data-skip-htmlfix=\"1\" title=\"cgcmdz04mdamagfzad0xzjlimgeymtq1njfhmzzhnmflzmeyntdhnta0yzlizq-thumb_\"><\/p>\n<p data-index=\"2\">Prin decizia de ast\u0103zi, <strong>Curtea de Apel<\/strong> a respins contesta\u0163iile fa\u0163\u0103 de hot\u0103r\u00e2rea tribunalului \u00eenaintate de <strong>Agen\u0163ia Na\u0163ional\u0103 de Integritate (ANI)<\/strong> \u015fi Ministerul Public, informeaz\u0103 Mediafax.<\/p>\n<p data-index=\"3\">Tribunalul Capitalei a admis, \u00een 5 aprilie, contesta\u0163ia lui<strong>\u00a0Mircea Diaconu<\/strong> privind candidatura sa ca independent la alegerile europarlamentare. Decizia a fost atacat\u0103 la <strong>Curtea de Apel Bucure\u015fti<\/strong>, care, miercuri, a men\u0163inut decizia tribunalului, astfel c\u0103 Diaconu poate candida, \u00een mai, la europarlamentare.<\/p>\n<p data-index=\"4\"><strong>Mircea Diaconu<\/strong> a contestat la<strong> Tribunalul Bucure\u015fti<\/strong> decizia Biroului Electoral Central (BEC) prin care i-a fost respins\u0103 candidatura.<\/p>\n<p data-index=\"5\">El \u015fi-a depus, \u00een 26 martie, la <strong>BEC<\/strong>, dosarul de candidatur\u0103 \u015fi listele de sus\u0163in\u0103tori pentru a intra \u00een alegerile europarlamentare \u00een calitate de candidat independent. Diaconu anun\u0163ase \u00een 19 martie c\u0103 \u015fi-a dat demisia din PNL \u015fi va candida independent la alegerile europarlamentare.<\/p>\n<p data-index=\"6\">ANI a trimis BEC, tot \u00een 26 martie, o informare \u00een care se ar\u0103ta c\u0103<strong> Mircea Diaconu<\/strong> nu \u00eendepline\u015fte condi\u0163iile legale de validare a candidaturii sale pentru <strong>Parlamentul European<\/strong>.<\/p>\n<p data-index=\"7\">Curtea de Apel a respins miercuri contesta\u0163iile \u00eenaintate de Agen\u0163ia Na\u0163ional\u0103 de Integritate \u015fi Ministerul Public. Decizia nu mai poate fi atacat\u0103 de nicio alta instan\u0163\u0103. <\/p>\n<p data-index=\"8\">Fostul ministru al Culturii candideaz\u0103 ca independent la europarlamentare, dup\u0103 ce \u015fi-a dat demisia din PNL. ANI a sus\u0163inut c\u0103 Mircea Diaconu nu \u00eendepline\u015fte condi\u0163iile legale de validare a candidaturii pentru europarlamenatre, pentru c\u0103 a fost declarat incompatibil \u015fi nu mai poate ocupa o func\u0163ie public\u0103 p\u00e2n\u0103 \u00een 2015. <\/p>\n<p data-index=\"9\">Curtea de Apel Bucure\u015fti a decis ast\u0103zi \u015fi c\u0103 europarlamentarul Vadim Tudor poate candida pentru \u00eenc\u0103 un mandat \u00een Parlamentul European. \u0218i candidatura sa fusese respins\u0103 de BEC.<\/p>\n<p data-index=\"10\">\n<\/div>\n<p> Source URL: https:\/\/www.digi24.ro\/stiri\/actualitate\/politica\/mircea-diaconu-si-vadim-tudor-pot-candida-la-europarlamentare-227240<\/p>\n","protected":false},"excerpt":{"rendered":"<p>Prin decizia de ast\u0103zi, Curtea de Apel a respins contesta\u0163iile fa\u0163\u0103 de hot\u0103r\u00e2rea tribunalului \u00eenaintate de Agen\u0163ia Na\u0163ional\u0103 de Integritate (ANI) \u015fi Ministerul Public, informeaz\u0103 Mediafax. Tribunalul Capitalei a admis, \u00een 5 aprilie, contesta\u0163ia lui\u00a0Mircea Diaconu privind candidatura sa ca independent la alegerile europarlamentare. Decizia a fost atacat\u0103 la Curtea de Apel Bucure\u015fti, care, miercuri, [&hellip;]<\/p>\n","protected":false},"author":1,"featured_media":208027,"comment_status":"open","ping_status":"","sticky":false,"template":"","format":"standard","meta":{"footnotes":""},"categories":[2],"tags":[11],"class_list":["post-208026","post","type-post","status-publish","format-standard","has-post-thumbnail","hentry","category-politics","tag-digi24"],"_links":{"self":[{"href":"https:\/\/analyse.optim.biz\/index.php?rest_route=\/wp\/v2\/posts\/208026","targetHints":{"allow":["GET"]}}],"collection":[{"href":"https:\/\/analyse.optim.biz\/index.php?rest_route=\/wp\/v2\/posts"}],"about":[{"href":"https:\/\/analyse.optim.biz\/index.php?rest_route=\/wp\/v2\/types\/post"}],"author":[{"embeddable":true,"href":"https:\/\/analyse.optim.biz\/index.php?rest_route=\/wp\/v2\/users\/1"}],"replies":[{"embeddable":true,"href":"https:\/\/analyse.optim.biz\/index.php?rest_route=%2Fwp%2Fv2%2Fcomments&post=208026"}],"version-history":[{"count":0,"href":"https:\/\/analyse.optim.biz\/index.php?rest_route=\/wp\/v2\/posts\/208026\/revisions"}],"wp:featuredmedia":[{"embeddable":true,"href":"https:\/\/analyse.optim.biz\/index.php?rest_route=\/wp\/v2\/media\/208027"}],"wp:attachment":[{"href":"https:\/\/analyse.optim.biz\/index.php?rest_route=%2Fwp%2Fv2%2Fmedia&parent=208026"}],"wp:term":[{"taxonomy":"category","embeddable":true,"href":"https:\/\/analyse.optim.biz\/index.php?rest_route=%2Fwp%2Fv2%2Fcategories&post=208026"},{"taxonomy":"post_tag","embeddable":true,"href":"https:\/\/analyse.optim.biz\/index.php?rest_route=%2Fwp%2Fv2%2Ftags&post=208026"}],"curies":[{"name":"wp","href":"https:\/\/api.w.org\/{rel}","templated":true}]}}