{"id":2080258,"date":"2026-08-06T09:57:34","date_gmt":"2026-08-06T06:57:34","guid":{"rendered":"https:\/\/analyse.optim.biz\/?p=2080258"},"modified":"2026-08-06T09:57:34","modified_gmt":"2026-08-06T06:57:34","slug":"romanii-nu-au-ascultat-apelul-lui-bolojan-si-al-lui-mindruta-miercuri-seara-s-a-inregistrat-unul-dintre-cele-mai-ridicate-niveluri-ale-consumului-de-energie-electrica-din-aceasta-vara","status":"publish","type":"post","link":"https:\/\/analyse.optim.biz\/?p=2080258","title":{"rendered":"Rom\u00e2nii nu au ascultat apelul lui Bolojan \u0219i al lui M\u00eendru\u021b\u0103: Miercuri sear\u0103 s-a \u00eenregistrat unul dintre cele mai ridicate niveluri ale consumului de energie electric\u0103 din aceast\u0103 var\u0103"},"content":{"rendered":"<p>[analyse_image type=&#8221;featured&#8221; src=&#8221;https:\/\/r3media.ro\/wp-content\/uploads\/2026\/08\/pexels-lamps-2178743-scaled-e1786010210458.jpghttps:\/\/r3media.ro\/wp-content\/uploads\/2026\/08\/pexels-lamps-2178743-scaled-e1786010210458.jpg&#8221;]<\/p>\n<article id=\"template-id-109\" class=\"post-109 tdb_templates type-tdb_templates status-publish post\">\n<div id=\"tdi_2\" class=\"tdc-zone\">\n<div class=\"tdc_zone tdi_3  wpb_row td-pb-row\">\n<div id=\"tdi_4\" class=\"tdc-row\">\n<div class=\"vc_row tdi_5  wpb_row td-pb-row\">\n<div class=\"vc_column tdi_7  wpb_column vc_column_container tdc-column td-pb-span8\">\n<div class=\"wpb_wrapper\">\n<div class=\"td_block_wrap tdb_breadcrumbs tdi_8 td-pb-border-top td_block_template_1 tdb-breadcrumbs \" data-td-block-uid=\"tdi_8\">\n<div class=\"tdb-block-inner td-fix-index\"><span><a title=\"Vede\u021bi toate articolele \u00een ENERGIE\" class=\"tdb-entry-crumb\" href=\"https:\/\/r3media.ro\/category\/energie\/\">ENERGIE<\/a><\/span><span class=\"tdb-bred-no-url-last\">Rom\u00e2nii nu au ascultat apelul lui Bolojan \u0219i al lui M\u00eendru\u021b\u0103: Miercuri&#8230;<\/span><\/div>\n<\/div>\n<div class=\"td_block_wrap tdb_single_categories tdi_9 td-pb-border-top td_block_template_1 \" data-td-block-uid=\"tdi_9\">\n<div class=\"tdb-category td-fix-index\"><a class=\"tdb-entry-category\" href=\"https:\/\/r3media.ro\/category\/energie\/\">ENERGIE<\/a><a class=\"tdb-entry-category\" href=\"https:\/\/r3media.ro\/category\/featured\/\">FEATURED<\/a><a class=\"tdb-entry-category\" href=\"https:\/\/r3media.ro\/category\/stiri\/\">\u0218TIRI<\/a><\/div>\n<\/div>\n<div class=\"td_block_wrap tdb_title tdi_10 tdb-single-title td-pb-border-top td_block_template_1\" data-td-block-uid=\"tdi_10\">\n<div class=\"tdb-block-inner td-fix-index\">\n<h1 class=\"tdb-title-text\">Rom\u00e2nii nu au ascultat apelul lui Bolojan \u0219i al lui M\u00eendru\u021b\u0103: Miercuri sear\u0103 s-a \u00eenregistrat unul dintre cele mai ridicate niveluri ale consumului de energie electric\u0103 din aceast\u0103 var\u0103<\/h1>\n<\/div>\n<\/div>\n<div class=\"vc_row_inner tdi_12  vc_row vc_inner wpb_row td-pb-row\">\n<div class=\"vc_column_inner tdi_14  wpb_column vc_column_container tdc-inner-column td-pb-span12\">\n<div class=\"vc_column-inner\">\n<div class=\"wpb_wrapper\">\n<div class=\"td_block_wrap tdb_single_author tdi_15 td-pb-border-top td_block_template_1 tdb-post-meta\" data-td-block-uid=\"tdi_15\">\n<div class=\"tdb-block-inner td-fix-index\">\n<div class=\"tdb-author-name-wrap\"><a class=\"tdb-author-name\" href=\"https:\/\/r3media.ro\/author\/radu_ursan\/\">Radu Ursan<\/a><\/div>\n<\/div>\n<\/div>\n<div class=\"td_block_wrap tdb_single_date tdi_16 td-pb-border-top td_block_template_1 tdb-post-meta\" data-td-block-uid=\"tdi_16\">\n<div class=\"tdb-block-inner td-fix-index\"><time class=\"entry-date updated td-module-date\" datetime=\"2026-08-06T12:57:34+03:00\">06\/08\/2026<\/time><\/div>\n<\/div>\n<\/div>\n<\/div>\n<\/div>\n<\/div>\n<div class=\"td_block_wrap tdb_single_featured_image tdi_17 tdb-content-horiz-left td-pb-border-top td_block_template_1\" data-td-block-uid=\"tdi_17\">\n<div class=\"tdb-block-inner td-fix-index\">\n<figure><figcaption class=\"tdb-caption-text\">Image by <a href=\"https:\/\/pixabay.com\/users\/pexels-2286921\/?utm_source=link-attribution&amp;utm_medium=referral&amp;utm_campaign=image&amp;utm_content=2178743\">Pexels<\/a> from <a href=\"https:\/\/pixabay.com\/\/?utm_source=link-attribution&amp;utm_medium=referral&amp;utm_campaign=image&amp;utm_content=2178743\">Pixabay<\/a><\/figcaption><\/figure>\n<\/div>\n<\/div>\n<div class=\"td_block_wrap tdb_single_content tdi_18 td-pb-border-top td_block_template_1 td-post-content tagdiv-type\" data-td-block-uid=\"tdi_18\">\n<div class=\"tdb-block-inner td-fix-index\">\n<p><strong>Miercuri sear\u0103 s-a \u00eenregistrat unul dintre cele mai ridicate niveluri ale consumului de energie electric\u0103 din aceast\u0103 var\u0103, \u00een Rom\u00e2nia, informeaz\u0103 <a href=\"https:\/\/www.mediafax.ro\/economic\/cererea-de-energie-a-urcat-miercuri-seara-aproape-de-recordul-verii-iar-importurile-au-acoperit-aproape-o-treime-din-necesar-23785540\" target=\"_blank\" rel=\"noopener\">Mediafax<\/a>.<\/strong><\/p>\n<p>Acest fapt s-a petrecut \u00een ciuda apelurilor la economisire lansate de premierul interimar Ilie Bolojan \u0219i sus\u021bin\u0103tori ai acestuia, precum Lucian M\u00eendru\u021b\u0103.<\/p>\n<p>Astfel, la orele 20:03, consumul instantaneu din Sistemul Electroenergetic Na\u021bional se situa la 7.675 MW, \u00een timp ce produc\u021bia intern\u0103 era de numai 5.321 MW, potrivit datelor \u00een timp real ale Transelectrica.<\/p>\n<p>Diferen\u021ba, de 2.353 MW, era acoperit\u0103 prin importuri, probabil din Ucraina, echivalentul a aproape 31% din necesarul \u021b\u0103rii.<\/p>\n<h2><strong>Aproape de recordul estival<\/strong><\/h2>\n<p>Valoarea de miercuri sear\u0103 nu este departe de recordul verii 2026.<\/p>\n<p>Potrivit rapoartelor operative ale Dispecerului Energetic Na\u021bional, consumul maxim a ajuns la 7.971 MW \u00een 29 iunie, iar o zi mai t\u00e2rziu a urcat p\u00e2n\u0103 la 7.907 MW.<\/p>\n<p>V\u00e2rful de miercuri sear\u0103 a fost cu aproximativ 295 MW, respectiv 3,7%, sub recordul estival.<\/p>\n<p>Cel mai ridicat consum din 2026 a fost \u00eenregistrat pe 21 ianuarie, c\u00e2nd necesarul Sistemului Electroenergetic Na\u021bional a ajuns la 9.213 MW.<\/p>\n<p>Reamintim, \u00een context, c\u0103 premierul interimar Ilie Bolojan a f\u0103cut un <a href=\"https:\/\/r3media.ro\/criza-energetica-bolojan-romani-reducere-consum\/\" target=\"_blank\" rel=\"noopener\">apel<\/a>, s\u0103pt\u0103m\u00e2na trecut\u0103, la reducerea voluntar\u0103 a consumului de energie.<\/p>\n<p>La scurt timp dup\u0103 aceea, Lucian M\u00eendru\u021b\u0103, cunoscut sus\u021bin\u0103tor al guvernului Bolojan a anun\u021bat c\u0103 reduce voluntar consumul pentru \u201ebinele \u021b\u0103rii\u201d.<\/p>\n<p>Acest anun\u021b a devenit rapid o \u201ecampanie\u201d, urmat\u0103 de al\u021bi influenceri.<\/p>\n<p>Efectele sunt zero.<\/p>\n<p>De remarcat este c\u0103 <a href=\"https:\/\/r3media.ro\/romania-consum-energie-electrica-locuitor-ue\/\" target=\"_blank\" rel=\"noopener\">Rom\u00e2nia are cel mai mic consum de energie<\/a> per cap de locuitor din Uniunea European\u0103.<\/p>\n<div class=\"crp_related     crp-masonry\">\n<h2>\u00ceN CONTEXT<\/h2>\n<ul>\n<li><a href=\"https:\/\/r3media.ro\/romania-importa-energie-ucraina-ilie-bolojan-stare-de-alerta\/\" class=\"crp_link post-120674\"><span class=\"crp_title\">Rom\u00e2nia a ajuns s\u0103 importe energie de la Ucraina, stat aflat \u00een r\u0103zboi. Ilie Bolojan a\u2026<\/span><\/a><\/li>\n<li><a href=\"https:\/\/r3media.ro\/dacia-ford-suspendare-productie-19-august-criza-energetica\/\" class=\"crp_link post-120794\"><span class=\"crp_title\">Dacia \u0219i Ford au suspendat produc\u021bia p\u00e2n\u0103 pe 19 august din cauza crizei energetice<\/span><\/a><\/li>\n<li><a href=\"https:\/\/r3media.ro\/ilie-bolojan-dacia-ford-suspendare-productie-economie-energie\/\" class=\"crp_link post-120837\"><span class=\"crp_title\">Controvers\u0103: Dacia \u0219i Ford \u00ee\u0219i suspend\u0103 produc\u021bia pentru a face economie la energie sau nu?<\/span><\/a><\/li>\n<li><a href=\"https:\/\/r3media.ro\/paternalism-dupa-liberalism-2-reducerea-cheltuielilor-publice-pentru-reforma-statului\/\" class=\"crp_link post-113306\"><span class=\"crp_title\">Paternalism dup\u0103 liberalism (2) Reducerea cheltuielilor publice pentru \u201ereforma statului\u201d<\/span><\/a><\/li>\n<li><a href=\"https:\/\/r3media.ro\/video-antena-1-ilie-bolojan-demis-pnl-demisii\/\" class=\"crp_link post-116093\"><span class=\"crp_title\">VIDEO | Antena 1 a modificat interviul cu Ilie Bolojan \u0219i a eliminat la montaj partea \u00een\u2026<\/span><\/a><\/li>\n<li><a href=\"https:\/\/r3media.ro\/ni-se-spune-ca-epoca-energiei-ieftine-pentru-romani-s-a-incheiat-dar-se-ocoleste-cu-grija-motivul-de-ce\/\" class=\"crp_link post-113596\"><span class=\"crp_title\">Ni se spune c\u0103 \u201eEpoca energiei ieftine pentru rom\u00e2ni s-a \u00eencheiat!\u201d dar se ocole\u0219te cu grij\u0103\u2026<\/span><\/a><\/li>\n<li><a href=\"https:\/\/r3media.ro\/criza-energetica-bolojan-romani-reducere-consum\/\" class=\"crp_link post-120638\"><span class=\"crp_title\">Criza energiei, confirmat\u0103 de la Guvern: Ilie Bolojan \u00eendeamn\u0103 rom\u00e2nii s\u0103 reduc\u0103 consumul de energie<\/span><\/a><\/li>\n<li><a href=\"https:\/\/r3media.ro\/bate-vant-ghisee-plata-taxe-impozite-guvernul-bolojan-roman-curajos-achita-punga-monede-pus-treaba-angajate-video\/\" class=\"crp_link post-114724\"><span class=\"crp_title\">VIDEO | Bate v\u00e2ntul la ghi\u0219eele de pl\u0103tit taxele \u0219i impozitele Guvernului Bolojan. Un rom\u00e2n\u2026<\/span><\/a><\/li>\n<\/ul>\n<\/div>\n<\/div>\n<\/div>\n<div class=\"td_block_wrap tdb_single_tags tdi_19 td-pb-border-top td_block_template_1\" data-td-block-uid=\"tdi_19\">\n<div class=\"tdb-block-inner td-fix-index\">\n<ul class=\"tdb-tags\">\n<li><span>SUBIECTE FIERBIN\u021aI<\/span><\/li>\n<li><a href=\"https:\/\/r3media.ro\/tag\/criza-energetica\/\">criza energetica<\/a><\/li>\n<li><a href=\"https:\/\/r3media.ro\/tag\/energie-romania\/\">energie romania<\/a><\/li>\n<li><a href=\"https:\/\/r3media.ro\/tag\/guvernul-bolojan\/\">guvernul bolojan<\/a><\/li>\n<li><a href=\"https:\/\/r3media.ro\/tag\/lucian-mindruta\/\">lucian mindruta<\/a><\/li>\n<li><a href=\"https:\/\/r3media.ro\/tag\/piata-de-energie-romania\/\">piata de energie romania<\/a><\/li>\n<\/ul>\n<\/div>\n<\/div>\n<div class=\"td_block_wrap td_block_9 tdi_20 td_with_ajax_pagination td-pb-border-top td_block_template_1 td-column-2 td_block_padding td_block_bot_line\" data-td-block-uid=\"tdi_20\">\n<div class=\"td-block-title-wrap\">\n<h4 class=\"block-title td-block-title\"><span class=\"td-pulldown-size\">CITE\u0218TE MAI MULT<\/span><\/h4>\n<\/div>\n<div id=\"tdi_20\" class=\"td_block_inner\">\n<div class=\"td-block-row\">\n<div class=\"td-block-span6\">\n<div class=\"td_module_8 td_module_wrap\">\n<div class=\"item-details\">\n<h3 class=\"entry-title td-module-title\"><a href=\"https:\/\/r3media.ro\/cand-incepe-scoala-in-2026-structura-an-nou-scolar\/\" rel=\"bookmark\" title=\"C\u00e2nd \u00eencepe \u0219coala \u00een 2026: Structura noului an \u0219colar, vacan\u021bele \u0219i zilele libere\">C\u00e2nd \u00eencepe \u0219coala \u00een 2026: Structura noului an \u0219colar, vacan\u021bele \u0219i zilele libere<\/a><\/h3>\n<div class=\"td-module-meta-info\"><a href=\"https:\/\/r3media.ro\/category\/actualitate\/\" class=\"td-post-category\">ACTUALITATE<\/a><span class=\"td-post-author-name\"><a href=\"https:\/\/r3media.ro\/author\/oana\/\">Oana Ivan<\/a><span>&#8211;<\/span><\/span><span class=\"td-post-date\"><time class=\"entry-date updated td-module-date\" datetime=\"2026-08-03T22:23:20+03:00\">03\/08\/2026<\/time><\/span><\/div>\n<\/div>\n<\/div>\n<\/div>\n<div class=\"td-block-span6\">\n<div class=\"td_module_8 td_module_wrap\">\n<div class=\"item-details\">\n<h3 class=\"entry-title td-module-title\"><a href=\"https:\/\/r3media.ro\/tara-europa-norvegia-masini-electrice-inmatriculate-cota-ridicata\/\" rel=\"bookmark\" title=\"\u021aara din Europa unde aproape toate ma\u0219inile \u00eenmatriculate sune electrice. Cota a ajuns la 97,6% \u00een iulie\">\u021aara din Europa unde aproape toate ma\u0219inile \u00eenmatriculate sune electrice. Cota a ajuns la&#8230;<\/a><\/h3>\n<div class=\"td-module-meta-info\"><a href=\"https:\/\/r3media.ro\/category\/actualitate\/\" class=\"td-post-category\">ACTUALITATE<\/a><span class=\"td-post-author-name\"><a href=\"https:\/\/r3media.ro\/author\/oana\/\">Oana Ivan<\/a><span>&#8211;<\/span><\/span><span class=\"td-post-date\"><time class=\"entry-date updated td-module-date\" datetime=\"2026-08-03T17:01:21+03:00\">03\/08\/2026<\/time><\/span><\/div>\n<\/div>\n<\/div>\n<\/div>\n<\/div>\n<div class=\"td-block-row\">\n<div class=\"td-block-span6\">\n<div class=\"td_module_8 td_module_wrap\">\n<div class=\"item-details\">\n<h3 class=\"entry-title td-module-title\"><a href=\"https:\/\/r3media.ro\/puterea-mitologica-instalata-a-romaniei\/\" rel=\"bookmark\" title=\"Puterea mitologic\u0103 instalat\u0103 a Rom\u00e2niei\">Puterea mitologic\u0103 instalat\u0103 a Rom\u00e2niei<\/a><\/h3>\n<div class=\"td-module-meta-info\"><a href=\"https:\/\/r3media.ro\/category\/opinii\/\" class=\"td-post-category\">OPINII<\/a><span class=\"td-post-author-name\"><a href=\"https:\/\/r3media.ro\/author\/tru\/\">TRU (Traian Ungureanu)<\/a><span>&#8211;<\/span><\/span><span class=\"td-post-date\"><time class=\"entry-date updated td-module-date\" datetime=\"2026-08-02T22:08:04+03:00\">02\/08\/2026<\/time><\/span><\/div>\n<\/div>\n<\/div>\n<\/div>\n<div class=\"td-block-span6\">\n<div class=\"td_module_8 td_module_wrap\">\n<div class=\"item-details\">\n<h3 class=\"entry-title td-module-title\"><a href=\"https:\/\/r3media.ro\/hyundai-recheama-service-masini-electrice-inster-risc-incendiu\/\" rel=\"bookmark\" title=\"Hyundai recheam\u0103 \u00een service zeci de mii de ma\u0219ini electrice din cauza riscului de incendiu\">Hyundai recheam\u0103 \u00een service zeci de mii de ma\u0219ini electrice din cauza riscului de&#8230;<\/a><\/h3>\n<div class=\"td-module-meta-info\"><a href=\"https:\/\/r3media.ro\/category\/actualitate\/\" class=\"td-post-category\">ACTUALITATE<\/a><span class=\"td-post-author-name\"><a href=\"https:\/\/r3media.ro\/author\/oana\/\">Oana Ivan<\/a><span>&#8211;<\/span><\/span><span class=\"td-post-date\"><time class=\"entry-date updated td-module-date\" datetime=\"2026-08-02T08:34:05+03:00\">02\/08\/2026<\/time><\/span><\/div>\n<\/div>\n<\/div>\n<\/div>\n<\/div>\n<div class=\"td-block-row\">\n<div class=\"td-block-span6\">\n<div class=\"td_module_8 td_module_wrap\">\n<div class=\"item-details\">\n<h3 class=\"entry-title td-module-title\"><a href=\"https:\/\/r3media.ro\/dragostea-care-transcende-epoci-descult-in-parc-1967\/\" rel=\"bookmark\" title=\"Dragostea care transcende epoci \u2014 Descul\u021b \u00een parc (1967)\">Dragostea care transcende epoci \u2014 Descul\u021b \u00een parc (1967)<\/a><\/h3>\n<div class=\"td-module-meta-info\"><a href=\"https:\/\/r3media.ro\/category\/opinii\/\" class=\"td-post-category\">OPINII<\/a><span class=\"td-post-author-name\"><a href=\"https:\/\/r3media.ro\/author\/costi_balasoiu\/\">Constantin B\u0103l\u0103\u0219oiu<\/a><span>&#8211;<\/span><\/span><span class=\"td-post-date\"><time class=\"entry-date updated td-module-date\" datetime=\"2026-08-01T13:45:14+03:00\">01\/08\/2026<\/time><\/span><\/div>\n<\/div>\n<\/div>\n<\/div>\n<div class=\"td-block-span6\">\n<div class=\"td_module_8 td_module_wrap\">\n<div class=\"item-details\">\n<h3 class=\"entry-title td-module-title\"><a href=\"https:\/\/r3media.ro\/masina-electrica-foc-turcia-incarcat-vehicul-explozie-pompieri-stingere-incendiu-video\/\" rel=\"bookmark\" title=\"VIDEO | O ma\u0219in\u0103 electric\u0103 a luat foc \u00een timp ce se afla la \u00eenc\u0103rcat. Vehiculul a explodat chiar c\u00e2nd pompierii \u00eencercau s\u0103 sting\u0103 incendiul folosind o p\u0103tur\u0103 ignifug\u0103\">VIDEO | O ma\u0219in\u0103 electric\u0103 a luat foc \u00een timp ce se afla la&#8230;<\/a><\/h3>\n<div class=\"td-module-meta-info\"><a href=\"https:\/\/r3media.ro\/category\/actualitate\/\" class=\"td-post-category\">ACTUALITATE<\/a><span class=\"td-post-author-name\"><a href=\"https:\/\/r3media.ro\/author\/oana\/\">Oana Ivan<\/a><span>&#8211;<\/span><\/span><span class=\"td-post-date\"><time class=\"entry-date updated td-module-date\" datetime=\"2026-07-31T13:33:48+03:00\">31\/07\/2026<\/time><\/span><\/div>\n<\/div>\n<\/div>\n<\/div>\n<\/div>\n<div class=\"td-block-row\">\n<div class=\"td-block-span6\">\n<div class=\"td_module_8 td_module_wrap\">\n<div class=\"item-details\">\n<h3 class=\"entry-title td-module-title\"><a href=\"https:\/\/r3media.ro\/spania-asediu-migranti-exclava-ceuta-africa-madrid-trupe-securitate-video\/\" rel=\"bookmark\" title=\"VIDEO | Spania se afl\u0103 sub asediu: Mii de migran\u021bi au luat cu asalt exclava Ceuta din Africa. Madridul a trimis trupe pentru a consolida securitatea\">VIDEO | Spania se afl\u0103 sub asediu: Mii de migran\u021bi au luat cu asalt&#8230;<\/a><\/h3>\n<div class=\"td-module-meta-info\"><a href=\"https:\/\/r3media.ro\/category\/actualitate\/\" class=\"td-post-category\">ACTUALITATE<\/a><span class=\"td-post-author-name\"><a href=\"https:\/\/r3media.ro\/author\/oana\/\">Oana Ivan<\/a><span>&#8211;<\/span><\/span><span class=\"td-post-date\"><time class=\"entry-date updated td-module-date\" datetime=\"2026-07-31T12:39:57+03:00\">31\/07\/2026<\/time><\/span><\/div>\n<\/div>\n<\/div>\n<\/div>\n<div class=\"td-block-span6\">\n<div class=\"td_module_8 td_module_wrap\">\n<div class=\"item-details\">\n<h3 class=\"entry-title td-module-title\"><a href=\"https:\/\/r3media.ro\/expert-ucraina-faliment-agricultura-romaneasca-tehnologii-ue\/\" rel=\"bookmark\" title=\"Un expert explic\u0103 felul \u00een care concuren\u021ba din Ucraina bag\u0103 \u00een faliment agricultura rom\u00e2neasc\u0103: Folosesc tehnologii interzise \u00een UE\">Un expert explic\u0103 felul \u00een care concuren\u021ba din Ucraina bag\u0103 \u00een faliment agricultura rom\u00e2neasc\u0103:&#8230;<\/a><\/h3>\n<div class=\"td-module-meta-info\"><a href=\"https:\/\/r3media.ro\/category\/actualitate\/\" class=\"td-post-category\">ACTUALITATE<\/a><span class=\"td-post-author-name\"><a href=\"https:\/\/r3media.ro\/author\/radu_ursan\/\">Radu Ursan<\/a><span>&#8211;<\/span><\/span><span class=\"td-post-date\"><time class=\"entry-date updated td-module-date\" datetime=\"2026-07-30T09:51:48+03:00\">30\/07\/2026<\/time><\/span><\/div>\n<\/div>\n<\/div>\n<\/div>\n<\/div>\n<div class=\"td-block-row\">\n<div class=\"td-block-span6\">\n<div class=\"td_module_8 td_module_wrap\">\n<div class=\"item-details\">\n<h3 class=\"entry-title td-module-title\"><a href=\"https:\/\/r3media.ro\/cornel-nistorescu-drone-razboi-ucraina\/\" rel=\"bookmark\" title=\"Cornel Nistorescu, dup\u0103 incidentele cu drone: Adie a aer de r\u0103zboi. De mirare c\u0103 dronele ucrainene nu au st\u00e2rnit at\u00e2ta t\u0103r\u0103boi\">Cornel Nistorescu, dup\u0103 incidentele cu drone: Adie a aer de r\u0103zboi. De mirare c\u0103&#8230;<\/a><\/h3>\n<div class=\"td-module-meta-info\"><a href=\"https:\/\/r3media.ro\/category\/actualitate\/\" class=\"td-post-category\">ACTUALITATE<\/a><span class=\"td-post-author-name\"><a href=\"https:\/\/r3media.ro\/author\/radu_ursan\/\">Radu Ursan<\/a><span>&#8211;<\/span><\/span><span class=\"td-post-date\"><time class=\"entry-date updated td-module-date\" datetime=\"2026-07-28T10:21:51+03:00\">28\/07\/2026<\/time><\/span><\/div>\n<\/div>\n<\/div>\n<\/div>\n<div class=\"td-block-span6\">\n<div class=\"td_module_8 td_module_wrap\">\n<div class=\"item-details\">\n<h3 class=\"entry-title td-module-title\"><a href=\"https:\/\/r3media.ro\/bnr-recomanda-romani-rezerve-de-cash-atacuri-cibernetice-numerar-relevant-criza\/\" rel=\"bookmark\" title=\"BNR le recomand\u0103 rom\u00e2nilor s\u0103 p\u0103streze rezerve de cash: Numerarul se poate dovedi relevant \u00een criz\u0103\">BNR le recomand\u0103 rom\u00e2nilor s\u0103 p\u0103streze rezerve de cash: Numerarul se poate dovedi relevant&#8230;<\/a><\/h3>\n<div class=\"td-module-meta-info\"><a href=\"https:\/\/r3media.ro\/category\/actualitate\/\" class=\"td-post-category\">ACTUALITATE<\/a><span class=\"td-post-author-name\"><a href=\"https:\/\/r3media.ro\/author\/oana\/\">Oana Ivan<\/a><span>&#8211;<\/span><\/span><span class=\"td-post-date\"><time class=\"entry-date updated td-module-date\" datetime=\"2026-07-27T13:11:47+03:00\">27\/07\/2026<\/time><\/span><\/div>\n<\/div>\n<\/div>\n<\/div>\n<\/div>\n<div class=\"td-block-row\">\n<div class=\"td-block-span6\">\n<div class=\"td_module_8 td_module_wrap\">\n<div class=\"item-details\">\n<h3 class=\"entry-title td-module-title\"><a href=\"https:\/\/r3media.ro\/statul-roman-a-semnat-actul-propriei-disparitii\/\" rel=\"bookmark\" title=\"Statul rom\u00e2n a semnat actul propriei dispari\u021bii?\">Statul rom\u00e2n a semnat actul propriei dispari\u021bii?<\/a><\/h3>\n<div class=\"td-module-meta-info\"><a href=\"https:\/\/r3media.ro\/category\/opinii\/\" class=\"td-post-category\">OPINII<\/a><span class=\"td-post-author-name\"><a href=\"https:\/\/r3media.ro\/author\/gabipopa\/\">Gabriel Popa<\/a><span>&#8211;<\/span><\/span><span class=\"td-post-date\"><time class=\"entry-date updated td-module-date\" datetime=\"2026-07-27T15:07:05+03:00\">27\/07\/2026<\/time><\/span><\/div>\n<\/div>\n<\/div>\n<\/div>\n<div class=\"td-block-span6\">\n<div class=\"td_module_8 td_module_wrap\">\n<div class=\"item-details\">\n<h3 class=\"entry-title td-module-title\"><a href=\"https:\/\/r3media.ro\/prima-oara-istorie-presedintia-document-primplan-patriotism-european\/\" rel=\"bookmark\" title=\"Pentru prima oar\u0103 \u00een istorie, Pre\u0219edin\u021bia Rom\u00e2niei emite un document care pune pe primul plan o alt\u0103 entitate dec\u00e2t \u021bara noastr\u0103: patriotismul european\">Pentru prima oar\u0103 \u00een istorie, Pre\u0219edin\u021bia Rom\u00e2niei emite un document care pune pe primul&#8230;<\/a><\/h3>\n<div class=\"td-module-meta-info\"><a href=\"https:\/\/r3media.ro\/category\/actualitate\/\" class=\"td-post-category\">ACTUALITATE<\/a><span class=\"td-post-author-name\"><a href=\"https:\/\/r3media.ro\/author\/teodor_stan\/\">Teodor Stan<\/a><span>&#8211;<\/span><\/span><span class=\"td-post-date\"><time class=\"entry-date updated td-module-date\" datetime=\"2026-07-26T11:44:31+03:00\">26\/07\/2026<\/time><\/span><\/div>\n<\/div>\n<\/div>\n<\/div>\n<\/div>\n<\/div>\n<div class=\"td-load-more-wrap td-load-more-infinite-wrap\" id=\"infinite-lm-tdi_20\"><a href=\"https:\/\/r3media.ro\/romanii-bolojan-mindruta-consum-energie-electrica-romania\/\" class=\"td_ajax_load_more td_ajax_load_more_js\" aria-label=\"\u00cenc\u0103rca\u021bi mai multe\" id=\"next-page-tdi_20\" data-td_block_id=\"tdi_20\">\u00cenc\u0103rca\u021bi mai multe<\/a><\/div>\n<\/div>\n<div class=\"td_block_wrap tdb_single_comments tdi_21 tdb-comm-layout2 td-pb-border-top td_block_template_1\" data-td-block-uid=\"tdi_21\">\n<div class=\"tdb-block-inner td-fix-index\">\n<div class=\"comments\" id=\"comments\">\n<div id=\"respond\" class=\"comment-respond\">\n<h3 id=\"reply-title\" class=\"comment-reply-title\">AI CEVA DE SPUS? <small><a rel=\"nofollow\" id=\"cancel-comment-reply-link\" href=\"https:\/\/r3media.ro\/romanii-bolojan-mindruta-consum-energie-electrica-romania\/#respond\">Renun\u021ba\u021bi la r\u0103spuns<\/a><\/small><\/h3>\n<div class=\"comment-form-input-wrap td-form-comment\">\n<div class=\"td-warning-comment\">V\u0103 rug\u0103m s\u0103 introduce\u021bi comentariul dvs.!<\/div>\n<\/div>\n<div class=\"comment-form-input-wrap td-form-author\">\n<div class=\"td-warning-author\">Introduce\u021bi aici numele dvs.<\/div>\n<\/div>\n<div class=\"comment-form-input-wrap td-form-email\">\n<div class=\"td-warning-email-error\">A\u021bi introdus o adres\u0103 de e-mail incorect\u0103!<\/div>\n<div class=\"td-warning-email\">V\u0103 rug\u0103m s\u0103 introduce\u021bi adresa dvs. de e-mail aici<\/div>\n<\/div>\n<\/div>\n<\/div>\n<\/div>\n<\/div>\n<\/div>\n<\/div>\n<div class=\"vc_column tdi_23  wpb_column vc_column_container tdc-column td-pb-span4 td-is-sticky\">\n<div class=\"wpb_wrapper\" data-sticky-enabled-on=\"W3RydWUsdHJ1ZSx0cnVlLHRydWVd\" data-sticky-offset=\"20\" data-sticky-is-width-auto=\"W2ZhbHNlLGZhbHNlLGZhbHNlLGZhbHNlXQ==\">\n<div class=\"wpb_wrapper td_block_wrap vc_widget_sidebar tdi_25 \">\n<div class=\"td_block_wrap td_block_7 td_block_widget tdi_26 td-pb-border-top td_block_template_1 td-column-1 td_block_padding\" data-td-block-uid=\"tdi_26\">\n<div class=\"td-block-title-wrap\">\n<h4 class=\"block-title td-block-title\"><span class=\"td-pulldown-size\">Articole RELA\u021aIONATE<\/span><\/h4>\n<\/div>\n<div id=\"tdi_26\" class=\"td_block_inner\">\n<div class=\"td-block-span12\">\n<div class=\"td_module_6 td_module_wrap td-animation-stack\">\n<div class=\"td-module-thumb\"><a href=\"https:\/\/r3media.ro\/dyson-airwrap-sau-ondulator-clasic-in-vacanta-ce-pui-efectiv-in-bagaj\/\" rel=\"bookmark\" class=\"td-image-wrap \" title=\"Dyson Airwrap sau ondulator clasic \u00een vacan\u021b\u0103: ce pui efectiv \u00een bagaj\"><img loading=\"lazy\" decoding=\"async\" class=\"entry-thumb\" src=\"https:\/\/r3media.ro\/wp-content\/uploads\/2026\/08\/dyson_airwrap_sau_ondulator_clasic_n_vacan_ce_pui_efectiv_n_bagaj-100x70.jpg\" alt title=\"Dyson Airwrap sau ondulator clasic \u00een vacan\u021b\u0103: ce pui efectiv \u00een bagaj\" width=\"100\" height=\"70\"><\/a><\/div>\n<div class=\"item-details\">\n<h3 class=\"entry-title td-module-title\"><a href=\"https:\/\/r3media.ro\/dyson-airwrap-sau-ondulator-clasic-in-vacanta-ce-pui-efectiv-in-bagaj\/\" rel=\"bookmark\" title=\"Dyson Airwrap sau ondulator clasic \u00een vacan\u021b\u0103: ce pui efectiv \u00een bagaj\">Dyson Airwrap sau ondulator clasic \u00een vacan\u021b\u0103: ce pui efectiv \u00een&#8230;<\/a><\/h3>\n<div class=\"td-module-meta-info\"><span class=\"td-post-date\"><time class=\"entry-date updated td-module-date\" datetime=\"2026-08-06T00:08:20+03:00\">06\/08\/2026<\/time><\/span><\/div>\n<\/div>\n<\/div>\n<\/div>\n<div class=\"td-block-span12\">\n<div class=\"td_module_6 td_module_wrap td-animation-stack\">\n<div class=\"td-module-thumb\"><a href=\"https:\/\/r3media.ro\/reincarcare-cartela-digi-cele-mai-rapide-metode-disponibile-online\/\" rel=\"bookmark\" class=\"td-image-wrap \" title=\"Re\u00eenc\u0103rcare cartel\u0103 Digi: cele mai rapide metode disponibile online\"><img loading=\"lazy\" decoding=\"async\" class=\"entry-thumb\" src=\"https:\/\/r3media.ro\/wp-content\/uploads\/2026\/08\/rencrcare_cartel_digi_cele_mai_rapide_metode_disponibile_online-100x70.jpg\" alt title=\"Re\u00eenc\u0103rcare cartel\u0103 Digi: cele mai rapide metode disponibile online\" width=\"100\" height=\"70\"><\/a><\/div>\n<div class=\"item-details\">\n<h3 class=\"entry-title td-module-title\"><a href=\"https:\/\/r3media.ro\/reincarcare-cartela-digi-cele-mai-rapide-metode-disponibile-online\/\" rel=\"bookmark\" title=\"Re\u00eenc\u0103rcare cartel\u0103 Digi: cele mai rapide metode disponibile online\">Re\u00eenc\u0103rcare cartel\u0103 Digi: cele mai rapide metode disponibile online<\/a><\/h3>\n<div class=\"td-module-meta-info\"><span class=\"td-post-date\"><time class=\"entry-date updated td-module-date\" datetime=\"2026-08-06T00:04:49+03:00\">06\/08\/2026<\/time><\/span><\/div>\n<\/div>\n<\/div>\n<\/div>\n<div class=\"td-block-span12\">\n<div class=\"td_module_6 td_module_wrap td-animation-stack\">\n<div class=\"td-module-thumb\"><a href=\"https:\/\/r3media.ro\/mariuca-zaharia-fetita-12-ani-marasesti\/\" rel=\"bookmark\" class=\"td-image-wrap \" title=\"Calendarul zilei 6 august: M\u0103riuca Zaharia, feti\u021ba de 12 ani c\u0103zut\u0103 la M\u0103r\u0103\u0219e\u0219ti, care nu mai are loc \u00een manualele de istorie\"><img loading=\"lazy\" decoding=\"async\" class=\"entry-thumb\" src=\"https:\/\/r3media.ro\/wp-content\/uploads\/2021\/08\/mariuca-zaharia-100x70.jpeg\" alt title=\"Calendarul zilei 6 august: M\u0103riuca Zaharia, feti\u021ba de 12 ani c\u0103zut\u0103 la M\u0103r\u0103\u0219e\u0219ti, care nu mai are loc \u00een manualele de istorie\" width=\"100\" height=\"70\"><\/a><\/div>\n<div class=\"item-details\">\n<h3 class=\"entry-title td-module-title\"><a href=\"https:\/\/r3media.ro\/mariuca-zaharia-fetita-12-ani-marasesti\/\" rel=\"bookmark\" title=\"Calendarul zilei 6 august: M\u0103riuca Zaharia, feti\u021ba de 12 ani c\u0103zut\u0103 la M\u0103r\u0103\u0219e\u0219ti, care nu mai are loc \u00een manualele de istorie\">Calendarul zilei 6 august: M\u0103riuca Zaharia, feti\u021ba de 12 ani c\u0103zut\u0103&#8230;<\/a><\/h3>\n<div class=\"td-module-meta-info\"><span class=\"td-post-date\"><time class=\"entry-date updated td-module-date\" datetime=\"2026-08-05T22:42:18+03:00\">05\/08\/2026<\/time><\/span><\/div>\n<\/div>\n<\/div>\n<\/div>\n<div class=\"td-block-span12\">\n<div class=\"td_module_6 td_module_wrap td-animation-stack\">\n<div class=\"td-module-thumb\"><a href=\"https:\/\/r3media.ro\/calendarul-zilei-6-august-schimbarea-la-fata-a-domnului\/\" rel=\"bookmark\" class=\"td-image-wrap \" title=\"Calendarul zilei 6 august: Schimbarea la fa\u021b\u0103 a Domnului\"><img loading=\"lazy\" decoding=\"async\" class=\"entry-thumb\" src=\"https:\/\/r3media.ro\/wp-content\/uploads\/2022\/08\/schimbarea-la-fata-a-domnului-100x70.jpg\" alt title=\"Calendarul zilei 6 august: Schimbarea la fa\u021b\u0103 a Domnului\" width=\"100\" height=\"70\"><\/a><\/div>\n<div class=\"item-details\">\n<h3 class=\"entry-title td-module-title\"><a href=\"https:\/\/r3media.ro\/calendarul-zilei-6-august-schimbarea-la-fata-a-domnului\/\" rel=\"bookmark\" title=\"Calendarul zilei 6 august: Schimbarea la fa\u021b\u0103 a Domnului\">Calendarul zilei 6 august: Schimbarea la fa\u021b\u0103 a Domnului<\/a><\/h3>\n<div class=\"td-module-meta-info\"><span class=\"td-post-date\"><time class=\"entry-date updated td-module-date\" datetime=\"2026-08-05T22:00:40+03:00\">05\/08\/2026<\/time><\/span><\/div>\n<\/div>\n<\/div>\n<\/div>\n<div class=\"td-block-span12\">\n<div class=\"td_module_6 td_module_wrap td-animation-stack\">\n<div class=\"td-module-thumb\"><a href=\"https:\/\/r3media.ro\/drona-gasita-mare-mamaia-zona-loft-video\/\" rel=\"bookmark\" class=\"td-image-wrap \" title=\"VIDEO | O dron\u0103 a fost g\u0103sit\u0103 \u00een mare, \u00een Mamaia, \u00een zona Loft\"><img loading=\"lazy\" decoding=\"async\" class=\"entry-thumb\" src=\"https:\/\/r3media.ro\/wp-content\/uploads\/2026\/07\/plaja-goala-100x70.png\" alt title=\"VIDEO | O dron\u0103 a fost g\u0103sit\u0103 \u00een mare, \u00een Mamaia, \u00een zona Loft\" width=\"100\" height=\"70\"><\/a><\/div>\n<div class=\"item-details\">\n<h3 class=\"entry-title td-module-title\"><a href=\"https:\/\/r3media.ro\/drona-gasita-mare-mamaia-zona-loft-video\/\" rel=\"bookmark\" title=\"VIDEO | O dron\u0103 a fost g\u0103sit\u0103 \u00een mare, \u00een Mamaia, \u00een zona Loft\">VIDEO | O dron\u0103 a fost g\u0103sit\u0103 \u00een mare, \u00een Mamaia,&#8230;<\/a><\/h3>\n<div class=\"td-module-meta-info\"><span class=\"td-post-date\"><time class=\"entry-date updated td-module-date\" datetime=\"2026-08-05T21:48:11+03:00\">05\/08\/2026<\/time><\/span><\/div>\n<\/div>\n<\/div>\n<\/div>\n<div class=\"td-block-span12\">\n<div class=\"td_module_6 td_module_wrap td-animation-stack\">\n<div class=\"td-module-thumb\"><a href=\"https:\/\/r3media.ro\/catalin-avramescu-pornografie-infantila\/\" rel=\"bookmark\" class=\"td-image-wrap \" title=\"C\u0103t\u0103lin Avramescu, fost consilier preziden\u021bial, suspect \u00eentr-un dosar de pornografie infantil\u0103\"><img loading=\"lazy\" decoding=\"async\" class=\"entry-thumb\" src=\"https:\/\/r3media.ro\/wp-content\/uploads\/2026\/08\/Catalin-Avramescu-1200x616-1-100x70.jpg\" alt title=\"C\u0103t\u0103lin Avramescu, fost consilier preziden\u021bial, suspect \u00eentr-un dosar de pornografie infantil\u0103\" width=\"100\" height=\"70\"><\/a><\/div>\n<div class=\"item-details\">\n<h3 class=\"entry-title td-module-title\"><a href=\"https:\/\/r3media.ro\/catalin-avramescu-pornografie-infantila\/\" rel=\"bookmark\" title=\"C\u0103t\u0103lin Avramescu, fost consilier preziden\u021bial, suspect \u00eentr-un dosar de pornografie infantil\u0103\">C\u0103t\u0103lin Avramescu, fost consilier preziden\u021bial, suspect \u00eentr-un dosar de pornografie infantil\u0103<\/a><\/h3>\n<div class=\"td-module-meta-info\"><span class=\"td-post-date\"><time class=\"entry-date updated td-module-date\" datetime=\"2026-08-05T13:47:30+03:00\">05\/08\/2026<\/time><\/span><\/div>\n<\/div>\n<\/div>\n<\/div>\n<div class=\"td-block-span12\">\n<div class=\"td_module_6 td_module_wrap td-animation-stack\">\n<div class=\"td-module-thumb\"><a href=\"https:\/\/r3media.ro\/invatamant-portugalia-haos-erori-digitalizarea-procesului-evaluare-elevi\/\" rel=\"bookmark\" class=\"td-image-wrap \" title=\"\u00cenv\u0103\u021b\u0103m\u00e2ntul din Portugalia, \u00een haos din cauza erorilor cauzate de digitalizarea procesului de evaluare a elevilor\"><img loading=\"lazy\" decoding=\"async\" class=\"entry-thumb\" src=\"https:\/\/r3media.ro\/wp-content\/uploads\/2026\/02\/digitalizare-scoala-100x70.jpg\" alt title=\"\u00cenv\u0103\u021b\u0103m\u00e2ntul din Portugalia, \u00een haos din cauza erorilor cauzate de digitalizarea procesului de evaluare a elevilor\" width=\"100\" height=\"70\"><\/a><\/div>\n<div class=\"item-details\">\n<h3 class=\"entry-title td-module-title\"><a href=\"https:\/\/r3media.ro\/invatamant-portugalia-haos-erori-digitalizarea-procesului-evaluare-elevi\/\" rel=\"bookmark\" title=\"\u00cenv\u0103\u021b\u0103m\u00e2ntul din Portugalia, \u00een haos din cauza erorilor cauzate de digitalizarea procesului de evaluare a elevilor\">\u00cenv\u0103\u021b\u0103m\u00e2ntul din Portugalia, \u00een haos din cauza erorilor cauzate de digitalizarea&#8230;<\/a><\/h3>\n<div class=\"td-module-meta-info\"><span class=\"td-post-date\"><time class=\"entry-date updated td-module-date\" datetime=\"2026-08-05T12:18:39+03:00\">05\/08\/2026<\/time><\/span><\/div>\n<\/div>\n<\/div>\n<\/div>\n<\/div>\n<\/div>\n<aside class=\"td_block_template_1 widget widget_recent_comments\">\n<h4 class=\"block-title\"><span>INTR\u0102 \u00ceN DISCU\u021aIE!<\/span><\/h4>\n<ul id=\"recentcomments\">\n<li class=\"recentcomments\"><span class=\"comment-author-link\">Nicu<\/span> la <a href=\"https:\/\/r3media.ro\/ucraina-scuze-grecia-drona-marina-insula-lefkada-expolozie-portul-constanta\/#comment-40351\">Ucraina i-a cerut scuze Greciei pentru c\u0103 o dron\u0103 marin\u0103 a ajuns l\u00e2ng\u0103 Insula Lefkada. Nicio vorb\u0103 despre drona care putea s\u0103 arunce \u00een aer Portul Constan\u021ba<\/a><\/li>\n<li class=\"recentcomments\"><span class=\"comment-author-link\">Nicu<\/span> la <a href=\"https:\/\/r3media.ro\/bulgaria-nivelul-scazut-al-apelor-dunarii-nu-afecteaza-centrala-nucleara-de-la-kozlodui\/#comment-40350\">Bulgaria: Nivelul sc\u0103zut al apelor Dun\u0103rii NU afecteaz\u0103 centrala nuclear\u0103 de la Kozlodui<\/a><\/li>\n<li class=\"recentcomments\"><span class=\"comment-author-link\">Cristian<\/span> la <a href=\"https:\/\/r3media.ro\/4-august-1919-armata-romana-budapesta\/#comment-40349\">Calendarul zilei: 4 august 1919, cucerirea Budapestei de c\u0103tre Armata Rom\u00e2n\u0103<\/a><\/li>\n<li class=\"recentcomments\"><span class=\"comment-author-link\">Nicu<\/span> la <a href=\"https:\/\/r3media.ro\/ministr-securitate-energetica-marea-britanie-subventii-net-zero-umfla-facturi-cetateni-energie\/#comment-40348\">Ministrul Securit\u0103\u021bii Energetice din Marea Britanie neag\u0103 faptul c\u0103 subven\u021biile Net Zero umfl\u0103 facturile cet\u0103\u021benilor la energie<\/a><\/li>\n<li class=\"recentcomments\"><span class=\"comment-author-link\">Nicu<\/span> la <a href=\"https:\/\/r3media.ro\/sursa-crizei-energetice-radu-miruta-romania-capacitati-carbune-seceta\/#comment-40347\">Sursa crizei energetice. Ministrul Radu Miru\u021b\u0103: Rom\u00e2nia a \u00eenchis capacit\u0103\u021bi de produc\u021bie pe carbune f\u0103r\u0103 s\u0103 pun\u0103 nimic \u00een loc. Nu te po\u021bi ascunde \u00een spatele secetei<\/a><\/li>\n<li class=\"recentcomments\"><span class=\"comment-author-link\">Gavril\u0103 Moldovan<\/span> la <a href=\"https:\/\/r3media.ro\/prima-oara-istorie-presedintia-document-primplan-patriotism-european\/#comment-40346\">Pentru prima oar\u0103 \u00een istorie, Pre\u0219edin\u021bia Rom\u00e2niei emite un document care pune pe primul plan o alt\u0103 entitate dec\u00e2t \u021bara noastr\u0103: patriotismul european<\/a><\/li>\n<li class=\"recentcomments\"><span class=\"comment-author-link\">Redac\u021bia<\/span> la <a href=\"https:\/\/r3media.ro\/statul-roman-a-semnat-actul-propriei-disparitii\/#comment-40345\">Statul rom\u00e2n a semnat actul propriei dispari\u021bii?<\/a><\/li>\n<\/ul>\n<\/aside>\n<aside class=\"td_block_template_1 widget widget_search\">\n<h4 class=\"block-title\"><span>CAUT\u0102 \u0218I VEI G\u0102SI<\/span><\/h4>\n<\/aside>\n<\/div>\n<\/div>\n<\/div>\n<\/div>\n<\/div>\n<\/div>\n<\/div>\n<p><span class=\"td-page-meta\"><\/span><span class=\"td-page-meta\"><span class=\"td-page-meta\"><\/span><\/span><span class=\"td-page-meta\"><\/span><\/article>\n<\/p>\n<div class=\"td_block_wrap tdb_single_content tdi_18 td-pb-border-top td_block_template_1 td-post-content tagdiv-type\" data-td-block-uid=\"tdi_18\">\n<div class=\"tdb-block-inner td-fix-index\">\n<p><strong>Miercuri sear\u0103 s-a \u00eenregistrat unul dintre cele mai ridicate niveluri ale consumului de energie electric\u0103 din aceast\u0103 var\u0103, \u00een Rom\u00e2nia, informeaz\u0103 <a href=\"https:\/\/www.mediafax.ro\/economic\/cererea-de-energie-a-urcat-miercuri-seara-aproape-de-recordul-verii-iar-importurile-au-acoperit-aproape-o-treime-din-necesar-23785540\" target=\"_blank\" rel=\"noopener\">Mediafax<\/a>.<\/strong><\/p>\n<p>Acest fapt s-a petrecut \u00een ciuda apelurilor la economisire lansate de premierul interimar Ilie Bolojan \u0219i sus\u021bin\u0103tori ai acestuia, precum Lucian M\u00eendru\u021b\u0103.<\/p>\n<p>Astfel, la orele 20:03, consumul instantaneu din Sistemul Electroenergetic Na\u021bional se situa la 7.675 MW, \u00een timp ce produc\u021bia intern\u0103 era de numai 5.321 MW, potrivit datelor \u00een timp real ale Transelectrica.<\/p>\n<p>Diferen\u021ba, de 2.353 MW, era acoperit\u0103 prin importuri, probabil din Ucraina, echivalentul a aproape 31% din necesarul \u021b\u0103rii.<\/p>\n<h2><strong>Aproape de recordul estival<\/strong><\/h2>\n<p>Valoarea de miercuri sear\u0103 nu este departe de recordul verii 2026.<\/p>\n<p>Potrivit rapoartelor operative ale Dispecerului Energetic Na\u021bional, consumul maxim a ajuns la 7.971 MW \u00een 29 iunie, iar o zi mai t\u00e2rziu a urcat p\u00e2n\u0103 la 7.907 MW.<\/p>\n<p>V\u00e2rful de miercuri sear\u0103 a fost cu aproximativ 295 MW, respectiv 3,7%, sub recordul estival.<\/p>\n<p>Cel mai ridicat consum din 2026 a fost \u00eenregistrat pe 21 ianuarie, c\u00e2nd necesarul Sistemului Electroenergetic Na\u021bional a ajuns la 9.213 MW.<\/p>\n<p>Reamintim, \u00een context, c\u0103 premierul interimar Ilie Bolojan a f\u0103cut un <a href=\"https:\/\/r3media.ro\/criza-energetica-bolojan-romani-reducere-consum\/\" target=\"_blank\" rel=\"noopener\">apel<\/a>, s\u0103pt\u0103m\u00e2na trecut\u0103, la reducerea voluntar\u0103 a consumului de energie.<\/p>\n<p>La scurt timp dup\u0103 aceea, Lucian M\u00eendru\u021b\u0103, cunoscut sus\u021bin\u0103tor al guvernului Bolojan a anun\u021bat c\u0103 reduce voluntar consumul pentru \u201ebinele \u021b\u0103rii\u201d.<\/p>\n<p>Acest anun\u021b a devenit rapid o \u201ecampanie\u201d, urmat\u0103 de al\u021bi influenceri.<\/p>\n<p>Efectele sunt zero.<\/p>\n<p>De remarcat este c\u0103 <a href=\"https:\/\/r3media.ro\/romania-consum-energie-electrica-locuitor-ue\/\" target=\"_blank\" rel=\"noopener\">Rom\u00e2nia are cel mai mic consum de energie<\/a> per cap de locuitor din Uniunea European\u0103.<\/p>\n<div class=\"crp_related     crp-masonry\">\n<h2>\u00ceN CONTEXT<\/h2>\n<ul>\n<li><a href=\"https:\/\/r3media.ro\/romania-importa-energie-ucraina-ilie-bolojan-stare-de-alerta\/\" class=\"crp_link post-120674\"><span class=\"crp_title\">Rom\u00e2nia a ajuns s\u0103 importe energie de la Ucraina, stat aflat \u00een r\u0103zboi. Ilie Bolojan a\u2026<\/span><\/a><\/li>\n<li><a href=\"https:\/\/r3media.ro\/dacia-ford-suspendare-productie-19-august-criza-energetica\/\" class=\"crp_link post-120794\"><span class=\"crp_title\">Dacia \u0219i Ford au suspendat produc\u021bia p\u00e2n\u0103 pe 19 august din cauza crizei energetice<\/span><\/a><\/li>\n<li><a href=\"https:\/\/r3media.ro\/ilie-bolojan-dacia-ford-suspendare-productie-economie-energie\/\" class=\"crp_link post-120837\"><span class=\"crp_title\">Controvers\u0103: Dacia \u0219i Ford \u00ee\u0219i suspend\u0103 produc\u021bia pentru a face economie la energie sau nu?<\/span><\/a><\/li>\n<li><a href=\"https:\/\/r3media.ro\/paternalism-dupa-liberalism-2-reducerea-cheltuielilor-publice-pentru-reforma-statului\/\" class=\"crp_link post-113306\"><span class=\"crp_title\">Paternalism dup\u0103 liberalism (2) Reducerea cheltuielilor publice pentru \u201ereforma statului\u201d<\/span><\/a><\/li>\n<li><a href=\"https:\/\/r3media.ro\/video-antena-1-ilie-bolojan-demis-pnl-demisii\/\" class=\"crp_link post-116093\"><span class=\"crp_title\">VIDEO | Antena 1 a modificat interviul cu Ilie Bolojan \u0219i a eliminat la montaj partea \u00een\u2026<\/span><\/a><\/li>\n<li><a href=\"https:\/\/r3media.ro\/ni-se-spune-ca-epoca-energiei-ieftine-pentru-romani-s-a-incheiat-dar-se-ocoleste-cu-grija-motivul-de-ce\/\" class=\"crp_link post-113596\"><span class=\"crp_title\">Ni se spune c\u0103 \u201eEpoca energiei ieftine pentru rom\u00e2ni s-a \u00eencheiat!\u201d dar se ocole\u0219te cu grij\u0103\u2026<\/span><\/a><\/li>\n<li><a href=\"https:\/\/r3media.ro\/criza-energetica-bolojan-romani-reducere-consum\/\" class=\"crp_link post-120638\"><span class=\"crp_title\">Criza energiei, confirmat\u0103 de la Guvern: Ilie Bolojan \u00eendeamn\u0103 rom\u00e2nii s\u0103 reduc\u0103 consumul de energie<\/span><\/a><\/li>\n<li><a href=\"https:\/\/r3media.ro\/bate-vant-ghisee-plata-taxe-impozite-guvernul-bolojan-roman-curajos-achita-punga-monede-pus-treaba-angajate-video\/\" class=\"crp_link post-114724\"><span class=\"crp_title\">VIDEO | Bate v\u00e2ntul la ghi\u0219eele de pl\u0103tit taxele \u0219i impozitele Guvernului Bolojan. Un rom\u00e2n\u2026<\/span><\/a><\/li>\n<\/ul>\n<\/div>\n<\/div>\n<\/div>\n<p>[analyse_source url=&#8221;https:\/\/r3media.ro\/romanii-bolojan-mindruta-consum-energie-electrica-romania\/&#8221;]<\/p>\n","protected":false},"excerpt":{"rendered":"<p>[analyse_image type=&#8221;featured&#8221; src=&#8221;https:\/\/r3media.ro\/wp-content\/uploads\/2026\/08\/pexels-lamps-2178743-scaled-e1786010210458.jpghttps:\/\/r3media.ro\/wp-content\/uploads\/2026\/08\/pexels-lamps-2178743-scaled-e1786010210458.jpg&#8221;] ENERGIERom\u00e2nii nu au ascultat apelul lui Bolojan \u0219i al lui M\u00eendru\u021b\u0103: Miercuri&#8230; ENERGIEFEATURED\u0218TIRI Rom\u00e2nii nu au ascultat apelul lui Bolojan \u0219i al lui M\u00eendru\u021b\u0103: Miercuri sear\u0103 s-a \u00eenregistrat unul dintre cele mai ridicate niveluri ale consumului de energie electric\u0103 din aceast\u0103 var\u0103 Radu Ursan 06\/08\/2026 Image by Pexels from Pixabay Miercuri sear\u0103 [&hellip;]<\/p>\n","protected":false},"author":1,"featured_media":0,"comment_status":"open","ping_status":"","sticky":false,"template":"","format":"standard","meta":{"footnotes":""},"categories":[89],"tags":[226,93],"class_list":["post-2080258","post","type-post","status-publish","format-standard","hentry","category-romania","tag-crawlmanager","tag-r3media-ro"],"_links":{"self":[{"href":"https:\/\/analyse.optim.biz\/index.php?rest_route=\/wp\/v2\/posts\/2080258","targetHints":{"allow":["GET"]}}],"collection":[{"href":"https:\/\/analyse.optim.biz\/index.php?rest_route=\/wp\/v2\/posts"}],"about":[{"href":"https:\/\/analyse.optim.biz\/index.php?rest_route=\/wp\/v2\/types\/post"}],"author":[{"embeddable":true,"href":"https:\/\/analyse.optim.biz\/index.php?rest_route=\/wp\/v2\/users\/1"}],"replies":[{"embeddable":true,"href":"https:\/\/analyse.optim.biz\/index.php?rest_route=%2Fwp%2Fv2%2Fcomments&post=2080258"}],"version-history":[{"count":0,"href":"https:\/\/analyse.optim.biz\/index.php?rest_route=\/wp\/v2\/posts\/2080258\/revisions"}],"wp:attachment":[{"href":"https:\/\/analyse.optim.biz\/index.php?rest_route=%2Fwp%2Fv2%2Fmedia&parent=2080258"}],"wp:term":[{"taxonomy":"category","embeddable":true,"href":"https:\/\/analyse.optim.biz\/index.php?rest_route=%2Fwp%2Fv2%2Fcategories&post=2080258"},{"taxonomy":"post_tag","embeddable":true,"href":"https:\/\/analyse.optim.biz\/index.php?rest_route=%2Fwp%2Fv2%2Ftags&post=2080258"}],"curies":[{"name":"wp","href":"https:\/\/api.w.org\/{rel}","templated":true}]}}