{"id":2080256,"date":"2026-08-05T21:04:49","date_gmt":"2026-08-05T18:04:49","guid":{"rendered":"https:\/\/analyse.optim.biz\/?p=2080256"},"modified":"2026-08-05T21:04:49","modified_gmt":"2026-08-05T18:04:49","slug":"reincarcare-cartela-digi-cele-mai-rapide-metode-disponibile-online","status":"publish","type":"post","link":"https:\/\/analyse.optim.biz\/?p=2080256","title":{"rendered":"Re\u00eenc\u0103rcare cartel\u0103 Digi: cele mai rapide metode disponibile online"},"content":{"rendered":"<p>[analyse_image type=&#8221;featured&#8221; src=&#8221;https:\/\/r3media.ro\/wp-content\/uploads\/2026\/08\/rencrcare_cartel_digi_cele_mai_rapide_metode_disponibile_online-e1786010801992.jpghttps:\/\/r3media.ro\/wp-content\/uploads\/2026\/08\/rencrcare_cartel_digi_cele_mai_rapide_metode_disponibile_online-e1786010801992.jpg&#8221;]<\/p>\n<article id=\"template-id-109\" class=\"post-109 tdb_templates type-tdb_templates status-publish post\">\n<div id=\"tdi_2\" class=\"tdc-zone\">\n<div class=\"tdc_zone tdi_3  wpb_row td-pb-row\">\n<div id=\"tdi_4\" class=\"tdc-row\">\n<div class=\"vc_row tdi_5  wpb_row td-pb-row\">\n<div class=\"vc_column tdi_7  wpb_column vc_column_container tdc-column td-pb-span8\">\n<div class=\"wpb_wrapper\">\n<div class=\"td_block_wrap tdb_breadcrumbs tdi_8 td-pb-border-top td_block_template_1 tdb-breadcrumbs \" data-td-block-uid=\"tdi_8\">\n<div class=\"tdb-block-inner td-fix-index\"><span><a title=\"Vede\u021bi toate articolele \u00een \u0218TIRI\" class=\"tdb-entry-crumb\" href=\"https:\/\/r3media.ro\/category\/stiri\/\">\u0218TIRI<\/a><\/span><span class=\"tdb-bred-no-url-last\">Re\u00eenc\u0103rcare cartel\u0103 Digi: cele mai rapide metode disponibile online<\/span><\/div>\n<\/div>\n<div class=\"td_block_wrap tdb_single_categories tdi_9 td-pb-border-top td_block_template_1 \" data-td-block-uid=\"tdi_9\">\n<div class=\"tdb-category td-fix-index\"><a class=\"tdb-entry-category\" href=\"https:\/\/r3media.ro\/category\/stiri\/\">\u0218TIRI<\/a><\/div>\n<\/div>\n<div class=\"td_block_wrap tdb_title tdi_10 tdb-single-title td-pb-border-top td_block_template_1\" data-td-block-uid=\"tdi_10\">\n<div class=\"tdb-block-inner td-fix-index\">\n<h1 class=\"tdb-title-text\">Re\u00eenc\u0103rcare cartel\u0103 Digi: cele mai rapide metode disponibile online<\/h1>\n<\/div>\n<\/div>\n<div class=\"vc_row_inner tdi_12  vc_row vc_inner wpb_row td-pb-row\">\n<div class=\"vc_column_inner tdi_14  wpb_column vc_column_container tdc-inner-column td-pb-span12\">\n<div class=\"vc_column-inner\">\n<div class=\"wpb_wrapper\">\n<div class=\"td_block_wrap tdb_single_author tdi_15 td-pb-border-top td_block_template_1 tdb-post-meta\" data-td-block-uid=\"tdi_15\">\n<div class=\"tdb-block-inner td-fix-index\">\n<div class=\"tdb-author-name-wrap\"><a class=\"tdb-author-name\" href=\"https:\/\/r3media.ro\/author\/promo\/\">Promo<\/a><\/div>\n<\/div>\n<\/div>\n<div class=\"td_block_wrap tdb_single_date tdi_16 td-pb-border-top td_block_template_1 tdb-post-meta\" data-td-block-uid=\"tdi_16\">\n<div class=\"tdb-block-inner td-fix-index\"><time class=\"entry-date updated td-module-date\" datetime=\"2026-08-06T00:04:49+03:00\">06\/08\/2026<\/time><\/div>\n<\/div>\n<\/div>\n<\/div>\n<\/div>\n<\/div>\n<div class=\"td_block_wrap tdb_single_content tdi_18 td-pb-border-top td_block_template_1 td-post-content tagdiv-type\" data-td-block-uid=\"tdi_18\">\n<div class=\"tdb-block-inner td-fix-index\">\n<p><strong><em>Dac\u0103 folose\u0219ti o cartel\u0103 Digi PrePay, probabil ai trecut m\u0103car o dat\u0103 prin situa\u021bia \u00een care ai r\u0103mas f\u0103r\u0103 credit exact c\u00e2nd aveai nevoie de telefon. Ast\u0103zi, problema se rezolv\u0103 \u00een c\u00e2teva minute, direct de pe telefon sau calculator, f\u0103r\u0103 s\u0103 mai cau\u021bi un magazin sau un terminal de plat\u0103. <\/em><\/strong><\/p>\n<p>Re\u00eenc\u0103rcarea online este rapid\u0103, simpl\u0103 \u0219i disponibil\u0103 la orice or\u0103, indiferent unde te afli. Tot ce ai nevoie este o conexiune la internet \u0219i un card bancar.<\/p>\n<p>Una dintre platformele care ofer\u0103 acest serviciu este IncarcaIeftin.ro, unde po\u021bi face re\u00eenc\u0103rcarea cartelei Digi \u00een doar c\u00e2\u021biva pa\u0219i. Introduci num\u0103rul de telefon, alegi suma sau extraop\u021biunea dorit\u0103 \u0219i finalizezi plata.<\/p>\n<p>Confirmarea tranzac\u021biei ajunge pe e-mail, iar creditul este ad\u0103ugat rapid pe cartel\u0103. Solu\u021bia este util\u0103 at\u00e2t pentru propriul num\u0103r, c\u00e2t \u0219i atunci c\u00e2nd vrei s\u0103 \u00eencarci cartela unui membru al familiei sau a unei alte persoane. \u00cen plus, ai libertatea s\u0103 alegi exact valoarea de care ai nevoie, f\u0103r\u0103 deplas\u0103ri \u0219i f\u0103r\u0103 timp pierdut.<\/p>\n<p>Pentru utilizatorii Digi PrePay, re\u00eenc\u0103rcarea online a devenit una dintre cele mai practice metode de a p\u0103stra cartela activ\u0103 \u0219i de a avea mereu acces la serviciile de telefonie \u0219i internet mobil.<\/p>\n<h2>De ce merit\u0103 s\u0103 alegi re\u00eenc\u0103rcarea online pentru cartela Digi?<\/h2>\n<p>\u00cen ultimii ani, tot mai mul\u021bi utilizatori au ales s\u0103 \u00ee\u0219i \u00eencarce cartela direct online. Procesul dureaz\u0103 foarte pu\u021bin \u0219i poate fi f\u0103cut din orice loc \u00een care ai acces la internet.<\/p>\n<p>Prin IncarcaIeftin.ro, <a href=\"https:\/\/incarcaieftin.ro\/reincarca-prepay-digi.html\" target=\"_blank\" rel=\"noopener\"><strong>re\u00eenc\u0103rcarea cartelei Digi<\/strong><\/a> este intuitiv\u0103 \u0219i nu necesit\u0103 cuno\u0219tin\u021be tehnice. Platforma este organizat\u0103 astfel \u00eenc\u00e2t s\u0103 ajungi rapid la serviciul dorit \u0219i s\u0103 finalizezi plata f\u0103r\u0103 pa\u0219i inutili.<\/p>\n<p>Procesul este foarte simplu:<\/p>\n<ul>\n<li>introduci num\u0103rul Digi pe care vrei s\u0103 \u00eel \u00eencarci;<\/li>\n<li>alegi suma sau extraop\u021biunea potrivit\u0103;<\/li>\n<li>completezi adresa de e-mail;<\/li>\n<li>faci plata cu cardul;<\/li>\n<li>prime\u0219ti confirmarea tranzac\u021biei.<\/li>\n<\/ul>\n<p>Un alt avantaj este c\u0103 po\u021bi face re\u00eenc\u0103rcarea pentru orice num\u0103r Digi, nu doar pentru telefonul t\u0103u. Dac\u0103 un p\u0103rinte, un copil sau un prieten are nevoie de credit, \u00eel po\u021bi ajuta imediat, indiferent unde se afl\u0103.<\/p>\n<p>Re\u00eenc\u0103rcarea online este util\u0103 \u0219i atunci c\u00e2nd e\u0219ti plecat din localitate, \u00een concediu sau lucrezi p\u00e2n\u0103 t\u00e2rziu \u0219i nu ai timp s\u0103 ajungi \u00eentr-un magazin.<\/p>\n<h2>Cum alegi suma potrivit\u0103 pentru re\u00eenc\u0103rcarea cartelei Digi?<\/h2>\n<p>Nu exist\u0103 o valoare potrivit\u0103 pentru toat\u0103 lumea. Totul depinde de modul \u00een care folose\u0219ti cartela.<\/p>\n<p>Dac\u0103 utilizezi telefonul ocazional, o re\u00eenc\u0103rcare cu o valoare mai mic\u0103 poate fi suficient\u0103. \u00cen schimb, dac\u0103 vorbe\u0219ti mult, folose\u0219ti internetul mobil sau activezi frecvent extraop\u021biuni, este mai avantajos s\u0103 alegi o sum\u0103 care \u00ee\u021bi ofer\u0103 toate resursele de care ai nevoie.<\/p>\n<p>Platforma IncarcaIeftin.ro pune la dispozi\u021bie mai multe variante de re\u00eenc\u0103rcare pentru Digi PrePay, astfel \u00eenc\u00e2t fiecare utilizator s\u0103 poat\u0103 alege op\u021biunea potrivit\u0103.<\/p>\n<p>\u00cenainte de finalizarea pl\u0103\u021bii, merit\u0103 s\u0103 verifici \u00eenc\u0103 o dat\u0103 suma selectat\u0103. Este un pas simplu care te ajut\u0103 s\u0103 evi\u021bi o nou\u0103 re\u00eenc\u0103rcare la scurt timp dup\u0103 prima.<\/p>\n<p>La fel de important este s\u0103 verifici \u0219i num\u0103rul de telefon introdus. O cifr\u0103 gre\u0219it\u0103 poate trimite creditul c\u0103tre alt\u0103 cartel\u0103.<\/p>\n<p>Dac\u0103 faci re\u00eenc\u0103rc\u0103ri frecvente, vei observa c\u0103 procesul devine din ce \u00een ce mai rapid. \u00cen c\u00e2teva minute ai terminat tot \u0219i po\u021bi continua s\u0103 folose\u0219ti telefonul f\u0103r\u0103 \u00eentreruperi.<\/p>\n<h2>Avantajele platformei IncarcaIeftin.ro<\/h2>\n<p>IncarcaIeftin.ro este o platform\u0103 dedicat\u0103 re\u00eenc\u0103rc\u0103rii online pentru cartelele PrePay din Rom\u00e2nia. Pe l\u00e2ng\u0103 Digi, po\u021bi \u00eenc\u0103rca \u0219i cartele Orange, Vodafone, folosind acela\u0219i proces simplu.<\/p>\n<p>Unul dintre cele mai mari avantaje este c\u0103 nu depinzi de programul unui magazin. Platforma este disponibil\u0103 online, iar re\u00eenc\u0103rcarea poate fi f\u0103cut\u0103 atunci c\u00e2nd ai nevoie.<\/p>\n<p>Experien\u021ba este g\u00e2ndit\u0103 pentru utilizatori care vor s\u0103 rezolve totul rapid. Introduci datele necesare, alegi valoarea dorit\u0103 \u0219i faci plata \u00een doar c\u00e2teva minute.<\/p>\n<p>Pentru ca tranzac\u021bia s\u0103 decurg\u0103 f\u0103r\u0103 probleme, verific\u0103 \u00eentotdauna c\u00e2teva detalii \u00eenainte de confirmare:<\/p>\n<ul>\n<li>num\u0103rul de telefon introdus;<\/li>\n<li>valoarea aleas\u0103 pentru re\u00eenc\u0103rcare;<\/li>\n<li>adresa de e-mail pe care vei primi confirmarea.<\/li>\n<\/ul>\n<p>Aceste verific\u0103ri dureaz\u0103 c\u00e2teva secunde \u0219i \u00ee\u021bi ofer\u0103 siguran\u021ba c\u0103 re\u00eenc\u0103rcarea va ajunge exact unde trebuie.<\/p>\n<h2>O metod\u0103 rapid\u0103 pentru a avea mereu cartela activ\u0103<\/h2>\n<p>Telefonul mobil este folosit zilnic pentru apeluri, internet, aplica\u021bii bancare, naviga\u021bie \u0219i comunicarea cu familia sau colegii. Tocmai de aceea este important ca re\u00eenc\u0103rcarea cartelei s\u0103 fie un proces simplu \u0219i rapid.<\/p>\n<p>Prin IncarcaIeftin.ro, re\u00eenc\u0103rcarea cartelei Digi se face \u00een c\u00e2\u021biva pa\u0219i, f\u0103r\u0103 complica\u021bii. Alegi valoarea potrivit\u0103, introduci num\u0103rul de telefon \u0219i finalizezi plata online.<\/p>\n<p>Dac\u0103 \u00eencarci cartela unei alte persoane, verific\u0103 \u00eenc\u0103 o dat\u0103 num\u0103rul \u00eenainte de confirmare. Este cel mai simplu mod de a evita eventualele gre\u0219eli.<\/p>\n<p>P\u0103streaz\u0103 \u0219i e-mailul de confirmare dup\u0103 fiecare tranzac\u021bie. \u00ce\u021bi poate fi util dac\u0103 vrei s\u0103 verifici ulterior re\u00eenc\u0103rcarea sau s\u0103 ai o eviden\u021b\u0103 a pl\u0103\u021bilor efectuate.<\/p>\n<p>Re\u00eenc\u0103rcarea cartelei Digi online este una dintre cele mai rapide solu\u021bii disponibile \u00een prezent. Economise\u0219ti timp, ai control asupra sumei \u00eenc\u0103rcate \u0219i po\u021bi face totul de oriunde.<\/p>\n<p><em>Cu IncarcaIeftin.ro, \u00eentregul proces este simplu, rapid \u0219i u\u0219or de parcurs, astfel \u00eenc\u00e2t cartela ta Digi s\u0103 fie preg\u0103tit\u0103 oric\u00e2nd pentru apeluri, mesaje \u0219i internet mobil.<\/em><\/p>\n<\/div>\n<\/div>\n<div class=\"td_block_wrap td_block_9 tdi_20 td_with_ajax_pagination td-pb-border-top td_block_template_1 td-column-2 td_block_padding td_block_bot_line\" data-td-block-uid=\"tdi_20\">\n<div class=\"td-block-title-wrap\">\n<h4 class=\"block-title td-block-title\"><span class=\"td-pulldown-size\">CITE\u0218TE MAI MULT<\/span><\/h4>\n<\/div>\n<div id=\"tdi_20\" class=\"td_block_inner\">\n<div class=\"td-block-row\">\n<div class=\"td-block-span6\">\n<div class=\"td_module_8 td_module_wrap\">\n<div class=\"item-details\">\n<h3 class=\"entry-title td-module-title\"><a href=\"https:\/\/r3media.ro\/cand-incepe-scoala-in-2026-structura-an-nou-scolar\/\" rel=\"bookmark\" title=\"C\u00e2nd \u00eencepe \u0219coala \u00een 2026: Structura noului an \u0219colar, vacan\u021bele \u0219i zilele libere\">C\u00e2nd \u00eencepe \u0219coala \u00een 2026: Structura noului an \u0219colar, vacan\u021bele \u0219i zilele libere<\/a><\/h3>\n<div class=\"td-module-meta-info\"><a href=\"https:\/\/r3media.ro\/category\/actualitate\/\" class=\"td-post-category\">ACTUALITATE<\/a><span class=\"td-post-author-name\"><a href=\"https:\/\/r3media.ro\/author\/oana\/\">Oana Ivan<\/a><span>&#8211;<\/span><\/span><span class=\"td-post-date\"><time class=\"entry-date updated td-module-date\" datetime=\"2026-08-03T22:23:20+03:00\">03\/08\/2026<\/time><\/span><\/div>\n<\/div>\n<\/div>\n<\/div>\n<div class=\"td-block-span6\">\n<div class=\"td_module_8 td_module_wrap\">\n<div class=\"item-details\">\n<h3 class=\"entry-title td-module-title\"><a href=\"https:\/\/r3media.ro\/tara-europa-norvegia-masini-electrice-inmatriculate-cota-ridicata\/\" rel=\"bookmark\" title=\"\u021aara din Europa unde aproape toate ma\u0219inile \u00eenmatriculate sune electrice. Cota a ajuns la 97,6% \u00een iulie\">\u021aara din Europa unde aproape toate ma\u0219inile \u00eenmatriculate sune electrice. Cota a ajuns la&#8230;<\/a><\/h3>\n<div class=\"td-module-meta-info\"><a href=\"https:\/\/r3media.ro\/category\/actualitate\/\" class=\"td-post-category\">ACTUALITATE<\/a><span class=\"td-post-author-name\"><a href=\"https:\/\/r3media.ro\/author\/oana\/\">Oana Ivan<\/a><span>&#8211;<\/span><\/span><span class=\"td-post-date\"><time class=\"entry-date updated td-module-date\" datetime=\"2026-08-03T17:01:21+03:00\">03\/08\/2026<\/time><\/span><\/div>\n<\/div>\n<\/div>\n<\/div>\n<\/div>\n<div class=\"td-block-row\">\n<div class=\"td-block-span6\">\n<div class=\"td_module_8 td_module_wrap\">\n<div class=\"item-details\">\n<h3 class=\"entry-title td-module-title\"><a href=\"https:\/\/r3media.ro\/puterea-mitologica-instalata-a-romaniei\/\" rel=\"bookmark\" title=\"Puterea mitologic\u0103 instalat\u0103 a Rom\u00e2niei\">Puterea mitologic\u0103 instalat\u0103 a Rom\u00e2niei<\/a><\/h3>\n<div class=\"td-module-meta-info\"><a href=\"https:\/\/r3media.ro\/category\/opinii\/\" class=\"td-post-category\">OPINII<\/a><span class=\"td-post-author-name\"><a href=\"https:\/\/r3media.ro\/author\/tru\/\">TRU (Traian Ungureanu)<\/a><span>&#8211;<\/span><\/span><span class=\"td-post-date\"><time class=\"entry-date updated td-module-date\" datetime=\"2026-08-02T22:08:04+03:00\">02\/08\/2026<\/time><\/span><\/div>\n<\/div>\n<\/div>\n<\/div>\n<div class=\"td-block-span6\">\n<div class=\"td_module_8 td_module_wrap\">\n<div class=\"item-details\">\n<h3 class=\"entry-title td-module-title\"><a href=\"https:\/\/r3media.ro\/hyundai-recheama-service-masini-electrice-inster-risc-incendiu\/\" rel=\"bookmark\" title=\"Hyundai recheam\u0103 \u00een service zeci de mii de ma\u0219ini electrice din cauza riscului de incendiu\">Hyundai recheam\u0103 \u00een service zeci de mii de ma\u0219ini electrice din cauza riscului de&#8230;<\/a><\/h3>\n<div class=\"td-module-meta-info\"><a href=\"https:\/\/r3media.ro\/category\/actualitate\/\" class=\"td-post-category\">ACTUALITATE<\/a><span class=\"td-post-author-name\"><a href=\"https:\/\/r3media.ro\/author\/oana\/\">Oana Ivan<\/a><span>&#8211;<\/span><\/span><span class=\"td-post-date\"><time class=\"entry-date updated td-module-date\" datetime=\"2026-08-02T08:34:05+03:00\">02\/08\/2026<\/time><\/span><\/div>\n<\/div>\n<\/div>\n<\/div>\n<\/div>\n<div class=\"td-block-row\">\n<div class=\"td-block-span6\">\n<div class=\"td_module_8 td_module_wrap\">\n<div class=\"item-details\">\n<h3 class=\"entry-title td-module-title\"><a href=\"https:\/\/r3media.ro\/dragostea-care-transcende-epoci-descult-in-parc-1967\/\" rel=\"bookmark\" title=\"Dragostea care transcende epoci \u2014 Descul\u021b \u00een parc (1967)\">Dragostea care transcende epoci \u2014 Descul\u021b \u00een parc (1967)<\/a><\/h3>\n<div class=\"td-module-meta-info\"><a href=\"https:\/\/r3media.ro\/category\/opinii\/\" class=\"td-post-category\">OPINII<\/a><span class=\"td-post-author-name\"><a href=\"https:\/\/r3media.ro\/author\/costi_balasoiu\/\">Constantin B\u0103l\u0103\u0219oiu<\/a><span>&#8211;<\/span><\/span><span class=\"td-post-date\"><time class=\"entry-date updated td-module-date\" datetime=\"2026-08-01T13:45:14+03:00\">01\/08\/2026<\/time><\/span><\/div>\n<\/div>\n<\/div>\n<\/div>\n<div class=\"td-block-span6\">\n<div class=\"td_module_8 td_module_wrap\">\n<div class=\"item-details\">\n<h3 class=\"entry-title td-module-title\"><a href=\"https:\/\/r3media.ro\/masina-electrica-foc-turcia-incarcat-vehicul-explozie-pompieri-stingere-incendiu-video\/\" rel=\"bookmark\" title=\"VIDEO | O ma\u0219in\u0103 electric\u0103 a luat foc \u00een timp ce se afla la \u00eenc\u0103rcat. Vehiculul a explodat chiar c\u00e2nd pompierii \u00eencercau s\u0103 sting\u0103 incendiul folosind o p\u0103tur\u0103 ignifug\u0103\">VIDEO | O ma\u0219in\u0103 electric\u0103 a luat foc \u00een timp ce se afla la&#8230;<\/a><\/h3>\n<div class=\"td-module-meta-info\"><a href=\"https:\/\/r3media.ro\/category\/actualitate\/\" class=\"td-post-category\">ACTUALITATE<\/a><span class=\"td-post-author-name\"><a href=\"https:\/\/r3media.ro\/author\/oana\/\">Oana Ivan<\/a><span>&#8211;<\/span><\/span><span class=\"td-post-date\"><time class=\"entry-date updated td-module-date\" datetime=\"2026-07-31T13:33:48+03:00\">31\/07\/2026<\/time><\/span><\/div>\n<\/div>\n<\/div>\n<\/div>\n<\/div>\n<div class=\"td-block-row\">\n<div class=\"td-block-span6\">\n<div class=\"td_module_8 td_module_wrap\">\n<div class=\"item-details\">\n<h3 class=\"entry-title td-module-title\"><a href=\"https:\/\/r3media.ro\/spania-asediu-migranti-exclava-ceuta-africa-madrid-trupe-securitate-video\/\" rel=\"bookmark\" title=\"VIDEO | Spania se afl\u0103 sub asediu: Mii de migran\u021bi au luat cu asalt exclava Ceuta din Africa. Madridul a trimis trupe pentru a consolida securitatea\">VIDEO | Spania se afl\u0103 sub asediu: Mii de migran\u021bi au luat cu asalt&#8230;<\/a><\/h3>\n<div class=\"td-module-meta-info\"><a href=\"https:\/\/r3media.ro\/category\/actualitate\/\" class=\"td-post-category\">ACTUALITATE<\/a><span class=\"td-post-author-name\"><a href=\"https:\/\/r3media.ro\/author\/oana\/\">Oana Ivan<\/a><span>&#8211;<\/span><\/span><span class=\"td-post-date\"><time class=\"entry-date updated td-module-date\" datetime=\"2026-07-31T12:39:57+03:00\">31\/07\/2026<\/time><\/span><\/div>\n<\/div>\n<\/div>\n<\/div>\n<div class=\"td-block-span6\">\n<div class=\"td_module_8 td_module_wrap\">\n<div class=\"item-details\">\n<h3 class=\"entry-title td-module-title\"><a href=\"https:\/\/r3media.ro\/expert-ucraina-faliment-agricultura-romaneasca-tehnologii-ue\/\" rel=\"bookmark\" title=\"Un expert explic\u0103 felul \u00een care concuren\u021ba din Ucraina bag\u0103 \u00een faliment agricultura rom\u00e2neasc\u0103: Folosesc tehnologii interzise \u00een UE\">Un expert explic\u0103 felul \u00een care concuren\u021ba din Ucraina bag\u0103 \u00een faliment agricultura rom\u00e2neasc\u0103:&#8230;<\/a><\/h3>\n<div class=\"td-module-meta-info\"><a href=\"https:\/\/r3media.ro\/category\/actualitate\/\" class=\"td-post-category\">ACTUALITATE<\/a><span class=\"td-post-author-name\"><a href=\"https:\/\/r3media.ro\/author\/radu_ursan\/\">Radu Ursan<\/a><span>&#8211;<\/span><\/span><span class=\"td-post-date\"><time class=\"entry-date updated td-module-date\" datetime=\"2026-07-30T09:51:48+03:00\">30\/07\/2026<\/time><\/span><\/div>\n<\/div>\n<\/div>\n<\/div>\n<\/div>\n<div class=\"td-block-row\">\n<div class=\"td-block-span6\">\n<div class=\"td_module_8 td_module_wrap\">\n<div class=\"item-details\">\n<h3 class=\"entry-title td-module-title\"><a href=\"https:\/\/r3media.ro\/cornel-nistorescu-drone-razboi-ucraina\/\" rel=\"bookmark\" title=\"Cornel Nistorescu, dup\u0103 incidentele cu drone: Adie a aer de r\u0103zboi. De mirare c\u0103 dronele ucrainene nu au st\u00e2rnit at\u00e2ta t\u0103r\u0103boi\">Cornel Nistorescu, dup\u0103 incidentele cu drone: Adie a aer de r\u0103zboi. De mirare c\u0103&#8230;<\/a><\/h3>\n<div class=\"td-module-meta-info\"><a href=\"https:\/\/r3media.ro\/category\/actualitate\/\" class=\"td-post-category\">ACTUALITATE<\/a><span class=\"td-post-author-name\"><a href=\"https:\/\/r3media.ro\/author\/radu_ursan\/\">Radu Ursan<\/a><span>&#8211;<\/span><\/span><span class=\"td-post-date\"><time class=\"entry-date updated td-module-date\" datetime=\"2026-07-28T10:21:51+03:00\">28\/07\/2026<\/time><\/span><\/div>\n<\/div>\n<\/div>\n<\/div>\n<div class=\"td-block-span6\">\n<div class=\"td_module_8 td_module_wrap\">\n<div class=\"item-details\">\n<h3 class=\"entry-title td-module-title\"><a href=\"https:\/\/r3media.ro\/bnr-recomanda-romani-rezerve-de-cash-atacuri-cibernetice-numerar-relevant-criza\/\" rel=\"bookmark\" title=\"BNR le recomand\u0103 rom\u00e2nilor s\u0103 p\u0103streze rezerve de cash: Numerarul se poate dovedi relevant \u00een criz\u0103\">BNR le recomand\u0103 rom\u00e2nilor s\u0103 p\u0103streze rezerve de cash: Numerarul se poate dovedi relevant&#8230;<\/a><\/h3>\n<div class=\"td-module-meta-info\"><a href=\"https:\/\/r3media.ro\/category\/actualitate\/\" class=\"td-post-category\">ACTUALITATE<\/a><span class=\"td-post-author-name\"><a href=\"https:\/\/r3media.ro\/author\/oana\/\">Oana Ivan<\/a><span>&#8211;<\/span><\/span><span class=\"td-post-date\"><time class=\"entry-date updated td-module-date\" datetime=\"2026-07-27T13:11:47+03:00\">27\/07\/2026<\/time><\/span><\/div>\n<\/div>\n<\/div>\n<\/div>\n<\/div>\n<div class=\"td-block-row\">\n<div class=\"td-block-span6\">\n<div class=\"td_module_8 td_module_wrap\">\n<div class=\"item-details\">\n<h3 class=\"entry-title td-module-title\"><a href=\"https:\/\/r3media.ro\/statul-roman-a-semnat-actul-propriei-disparitii\/\" rel=\"bookmark\" title=\"Statul rom\u00e2n a semnat actul propriei dispari\u021bii?\">Statul rom\u00e2n a semnat actul propriei dispari\u021bii?<\/a><\/h3>\n<div class=\"td-module-meta-info\"><a href=\"https:\/\/r3media.ro\/category\/opinii\/\" class=\"td-post-category\">OPINII<\/a><span class=\"td-post-author-name\"><a href=\"https:\/\/r3media.ro\/author\/gabipopa\/\">Gabriel Popa<\/a><span>&#8211;<\/span><\/span><span class=\"td-post-date\"><time class=\"entry-date updated td-module-date\" datetime=\"2026-07-27T15:07:05+03:00\">27\/07\/2026<\/time><\/span><\/div>\n<\/div>\n<\/div>\n<\/div>\n<div class=\"td-block-span6\">\n<div class=\"td_module_8 td_module_wrap\">\n<div class=\"item-details\">\n<h3 class=\"entry-title td-module-title\"><a href=\"https:\/\/r3media.ro\/prima-oara-istorie-presedintia-document-primplan-patriotism-european\/\" rel=\"bookmark\" title=\"Pentru prima oar\u0103 \u00een istorie, Pre\u0219edin\u021bia Rom\u00e2niei emite un document care pune pe primul plan o alt\u0103 entitate dec\u00e2t \u021bara noastr\u0103: patriotismul european\">Pentru prima oar\u0103 \u00een istorie, Pre\u0219edin\u021bia Rom\u00e2niei emite un document care pune pe primul&#8230;<\/a><\/h3>\n<div class=\"td-module-meta-info\"><a href=\"https:\/\/r3media.ro\/category\/actualitate\/\" class=\"td-post-category\">ACTUALITATE<\/a><span class=\"td-post-author-name\"><a href=\"https:\/\/r3media.ro\/author\/teodor_stan\/\">Teodor Stan<\/a><span>&#8211;<\/span><\/span><span class=\"td-post-date\"><time class=\"entry-date updated td-module-date\" datetime=\"2026-07-26T11:44:31+03:00\">26\/07\/2026<\/time><\/span><\/div>\n<\/div>\n<\/div>\n<\/div>\n<\/div>\n<\/div>\n<div class=\"td-load-more-wrap td-load-more-infinite-wrap\" id=\"infinite-lm-tdi_20\"><a href=\"https:\/\/r3media.ro\/reincarcare-cartela-digi-cele-mai-rapide-metode-disponibile-online\/\" class=\"td_ajax_load_more td_ajax_load_more_js\" aria-label=\"\u00cenc\u0103rca\u021bi mai multe\" id=\"next-page-tdi_20\" data-td_block_id=\"tdi_20\">\u00cenc\u0103rca\u021bi mai multe<\/a><\/div>\n<\/div>\n<div class=\"td_block_wrap tdb_single_comments tdi_21 tdb-comm-layout2 td-pb-border-top td_block_template_1\" data-td-block-uid=\"tdi_21\">\n<div class=\"tdb-block-inner td-fix-index\">\n<div class=\"comments\" id=\"comments\">\n<div id=\"respond\" class=\"comment-respond\">\n<h3 id=\"reply-title\" class=\"comment-reply-title\">AI CEVA DE SPUS? <small><a rel=\"nofollow\" id=\"cancel-comment-reply-link\" href=\"https:\/\/r3media.ro\/reincarcare-cartela-digi-cele-mai-rapide-metode-disponibile-online\/#respond\">Renun\u021ba\u021bi la r\u0103spuns<\/a><\/small><\/h3>\n<div class=\"comment-form-input-wrap td-form-comment\">\n<div class=\"td-warning-comment\">V\u0103 rug\u0103m s\u0103 introduce\u021bi comentariul dvs.!<\/div>\n<\/div>\n<div class=\"comment-form-input-wrap td-form-author\">\n<div class=\"td-warning-author\">Introduce\u021bi aici numele dvs.<\/div>\n<\/div>\n<div class=\"comment-form-input-wrap td-form-email\">\n<div class=\"td-warning-email-error\">A\u021bi introdus o adres\u0103 de e-mail incorect\u0103!<\/div>\n<div class=\"td-warning-email\">V\u0103 rug\u0103m s\u0103 introduce\u021bi adresa dvs. de e-mail aici<\/div>\n<\/div>\n<\/div>\n<\/div>\n<\/div>\n<\/div>\n<\/div>\n<\/div>\n<div class=\"vc_column tdi_23  wpb_column vc_column_container tdc-column td-pb-span4 td-is-sticky\">\n<div class=\"wpb_wrapper\" data-sticky-enabled-on=\"W3RydWUsdHJ1ZSx0cnVlLHRydWVd\" data-sticky-offset=\"20\" data-sticky-is-width-auto=\"W2ZhbHNlLGZhbHNlLGZhbHNlLGZhbHNlXQ==\">\n<div class=\"wpb_wrapper td_block_wrap vc_widget_sidebar tdi_25 \">\n<div class=\"td_block_wrap td_block_7 td_block_widget tdi_26 td-pb-border-top td_block_template_1 td-column-1 td_block_padding\" data-td-block-uid=\"tdi_26\">\n<div class=\"td-block-title-wrap\">\n<h4 class=\"block-title td-block-title\"><span class=\"td-pulldown-size\">Articole RELA\u021aIONATE<\/span><\/h4>\n<\/div>\n<div id=\"tdi_26\" class=\"td_block_inner\">\n<div class=\"td-block-span12\">\n<div class=\"td_module_6 td_module_wrap td-animation-stack\">\n<div class=\"td-module-thumb\"><a href=\"https:\/\/r3media.ro\/romanii-bolojan-mindruta-consum-energie-electrica-romania\/\" rel=\"bookmark\" class=\"td-image-wrap \" title=\"Rom\u00e2nii nu au ascultat apelul lui Bolojan \u0219i al lui M\u00eendru\u021b\u0103: Miercuri sear\u0103 s-a \u00eenregistrat unul dintre cele mai ridicate niveluri ale consumului de energie electric\u0103 din aceast\u0103 var\u0103\"><img loading=\"lazy\" decoding=\"async\" class=\"entry-thumb\" src=\"https:\/\/r3media.ro\/wp-content\/uploads\/2026\/08\/pexels-lamps-2178743-100x70.jpg\" alt title=\"Rom\u00e2nii nu au ascultat apelul lui Bolojan \u0219i al lui M\u00eendru\u021b\u0103: Miercuri sear\u0103 s-a \u00eenregistrat unul dintre cele mai ridicate niveluri ale consumului de energie electric\u0103 din aceast\u0103 var\u0103\" width=\"100\" height=\"70\"><\/a><\/div>\n<div class=\"item-details\">\n<h3 class=\"entry-title td-module-title\"><a href=\"https:\/\/r3media.ro\/romanii-bolojan-mindruta-consum-energie-electrica-romania\/\" rel=\"bookmark\" title=\"Rom\u00e2nii nu au ascultat apelul lui Bolojan \u0219i al lui M\u00eendru\u021b\u0103: Miercuri sear\u0103 s-a \u00eenregistrat unul dintre cele mai ridicate niveluri ale consumului de energie electric\u0103 din aceast\u0103 var\u0103\">Rom\u00e2nii nu au ascultat apelul lui Bolojan \u0219i al lui M\u00eendru\u021b\u0103:&#8230;<\/a><\/h3>\n<div class=\"td-module-meta-info\"><span class=\"td-post-date\"><time class=\"entry-date updated td-module-date\" datetime=\"2026-08-06T12:57:34+03:00\">06\/08\/2026<\/time><\/span><\/div>\n<\/div>\n<\/div>\n<\/div>\n<div class=\"td-block-span12\">\n<div class=\"td_module_6 td_module_wrap td-animation-stack\">\n<div class=\"td-module-thumb\"><a href=\"https:\/\/r3media.ro\/dyson-airwrap-sau-ondulator-clasic-in-vacanta-ce-pui-efectiv-in-bagaj\/\" rel=\"bookmark\" class=\"td-image-wrap \" title=\"Dyson Airwrap sau ondulator clasic \u00een vacan\u021b\u0103: ce pui efectiv \u00een bagaj\"><img loading=\"lazy\" decoding=\"async\" class=\"entry-thumb\" src=\"https:\/\/r3media.ro\/wp-content\/uploads\/2026\/08\/dyson_airwrap_sau_ondulator_clasic_n_vacan_ce_pui_efectiv_n_bagaj-100x70.jpg\" alt title=\"Dyson Airwrap sau ondulator clasic \u00een vacan\u021b\u0103: ce pui efectiv \u00een bagaj\" width=\"100\" height=\"70\"><\/a><\/div>\n<div class=\"item-details\">\n<h3 class=\"entry-title td-module-title\"><a href=\"https:\/\/r3media.ro\/dyson-airwrap-sau-ondulator-clasic-in-vacanta-ce-pui-efectiv-in-bagaj\/\" rel=\"bookmark\" title=\"Dyson Airwrap sau ondulator clasic \u00een vacan\u021b\u0103: ce pui efectiv \u00een bagaj\">Dyson Airwrap sau ondulator clasic \u00een vacan\u021b\u0103: ce pui efectiv \u00een&#8230;<\/a><\/h3>\n<div class=\"td-module-meta-info\"><span class=\"td-post-date\"><time class=\"entry-date updated td-module-date\" datetime=\"2026-08-06T00:08:20+03:00\">06\/08\/2026<\/time><\/span><\/div>\n<\/div>\n<\/div>\n<\/div>\n<div class=\"td-block-span12\">\n<div class=\"td_module_6 td_module_wrap td-animation-stack\">\n<div class=\"td-module-thumb\"><a href=\"https:\/\/r3media.ro\/mariuca-zaharia-fetita-12-ani-marasesti\/\" rel=\"bookmark\" class=\"td-image-wrap \" title=\"Calendarul zilei 6 august: M\u0103riuca Zaharia, feti\u021ba de 12 ani c\u0103zut\u0103 la M\u0103r\u0103\u0219e\u0219ti, care nu mai are loc \u00een manualele de istorie\"><img loading=\"lazy\" decoding=\"async\" class=\"entry-thumb\" src=\"https:\/\/r3media.ro\/wp-content\/uploads\/2021\/08\/mariuca-zaharia-100x70.jpeg\" alt title=\"Calendarul zilei 6 august: M\u0103riuca Zaharia, feti\u021ba de 12 ani c\u0103zut\u0103 la M\u0103r\u0103\u0219e\u0219ti, care nu mai are loc \u00een manualele de istorie\" width=\"100\" height=\"70\"><\/a><\/div>\n<div class=\"item-details\">\n<h3 class=\"entry-title td-module-title\"><a href=\"https:\/\/r3media.ro\/mariuca-zaharia-fetita-12-ani-marasesti\/\" rel=\"bookmark\" title=\"Calendarul zilei 6 august: M\u0103riuca Zaharia, feti\u021ba de 12 ani c\u0103zut\u0103 la M\u0103r\u0103\u0219e\u0219ti, care nu mai are loc \u00een manualele de istorie\">Calendarul zilei 6 august: M\u0103riuca Zaharia, feti\u021ba de 12 ani c\u0103zut\u0103&#8230;<\/a><\/h3>\n<div class=\"td-module-meta-info\"><span class=\"td-post-date\"><time class=\"entry-date updated td-module-date\" datetime=\"2026-08-05T22:42:18+03:00\">05\/08\/2026<\/time><\/span><\/div>\n<\/div>\n<\/div>\n<\/div>\n<div class=\"td-block-span12\">\n<div class=\"td_module_6 td_module_wrap td-animation-stack\">\n<div class=\"td-module-thumb\"><a href=\"https:\/\/r3media.ro\/calendarul-zilei-6-august-schimbarea-la-fata-a-domnului\/\" rel=\"bookmark\" class=\"td-image-wrap \" title=\"Calendarul zilei 6 august: Schimbarea la fa\u021b\u0103 a Domnului\"><img loading=\"lazy\" decoding=\"async\" class=\"entry-thumb\" src=\"https:\/\/r3media.ro\/wp-content\/uploads\/2022\/08\/schimbarea-la-fata-a-domnului-100x70.jpg\" alt title=\"Calendarul zilei 6 august: Schimbarea la fa\u021b\u0103 a Domnului\" width=\"100\" height=\"70\"><\/a><\/div>\n<div class=\"item-details\">\n<h3 class=\"entry-title td-module-title\"><a href=\"https:\/\/r3media.ro\/calendarul-zilei-6-august-schimbarea-la-fata-a-domnului\/\" rel=\"bookmark\" title=\"Calendarul zilei 6 august: Schimbarea la fa\u021b\u0103 a Domnului\">Calendarul zilei 6 august: Schimbarea la fa\u021b\u0103 a Domnului<\/a><\/h3>\n<div class=\"td-module-meta-info\"><span class=\"td-post-date\"><time class=\"entry-date updated td-module-date\" datetime=\"2026-08-05T22:00:40+03:00\">05\/08\/2026<\/time><\/span><\/div>\n<\/div>\n<\/div>\n<\/div>\n<div class=\"td-block-span12\">\n<div class=\"td_module_6 td_module_wrap td-animation-stack\">\n<div class=\"td-module-thumb\"><a href=\"https:\/\/r3media.ro\/drona-gasita-mare-mamaia-zona-loft-video\/\" rel=\"bookmark\" class=\"td-image-wrap \" title=\"VIDEO | O dron\u0103 a fost g\u0103sit\u0103 \u00een mare, \u00een Mamaia, \u00een zona Loft\"><img loading=\"lazy\" decoding=\"async\" class=\"entry-thumb\" src=\"https:\/\/r3media.ro\/wp-content\/uploads\/2026\/07\/plaja-goala-100x70.png\" alt title=\"VIDEO | O dron\u0103 a fost g\u0103sit\u0103 \u00een mare, \u00een Mamaia, \u00een zona Loft\" width=\"100\" height=\"70\"><\/a><\/div>\n<div class=\"item-details\">\n<h3 class=\"entry-title td-module-title\"><a href=\"https:\/\/r3media.ro\/drona-gasita-mare-mamaia-zona-loft-video\/\" rel=\"bookmark\" title=\"VIDEO | O dron\u0103 a fost g\u0103sit\u0103 \u00een mare, \u00een Mamaia, \u00een zona Loft\">VIDEO | O dron\u0103 a fost g\u0103sit\u0103 \u00een mare, \u00een Mamaia,&#8230;<\/a><\/h3>\n<div class=\"td-module-meta-info\"><span class=\"td-post-date\"><time class=\"entry-date updated td-module-date\" datetime=\"2026-08-05T21:48:11+03:00\">05\/08\/2026<\/time><\/span><\/div>\n<\/div>\n<\/div>\n<\/div>\n<div class=\"td-block-span12\">\n<div class=\"td_module_6 td_module_wrap td-animation-stack\">\n<div class=\"td-module-thumb\"><a href=\"https:\/\/r3media.ro\/catalin-avramescu-pornografie-infantila\/\" rel=\"bookmark\" class=\"td-image-wrap \" title=\"C\u0103t\u0103lin Avramescu, fost consilier preziden\u021bial, suspect \u00eentr-un dosar de pornografie infantil\u0103\"><img loading=\"lazy\" decoding=\"async\" class=\"entry-thumb\" src=\"https:\/\/r3media.ro\/wp-content\/uploads\/2026\/08\/Catalin-Avramescu-1200x616-1-100x70.jpg\" alt title=\"C\u0103t\u0103lin Avramescu, fost consilier preziden\u021bial, suspect \u00eentr-un dosar de pornografie infantil\u0103\" width=\"100\" height=\"70\"><\/a><\/div>\n<div class=\"item-details\">\n<h3 class=\"entry-title td-module-title\"><a href=\"https:\/\/r3media.ro\/catalin-avramescu-pornografie-infantila\/\" rel=\"bookmark\" title=\"C\u0103t\u0103lin Avramescu, fost consilier preziden\u021bial, suspect \u00eentr-un dosar de pornografie infantil\u0103\">C\u0103t\u0103lin Avramescu, fost consilier preziden\u021bial, suspect \u00eentr-un dosar de pornografie infantil\u0103<\/a><\/h3>\n<div class=\"td-module-meta-info\"><span class=\"td-post-date\"><time class=\"entry-date updated td-module-date\" datetime=\"2026-08-05T13:47:30+03:00\">05\/08\/2026<\/time><\/span><\/div>\n<\/div>\n<\/div>\n<\/div>\n<div class=\"td-block-span12\">\n<div class=\"td_module_6 td_module_wrap td-animation-stack\">\n<div class=\"td-module-thumb\"><a href=\"https:\/\/r3media.ro\/invatamant-portugalia-haos-erori-digitalizarea-procesului-evaluare-elevi\/\" rel=\"bookmark\" class=\"td-image-wrap \" title=\"\u00cenv\u0103\u021b\u0103m\u00e2ntul din Portugalia, \u00een haos din cauza erorilor cauzate de digitalizarea procesului de evaluare a elevilor\"><img loading=\"lazy\" decoding=\"async\" class=\"entry-thumb\" src=\"https:\/\/r3media.ro\/wp-content\/uploads\/2026\/02\/digitalizare-scoala-100x70.jpg\" alt title=\"\u00cenv\u0103\u021b\u0103m\u00e2ntul din Portugalia, \u00een haos din cauza erorilor cauzate de digitalizarea procesului de evaluare a elevilor\" width=\"100\" height=\"70\"><\/a><\/div>\n<div class=\"item-details\">\n<h3 class=\"entry-title td-module-title\"><a href=\"https:\/\/r3media.ro\/invatamant-portugalia-haos-erori-digitalizarea-procesului-evaluare-elevi\/\" rel=\"bookmark\" title=\"\u00cenv\u0103\u021b\u0103m\u00e2ntul din Portugalia, \u00een haos din cauza erorilor cauzate de digitalizarea procesului de evaluare a elevilor\">\u00cenv\u0103\u021b\u0103m\u00e2ntul din Portugalia, \u00een haos din cauza erorilor cauzate de digitalizarea&#8230;<\/a><\/h3>\n<div class=\"td-module-meta-info\"><span class=\"td-post-date\"><time class=\"entry-date updated td-module-date\" datetime=\"2026-08-05T12:18:39+03:00\">05\/08\/2026<\/time><\/span><\/div>\n<\/div>\n<\/div>\n<\/div>\n<\/div>\n<\/div>\n<aside class=\"td_block_template_1 widget widget_recent_comments\">\n<h4 class=\"block-title\"><span>INTR\u0102 \u00ceN DISCU\u021aIE!<\/span><\/h4>\n<ul id=\"recentcomments\">\n<li class=\"recentcomments\"><span class=\"comment-author-link\">Nicu<\/span> la <a href=\"https:\/\/r3media.ro\/ucraina-scuze-grecia-drona-marina-insula-lefkada-expolozie-portul-constanta\/#comment-40351\">Ucraina i-a cerut scuze Greciei pentru c\u0103 o dron\u0103 marin\u0103 a ajuns l\u00e2ng\u0103 Insula Lefkada. Nicio vorb\u0103 despre drona care putea s\u0103 arunce \u00een aer Portul Constan\u021ba<\/a><\/li>\n<li class=\"recentcomments\"><span class=\"comment-author-link\">Nicu<\/span> la <a href=\"https:\/\/r3media.ro\/bulgaria-nivelul-scazut-al-apelor-dunarii-nu-afecteaza-centrala-nucleara-de-la-kozlodui\/#comment-40350\">Bulgaria: Nivelul sc\u0103zut al apelor Dun\u0103rii NU afecteaz\u0103 centrala nuclear\u0103 de la Kozlodui<\/a><\/li>\n<li class=\"recentcomments\"><span class=\"comment-author-link\">Cristian<\/span> la <a href=\"https:\/\/r3media.ro\/4-august-1919-armata-romana-budapesta\/#comment-40349\">Calendarul zilei: 4 august 1919, cucerirea Budapestei de c\u0103tre Armata Rom\u00e2n\u0103<\/a><\/li>\n<li class=\"recentcomments\"><span class=\"comment-author-link\">Nicu<\/span> la <a href=\"https:\/\/r3media.ro\/ministr-securitate-energetica-marea-britanie-subventii-net-zero-umfla-facturi-cetateni-energie\/#comment-40348\">Ministrul Securit\u0103\u021bii Energetice din Marea Britanie neag\u0103 faptul c\u0103 subven\u021biile Net Zero umfl\u0103 facturile cet\u0103\u021benilor la energie<\/a><\/li>\n<li class=\"recentcomments\"><span class=\"comment-author-link\">Nicu<\/span> la <a href=\"https:\/\/r3media.ro\/sursa-crizei-energetice-radu-miruta-romania-capacitati-carbune-seceta\/#comment-40347\">Sursa crizei energetice. Ministrul Radu Miru\u021b\u0103: Rom\u00e2nia a \u00eenchis capacit\u0103\u021bi de produc\u021bie pe carbune f\u0103r\u0103 s\u0103 pun\u0103 nimic \u00een loc. Nu te po\u021bi ascunde \u00een spatele secetei<\/a><\/li>\n<li class=\"recentcomments\"><span class=\"comment-author-link\">Gavril\u0103 Moldovan<\/span> la <a href=\"https:\/\/r3media.ro\/prima-oara-istorie-presedintia-document-primplan-patriotism-european\/#comment-40346\">Pentru prima oar\u0103 \u00een istorie, Pre\u0219edin\u021bia Rom\u00e2niei emite un document care pune pe primul plan o alt\u0103 entitate dec\u00e2t \u021bara noastr\u0103: patriotismul european<\/a><\/li>\n<li class=\"recentcomments\"><span class=\"comment-author-link\">Redac\u021bia<\/span> la <a href=\"https:\/\/r3media.ro\/statul-roman-a-semnat-actul-propriei-disparitii\/#comment-40345\">Statul rom\u00e2n a semnat actul propriei dispari\u021bii?<\/a><\/li>\n<\/ul>\n<\/aside>\n<aside class=\"td_block_template_1 widget widget_search\">\n<h4 class=\"block-title\"><span>CAUT\u0102 \u0218I VEI G\u0102SI<\/span><\/h4>\n<\/aside>\n<\/div>\n<\/div>\n<\/div>\n<\/div>\n<\/div>\n<\/div>\n<\/div>\n<p><span class=\"td-page-meta\"><\/span><span class=\"td-page-meta\"><span class=\"td-page-meta\"><\/span><\/span><span class=\"td-page-meta\"><\/span><\/article>\n<\/p>\n<div class=\"td_block_wrap tdb_single_content tdi_18 td-pb-border-top td_block_template_1 td-post-content tagdiv-type\" data-td-block-uid=\"tdi_18\">\n<div class=\"tdb-block-inner td-fix-index\">\n<p><strong><em>Dac\u0103 folose\u0219ti o cartel\u0103 Digi PrePay, probabil ai trecut m\u0103car o dat\u0103 prin situa\u021bia \u00een care ai r\u0103mas f\u0103r\u0103 credit exact c\u00e2nd aveai nevoie de telefon. Ast\u0103zi, problema se rezolv\u0103 \u00een c\u00e2teva minute, direct de pe telefon sau calculator, f\u0103r\u0103 s\u0103 mai cau\u021bi un magazin sau un terminal de plat\u0103. <\/em><\/strong><\/p>\n<p>Re\u00eenc\u0103rcarea online este rapid\u0103, simpl\u0103 \u0219i disponibil\u0103 la orice or\u0103, indiferent unde te afli. Tot ce ai nevoie este o conexiune la internet \u0219i un card bancar.<\/p>\n<p>Una dintre platformele care ofer\u0103 acest serviciu este IncarcaIeftin.ro, unde po\u021bi face re\u00eenc\u0103rcarea cartelei Digi \u00een doar c\u00e2\u021biva pa\u0219i. Introduci num\u0103rul de telefon, alegi suma sau extraop\u021biunea dorit\u0103 \u0219i finalizezi plata.<\/p>\n<p>Confirmarea tranzac\u021biei ajunge pe e-mail, iar creditul este ad\u0103ugat rapid pe cartel\u0103. Solu\u021bia este util\u0103 at\u00e2t pentru propriul num\u0103r, c\u00e2t \u0219i atunci c\u00e2nd vrei s\u0103 \u00eencarci cartela unui membru al familiei sau a unei alte persoane. \u00cen plus, ai libertatea s\u0103 alegi exact valoarea de care ai nevoie, f\u0103r\u0103 deplas\u0103ri \u0219i f\u0103r\u0103 timp pierdut.<\/p>\n<p>Pentru utilizatorii Digi PrePay, re\u00eenc\u0103rcarea online a devenit una dintre cele mai practice metode de a p\u0103stra cartela activ\u0103 \u0219i de a avea mereu acces la serviciile de telefonie \u0219i internet mobil.<\/p>\n<h2>De ce merit\u0103 s\u0103 alegi re\u00eenc\u0103rcarea online pentru cartela Digi?<\/h2>\n<p>\u00cen ultimii ani, tot mai mul\u021bi utilizatori au ales s\u0103 \u00ee\u0219i \u00eencarce cartela direct online. Procesul dureaz\u0103 foarte pu\u021bin \u0219i poate fi f\u0103cut din orice loc \u00een care ai acces la internet.<\/p>\n<p>Prin IncarcaIeftin.ro, <a href=\"https:\/\/incarcaieftin.ro\/reincarca-prepay-digi.html\" target=\"_blank\" rel=\"noopener\"><strong>re\u00eenc\u0103rcarea cartelei Digi<\/strong><\/a> este intuitiv\u0103 \u0219i nu necesit\u0103 cuno\u0219tin\u021be tehnice. Platforma este organizat\u0103 astfel \u00eenc\u00e2t s\u0103 ajungi rapid la serviciul dorit \u0219i s\u0103 finalizezi plata f\u0103r\u0103 pa\u0219i inutili.<\/p>\n<p>Procesul este foarte simplu:<\/p>\n<ul>\n<li>introduci num\u0103rul Digi pe care vrei s\u0103 \u00eel \u00eencarci;<\/li>\n<li>alegi suma sau extraop\u021biunea potrivit\u0103;<\/li>\n<li>completezi adresa de e-mail;<\/li>\n<li>faci plata cu cardul;<\/li>\n<li>prime\u0219ti confirmarea tranzac\u021biei.<\/li>\n<\/ul>\n<p>Un alt avantaj este c\u0103 po\u021bi face re\u00eenc\u0103rcarea pentru orice num\u0103r Digi, nu doar pentru telefonul t\u0103u. Dac\u0103 un p\u0103rinte, un copil sau un prieten are nevoie de credit, \u00eel po\u021bi ajuta imediat, indiferent unde se afl\u0103.<\/p>\n<p>Re\u00eenc\u0103rcarea online este util\u0103 \u0219i atunci c\u00e2nd e\u0219ti plecat din localitate, \u00een concediu sau lucrezi p\u00e2n\u0103 t\u00e2rziu \u0219i nu ai timp s\u0103 ajungi \u00eentr-un magazin.<\/p>\n<h2>Cum alegi suma potrivit\u0103 pentru re\u00eenc\u0103rcarea cartelei Digi?<\/h2>\n<p>Nu exist\u0103 o valoare potrivit\u0103 pentru toat\u0103 lumea. Totul depinde de modul \u00een care folose\u0219ti cartela.<\/p>\n<p>Dac\u0103 utilizezi telefonul ocazional, o re\u00eenc\u0103rcare cu o valoare mai mic\u0103 poate fi suficient\u0103. \u00cen schimb, dac\u0103 vorbe\u0219ti mult, folose\u0219ti internetul mobil sau activezi frecvent extraop\u021biuni, este mai avantajos s\u0103 alegi o sum\u0103 care \u00ee\u021bi ofer\u0103 toate resursele de care ai nevoie.<\/p>\n<p>Platforma IncarcaIeftin.ro pune la dispozi\u021bie mai multe variante de re\u00eenc\u0103rcare pentru Digi PrePay, astfel \u00eenc\u00e2t fiecare utilizator s\u0103 poat\u0103 alege op\u021biunea potrivit\u0103.<\/p>\n<p>\u00cenainte de finalizarea pl\u0103\u021bii, merit\u0103 s\u0103 verifici \u00eenc\u0103 o dat\u0103 suma selectat\u0103. Este un pas simplu care te ajut\u0103 s\u0103 evi\u021bi o nou\u0103 re\u00eenc\u0103rcare la scurt timp dup\u0103 prima.<\/p>\n<p>La fel de important este s\u0103 verifici \u0219i num\u0103rul de telefon introdus. O cifr\u0103 gre\u0219it\u0103 poate trimite creditul c\u0103tre alt\u0103 cartel\u0103.<\/p>\n<p>Dac\u0103 faci re\u00eenc\u0103rc\u0103ri frecvente, vei observa c\u0103 procesul devine din ce \u00een ce mai rapid. \u00cen c\u00e2teva minute ai terminat tot \u0219i po\u021bi continua s\u0103 folose\u0219ti telefonul f\u0103r\u0103 \u00eentreruperi.<\/p>\n<h2>Avantajele platformei IncarcaIeftin.ro<\/h2>\n<p>IncarcaIeftin.ro este o platform\u0103 dedicat\u0103 re\u00eenc\u0103rc\u0103rii online pentru cartelele PrePay din Rom\u00e2nia. Pe l\u00e2ng\u0103 Digi, po\u021bi \u00eenc\u0103rca \u0219i cartele Orange, Vodafone, folosind acela\u0219i proces simplu.<\/p>\n<p>Unul dintre cele mai mari avantaje este c\u0103 nu depinzi de programul unui magazin. Platforma este disponibil\u0103 online, iar re\u00eenc\u0103rcarea poate fi f\u0103cut\u0103 atunci c\u00e2nd ai nevoie.<\/p>\n<p>Experien\u021ba este g\u00e2ndit\u0103 pentru utilizatori care vor s\u0103 rezolve totul rapid. Introduci datele necesare, alegi valoarea dorit\u0103 \u0219i faci plata \u00een doar c\u00e2teva minute.<\/p>\n<p>Pentru ca tranzac\u021bia s\u0103 decurg\u0103 f\u0103r\u0103 probleme, verific\u0103 \u00eentotdauna c\u00e2teva detalii \u00eenainte de confirmare:<\/p>\n<ul>\n<li>num\u0103rul de telefon introdus;<\/li>\n<li>valoarea aleas\u0103 pentru re\u00eenc\u0103rcare;<\/li>\n<li>adresa de e-mail pe care vei primi confirmarea.<\/li>\n<\/ul>\n<p>Aceste verific\u0103ri dureaz\u0103 c\u00e2teva secunde \u0219i \u00ee\u021bi ofer\u0103 siguran\u021ba c\u0103 re\u00eenc\u0103rcarea va ajunge exact unde trebuie.<\/p>\n<h2>O metod\u0103 rapid\u0103 pentru a avea mereu cartela activ\u0103<\/h2>\n<p>Telefonul mobil este folosit zilnic pentru apeluri, internet, aplica\u021bii bancare, naviga\u021bie \u0219i comunicarea cu familia sau colegii. Tocmai de aceea este important ca re\u00eenc\u0103rcarea cartelei s\u0103 fie un proces simplu \u0219i rapid.<\/p>\n<p>Prin IncarcaIeftin.ro, re\u00eenc\u0103rcarea cartelei Digi se face \u00een c\u00e2\u021biva pa\u0219i, f\u0103r\u0103 complica\u021bii. Alegi valoarea potrivit\u0103, introduci num\u0103rul de telefon \u0219i finalizezi plata online.<\/p>\n<p>Dac\u0103 \u00eencarci cartela unei alte persoane, verific\u0103 \u00eenc\u0103 o dat\u0103 num\u0103rul \u00eenainte de confirmare. Este cel mai simplu mod de a evita eventualele gre\u0219eli.<\/p>\n<p>P\u0103streaz\u0103 \u0219i e-mailul de confirmare dup\u0103 fiecare tranzac\u021bie. \u00ce\u021bi poate fi util dac\u0103 vrei s\u0103 verifici ulterior re\u00eenc\u0103rcarea sau s\u0103 ai o eviden\u021b\u0103 a pl\u0103\u021bilor efectuate.<\/p>\n<p>Re\u00eenc\u0103rcarea cartelei Digi online este una dintre cele mai rapide solu\u021bii disponibile \u00een prezent. Economise\u0219ti timp, ai control asupra sumei \u00eenc\u0103rcate \u0219i po\u021bi face totul de oriunde.<\/p>\n<p><em>Cu IncarcaIeftin.ro, \u00eentregul proces este simplu, rapid \u0219i u\u0219or de parcurs, astfel \u00eenc\u00e2t cartela ta Digi s\u0103 fie preg\u0103tit\u0103 oric\u00e2nd pentru apeluri, mesaje \u0219i internet mobil.<\/em><\/p>\n<\/div>\n<\/div>\n<p>[analyse_source url=&#8221;https:\/\/r3media.ro\/reincarcare-cartela-digi-cele-mai-rapide-metode-disponibile-online\/&#8221;]<\/p>\n","protected":false},"excerpt":{"rendered":"<p>[analyse_image type=&#8221;featured&#8221; src=&#8221;https:\/\/r3media.ro\/wp-content\/uploads\/2026\/08\/rencrcare_cartel_digi_cele_mai_rapide_metode_disponibile_online-e1786010801992.jpghttps:\/\/r3media.ro\/wp-content\/uploads\/2026\/08\/rencrcare_cartel_digi_cele_mai_rapide_metode_disponibile_online-e1786010801992.jpg&#8221;] \u0218TIRIRe\u00eenc\u0103rcare cartel\u0103 Digi: cele mai rapide metode disponibile online \u0218TIRI Re\u00eenc\u0103rcare cartel\u0103 Digi: cele mai rapide metode disponibile online Promo 06\/08\/2026 Dac\u0103 folose\u0219ti o cartel\u0103 Digi PrePay, probabil ai trecut m\u0103car o dat\u0103 prin situa\u021bia \u00een care ai r\u0103mas f\u0103r\u0103 credit exact c\u00e2nd aveai nevoie de telefon. Ast\u0103zi, problema se rezolv\u0103 \u00een [&hellip;]<\/p>\n","protected":false},"author":1,"featured_media":0,"comment_status":"open","ping_status":"","sticky":false,"template":"","format":"standard","meta":{"footnotes":""},"categories":[89],"tags":[226,93],"class_list":["post-2080256","post","type-post","status-publish","format-standard","hentry","category-romania","tag-crawlmanager","tag-r3media-ro"],"_links":{"self":[{"href":"https:\/\/analyse.optim.biz\/index.php?rest_route=\/wp\/v2\/posts\/2080256","targetHints":{"allow":["GET"]}}],"collection":[{"href":"https:\/\/analyse.optim.biz\/index.php?rest_route=\/wp\/v2\/posts"}],"about":[{"href":"https:\/\/analyse.optim.biz\/index.php?rest_route=\/wp\/v2\/types\/post"}],"author":[{"embeddable":true,"href":"https:\/\/analyse.optim.biz\/index.php?rest_route=\/wp\/v2\/users\/1"}],"replies":[{"embeddable":true,"href":"https:\/\/analyse.optim.biz\/index.php?rest_route=%2Fwp%2Fv2%2Fcomments&post=2080256"}],"version-history":[{"count":0,"href":"https:\/\/analyse.optim.biz\/index.php?rest_route=\/wp\/v2\/posts\/2080256\/revisions"}],"wp:attachment":[{"href":"https:\/\/analyse.optim.biz\/index.php?rest_route=%2Fwp%2Fv2%2Fmedia&parent=2080256"}],"wp:term":[{"taxonomy":"category","embeddable":true,"href":"https:\/\/analyse.optim.biz\/index.php?rest_route=%2Fwp%2Fv2%2Fcategories&post=2080256"},{"taxonomy":"post_tag","embeddable":true,"href":"https:\/\/analyse.optim.biz\/index.php?rest_route=%2Fwp%2Fv2%2Ftags&post=2080256"}],"curies":[{"name":"wp","href":"https:\/\/api.w.org\/{rel}","templated":true}]}}