{"id":2080254,"date":"2026-08-05T19:42:18","date_gmt":"2026-08-05T16:42:18","guid":{"rendered":"https:\/\/analyse.optim.biz\/?p=2080254"},"modified":"2026-08-05T19:42:18","modified_gmt":"2026-08-05T16:42:18","slug":"calendarul-zilei-6-august-mariuca-zaharia-fetita-de-12-ani-cazuta-la-marasesti-care-nu-mai-are-loc-in-manualele-de-istorie","status":"publish","type":"post","link":"https:\/\/analyse.optim.biz\/?p=2080254","title":{"rendered":"Calendarul zilei 6 august: M\u0103riuca Zaharia, feti\u021ba de 12 ani c\u0103zut\u0103 la M\u0103r\u0103\u0219e\u0219ti, care nu mai are loc \u00een manualele de istorie"},"content":{"rendered":"<p>[analyse_image type=&#8221;featured&#8221; src=&#8221;https:\/\/r3media.ro\/wp-content\/uploads\/2021\/08\/mariuca-zaharia.jpeghttps:\/\/r3media.ro\/wp-content\/uploads\/2021\/08\/mariuca-zaharia.jpeg&#8221;]<\/p>\n<article id=\"template-id-109\" class=\"post-109 tdb_templates type-tdb_templates status-publish post\">\n<div id=\"tdi_2\" class=\"tdc-zone\">\n<div class=\"tdc_zone tdi_3  wpb_row td-pb-row\">\n<div id=\"tdi_4\" class=\"tdc-row\">\n<div class=\"vc_row tdi_5  wpb_row td-pb-row\">\n<div class=\"vc_column tdi_7  wpb_column vc_column_container tdc-column td-pb-span8\">\n<div class=\"wpb_wrapper\">\n<div class=\"td_block_wrap tdb_breadcrumbs tdi_8 td-pb-border-top td_block_template_1 tdb-breadcrumbs \" data-td-block-uid=\"tdi_8\">\n<div class=\"tdb-block-inner td-fix-index\"><span><a title=\"Vede\u021bi toate articolele \u00een PRIM PLAN\" class=\"tdb-entry-crumb\" href=\"https:\/\/r3media.ro\/category\/stiri-prim-plan\/\">PRIM PLAN<\/a><\/span><span class=\"tdb-bred-no-url-last\">Calendarul zilei 6 august: M\u0103riuca Zaharia, feti\u021ba de 12 ani c\u0103zut\u0103 la&#8230;<\/span><\/div>\n<\/div>\n<div class=\"td_block_wrap tdb_single_categories tdi_9 td-pb-border-top td_block_template_1 \" data-td-block-uid=\"tdi_9\">\n<div class=\"tdb-category td-fix-index\"><a class=\"tdb-entry-category\" href=\"https:\/\/r3media.ro\/category\/stiri-prim-plan\/\">PRIM PLAN<\/a><a class=\"tdb-entry-category\" href=\"https:\/\/r3media.ro\/category\/stiri\/\">\u0218TIRI<\/a><\/div>\n<\/div>\n<div class=\"td_block_wrap tdb_title tdi_10 tdb-single-title td-pb-border-top td_block_template_1\" data-td-block-uid=\"tdi_10\">\n<div class=\"tdb-block-inner td-fix-index\">\n<h1 class=\"tdb-title-text\">Calendarul zilei 6 august: M\u0103riuca Zaharia, feti\u021ba de 12 ani c\u0103zut\u0103 la M\u0103r\u0103\u0219e\u0219ti, care nu mai are loc \u00een manualele de istorie<\/h1>\n<\/div>\n<\/div>\n<div class=\"vc_row_inner tdi_12  vc_row vc_inner wpb_row td-pb-row\">\n<div class=\"vc_column_inner tdi_14  wpb_column vc_column_container tdc-inner-column td-pb-span12\">\n<div class=\"vc_column-inner\">\n<div class=\"wpb_wrapper\">\n<div class=\"td_block_wrap tdb_single_author tdi_15 td-pb-border-top td_block_template_1 tdb-post-meta\" data-td-block-uid=\"tdi_15\">\n<div class=\"tdb-block-inner td-fix-index\">\n<div class=\"tdb-author-name-wrap\"><a class=\"tdb-author-name\" href=\"https:\/\/r3media.ro\/author\/redactia\/\">Redac\u021bia<\/a><\/div>\n<\/div>\n<\/div>\n<div class=\"td_block_wrap tdb_single_date tdi_16 td-pb-border-top td_block_template_1 tdb-post-meta\" data-td-block-uid=\"tdi_16\">\n<div class=\"tdb-block-inner td-fix-index\"><time class=\"entry-date updated td-module-date\" datetime=\"2026-08-05T22:42:18+03:00\">05\/08\/2026<\/time><\/div>\n<\/div>\n<\/div>\n<\/div>\n<\/div>\n<\/div>\n<div class=\"td_block_wrap tdb_single_featured_image tdi_17 tdb-content-horiz-left td-pb-border-top td_block_template_1\" data-td-block-uid=\"tdi_17\">\n<div class=\"tdb-block-inner td-fix-index\">\n<figure><figcaption class=\"tdb-caption-text\">Sursa foto:  https:\/\/www.ziaruldevrancea.ro<\/figcaption><\/figure>\n<\/div>\n<\/div>\n<div class=\"td_block_wrap tdb_single_content tdi_18 td-pb-border-top td_block_template_1 td-post-content tagdiv-type\" data-td-block-uid=\"tdi_18\">\n<div class=\"tdb-block-inner td-fix-index\">\n<p><strong>La M\u0103r\u0103\u0219e\u0219ti s-a dat cea mai grea, mai \u00eendelungat\u0103 \u0219i mai eroic\u0103 b\u0103t\u0103lie din timpul Primului R\u0103zboi Mondial. Pe locul acela s-a \u00een\u0103l\u021bat un monument impresionant, un mausoleu \u00eenchinat eroilor. Printre mormintele aflate acolo se afl\u0103 \u0219i cel al unei feti\u021be: Maria Ion Zaharia.<\/strong><\/p>\n<p>De\u0219i ar trebui s\u0103 ne m\u00e2ndrim, autorit\u0103\u021bile au decis s\u0103 elimine din manuale faptele sale cu adev\u0103rat eroice. La un secol de la cea mai mare victorie din istoria Armatei Rom\u00e2ne, genera\u021biile de azi, dar \u0219i cele de m\u00e2ine, nu vor afla de curajul unei copile care a murit \u00een acele lupte.<\/p>\n<p>Genera\u021biile care au f\u0103cut primele clase p\u00e2n\u0103 \u00een 1989 \u00ee\u0219i amintesc despre pove\u0219tile scrise de Dumitru Alma\u0219, printre acestea afl\u00e2ndu-se \u0219i cea a M\u0103riuc\u0103i Zaharia. Povestea sa f\u0103cea parte din manualul de citire.<\/p>\n<p>Maria Ion Zaharia a fost numele feti\u021bei, o vr\u00e2nceanc\u0103 n\u0103scut\u0103 \u00een 1905, \u00een satul P\u0103dureni, nu departe de locul ultimei sale respira\u021bii. Faptele \u0219i sacrificiul ei sunt relatate pentru prima oar\u0103 \u00een revista \u201eFrontul M\u0103r\u0103\u0219e\u0219ti\u201d, \u00een 1917, sub semn\u0103tura lui Dinu Cluceru. Istoricii cred \u00eens\u0103 c\u0103 acesta era pseudonimul unui ofi\u021ber care \u0219tia foarte bine ce se \u00eent\u00e2mplase cu M\u0103riuca, culeg\u00e2nd informa\u021bii de la solda\u021bii afla\u021bi, la momentul fatal, \u00een preajma feti\u021bei.<\/p>\n<p>Nu este nici pe departe o noutate, Armata Rom\u00e2n\u0103 proced\u00e2nd adesea, chiar \u00een timpul primei Conflagra\u021bii Mondiale, la culegerea de informa\u021bii despre eroismul unor osta\u0219i, fapte care aveau menirea, prin publicarea lor, s\u0103 ridice moralul trupei \u0219i s\u0103 impulsioneze, totodat\u0103, \u00eentregul popor \u00een sus\u021binerea efortului na\u021bional pentru atingerea idealului suprem, f\u0103urirea Rom\u00e2niei Mari.<\/p>\n<p>N\u0103scut\u0103 la P\u0103dureni, \u00een anul 1905, M\u0103riuca avea doar 12 ani \u00een anul de gra\u021bie 1917. Feti\u021ba locuia cu bunicul s\u0103u \u00een satul Haret, aproape de locul confrunt\u0103rilor militare. \u00cen livada bunicului ei, pe nume Ion Zaharia, armata rom\u00e2n\u0103 crease un post de observa\u021bie al trupelor rom\u00e2ne\u0219ti, care oferea o panoram\u0103 asupra a tot ceea ce se \u00eent\u00e2mpla pe front.<\/p>\n<p>Dintr-un nuc, soldatul transmitea telefonic toate coordonatele de atac ale artileri\u0219tilor, o misiune extrem de important\u0103, care a dus la for\u021barea trupelor inamice de a bate \u00een retragere. \u00cen acea livad\u0103, M\u0103riuca s-a \u00eemprietenit cu solda\u021bii rom\u00e2ni \u0219i chiar le-a deprins din tainele muncii lor, fiind captivat\u0103 de mi\u0219c\u0103rile de trupe pe care le observa cu ajutorul binoclului oferit de solda\u021bi.<\/p>\n<p>Numai c\u0103 la un moment dat soldatul din pom e r\u0103pus de un glon\u021b, probabil r\u0103t\u0103cit. Camaradul s\u0103u de jos nu putea s\u0103 fac\u0103 altceva dec\u00e2t s\u0103 se urce el \u00een pom, s\u0103 vad\u0103 situa\u021bia \u00een dep\u0103rtare, s\u0103 se dea jos, s\u0103 raporteze telefonic, apoi s\u0103 se urce din nou. Era un efort uria\u0219 \u0219i periculos, pentru c\u0103 mi\u0219c\u0103rile lui puteau fi lesne sesizate de inamici.<\/p>\n<p>Acum este momentul \u00een care apare M\u0103riuca. Ea v\u0103zuse cum a fost \u00eempu\u0219cat soldatul din pom. Vine la cel de jos \u0219i \u00eei spune c\u0103 se urc\u0103 \u00een nuc, c\u0103 o s\u0103-i raporteze ea pozi\u021biile du\u0219manului. Telefonistul despre care \u0219tim c\u0103 se numea Gherghina \u00eencearc\u0103 s\u0103 o \u00eenduplece s\u0103 plece, spun\u00e2ndu-i c\u0103 e mult prea periculos ce are de g\u00e2nd. Fata \u00eens\u0103 nici nu vrea s\u0103 aud\u0103. Ba chiar \u00eel pune la punct pe soldat \u0219i \u00eencepe s\u0103-i dea ordine, c\u0103 ea se urc\u0103 \u00een pom \u0219i el s\u0103 fac\u0103 bine s\u0103 transmit\u0103 la bateria de tunuri ce anume comunic\u0103 ea. Gherghina e dep\u0103\u0219it de situa\u021bie \u0219i nu are altceva de f\u0103cut dec\u00e2t s\u0103 se supun\u0103. Cu at\u00e2t mai mult cu c\u00e2t M\u0103riuca, b\u0103ie\u021boas\u0103 din fire, \u00eei spune ceva care \u00eel las\u0103 pe b\u0103rbat f\u0103r\u0103 replic\u0103. \u201eVreau s\u0103 fac \u0219i eu ceva pentru \u021bar\u0103\u201d.<\/p>\n<p>A\u0219a \u00eencepe fata s\u0103 transmit\u0103 pozi\u021biile du\u0219manului. Ore \u00een \u0219ir a stat coco\u021bat\u0103 \u00een pom. Ea spunea unde sunt trupele germane. Gherghina comunica, iar bateria de tunuri lovea conform indica\u021biilor fetei. Adversarul avea pierderi uria\u0219e \u00een sectorul controlat de privirea ager\u0103 a Mariei. La un moment dat, \u00eens\u0103, germanii \u00ee\u0219i dau seama c\u0103 e un pom anume care are ochi. \u0218i \u00eendreapt\u0103 tunurile \u00een acea direc\u021bie. Prima lovitur\u0103 reteaz\u0103 doar c\u00e2teva crengi. Gherghina strig\u0103 la M\u0103riuca s\u0103 se dea jos, d\u00e2ndu-\u0219i seama de situa\u021bia extrem de periculoas\u0103. Maria nici nu vrea s\u0103 aud\u0103. A doua ghiulea e, din p\u0103cate, fatal\u0103. Explozia face ravagii, pomul se clatin\u0103, iar trupul fetei cade inert pe p\u0103m\u00e2nt. Gherghina, la r\u00e2ndul s\u0103u r\u0103nit, nu mai are dec\u00e2t puterea de a pl\u00e2nge al\u0103turi de cea care \u00een ziua aceea \u00eei fusese camarad de arme. Era 6 august 1917.<\/p>\n<p>\u00cen cinstea sacrificiul f\u0103cut, trupul ne\u00eensufle\u021bit al M\u0103riuca Zaharia a fost depus \u00een Mausoleul M\u0103r\u0103\u0219e\u0219ti.<\/p>\n<p>\u00cen satul Haret, \u00een anul 1977, a fost ridicat un monument chiar acolo unde s-a aflat, \u00een 1917, nucul \u00een care se urcase M\u0103riuca, transmi\u021b\u00e2nd pozi\u021biile du\u0219manilor. Monumentul se afl\u0103 azi \u00een curtea unei gospod\u0103rii, dar proprietarii, oameni deschi\u0219i, las\u0103 pe oricine s\u0103 vin\u0103 \u0219i s\u0103 vad\u0103 istoricul semn.<\/p>\n<p>\u00cen fa\u021ba \u0219colii din acest sat, tot \u00een 1977, a fost dezvelit bustul feti\u021bei. E \u0219coala \u00een care, mai mult ca sigur, \u0219i Maria \u00eenv\u0103\u021base la vremea ei.<\/p>\n<p>\u00cen Bucure\u0219ti, \u00een sectorul 4, o strad\u0103 din cartierul Ap\u0103r\u0103torii Patriei, poart\u0103 numele M\u0103riuca \u00een amintirea celei care a fost Eroina de la M\u0103r\u0103\u0219e\u0219ti.<\/p>\n<p>Figura eroic\u0103 a feti\u021bei a fost evocat\u0103 \u00een filmul \u201eBalad\u0103 pentru M\u0103riuca\u201d, \u00een anul 1969, \u0219i \u00een cartea \u201ePovestiri istorice\u201d, a lui Dumitru Alma\u0219, prezent\u0103 \u0219i \u00een manualele claselor primare p\u00e2n\u0103 \u00een 1989.<\/p>\n<p>Ast\u0103zi, \u00een satul P\u0103dureni, unde s-a n\u0103scut eroina, sat care num\u0103r\u0103 \u00een jur de 300 de suflete, nu mai tr\u0103ie\u0219te nimeni din familia M\u0103riuc\u0103i. C\u00e2nd s-a f\u0103cut documentarea pentru scrierea monografiei localit\u0103\u021bii, s-a descoperit c\u0103 nu mai exist\u0103 nici un descendent al lui Ion Zaharia, bunicul feti\u021bei eroine de la 1917.<\/p>\n<div class=\"crp_related     crp-masonry\">\n<h2>\u00ceN CONTEXT<\/h2>\n<ul>\n<li><a href=\"https:\/\/r3media.ro\/calendarul-zilei-5-septembrie-sf-prooroc-zaharia\/\" class=\"crp_link post-80598\"><span class=\"crp_title\">Calendarul zilei 5 septembrie: Sf. Prooroc Zaharia<\/span><\/a><\/li>\n<li><a href=\"https:\/\/r3media.ro\/calendarul-zilei-7-ianuarie-sfantul-ioan-botezatorul-craciunul-pe-calendarul-vechi\/\" class=\"crp_link post-10400\"><span class=\"crp_title\">Calendarul zilei 7 ianuarie: Sf\u00e2ntul Ioan Botez\u0103torul. Cr\u0103ciunul pe calendarul vechi<\/span><\/a><\/li>\n<li><a href=\"https:\/\/r3media.ro\/4-august-1919-armata-romana-budapesta\/\" class=\"crp_link post-25422\"><span class=\"crp_title\">Calendarul zilei: 4 august 1919, cucerirea Budapestei de c\u0103tre Armata Rom\u00e2n\u0103<\/span><\/a><\/li>\n<li><a href=\"https:\/\/r3media.ro\/calendarul-zilei-8-august-1917-incepe-marea-batalie-de-la-oituz-din-primul-razboi-mondial\/\" class=\"crp_link post-25646\"><span class=\"crp_title\">Calendarul zilei | 8 august 1917: \u00cencepe marea b\u0103t\u0103lie de la Oituz, din Primul R\u0103zboi Mondial<\/span><\/a><\/li>\n<li><a href=\"https:\/\/r3media.ro\/calendarul-zilei-4-aprilie-1944-cea-mai-neagra-zi-a-capitalei-2942-de-bucuresteni-ucisi-de-bombardamentele-americane-aviatorii-care-au-adus-moartea-au-monumente-romanii\/\" class=\"crp_link post-17571\"><span class=\"crp_title\">Calendarul zilei | 4 aprilie 1944, cea mai neagr\u0103 zi a Capitalei: 2942 de bucure\u0219teni uci\u0219i\u2026<\/span><\/a><\/li>\n<li><a href=\"https:\/\/r3media.ro\/calendarul-zilei-22-august-moartea-ecaterinei-teodoroiu-ultimele-cuvinte-ale-eroinei-au-fost-inainte-baieti-nu-vedeti-ca-sunt-intre-voi\/\" class=\"crp_link post-26436\"><span class=\"crp_title\">Calendarul zilei 22 august: 108 ani de la moartea Ecaterinei Teodoroiu. Ultimele cuvinte ale\u2026<\/span><\/a><\/li>\n<li><a href=\"https:\/\/r3media.ro\/calendarul-zilei-23-august-1944-romania-iese-din-alianta-cu-germania-nazista-maresalul-antonescu-este-arestat-23-august-1939-semnarea-pactului-ribbentrop-molotov\/\" class=\"crp_link post-26515\"><span class=\"crp_title\">Calendarul zilei: 23 august 1944, Rom\u00e2nia iese din alian\u021ba cu Germania nazist\u0103. Mare\u0219alul\u2026<\/span><\/a><\/li>\n<li><a href=\"https:\/\/r3media.ro\/28-iulie-3-august-1919-unirea-banatului-romania\/\" class=\"crp_link post-25297\"><span class=\"crp_title\">28 iulie &#8211; 3 august 1919: Unirea Banatului cu Rom\u00e2nia<\/span><\/a><\/li>\n<\/ul>\n<\/div>\n<\/div>\n<\/div>\n<div class=\"td_block_wrap tdb_single_tags tdi_19 td-pb-border-top td_block_template_1\" data-td-block-uid=\"tdi_19\">\n<div class=\"tdb-block-inner td-fix-index\">\n<ul class=\"tdb-tags\">\n<li><span>SUBIECTE FIERBIN\u021aI<\/span><\/li>\n<li><a href=\"https:\/\/r3media.ro\/tag\/batalia-de-la-marasesti\/\">batalia de la marasesti<\/a><\/li>\n<li><a href=\"https:\/\/r3media.ro\/tag\/calendarul-zilei\/\">calendarul zilei<\/a><\/li>\n<li><a href=\"https:\/\/r3media.ro\/tag\/calendarul-zilei-6-august\/\">calendarul zilei 6 august<\/a><\/li>\n<li><a href=\"https:\/\/r3media.ro\/tag\/istoria-romaniei\/\">istoria romaniei<\/a><\/li>\n<li><a href=\"https:\/\/r3media.ro\/tag\/mari-romani\/\">mari romani<\/a><\/li>\n<li><a href=\"https:\/\/r3media.ro\/tag\/mariuca-zaharia\/\">mariuca zaharia<\/a><\/li>\n<li><a href=\"https:\/\/r3media.ro\/tag\/primul-razboi-mondial\/\">primul razboi mondial<\/a><\/li>\n<\/ul>\n<\/div>\n<\/div>\n<div class=\"td_block_wrap td_block_9 tdi_20 td_with_ajax_pagination td-pb-border-top td_block_template_1 td-column-2 td_block_padding td_block_bot_line\" data-td-block-uid=\"tdi_20\">\n<div class=\"td-block-title-wrap\">\n<h4 class=\"block-title td-block-title\"><span class=\"td-pulldown-size\">CITE\u0218TE MAI MULT<\/span><\/h4>\n<\/div>\n<div id=\"tdi_20\" class=\"td_block_inner\">\n<div class=\"td-block-row\">\n<div class=\"td-block-span6\">\n<div class=\"td_module_8 td_module_wrap\">\n<div class=\"item-details\">\n<h3 class=\"entry-title td-module-title\"><a href=\"https:\/\/r3media.ro\/cand-incepe-scoala-in-2026-structura-an-nou-scolar\/\" rel=\"bookmark\" title=\"C\u00e2nd \u00eencepe \u0219coala \u00een 2026: Structura noului an \u0219colar, vacan\u021bele \u0219i zilele libere\">C\u00e2nd \u00eencepe \u0219coala \u00een 2026: Structura noului an \u0219colar, vacan\u021bele \u0219i zilele libere<\/a><\/h3>\n<div class=\"td-module-meta-info\"><a href=\"https:\/\/r3media.ro\/category\/actualitate\/\" class=\"td-post-category\">ACTUALITATE<\/a><span class=\"td-post-author-name\"><a href=\"https:\/\/r3media.ro\/author\/oana\/\">Oana Ivan<\/a><span>&#8211;<\/span><\/span><span class=\"td-post-date\"><time class=\"entry-date updated td-module-date\" datetime=\"2026-08-03T22:23:20+03:00\">03\/08\/2026<\/time><\/span><\/div>\n<\/div>\n<\/div>\n<\/div>\n<div class=\"td-block-span6\">\n<div class=\"td_module_8 td_module_wrap\">\n<div class=\"item-details\">\n<h3 class=\"entry-title td-module-title\"><a href=\"https:\/\/r3media.ro\/tara-europa-norvegia-masini-electrice-inmatriculate-cota-ridicata\/\" rel=\"bookmark\" title=\"\u021aara din Europa unde aproape toate ma\u0219inile \u00eenmatriculate sune electrice. Cota a ajuns la 97,6% \u00een iulie\">\u021aara din Europa unde aproape toate ma\u0219inile \u00eenmatriculate sune electrice. Cota a ajuns la&#8230;<\/a><\/h3>\n<div class=\"td-module-meta-info\"><a href=\"https:\/\/r3media.ro\/category\/actualitate\/\" class=\"td-post-category\">ACTUALITATE<\/a><span class=\"td-post-author-name\"><a href=\"https:\/\/r3media.ro\/author\/oana\/\">Oana Ivan<\/a><span>&#8211;<\/span><\/span><span class=\"td-post-date\"><time class=\"entry-date updated td-module-date\" datetime=\"2026-08-03T17:01:21+03:00\">03\/08\/2026<\/time><\/span><\/div>\n<\/div>\n<\/div>\n<\/div>\n<\/div>\n<div class=\"td-block-row\">\n<div class=\"td-block-span6\">\n<div class=\"td_module_8 td_module_wrap\">\n<div class=\"item-details\">\n<h3 class=\"entry-title td-module-title\"><a href=\"https:\/\/r3media.ro\/puterea-mitologica-instalata-a-romaniei\/\" rel=\"bookmark\" title=\"Puterea mitologic\u0103 instalat\u0103 a Rom\u00e2niei\">Puterea mitologic\u0103 instalat\u0103 a Rom\u00e2niei<\/a><\/h3>\n<div class=\"td-module-meta-info\"><a href=\"https:\/\/r3media.ro\/category\/opinii\/\" class=\"td-post-category\">OPINII<\/a><span class=\"td-post-author-name\"><a href=\"https:\/\/r3media.ro\/author\/tru\/\">TRU (Traian Ungureanu)<\/a><span>&#8211;<\/span><\/span><span class=\"td-post-date\"><time class=\"entry-date updated td-module-date\" datetime=\"2026-08-02T22:08:04+03:00\">02\/08\/2026<\/time><\/span><\/div>\n<\/div>\n<\/div>\n<\/div>\n<div class=\"td-block-span6\">\n<div class=\"td_module_8 td_module_wrap\">\n<div class=\"item-details\">\n<h3 class=\"entry-title td-module-title\"><a href=\"https:\/\/r3media.ro\/hyundai-recheama-service-masini-electrice-inster-risc-incendiu\/\" rel=\"bookmark\" title=\"Hyundai recheam\u0103 \u00een service zeci de mii de ma\u0219ini electrice din cauza riscului de incendiu\">Hyundai recheam\u0103 \u00een service zeci de mii de ma\u0219ini electrice din cauza riscului de&#8230;<\/a><\/h3>\n<div class=\"td-module-meta-info\"><a href=\"https:\/\/r3media.ro\/category\/actualitate\/\" class=\"td-post-category\">ACTUALITATE<\/a><span class=\"td-post-author-name\"><a href=\"https:\/\/r3media.ro\/author\/oana\/\">Oana Ivan<\/a><span>&#8211;<\/span><\/span><span class=\"td-post-date\"><time class=\"entry-date updated td-module-date\" datetime=\"2026-08-02T08:34:05+03:00\">02\/08\/2026<\/time><\/span><\/div>\n<\/div>\n<\/div>\n<\/div>\n<\/div>\n<div class=\"td-block-row\">\n<div class=\"td-block-span6\">\n<div class=\"td_module_8 td_module_wrap\">\n<div class=\"item-details\">\n<h3 class=\"entry-title td-module-title\"><a href=\"https:\/\/r3media.ro\/dragostea-care-transcende-epoci-descult-in-parc-1967\/\" rel=\"bookmark\" title=\"Dragostea care transcende epoci \u2014 Descul\u021b \u00een parc (1967)\">Dragostea care transcende epoci \u2014 Descul\u021b \u00een parc (1967)<\/a><\/h3>\n<div class=\"td-module-meta-info\"><a href=\"https:\/\/r3media.ro\/category\/opinii\/\" class=\"td-post-category\">OPINII<\/a><span class=\"td-post-author-name\"><a href=\"https:\/\/r3media.ro\/author\/costi_balasoiu\/\">Constantin B\u0103l\u0103\u0219oiu<\/a><span>&#8211;<\/span><\/span><span class=\"td-post-date\"><time class=\"entry-date updated td-module-date\" datetime=\"2026-08-01T13:45:14+03:00\">01\/08\/2026<\/time><\/span><\/div>\n<\/div>\n<\/div>\n<\/div>\n<div class=\"td-block-span6\">\n<div class=\"td_module_8 td_module_wrap\">\n<div class=\"item-details\">\n<h3 class=\"entry-title td-module-title\"><a href=\"https:\/\/r3media.ro\/masina-electrica-foc-turcia-incarcat-vehicul-explozie-pompieri-stingere-incendiu-video\/\" rel=\"bookmark\" title=\"VIDEO | O ma\u0219in\u0103 electric\u0103 a luat foc \u00een timp ce se afla la \u00eenc\u0103rcat. Vehiculul a explodat chiar c\u00e2nd pompierii \u00eencercau s\u0103 sting\u0103 incendiul folosind o p\u0103tur\u0103 ignifug\u0103\">VIDEO | O ma\u0219in\u0103 electric\u0103 a luat foc \u00een timp ce se afla la&#8230;<\/a><\/h3>\n<div class=\"td-module-meta-info\"><a href=\"https:\/\/r3media.ro\/category\/actualitate\/\" class=\"td-post-category\">ACTUALITATE<\/a><span class=\"td-post-author-name\"><a href=\"https:\/\/r3media.ro\/author\/oana\/\">Oana Ivan<\/a><span>&#8211;<\/span><\/span><span class=\"td-post-date\"><time class=\"entry-date updated td-module-date\" datetime=\"2026-07-31T13:33:48+03:00\">31\/07\/2026<\/time><\/span><\/div>\n<\/div>\n<\/div>\n<\/div>\n<\/div>\n<div class=\"td-block-row\">\n<div class=\"td-block-span6\">\n<div class=\"td_module_8 td_module_wrap\">\n<div class=\"item-details\">\n<h3 class=\"entry-title td-module-title\"><a href=\"https:\/\/r3media.ro\/spania-asediu-migranti-exclava-ceuta-africa-madrid-trupe-securitate-video\/\" rel=\"bookmark\" title=\"VIDEO | Spania se afl\u0103 sub asediu: Mii de migran\u021bi au luat cu asalt exclava Ceuta din Africa. Madridul a trimis trupe pentru a consolida securitatea\">VIDEO | Spania se afl\u0103 sub asediu: Mii de migran\u021bi au luat cu asalt&#8230;<\/a><\/h3>\n<div class=\"td-module-meta-info\"><a href=\"https:\/\/r3media.ro\/category\/actualitate\/\" class=\"td-post-category\">ACTUALITATE<\/a><span class=\"td-post-author-name\"><a href=\"https:\/\/r3media.ro\/author\/oana\/\">Oana Ivan<\/a><span>&#8211;<\/span><\/span><span class=\"td-post-date\"><time class=\"entry-date updated td-module-date\" datetime=\"2026-07-31T12:39:57+03:00\">31\/07\/2026<\/time><\/span><\/div>\n<\/div>\n<\/div>\n<\/div>\n<div class=\"td-block-span6\">\n<div class=\"td_module_8 td_module_wrap\">\n<div class=\"item-details\">\n<h3 class=\"entry-title td-module-title\"><a href=\"https:\/\/r3media.ro\/expert-ucraina-faliment-agricultura-romaneasca-tehnologii-ue\/\" rel=\"bookmark\" title=\"Un expert explic\u0103 felul \u00een care concuren\u021ba din Ucraina bag\u0103 \u00een faliment agricultura rom\u00e2neasc\u0103: Folosesc tehnologii interzise \u00een UE\">Un expert explic\u0103 felul \u00een care concuren\u021ba din Ucraina bag\u0103 \u00een faliment agricultura rom\u00e2neasc\u0103:&#8230;<\/a><\/h3>\n<div class=\"td-module-meta-info\"><a href=\"https:\/\/r3media.ro\/category\/actualitate\/\" class=\"td-post-category\">ACTUALITATE<\/a><span class=\"td-post-author-name\"><a href=\"https:\/\/r3media.ro\/author\/radu_ursan\/\">Radu Ursan<\/a><span>&#8211;<\/span><\/span><span class=\"td-post-date\"><time class=\"entry-date updated td-module-date\" datetime=\"2026-07-30T09:51:48+03:00\">30\/07\/2026<\/time><\/span><\/div>\n<\/div>\n<\/div>\n<\/div>\n<\/div>\n<div class=\"td-block-row\">\n<div class=\"td-block-span6\">\n<div class=\"td_module_8 td_module_wrap\">\n<div class=\"item-details\">\n<h3 class=\"entry-title td-module-title\"><a href=\"https:\/\/r3media.ro\/cornel-nistorescu-drone-razboi-ucraina\/\" rel=\"bookmark\" title=\"Cornel Nistorescu, dup\u0103 incidentele cu drone: Adie a aer de r\u0103zboi. De mirare c\u0103 dronele ucrainene nu au st\u00e2rnit at\u00e2ta t\u0103r\u0103boi\">Cornel Nistorescu, dup\u0103 incidentele cu drone: Adie a aer de r\u0103zboi. De mirare c\u0103&#8230;<\/a><\/h3>\n<div class=\"td-module-meta-info\"><a href=\"https:\/\/r3media.ro\/category\/actualitate\/\" class=\"td-post-category\">ACTUALITATE<\/a><span class=\"td-post-author-name\"><a href=\"https:\/\/r3media.ro\/author\/radu_ursan\/\">Radu Ursan<\/a><span>&#8211;<\/span><\/span><span class=\"td-post-date\"><time class=\"entry-date updated td-module-date\" datetime=\"2026-07-28T10:21:51+03:00\">28\/07\/2026<\/time><\/span><\/div>\n<\/div>\n<\/div>\n<\/div>\n<div class=\"td-block-span6\">\n<div class=\"td_module_8 td_module_wrap\">\n<div class=\"item-details\">\n<h3 class=\"entry-title td-module-title\"><a href=\"https:\/\/r3media.ro\/bnr-recomanda-romani-rezerve-de-cash-atacuri-cibernetice-numerar-relevant-criza\/\" rel=\"bookmark\" title=\"BNR le recomand\u0103 rom\u00e2nilor s\u0103 p\u0103streze rezerve de cash: Numerarul se poate dovedi relevant \u00een criz\u0103\">BNR le recomand\u0103 rom\u00e2nilor s\u0103 p\u0103streze rezerve de cash: Numerarul se poate dovedi relevant&#8230;<\/a><\/h3>\n<div class=\"td-module-meta-info\"><a href=\"https:\/\/r3media.ro\/category\/actualitate\/\" class=\"td-post-category\">ACTUALITATE<\/a><span class=\"td-post-author-name\"><a href=\"https:\/\/r3media.ro\/author\/oana\/\">Oana Ivan<\/a><span>&#8211;<\/span><\/span><span class=\"td-post-date\"><time class=\"entry-date updated td-module-date\" datetime=\"2026-07-27T13:11:47+03:00\">27\/07\/2026<\/time><\/span><\/div>\n<\/div>\n<\/div>\n<\/div>\n<\/div>\n<div class=\"td-block-row\">\n<div class=\"td-block-span6\">\n<div class=\"td_module_8 td_module_wrap\">\n<div class=\"item-details\">\n<h3 class=\"entry-title td-module-title\"><a href=\"https:\/\/r3media.ro\/statul-roman-a-semnat-actul-propriei-disparitii\/\" rel=\"bookmark\" title=\"Statul rom\u00e2n a semnat actul propriei dispari\u021bii?\">Statul rom\u00e2n a semnat actul propriei dispari\u021bii?<\/a><\/h3>\n<div class=\"td-module-meta-info\"><a href=\"https:\/\/r3media.ro\/category\/opinii\/\" class=\"td-post-category\">OPINII<\/a><span class=\"td-post-author-name\"><a href=\"https:\/\/r3media.ro\/author\/gabipopa\/\">Gabriel Popa<\/a><span>&#8211;<\/span><\/span><span class=\"td-post-date\"><time class=\"entry-date updated td-module-date\" datetime=\"2026-07-27T15:07:05+03:00\">27\/07\/2026<\/time><\/span><\/div>\n<\/div>\n<\/div>\n<\/div>\n<div class=\"td-block-span6\">\n<div class=\"td_module_8 td_module_wrap\">\n<div class=\"item-details\">\n<h3 class=\"entry-title td-module-title\"><a href=\"https:\/\/r3media.ro\/prima-oara-istorie-presedintia-document-primplan-patriotism-european\/\" rel=\"bookmark\" title=\"Pentru prima oar\u0103 \u00een istorie, Pre\u0219edin\u021bia Rom\u00e2niei emite un document care pune pe primul plan o alt\u0103 entitate dec\u00e2t \u021bara noastr\u0103: patriotismul european\">Pentru prima oar\u0103 \u00een istorie, Pre\u0219edin\u021bia Rom\u00e2niei emite un document care pune pe primul&#8230;<\/a><\/h3>\n<div class=\"td-module-meta-info\"><a href=\"https:\/\/r3media.ro\/category\/actualitate\/\" class=\"td-post-category\">ACTUALITATE<\/a><span class=\"td-post-author-name\"><a href=\"https:\/\/r3media.ro\/author\/teodor_stan\/\">Teodor Stan<\/a><span>&#8211;<\/span><\/span><span class=\"td-post-date\"><time class=\"entry-date updated td-module-date\" datetime=\"2026-07-26T11:44:31+03:00\">26\/07\/2026<\/time><\/span><\/div>\n<\/div>\n<\/div>\n<\/div>\n<\/div>\n<\/div>\n<div class=\"td-load-more-wrap td-load-more-infinite-wrap\" id=\"infinite-lm-tdi_20\"><a href=\"https:\/\/r3media.ro\/mariuca-zaharia-fetita-12-ani-marasesti\/\" class=\"td_ajax_load_more td_ajax_load_more_js\" aria-label=\"\u00cenc\u0103rca\u021bi mai multe\" id=\"next-page-tdi_20\" data-td_block_id=\"tdi_20\">\u00cenc\u0103rca\u021bi mai multe<\/a><\/div>\n<\/div>\n<div class=\"td_block_wrap tdb_single_comments tdi_21 tdb-comm-layout2 td-pb-border-top td_block_template_1\" data-td-block-uid=\"tdi_21\">\n<div class=\"tdb-block-inner td-fix-index\">\n<div class=\"comments\" id=\"comments\">\n<div class=\"td-comments-title-wrap td_block_template_1\">\n<h4 class=\"td-comments-title block-title\"><span>4 COMENTARII<\/span><\/h4>\n<\/div>\n<ol class=\"comment-list\">\n<li class=\"comment \" id=\"comment-38350\">\n<article>\n<footer><cite>Nicu<\/cite><a class=\"comment-link\" href=\"https:\/\/r3media.ro\/mariuca-zaharia-fetita-12-ani-marasesti\/#comment-38350\"><time><br \/>\n06\/08\/2025\t\t\t\t\t\t    La\t\t\t\t\t\t    21:14<\/time><\/a><\/footer>\n<div class=\"comment-content\">\n<p>Nestearsa sa-i fie amintirea!<\/p>\n<\/div>\n<div class=\"comment-meta\" id=\"comment-38350\"><a rel=\"nofollow\" class=\"comment-reply-link\" href=\"https:\/\/r3media.ro\/mariuca-zaharia-fetita-12-ani-marasesti\/#comment-38350\" data-commentid=\"38350\" data-postid=\"22102\" data-belowelement=\"comment-38350\" data-respondelement=\"respond\" data-replyto=\"R\u0103spunde-i lui Nicu\" aria-label=\"R\u0103spunde-i lui Nicu\">R\u0103spund<\/a><\/div>\n<\/article>\n<\/li>\n<li class=\"comment \" id=\"comment-34276\">\n<article>\n<footer><cite>maxtor<\/cite><a class=\"comment-link\" href=\"https:\/\/r3media.ro\/mariuca-zaharia-fetita-12-ani-marasesti\/#comment-34276\"><time><br \/>\n06\/08\/2024\t\t\t\t\t\t    La\t\t\t\t\t\t    02:25<\/time><\/a><\/footer>\n<div class=\"comment-content\">\n<p>mai exist\u0103 nici un descendent al lui Ion Zaharia, bunicul feti\u021bei<br \/>\npt. ca fetitza\u2026a murit!<br \/>\n-ne indoim serios ca a existat.<\/p>\n<p>-in scoala primara era mai,mai sa ne pufneasca rasu<br \/>\ncand povestea invatzatoarea ca lu Vasile Roaita i-au taiat mainile incleshtate cu baionetele\u2026.<\/p>\n<\/div>\n<div class=\"comment-meta\" id=\"comment-34276\"><a rel=\"nofollow\" class=\"comment-reply-link\" href=\"https:\/\/r3media.ro\/mariuca-zaharia-fetita-12-ani-marasesti\/#comment-34276\" data-commentid=\"34276\" data-postid=\"22102\" data-belowelement=\"comment-34276\" data-respondelement=\"respond\" data-replyto=\"R\u0103spunde-i lui maxtor\" aria-label=\"R\u0103spunde-i lui maxtor\">R\u0103spund<\/a><\/div>\n<\/article>\n<\/li>\n<li class=\"comment \" id=\"comment-8158\">\n<article>\n<footer><cite>Dan<\/cite><a class=\"comment-link\" href=\"https:\/\/r3media.ro\/mariuca-zaharia-fetita-12-ani-marasesti\/#comment-8158\"><time><br \/>\n06\/08\/2021\t\t\t\t\t\t    La\t\t\t\t\t\t    19:41<\/time><\/a><\/footer>\n<div class=\"comment-content\">\n<p>Dumnezeu s\u0103 o odihneasc\u0103 \u00een pace pe M\u0103riuca \u0219i s\u0103 fac\u0103 s\u0103 rodeasc\u0103 jertfa ei \u0219i a celor ca ea \u00een Rom\u00e2nii de ast\u0103zi \u0219i \u00een Rom\u00e2nii din viitor!<\/p>\n<\/div>\n<div class=\"comment-meta\" id=\"comment-8158\"><a rel=\"nofollow\" class=\"comment-reply-link\" href=\"https:\/\/r3media.ro\/mariuca-zaharia-fetita-12-ani-marasesti\/#comment-8158\" data-commentid=\"8158\" data-postid=\"22102\" data-belowelement=\"comment-8158\" data-respondelement=\"respond\" data-replyto=\"R\u0103spunde-i lui Dan\" aria-label=\"R\u0103spunde-i lui Dan\">R\u0103spund<\/a><\/div>\n<\/article>\n<\/li>\n<li class=\"comment \" id=\"comment-8146\">\n<article>\n<footer><cite>marin<\/cite><a class=\"comment-link\" href=\"https:\/\/r3media.ro\/mariuca-zaharia-fetita-12-ani-marasesti\/#comment-8146\"><time><br \/>\n06\/08\/2021\t\t\t\t\t\t    La\t\t\t\t\t\t    07:10<\/time><\/a><\/footer>\n<div class=\"comment-content\">\n<p>Eroii, patriotii si adevaratele minti trebuie sterse din memoria #noului om \u2013 un specimen care va fi robotizat si controlat pentru a nu servi decat unui singur scop: sclavia. cum sclavii din cand in cand se mai rasculau, in #noua viata #noua feudalitate nu va mai avea aceasta \u201csupriza neplacuta\u201d.<\/p>\n<\/div>\n<div class=\"comment-meta\" id=\"comment-8146\"><a rel=\"nofollow\" class=\"comment-reply-link\" href=\"https:\/\/r3media.ro\/mariuca-zaharia-fetita-12-ani-marasesti\/#comment-8146\" data-commentid=\"8146\" data-postid=\"22102\" data-belowelement=\"comment-8146\" data-respondelement=\"respond\" data-replyto=\"R\u0103spunde-i lui marin\" aria-label=\"R\u0103spunde-i lui marin\">R\u0103spund<\/a><\/div>\n<\/article>\n<\/li>\n<\/ol>\n<div id=\"respond\" class=\"comment-respond\">\n<h3 id=\"reply-title\" class=\"comment-reply-title\">AI CEVA DE SPUS? <small><a rel=\"nofollow\" id=\"cancel-comment-reply-link\" href=\"https:\/\/r3media.ro\/mariuca-zaharia-fetita-12-ani-marasesti\/#respond\">Renun\u021ba\u021bi la r\u0103spuns<\/a><\/small><\/h3>\n<div class=\"comment-form-input-wrap td-form-comment\">\n<div class=\"td-warning-comment\">V\u0103 rug\u0103m s\u0103 introduce\u021bi comentariul dvs.!<\/div>\n<\/div>\n<div class=\"comment-form-input-wrap td-form-author\">\n<div class=\"td-warning-author\">Introduce\u021bi aici numele dvs.<\/div>\n<\/div>\n<div class=\"comment-form-input-wrap td-form-email\">\n<div class=\"td-warning-email-error\">A\u021bi introdus o adres\u0103 de e-mail incorect\u0103!<\/div>\n<div class=\"td-warning-email\">V\u0103 rug\u0103m s\u0103 introduce\u021bi adresa dvs. de e-mail aici<\/div>\n<\/div>\n<\/div>\n<\/div>\n<\/div>\n<\/div>\n<\/div>\n<\/div>\n<div class=\"vc_column tdi_23  wpb_column vc_column_container tdc-column td-pb-span4 td-is-sticky\">\n<div class=\"wpb_wrapper\" data-sticky-enabled-on=\"W3RydWUsdHJ1ZSx0cnVlLHRydWVd\" data-sticky-offset=\"20\" data-sticky-is-width-auto=\"W2ZhbHNlLGZhbHNlLGZhbHNlLGZhbHNlXQ==\">\n<div class=\"wpb_wrapper td_block_wrap vc_widget_sidebar tdi_25 \">\n<div class=\"td_block_wrap td_block_7 td_block_widget tdi_26 td-pb-border-top td_block_template_1 td-column-1 td_block_padding\" data-td-block-uid=\"tdi_26\">\n<div class=\"td-block-title-wrap\">\n<h4 class=\"block-title td-block-title\"><span class=\"td-pulldown-size\">Articole RELA\u021aIONATE<\/span><\/h4>\n<\/div>\n<div id=\"tdi_26\" class=\"td_block_inner\">\n<div class=\"td-block-span12\">\n<div class=\"td_module_6 td_module_wrap td-animation-stack\">\n<div class=\"td-module-thumb\"><a href=\"https:\/\/r3media.ro\/romanii-bolojan-mindruta-consum-energie-electrica-romania\/\" rel=\"bookmark\" class=\"td-image-wrap \" title=\"Rom\u00e2nii nu au ascultat apelul lui Bolojan \u0219i al lui M\u00eendru\u021b\u0103: Miercuri sear\u0103 s-a \u00eenregistrat unul dintre cele mai ridicate niveluri ale consumului de energie electric\u0103 din aceast\u0103 var\u0103\"><img loading=\"lazy\" decoding=\"async\" class=\"entry-thumb\" src=\"https:\/\/r3media.ro\/wp-content\/uploads\/2026\/08\/pexels-lamps-2178743-100x70.jpg\" alt title=\"Rom\u00e2nii nu au ascultat apelul lui Bolojan \u0219i al lui M\u00eendru\u021b\u0103: Miercuri sear\u0103 s-a \u00eenregistrat unul dintre cele mai ridicate niveluri ale consumului de energie electric\u0103 din aceast\u0103 var\u0103\" width=\"100\" height=\"70\"><\/a><\/div>\n<div class=\"item-details\">\n<h3 class=\"entry-title td-module-title\"><a href=\"https:\/\/r3media.ro\/romanii-bolojan-mindruta-consum-energie-electrica-romania\/\" rel=\"bookmark\" title=\"Rom\u00e2nii nu au ascultat apelul lui Bolojan \u0219i al lui M\u00eendru\u021b\u0103: Miercuri sear\u0103 s-a \u00eenregistrat unul dintre cele mai ridicate niveluri ale consumului de energie electric\u0103 din aceast\u0103 var\u0103\">Rom\u00e2nii nu au ascultat apelul lui Bolojan \u0219i al lui M\u00eendru\u021b\u0103:&#8230;<\/a><\/h3>\n<div class=\"td-module-meta-info\"><span class=\"td-post-date\"><time class=\"entry-date updated td-module-date\" datetime=\"2026-08-06T12:57:34+03:00\">06\/08\/2026<\/time><\/span><\/div>\n<\/div>\n<\/div>\n<\/div>\n<div class=\"td-block-span12\">\n<div class=\"td_module_6 td_module_wrap td-animation-stack\">\n<div class=\"td-module-thumb\"><a href=\"https:\/\/r3media.ro\/dyson-airwrap-sau-ondulator-clasic-in-vacanta-ce-pui-efectiv-in-bagaj\/\" rel=\"bookmark\" class=\"td-image-wrap \" title=\"Dyson Airwrap sau ondulator clasic \u00een vacan\u021b\u0103: ce pui efectiv \u00een bagaj\"><img loading=\"lazy\" decoding=\"async\" class=\"entry-thumb\" src=\"https:\/\/r3media.ro\/wp-content\/uploads\/2026\/08\/dyson_airwrap_sau_ondulator_clasic_n_vacan_ce_pui_efectiv_n_bagaj-100x70.jpg\" alt title=\"Dyson Airwrap sau ondulator clasic \u00een vacan\u021b\u0103: ce pui efectiv \u00een bagaj\" width=\"100\" height=\"70\"><\/a><\/div>\n<div class=\"item-details\">\n<h3 class=\"entry-title td-module-title\"><a href=\"https:\/\/r3media.ro\/dyson-airwrap-sau-ondulator-clasic-in-vacanta-ce-pui-efectiv-in-bagaj\/\" rel=\"bookmark\" title=\"Dyson Airwrap sau ondulator clasic \u00een vacan\u021b\u0103: ce pui efectiv \u00een bagaj\">Dyson Airwrap sau ondulator clasic \u00een vacan\u021b\u0103: ce pui efectiv \u00een&#8230;<\/a><\/h3>\n<div class=\"td-module-meta-info\"><span class=\"td-post-date\"><time class=\"entry-date updated td-module-date\" datetime=\"2026-08-06T00:08:20+03:00\">06\/08\/2026<\/time><\/span><\/div>\n<\/div>\n<\/div>\n<\/div>\n<div class=\"td-block-span12\">\n<div class=\"td_module_6 td_module_wrap td-animation-stack\">\n<div class=\"td-module-thumb\"><a href=\"https:\/\/r3media.ro\/reincarcare-cartela-digi-cele-mai-rapide-metode-disponibile-online\/\" rel=\"bookmark\" class=\"td-image-wrap \" title=\"Re\u00eenc\u0103rcare cartel\u0103 Digi: cele mai rapide metode disponibile online\"><img loading=\"lazy\" decoding=\"async\" class=\"entry-thumb\" src=\"https:\/\/r3media.ro\/wp-content\/uploads\/2026\/08\/rencrcare_cartel_digi_cele_mai_rapide_metode_disponibile_online-100x70.jpg\" alt title=\"Re\u00eenc\u0103rcare cartel\u0103 Digi: cele mai rapide metode disponibile online\" width=\"100\" height=\"70\"><\/a><\/div>\n<div class=\"item-details\">\n<h3 class=\"entry-title td-module-title\"><a href=\"https:\/\/r3media.ro\/reincarcare-cartela-digi-cele-mai-rapide-metode-disponibile-online\/\" rel=\"bookmark\" title=\"Re\u00eenc\u0103rcare cartel\u0103 Digi: cele mai rapide metode disponibile online\">Re\u00eenc\u0103rcare cartel\u0103 Digi: cele mai rapide metode disponibile online<\/a><\/h3>\n<div class=\"td-module-meta-info\"><span class=\"td-post-date\"><time class=\"entry-date updated td-module-date\" datetime=\"2026-08-06T00:04:49+03:00\">06\/08\/2026<\/time><\/span><\/div>\n<\/div>\n<\/div>\n<\/div>\n<div class=\"td-block-span12\">\n<div class=\"td_module_6 td_module_wrap td-animation-stack\">\n<div class=\"td-module-thumb\"><a href=\"https:\/\/r3media.ro\/calendarul-zilei-6-august-schimbarea-la-fata-a-domnului\/\" rel=\"bookmark\" class=\"td-image-wrap \" title=\"Calendarul zilei 6 august: Schimbarea la fa\u021b\u0103 a Domnului\"><img loading=\"lazy\" decoding=\"async\" class=\"entry-thumb\" src=\"https:\/\/r3media.ro\/wp-content\/uploads\/2022\/08\/schimbarea-la-fata-a-domnului-100x70.jpg\" alt title=\"Calendarul zilei 6 august: Schimbarea la fa\u021b\u0103 a Domnului\" width=\"100\" height=\"70\"><\/a><\/div>\n<div class=\"item-details\">\n<h3 class=\"entry-title td-module-title\"><a href=\"https:\/\/r3media.ro\/calendarul-zilei-6-august-schimbarea-la-fata-a-domnului\/\" rel=\"bookmark\" title=\"Calendarul zilei 6 august: Schimbarea la fa\u021b\u0103 a Domnului\">Calendarul zilei 6 august: Schimbarea la fa\u021b\u0103 a Domnului<\/a><\/h3>\n<div class=\"td-module-meta-info\"><span class=\"td-post-date\"><time class=\"entry-date updated td-module-date\" datetime=\"2026-08-05T22:00:40+03:00\">05\/08\/2026<\/time><\/span><\/div>\n<\/div>\n<\/div>\n<\/div>\n<div class=\"td-block-span12\">\n<div class=\"td_module_6 td_module_wrap td-animation-stack\">\n<div class=\"td-module-thumb\"><a href=\"https:\/\/r3media.ro\/drona-gasita-mare-mamaia-zona-loft-video\/\" rel=\"bookmark\" class=\"td-image-wrap \" title=\"VIDEO | O dron\u0103 a fost g\u0103sit\u0103 \u00een mare, \u00een Mamaia, \u00een zona Loft\"><img loading=\"lazy\" decoding=\"async\" class=\"entry-thumb\" src=\"https:\/\/r3media.ro\/wp-content\/uploads\/2026\/07\/plaja-goala-100x70.png\" alt title=\"VIDEO | O dron\u0103 a fost g\u0103sit\u0103 \u00een mare, \u00een Mamaia, \u00een zona Loft\" width=\"100\" height=\"70\"><\/a><\/div>\n<div class=\"item-details\">\n<h3 class=\"entry-title td-module-title\"><a href=\"https:\/\/r3media.ro\/drona-gasita-mare-mamaia-zona-loft-video\/\" rel=\"bookmark\" title=\"VIDEO | O dron\u0103 a fost g\u0103sit\u0103 \u00een mare, \u00een Mamaia, \u00een zona Loft\">VIDEO | O dron\u0103 a fost g\u0103sit\u0103 \u00een mare, \u00een Mamaia,&#8230;<\/a><\/h3>\n<div class=\"td-module-meta-info\"><span class=\"td-post-date\"><time class=\"entry-date updated td-module-date\" datetime=\"2026-08-05T21:48:11+03:00\">05\/08\/2026<\/time><\/span><\/div>\n<\/div>\n<\/div>\n<\/div>\n<div class=\"td-block-span12\">\n<div class=\"td_module_6 td_module_wrap td-animation-stack\">\n<div class=\"td-module-thumb\"><a href=\"https:\/\/r3media.ro\/catalin-avramescu-pornografie-infantila\/\" rel=\"bookmark\" class=\"td-image-wrap \" title=\"C\u0103t\u0103lin Avramescu, fost consilier preziden\u021bial, suspect \u00eentr-un dosar de pornografie infantil\u0103\"><img loading=\"lazy\" decoding=\"async\" class=\"entry-thumb\" src=\"https:\/\/r3media.ro\/wp-content\/uploads\/2026\/08\/Catalin-Avramescu-1200x616-1-100x70.jpg\" alt title=\"C\u0103t\u0103lin Avramescu, fost consilier preziden\u021bial, suspect \u00eentr-un dosar de pornografie infantil\u0103\" width=\"100\" height=\"70\"><\/a><\/div>\n<div class=\"item-details\">\n<h3 class=\"entry-title td-module-title\"><a href=\"https:\/\/r3media.ro\/catalin-avramescu-pornografie-infantila\/\" rel=\"bookmark\" title=\"C\u0103t\u0103lin Avramescu, fost consilier preziden\u021bial, suspect \u00eentr-un dosar de pornografie infantil\u0103\">C\u0103t\u0103lin Avramescu, fost consilier preziden\u021bial, suspect \u00eentr-un dosar de pornografie infantil\u0103<\/a><\/h3>\n<div class=\"td-module-meta-info\"><span class=\"td-post-date\"><time class=\"entry-date updated td-module-date\" datetime=\"2026-08-05T13:47:30+03:00\">05\/08\/2026<\/time><\/span><\/div>\n<\/div>\n<\/div>\n<\/div>\n<div class=\"td-block-span12\">\n<div class=\"td_module_6 td_module_wrap td-animation-stack\">\n<div class=\"td-module-thumb\"><a href=\"https:\/\/r3media.ro\/invatamant-portugalia-haos-erori-digitalizarea-procesului-evaluare-elevi\/\" rel=\"bookmark\" class=\"td-image-wrap \" title=\"\u00cenv\u0103\u021b\u0103m\u00e2ntul din Portugalia, \u00een haos din cauza erorilor cauzate de digitalizarea procesului de evaluare a elevilor\"><img loading=\"lazy\" decoding=\"async\" class=\"entry-thumb\" src=\"https:\/\/r3media.ro\/wp-content\/uploads\/2026\/02\/digitalizare-scoala-100x70.jpg\" alt title=\"\u00cenv\u0103\u021b\u0103m\u00e2ntul din Portugalia, \u00een haos din cauza erorilor cauzate de digitalizarea procesului de evaluare a elevilor\" width=\"100\" height=\"70\"><\/a><\/div>\n<div class=\"item-details\">\n<h3 class=\"entry-title td-module-title\"><a href=\"https:\/\/r3media.ro\/invatamant-portugalia-haos-erori-digitalizarea-procesului-evaluare-elevi\/\" rel=\"bookmark\" title=\"\u00cenv\u0103\u021b\u0103m\u00e2ntul din Portugalia, \u00een haos din cauza erorilor cauzate de digitalizarea procesului de evaluare a elevilor\">\u00cenv\u0103\u021b\u0103m\u00e2ntul din Portugalia, \u00een haos din cauza erorilor cauzate de digitalizarea&#8230;<\/a><\/h3>\n<div class=\"td-module-meta-info\"><span class=\"td-post-date\"><time class=\"entry-date updated td-module-date\" datetime=\"2026-08-05T12:18:39+03:00\">05\/08\/2026<\/time><\/span><\/div>\n<\/div>\n<\/div>\n<\/div>\n<\/div>\n<\/div>\n<aside class=\"td_block_template_1 widget widget_recent_comments\">\n<h4 class=\"block-title\"><span>INTR\u0102 \u00ceN DISCU\u021aIE!<\/span><\/h4>\n<ul id=\"recentcomments\">\n<li class=\"recentcomments\"><span class=\"comment-author-link\">Nicu<\/span> la <a href=\"https:\/\/r3media.ro\/ucraina-scuze-grecia-drona-marina-insula-lefkada-expolozie-portul-constanta\/#comment-40351\">Ucraina i-a cerut scuze Greciei pentru c\u0103 o dron\u0103 marin\u0103 a ajuns l\u00e2ng\u0103 Insula Lefkada. Nicio vorb\u0103 despre drona care putea s\u0103 arunce \u00een aer Portul Constan\u021ba<\/a><\/li>\n<li class=\"recentcomments\"><span class=\"comment-author-link\">Nicu<\/span> la <a href=\"https:\/\/r3media.ro\/bulgaria-nivelul-scazut-al-apelor-dunarii-nu-afecteaza-centrala-nucleara-de-la-kozlodui\/#comment-40350\">Bulgaria: Nivelul sc\u0103zut al apelor Dun\u0103rii NU afecteaz\u0103 centrala nuclear\u0103 de la Kozlodui<\/a><\/li>\n<li class=\"recentcomments\"><span class=\"comment-author-link\">Cristian<\/span> la <a href=\"https:\/\/r3media.ro\/4-august-1919-armata-romana-budapesta\/#comment-40349\">Calendarul zilei: 4 august 1919, cucerirea Budapestei de c\u0103tre Armata Rom\u00e2n\u0103<\/a><\/li>\n<li class=\"recentcomments\"><span class=\"comment-author-link\">Nicu<\/span> la <a href=\"https:\/\/r3media.ro\/ministr-securitate-energetica-marea-britanie-subventii-net-zero-umfla-facturi-cetateni-energie\/#comment-40348\">Ministrul Securit\u0103\u021bii Energetice din Marea Britanie neag\u0103 faptul c\u0103 subven\u021biile Net Zero umfl\u0103 facturile cet\u0103\u021benilor la energie<\/a><\/li>\n<li class=\"recentcomments\"><span class=\"comment-author-link\">Nicu<\/span> la <a href=\"https:\/\/r3media.ro\/sursa-crizei-energetice-radu-miruta-romania-capacitati-carbune-seceta\/#comment-40347\">Sursa crizei energetice. Ministrul Radu Miru\u021b\u0103: Rom\u00e2nia a \u00eenchis capacit\u0103\u021bi de produc\u021bie pe carbune f\u0103r\u0103 s\u0103 pun\u0103 nimic \u00een loc. Nu te po\u021bi ascunde \u00een spatele secetei<\/a><\/li>\n<li class=\"recentcomments\"><span class=\"comment-author-link\">Gavril\u0103 Moldovan<\/span> la <a href=\"https:\/\/r3media.ro\/prima-oara-istorie-presedintia-document-primplan-patriotism-european\/#comment-40346\">Pentru prima oar\u0103 \u00een istorie, Pre\u0219edin\u021bia Rom\u00e2niei emite un document care pune pe primul plan o alt\u0103 entitate dec\u00e2t \u021bara noastr\u0103: patriotismul european<\/a><\/li>\n<li class=\"recentcomments\"><span class=\"comment-author-link\">Redac\u021bia<\/span> la <a href=\"https:\/\/r3media.ro\/statul-roman-a-semnat-actul-propriei-disparitii\/#comment-40345\">Statul rom\u00e2n a semnat actul propriei dispari\u021bii?<\/a><\/li>\n<\/ul>\n<\/aside>\n<aside class=\"td_block_template_1 widget widget_search\">\n<h4 class=\"block-title\"><span>CAUT\u0102 \u0218I VEI G\u0102SI<\/span><\/h4>\n<\/aside>\n<\/div>\n<\/div>\n<\/div>\n<\/div>\n<\/div>\n<\/div>\n<\/div>\n<p><span class=\"td-page-meta\"><\/span><span class=\"td-page-meta\"><span class=\"td-page-meta\"><\/span><\/span><span class=\"td-page-meta\"><\/span><\/article>\n<\/p>\n<div class=\"td_block_wrap tdb_single_content tdi_18 td-pb-border-top td_block_template_1 td-post-content tagdiv-type\" data-td-block-uid=\"tdi_18\">\n<div class=\"tdb-block-inner td-fix-index\">\n<p><strong>La M\u0103r\u0103\u0219e\u0219ti s-a dat cea mai grea, mai \u00eendelungat\u0103 \u0219i mai eroic\u0103 b\u0103t\u0103lie din timpul Primului R\u0103zboi Mondial. Pe locul acela s-a \u00een\u0103l\u021bat un monument impresionant, un mausoleu \u00eenchinat eroilor. Printre mormintele aflate acolo se afl\u0103 \u0219i cel al unei feti\u021be: Maria Ion Zaharia.<\/strong><\/p>\n<p>De\u0219i ar trebui s\u0103 ne m\u00e2ndrim, autorit\u0103\u021bile au decis s\u0103 elimine din manuale faptele sale cu adev\u0103rat eroice. La un secol de la cea mai mare victorie din istoria Armatei Rom\u00e2ne, genera\u021biile de azi, dar \u0219i cele de m\u00e2ine, nu vor afla de curajul unei copile care a murit \u00een acele lupte.<\/p>\n<p>Genera\u021biile care au f\u0103cut primele clase p\u00e2n\u0103 \u00een 1989 \u00ee\u0219i amintesc despre pove\u0219tile scrise de Dumitru Alma\u0219, printre acestea afl\u00e2ndu-se \u0219i cea a M\u0103riuc\u0103i Zaharia. Povestea sa f\u0103cea parte din manualul de citire.<\/p>\n<p>Maria Ion Zaharia a fost numele feti\u021bei, o vr\u00e2nceanc\u0103 n\u0103scut\u0103 \u00een 1905, \u00een satul P\u0103dureni, nu departe de locul ultimei sale respira\u021bii. Faptele \u0219i sacrificiul ei sunt relatate pentru prima oar\u0103 \u00een revista \u201eFrontul M\u0103r\u0103\u0219e\u0219ti\u201d, \u00een 1917, sub semn\u0103tura lui Dinu Cluceru. Istoricii cred \u00eens\u0103 c\u0103 acesta era pseudonimul unui ofi\u021ber care \u0219tia foarte bine ce se \u00eent\u00e2mplase cu M\u0103riuca, culeg\u00e2nd informa\u021bii de la solda\u021bii afla\u021bi, la momentul fatal, \u00een preajma feti\u021bei.<\/p>\n<p>Nu este nici pe departe o noutate, Armata Rom\u00e2n\u0103 proced\u00e2nd adesea, chiar \u00een timpul primei Conflagra\u021bii Mondiale, la culegerea de informa\u021bii despre eroismul unor osta\u0219i, fapte care aveau menirea, prin publicarea lor, s\u0103 ridice moralul trupei \u0219i s\u0103 impulsioneze, totodat\u0103, \u00eentregul popor \u00een sus\u021binerea efortului na\u021bional pentru atingerea idealului suprem, f\u0103urirea Rom\u00e2niei Mari.<\/p>\n<p>N\u0103scut\u0103 la P\u0103dureni, \u00een anul 1905, M\u0103riuca avea doar 12 ani \u00een anul de gra\u021bie 1917. Feti\u021ba locuia cu bunicul s\u0103u \u00een satul Haret, aproape de locul confrunt\u0103rilor militare. \u00cen livada bunicului ei, pe nume Ion Zaharia, armata rom\u00e2n\u0103 crease un post de observa\u021bie al trupelor rom\u00e2ne\u0219ti, care oferea o panoram\u0103 asupra a tot ceea ce se \u00eent\u00e2mpla pe front.<\/p>\n<p>Dintr-un nuc, soldatul transmitea telefonic toate coordonatele de atac ale artileri\u0219tilor, o misiune extrem de important\u0103, care a dus la for\u021barea trupelor inamice de a bate \u00een retragere. \u00cen acea livad\u0103, M\u0103riuca s-a \u00eemprietenit cu solda\u021bii rom\u00e2ni \u0219i chiar le-a deprins din tainele muncii lor, fiind captivat\u0103 de mi\u0219c\u0103rile de trupe pe care le observa cu ajutorul binoclului oferit de solda\u021bi.<\/p>\n<p>Numai c\u0103 la un moment dat soldatul din pom e r\u0103pus de un glon\u021b, probabil r\u0103t\u0103cit. Camaradul s\u0103u de jos nu putea s\u0103 fac\u0103 altceva dec\u00e2t s\u0103 se urce el \u00een pom, s\u0103 vad\u0103 situa\u021bia \u00een dep\u0103rtare, s\u0103 se dea jos, s\u0103 raporteze telefonic, apoi s\u0103 se urce din nou. Era un efort uria\u0219 \u0219i periculos, pentru c\u0103 mi\u0219c\u0103rile lui puteau fi lesne sesizate de inamici.<\/p>\n<p>Acum este momentul \u00een care apare M\u0103riuca. Ea v\u0103zuse cum a fost \u00eempu\u0219cat soldatul din pom. Vine la cel de jos \u0219i \u00eei spune c\u0103 se urc\u0103 \u00een nuc, c\u0103 o s\u0103-i raporteze ea pozi\u021biile du\u0219manului. Telefonistul despre care \u0219tim c\u0103 se numea Gherghina \u00eencearc\u0103 s\u0103 o \u00eenduplece s\u0103 plece, spun\u00e2ndu-i c\u0103 e mult prea periculos ce are de g\u00e2nd. Fata \u00eens\u0103 nici nu vrea s\u0103 aud\u0103. Ba chiar \u00eel pune la punct pe soldat \u0219i \u00eencepe s\u0103-i dea ordine, c\u0103 ea se urc\u0103 \u00een pom \u0219i el s\u0103 fac\u0103 bine s\u0103 transmit\u0103 la bateria de tunuri ce anume comunic\u0103 ea. Gherghina e dep\u0103\u0219it de situa\u021bie \u0219i nu are altceva de f\u0103cut dec\u00e2t s\u0103 se supun\u0103. Cu at\u00e2t mai mult cu c\u00e2t M\u0103riuca, b\u0103ie\u021boas\u0103 din fire, \u00eei spune ceva care \u00eel las\u0103 pe b\u0103rbat f\u0103r\u0103 replic\u0103. \u201eVreau s\u0103 fac \u0219i eu ceva pentru \u021bar\u0103\u201d.<\/p>\n<p>A\u0219a \u00eencepe fata s\u0103 transmit\u0103 pozi\u021biile du\u0219manului. Ore \u00een \u0219ir a stat coco\u021bat\u0103 \u00een pom. Ea spunea unde sunt trupele germane. Gherghina comunica, iar bateria de tunuri lovea conform indica\u021biilor fetei. Adversarul avea pierderi uria\u0219e \u00een sectorul controlat de privirea ager\u0103 a Mariei. La un moment dat, \u00eens\u0103, germanii \u00ee\u0219i dau seama c\u0103 e un pom anume care are ochi. \u0218i \u00eendreapt\u0103 tunurile \u00een acea direc\u021bie. Prima lovitur\u0103 reteaz\u0103 doar c\u00e2teva crengi. Gherghina strig\u0103 la M\u0103riuca s\u0103 se dea jos, d\u00e2ndu-\u0219i seama de situa\u021bia extrem de periculoas\u0103. Maria nici nu vrea s\u0103 aud\u0103. A doua ghiulea e, din p\u0103cate, fatal\u0103. Explozia face ravagii, pomul se clatin\u0103, iar trupul fetei cade inert pe p\u0103m\u00e2nt. Gherghina, la r\u00e2ndul s\u0103u r\u0103nit, nu mai are dec\u00e2t puterea de a pl\u00e2nge al\u0103turi de cea care \u00een ziua aceea \u00eei fusese camarad de arme. Era 6 august 1917.<\/p>\n<p>\u00cen cinstea sacrificiul f\u0103cut, trupul ne\u00eensufle\u021bit al M\u0103riuca Zaharia a fost depus \u00een Mausoleul M\u0103r\u0103\u0219e\u0219ti.<\/p>\n<p>\u00cen satul Haret, \u00een anul 1977, a fost ridicat un monument chiar acolo unde s-a aflat, \u00een 1917, nucul \u00een care se urcase M\u0103riuca, transmi\u021b\u00e2nd pozi\u021biile du\u0219manilor. Monumentul se afl\u0103 azi \u00een curtea unei gospod\u0103rii, dar proprietarii, oameni deschi\u0219i, las\u0103 pe oricine s\u0103 vin\u0103 \u0219i s\u0103 vad\u0103 istoricul semn.<\/p>\n<p>\u00cen fa\u021ba \u0219colii din acest sat, tot \u00een 1977, a fost dezvelit bustul feti\u021bei. E \u0219coala \u00een care, mai mult ca sigur, \u0219i Maria \u00eenv\u0103\u021base la vremea ei.<\/p>\n<p>\u00cen Bucure\u0219ti, \u00een sectorul 4, o strad\u0103 din cartierul Ap\u0103r\u0103torii Patriei, poart\u0103 numele M\u0103riuca \u00een amintirea celei care a fost Eroina de la M\u0103r\u0103\u0219e\u0219ti.<\/p>\n<p>Figura eroic\u0103 a feti\u021bei a fost evocat\u0103 \u00een filmul \u201eBalad\u0103 pentru M\u0103riuca\u201d, \u00een anul 1969, \u0219i \u00een cartea \u201ePovestiri istorice\u201d, a lui Dumitru Alma\u0219, prezent\u0103 \u0219i \u00een manualele claselor primare p\u00e2n\u0103 \u00een 1989.<\/p>\n<p>Ast\u0103zi, \u00een satul P\u0103dureni, unde s-a n\u0103scut eroina, sat care num\u0103r\u0103 \u00een jur de 300 de suflete, nu mai tr\u0103ie\u0219te nimeni din familia M\u0103riuc\u0103i. C\u00e2nd s-a f\u0103cut documentarea pentru scrierea monografiei localit\u0103\u021bii, s-a descoperit c\u0103 nu mai exist\u0103 nici un descendent al lui Ion Zaharia, bunicul feti\u021bei eroine de la 1917.<\/p>\n<div class=\"crp_related     crp-masonry\">\n<h2>\u00ceN CONTEXT<\/h2>\n<ul>\n<li><a href=\"https:\/\/r3media.ro\/calendarul-zilei-5-septembrie-sf-prooroc-zaharia\/\" class=\"crp_link post-80598\"><span class=\"crp_title\">Calendarul zilei 5 septembrie: Sf. Prooroc Zaharia<\/span><\/a><\/li>\n<li><a href=\"https:\/\/r3media.ro\/calendarul-zilei-7-ianuarie-sfantul-ioan-botezatorul-craciunul-pe-calendarul-vechi\/\" class=\"crp_link post-10400\"><span class=\"crp_title\">Calendarul zilei 7 ianuarie: Sf\u00e2ntul Ioan Botez\u0103torul. Cr\u0103ciunul pe calendarul vechi<\/span><\/a><\/li>\n<li><a href=\"https:\/\/r3media.ro\/4-august-1919-armata-romana-budapesta\/\" class=\"crp_link post-25422\"><span class=\"crp_title\">Calendarul zilei: 4 august 1919, cucerirea Budapestei de c\u0103tre Armata Rom\u00e2n\u0103<\/span><\/a><\/li>\n<li><a href=\"https:\/\/r3media.ro\/calendarul-zilei-8-august-1917-incepe-marea-batalie-de-la-oituz-din-primul-razboi-mondial\/\" class=\"crp_link post-25646\"><span class=\"crp_title\">Calendarul zilei | 8 august 1917: \u00cencepe marea b\u0103t\u0103lie de la Oituz, din Primul R\u0103zboi Mondial<\/span><\/a><\/li>\n<li><a href=\"https:\/\/r3media.ro\/calendarul-zilei-4-aprilie-1944-cea-mai-neagra-zi-a-capitalei-2942-de-bucuresteni-ucisi-de-bombardamentele-americane-aviatorii-care-au-adus-moartea-au-monumente-romanii\/\" class=\"crp_link post-17571\"><span class=\"crp_title\">Calendarul zilei | 4 aprilie 1944, cea mai neagr\u0103 zi a Capitalei: 2942 de bucure\u0219teni uci\u0219i\u2026<\/span><\/a><\/li>\n<li><a href=\"https:\/\/r3media.ro\/calendarul-zilei-22-august-moartea-ecaterinei-teodoroiu-ultimele-cuvinte-ale-eroinei-au-fost-inainte-baieti-nu-vedeti-ca-sunt-intre-voi\/\" class=\"crp_link post-26436\"><span class=\"crp_title\">Calendarul zilei 22 august: 108 ani de la moartea Ecaterinei Teodoroiu. Ultimele cuvinte ale\u2026<\/span><\/a><\/li>\n<li><a href=\"https:\/\/r3media.ro\/calendarul-zilei-23-august-1944-romania-iese-din-alianta-cu-germania-nazista-maresalul-antonescu-este-arestat-23-august-1939-semnarea-pactului-ribbentrop-molotov\/\" class=\"crp_link post-26515\"><span class=\"crp_title\">Calendarul zilei: 23 august 1944, Rom\u00e2nia iese din alian\u021ba cu Germania nazist\u0103. Mare\u0219alul\u2026<\/span><\/a><\/li>\n<li><a href=\"https:\/\/r3media.ro\/28-iulie-3-august-1919-unirea-banatului-romania\/\" class=\"crp_link post-25297\"><span class=\"crp_title\">28 iulie &#8211; 3 august 1919: Unirea Banatului cu Rom\u00e2nia<\/span><\/a><\/li>\n<\/ul>\n<\/div>\n<\/div>\n<\/div>\n<p>[analyse_source url=&#8221;https:\/\/r3media.ro\/mariuca-zaharia-fetita-12-ani-marasesti\/&#8221;]<\/p>\n","protected":false},"excerpt":{"rendered":"<p>[analyse_image type=&#8221;featured&#8221; src=&#8221;https:\/\/r3media.ro\/wp-content\/uploads\/2021\/08\/mariuca-zaharia.jpeghttps:\/\/r3media.ro\/wp-content\/uploads\/2021\/08\/mariuca-zaharia.jpeg&#8221;] PRIM PLANCalendarul zilei 6 august: M\u0103riuca Zaharia, feti\u021ba de 12 ani c\u0103zut\u0103 la&#8230; PRIM PLAN\u0218TIRI Calendarul zilei 6 august: M\u0103riuca Zaharia, feti\u021ba de 12 ani c\u0103zut\u0103 la M\u0103r\u0103\u0219e\u0219ti, care nu mai are loc \u00een manualele de istorie Redac\u021bia 05\/08\/2026 Sursa foto: https:\/\/www.ziaruldevrancea.ro La M\u0103r\u0103\u0219e\u0219ti s-a dat cea mai grea, mai \u00eendelungat\u0103 \u0219i [&hellip;]<\/p>\n","protected":false},"author":1,"featured_media":0,"comment_status":"open","ping_status":"","sticky":false,"template":"","format":"standard","meta":{"footnotes":""},"categories":[89],"tags":[226,93],"class_list":["post-2080254","post","type-post","status-publish","format-standard","hentry","category-romania","tag-crawlmanager","tag-r3media-ro"],"_links":{"self":[{"href":"https:\/\/analyse.optim.biz\/index.php?rest_route=\/wp\/v2\/posts\/2080254","targetHints":{"allow":["GET"]}}],"collection":[{"href":"https:\/\/analyse.optim.biz\/index.php?rest_route=\/wp\/v2\/posts"}],"about":[{"href":"https:\/\/analyse.optim.biz\/index.php?rest_route=\/wp\/v2\/types\/post"}],"author":[{"embeddable":true,"href":"https:\/\/analyse.optim.biz\/index.php?rest_route=\/wp\/v2\/users\/1"}],"replies":[{"embeddable":true,"href":"https:\/\/analyse.optim.biz\/index.php?rest_route=%2Fwp%2Fv2%2Fcomments&post=2080254"}],"version-history":[{"count":0,"href":"https:\/\/analyse.optim.biz\/index.php?rest_route=\/wp\/v2\/posts\/2080254\/revisions"}],"wp:attachment":[{"href":"https:\/\/analyse.optim.biz\/index.php?rest_route=%2Fwp%2Fv2%2Fmedia&parent=2080254"}],"wp:term":[{"taxonomy":"category","embeddable":true,"href":"https:\/\/analyse.optim.biz\/index.php?rest_route=%2Fwp%2Fv2%2Fcategories&post=2080254"},{"taxonomy":"post_tag","embeddable":true,"href":"https:\/\/analyse.optim.biz\/index.php?rest_route=%2Fwp%2Fv2%2Ftags&post=2080254"}],"curies":[{"name":"wp","href":"https:\/\/api.w.org\/{rel}","templated":true}]}}