{"id":2080252,"date":"2026-08-05T19:00:40","date_gmt":"2026-08-05T16:00:40","guid":{"rendered":"https:\/\/analyse.optim.biz\/?p=2080252"},"modified":"2026-08-05T19:00:40","modified_gmt":"2026-08-05T16:00:40","slug":"calendarul-zilei-6-august-schimbarea-la-fata-a-domnului","status":"publish","type":"post","link":"https:\/\/analyse.optim.biz\/?p=2080252","title":{"rendered":"Calendarul zilei 6 august: Schimbarea la fa\u021b\u0103 a Domnului"},"content":{"rendered":"<p>[analyse_image type=&#8221;featured&#8221; src=&#8221;https:\/\/r3media.ro\/wp-content\/uploads\/2022\/08\/schimbarea-la-fata-a-domnului.jpghttps:\/\/r3media.ro\/wp-content\/uploads\/2022\/08\/schimbarea-la-fata-a-domnului.jpg&#8221;]<\/p>\n<article id=\"template-id-109\" class=\"post-109 tdb_templates type-tdb_templates status-publish post\">\n<div id=\"tdi_2\" class=\"tdc-zone\">\n<div class=\"tdc_zone tdi_3  wpb_row td-pb-row\">\n<div id=\"tdi_4\" class=\"tdc-row\">\n<div class=\"vc_row tdi_5  wpb_row td-pb-row\">\n<div class=\"vc_column tdi_7  wpb_column vc_column_container tdc-column td-pb-span8\">\n<div class=\"wpb_wrapper\">\n<div class=\"td_block_wrap tdb_breadcrumbs tdi_8 td-pb-border-top td_block_template_1 tdb-breadcrumbs \" data-td-block-uid=\"tdi_8\">\n<div class=\"tdb-block-inner td-fix-index\"><span><a title=\"Vede\u021bi toate articolele \u00een PRIM PLAN\" class=\"tdb-entry-crumb\" href=\"https:\/\/r3media.ro\/category\/stiri-prim-plan\/\">PRIM PLAN<\/a><\/span><span class=\"tdb-bred-no-url-last\">Calendarul zilei 6 august: Schimbarea la fa\u021b\u0103 a Domnului<\/span><\/div>\n<\/div>\n<div class=\"td_block_wrap tdb_single_categories tdi_9 td-pb-border-top td_block_template_1 \" data-td-block-uid=\"tdi_9\">\n<div class=\"tdb-category td-fix-index\"><a class=\"tdb-entry-category\" href=\"https:\/\/r3media.ro\/category\/stiri-prim-plan\/\">PRIM PLAN<\/a><a class=\"tdb-entry-category\" href=\"https:\/\/r3media.ro\/category\/stiri\/\">\u0218TIRI<\/a><a class=\"tdb-entry-category\" href=\"https:\/\/r3media.ro\/category\/video-news\/\">VIDEO<\/a><\/div>\n<\/div>\n<div class=\"td_block_wrap tdb_title tdi_10 tdb-single-title td-pb-border-top td_block_template_1\" data-td-block-uid=\"tdi_10\">\n<div class=\"tdb-block-inner td-fix-index\">\n<h1 class=\"tdb-title-text\">Calendarul zilei 6 august: Schimbarea la fa\u021b\u0103 a Domnului<\/h1>\n<\/div>\n<\/div>\n<div class=\"vc_row_inner tdi_12  vc_row vc_inner wpb_row td-pb-row\">\n<div class=\"vc_column_inner tdi_14  wpb_column vc_column_container tdc-inner-column td-pb-span12\">\n<div class=\"vc_column-inner\">\n<div class=\"wpb_wrapper\">\n<div class=\"td_block_wrap tdb_single_author tdi_15 td-pb-border-top td_block_template_1 tdb-post-meta\" data-td-block-uid=\"tdi_15\">\n<div class=\"tdb-block-inner td-fix-index\">\n<div class=\"tdb-author-name-wrap\"><a class=\"tdb-author-name\" href=\"https:\/\/r3media.ro\/author\/redactia\/\">Redac\u021bia<\/a><\/div>\n<\/div>\n<\/div>\n<div class=\"td_block_wrap tdb_single_date tdi_16 td-pb-border-top td_block_template_1 tdb-post-meta\" data-td-block-uid=\"tdi_16\">\n<div class=\"tdb-block-inner td-fix-index\"><time class=\"entry-date updated td-module-date\" datetime=\"2026-08-05T22:00:40+03:00\">05\/08\/2026<\/time><\/div>\n<\/div>\n<\/div>\n<\/div>\n<\/div>\n<\/div>\n<div class=\"td_block_wrap tdb_single_featured_image tdi_17 tdb-content-horiz-left td-pb-border-top td_block_template_1\" data-td-block-uid=\"tdi_17\">\n<div class=\"tdb-block-inner td-fix-index\">\n<figure><figcaption class=\"tdb-caption-text\">Sursa foto: Basilica<\/figcaption><\/figure>\n<\/div>\n<\/div>\n<div class=\"td_block_wrap tdb_single_content tdi_18 td-pb-border-top td_block_template_1 td-post-content tagdiv-type\" data-td-block-uid=\"tdi_18\">\n<div class=\"tdb-block-inner td-fix-index\">\n<p><strong>Cre\u0219tinii ortodoc\u0219i s\u0103rb\u0103toresc la 6 august, Praznicul \u201eSchimb\u0103rii la Fa\u021b\u0103\u201d a Domnului. Este ziua \u00een care M\u00e2ntuitorul Hristos descoper\u0103 lumii c\u0103 este Fiul lui Dumnezeu f\u0103cut om. Pe Muntele Tabor, \u00een fa\u021ba a trei ucenici, Petru, Iacob \u0219i Ioan, M\u00e2ntuitorul se arat\u0103 \u00eentr-o lumin\u0103 supranatural\u0103, \u00eempreun\u0103 cu Moise \u0219i Ilie, scrie <a href=\"https:\/\/basilica.ro\/schimbarea-la-fata-a-domnului-3\/\" target=\"_blank\" rel=\"noopener\">Basilica<\/a>.<\/strong><\/p>\n<p>Mai multe informa\u021bii despre semnifica\u021bia s\u0103rb\u0103torii a oferit pentru Radio TRINITAS, p\u0103rintele profesor \u0218tefan Buchiu, Decanul Facult\u0103\u021bii de Teologie Ortodox\u0103 din Bucure\u0219ti:<\/p>\n<p>\u201eS\u0103rb\u0103toarea Schimb\u0103rii la Fa\u021b\u0103 a Domnului \u0219i M\u00e2ntuitorului nostru Iisus Hristos are o dubl\u0103 semnifica\u021bie. \u00cen primul r\u00e2nd, ca odinioar\u0103 pe cei trei Sfin\u021bi Apostoli Petru, Iacob \u0219i Ioan, M\u00e2ntuitorul dore\u0219te s\u0103 ne \u00eencredin\u021beze c\u0103 El este cu adev\u0103rat Fiul lui Dumnezeu \u00eentrupat, venit pe p\u0103m\u00e2nt pentru m\u00e2ntuirea noastr\u0103. Ca noi s\u0103 \u00een\u021belegem ca \u0219i Sfin\u021bii Apostoli c\u0103 El este Mesia cel prezis de prooroci, a adus cu Sine \u00een chip minunat pe Sfin\u021bii Moise \u0219i Ilie care reprezentau Legea \u0219i Proorocii Vechiului Testament care a preg\u0103tit poporul ales pentru venirea Sa. A doua semnifica\u021bie major\u0103 este aceea c\u0103 prin Schimbarea la Fa\u021b\u0103 \u00eenaintea ucenicilor, M\u00e2ntuitorul Iisus Hristos a descoperit destinul nostru, al oamenilor, voit de Bunul Dumnezeu din ve\u0219nicie \u0219i anume ridicarea noastr\u0103 de la chip la asem\u0103nare sau \u00eendumnezeirea noastr\u0103\u201d.<\/p>\n<p>Aceast\u0103 s\u0103rb\u0103toare este numit\u0103 \u00een popor \u0219i Preobrajenia sau Probojenia \u0219i rememoreaz\u0103 momentul schimb\u0103rii minunate la fa\u021b\u0103 a Domnului, \u00een Muntele Taborului, \u00een fa\u021ba ucenicilor S\u0103i, Petru, Ioan \u0219i Iacov.<\/p>\n<p>Sf\u00e2ntul Evanghelist Matei prezint\u0103 \u00een cuprinsul Evangheliei sale momentul Schimb\u0103rii la Fa\u021b\u0103: \u201eIisus a luat cu Sine pe Petru \u0219i pe Iacov \u0219i pe Ioan, fratele lui, \u0219i i-a dus \u00eentr-un munte \u00eenalt, de o parte. \u0218i S-a schimbat la fa\u021b\u0103, \u00eenaintea lor, \u0219i a str\u0103lucit fa\u021ba Lui ca soarele, iar ve\u0219mintele Lui s-au f\u0103cut albe ca lumina. \u0218i iat\u0103, Moise \u0219i Ilie s-au ar\u0103tat lor, vorbind cu El. \u0218i, r\u0103spunz\u00e2nd, Petru a zis lui Iisus: Doamne, bine este s\u0103 fim noi aici; dac\u0103 voie\u0219ti, voi face aici trei colibe: \u021aie una, \u0219i lui Moise una, \u0219i lui Ilie una. Vorbind el \u00eenc\u0103, iat\u0103 un nor luminos i-a umbrit pe ei, \u0219i iat\u0103 glas din nor zic\u00e2nd: Acesta este Fiul Meu Cel iubit, \u00een Care am binevoit; pe Acesta asculta\u021bi-L. \u0218i, auzind, ucenicii au c\u0103zut cu fa\u021ba la p\u0103m\u00e2nt \u0219i s-au sp\u0103im\u00e2ntat foarte. \u0218i Iisus S-a apropiat de ei, \u0219i, ating\u00e2ndu-i, le-a zis: Scula\u021bi-v\u0103 \u0219i nu v\u0103 teme\u021bi. \u0218i, ridic\u00e2ndu-\u0219i ochii, nu au v\u0103zut pe nimeni, dec\u00e2t numai pe Iisus singur\u201d (Mt. 17, 1-9). De asemenea, minunea petrecut\u0103 pe muntele Taborului este relatat\u0103 \u0219i de sfin\u021bii evangheli\u0219ti Marcu (9, 2-9) \u0219i Luca (9, 28-36).<\/p>\n<p>La \u00eenceput, s\u0103rb\u0103toarea Schimb\u0103rii la Fa\u021b\u0103 se pare c\u0103 a fost aniversarea anual\u0103 a sfin\u021birii bisericii zidite \u00een sec. IV de Sf\u00e2nta Elena, pe locul de pe Muntele Taborului, unde a avut loc schimbarea Domnului la fa\u021b\u0103. Praznicul este men\u021bionat \u00een sec VII, \u00eentr-un calendar liturgic local al Ierusalimului, apoi \u00een sec. VIII g\u0103sim s\u0103rb\u0103toarea enumerat\u0103 \u00een sinaxarele constantinopolitane \u0219i \u00een diferite c\u0103r\u021bi liturgice \u0219i manuscrise grece\u0219ti. De asemenea, tot din sec. al VIII-lea se p\u0103streaz\u0103 o predic\u0103 festiv\u0103 a sf\u00e2ntului Andrei Criteanul la S\u0103rb\u0103toarea Probojeniei. S\u0103rb\u0103toarea a fost generalizat\u0103 p\u00e2n\u0103 la sf\u00e2r\u0219itul sec al VIII-lea, c\u00e2nd Sfin\u021bii Ioan Damaschinul \u0219i Coma de Maiuma au compus imne pentru slujba zilei.<\/p>\n<p>\u00cen Apus, s\u0103rb\u0103toarea Schimb\u0103rii la Fa\u021b\u0103 s-a generalizat prin hot\u0103r\u00e2rea luat\u0103 de papa Calist III de a o consacra definitiv, drept mul\u021bumire pentru victoria armatei cre\u0219tine asupra turcilor, la Belgrad, \u00een anul 1456.<\/p>\n<div class=\"crp_related     crp-masonry\">\n<h2>\u00ceN CONTEXT<\/h2>\n<ul>\n<li><a href=\"https:\/\/r3media.ro\/calendarul-zilei-15-august-adormirea-maicii-domnului-sf-maria-mare-ziua-marinei-romane\/\" class=\"crp_link post-26098\"><span class=\"crp_title\">Calendarul zilei 15 august: Adormirea Maicii Domnului (Sf. Maria Mare) \/ Ziua Marinei Rom\u00e2ne<\/span><\/a><\/li>\n<li><a href=\"https:\/\/r3media.ro\/8-septembrie-nasterea-maicii-domnului-sau-sfanta-maria-mica\/\" class=\"crp_link post-803\"><span class=\"crp_title\">Calendarul zilei 8 septembrie: Na\u0219terea Maicii Domnului sau Sf\u00e2nta Maria Mic\u0103<\/span><\/a><\/li>\n<li><a href=\"https:\/\/r3media.ro\/calendarul-zilei-7-ianuarie-sfantul-ioan-botezatorul-craciunul-pe-calendarul-vechi\/\" class=\"crp_link post-10400\"><span class=\"crp_title\">Calendarul zilei 7 ianuarie: Sf\u00e2ntul Ioan Botez\u0103torul. Cr\u0103ciunul pe calendarul vechi<\/span><\/a><\/li>\n<li><a href=\"https:\/\/r3media.ro\/acoperamantul-maicii-domnului-zi-sfanta-de-sarbatoare-parintele-cleopa-cand-este-boala-pe-fata-pamantului-maica-domnului-aduce-scapare\/\" class=\"crp_link post-2469\"><span class=\"crp_title\">Calendarul zilei de 1 octombrie: Acoper\u0103m\u00e2ntul Maicii Domnului, zi sf\u00e2nt\u0103 de s\u0103rb\u0103toare. Sf.\u2026<\/span><\/a><\/li>\n<li><a href=\"https:\/\/r3media.ro\/calendarul-zilei-4-ianuarie-soborul-sfintilor-70-de-apostoli\/\" class=\"crp_link post-34856\"><span class=\"crp_title\">Calendarul zilei 4 ianuarie: Soborul Sfin\u021bilor 70 de apostoli<\/span><\/a><\/li>\n<li><a href=\"https:\/\/r3media.ro\/calendarul-zilei-14-noiembrie-lasatul-secului-pentru-postul-nasterii-domnului-bartolomeu-anania-explica-de-ce-postim-inainte-de-craciun\/\" class=\"crp_link post-6264\"><span class=\"crp_title\">Calendarul zilei 14 noiembrie: L\u0103satul secului pentru Postul Na\u0219terii Domnului. Bartolomeu\u2026<\/span><\/a><\/li>\n<li><a href=\"https:\/\/r3media.ro\/calendarul-zilei-9-mai-sf-proroc-isaia-sf-mc-hristofor-aducerea-la-bari-a-moastelor-sf-ier-nicolae\/\" class=\"crp_link post-94576\"><span class=\"crp_title\">Calendarul zilei 9 mai: Sf. Proroc Isaia; Sf. Mc. Hristofor; Aducerea la Bari a moa\u0219telor\u2026<\/span><\/a><\/li>\n<li><a href=\"https:\/\/r3media.ro\/calendarul-zilei-27-mai-sf-ioan-rusul\/\" class=\"crp_link post-47187\"><span class=\"crp_title\">Calendarul zilei 27 mai: Sf. Ioan Rusul<\/span><\/a><\/li>\n<\/ul>\n<\/div>\n<\/div>\n<\/div>\n<div class=\"td_block_wrap tdb_single_tags tdi_19 td-pb-border-top td_block_template_1\" data-td-block-uid=\"tdi_19\">\n<div class=\"tdb-block-inner td-fix-index\">\n<ul class=\"tdb-tags\">\n<li><span>SUBIECTE FIERBIN\u021aI<\/span><\/li>\n<li><a href=\"https:\/\/r3media.ro\/tag\/calendar-ortodox\/\">calendar ortodox<\/a><\/li>\n<li><a href=\"https:\/\/r3media.ro\/tag\/calendarul-zilei\/\">calendarul zilei<\/a><\/li>\n<li><a href=\"https:\/\/r3media.ro\/tag\/calendarul-zilei-6-august\/\">calendarul zilei 6 august<\/a><\/li>\n<\/ul>\n<\/div>\n<\/div>\n<div class=\"td_block_wrap td_block_9 tdi_20 td_with_ajax_pagination td-pb-border-top td_block_template_1 td-column-2 td_block_padding td_block_bot_line\" data-td-block-uid=\"tdi_20\">\n<div class=\"td-block-title-wrap\">\n<h4 class=\"block-title td-block-title\"><span class=\"td-pulldown-size\">CITE\u0218TE MAI MULT<\/span><\/h4>\n<\/div>\n<div id=\"tdi_20\" class=\"td_block_inner\">\n<div class=\"td-block-row\">\n<div class=\"td-block-span6\">\n<div class=\"td_module_8 td_module_wrap\">\n<div class=\"item-details\">\n<h3 class=\"entry-title td-module-title\"><a href=\"https:\/\/r3media.ro\/cand-incepe-scoala-in-2026-structura-an-nou-scolar\/\" rel=\"bookmark\" title=\"C\u00e2nd \u00eencepe \u0219coala \u00een 2026: Structura noului an \u0219colar, vacan\u021bele \u0219i zilele libere\">C\u00e2nd \u00eencepe \u0219coala \u00een 2026: Structura noului an \u0219colar, vacan\u021bele \u0219i zilele libere<\/a><\/h3>\n<div class=\"td-module-meta-info\"><a href=\"https:\/\/r3media.ro\/category\/actualitate\/\" class=\"td-post-category\">ACTUALITATE<\/a><span class=\"td-post-author-name\"><a href=\"https:\/\/r3media.ro\/author\/oana\/\">Oana Ivan<\/a><span>&#8211;<\/span><\/span><span class=\"td-post-date\"><time class=\"entry-date updated td-module-date\" datetime=\"2026-08-03T22:23:20+03:00\">03\/08\/2026<\/time><\/span><\/div>\n<\/div>\n<\/div>\n<\/div>\n<div class=\"td-block-span6\">\n<div class=\"td_module_8 td_module_wrap\">\n<div class=\"item-details\">\n<h3 class=\"entry-title td-module-title\"><a href=\"https:\/\/r3media.ro\/tara-europa-norvegia-masini-electrice-inmatriculate-cota-ridicata\/\" rel=\"bookmark\" title=\"\u021aara din Europa unde aproape toate ma\u0219inile \u00eenmatriculate sune electrice. Cota a ajuns la 97,6% \u00een iulie\">\u021aara din Europa unde aproape toate ma\u0219inile \u00eenmatriculate sune electrice. Cota a ajuns la&#8230;<\/a><\/h3>\n<div class=\"td-module-meta-info\"><a href=\"https:\/\/r3media.ro\/category\/actualitate\/\" class=\"td-post-category\">ACTUALITATE<\/a><span class=\"td-post-author-name\"><a href=\"https:\/\/r3media.ro\/author\/oana\/\">Oana Ivan<\/a><span>&#8211;<\/span><\/span><span class=\"td-post-date\"><time class=\"entry-date updated td-module-date\" datetime=\"2026-08-03T17:01:21+03:00\">03\/08\/2026<\/time><\/span><\/div>\n<\/div>\n<\/div>\n<\/div>\n<\/div>\n<div class=\"td-block-row\">\n<div class=\"td-block-span6\">\n<div class=\"td_module_8 td_module_wrap\">\n<div class=\"item-details\">\n<h3 class=\"entry-title td-module-title\"><a href=\"https:\/\/r3media.ro\/puterea-mitologica-instalata-a-romaniei\/\" rel=\"bookmark\" title=\"Puterea mitologic\u0103 instalat\u0103 a Rom\u00e2niei\">Puterea mitologic\u0103 instalat\u0103 a Rom\u00e2niei<\/a><\/h3>\n<div class=\"td-module-meta-info\"><a href=\"https:\/\/r3media.ro\/category\/opinii\/\" class=\"td-post-category\">OPINII<\/a><span class=\"td-post-author-name\"><a href=\"https:\/\/r3media.ro\/author\/tru\/\">TRU (Traian Ungureanu)<\/a><span>&#8211;<\/span><\/span><span class=\"td-post-date\"><time class=\"entry-date updated td-module-date\" datetime=\"2026-08-02T22:08:04+03:00\">02\/08\/2026<\/time><\/span><\/div>\n<\/div>\n<\/div>\n<\/div>\n<div class=\"td-block-span6\">\n<div class=\"td_module_8 td_module_wrap\">\n<div class=\"item-details\">\n<h3 class=\"entry-title td-module-title\"><a href=\"https:\/\/r3media.ro\/hyundai-recheama-service-masini-electrice-inster-risc-incendiu\/\" rel=\"bookmark\" title=\"Hyundai recheam\u0103 \u00een service zeci de mii de ma\u0219ini electrice din cauza riscului de incendiu\">Hyundai recheam\u0103 \u00een service zeci de mii de ma\u0219ini electrice din cauza riscului de&#8230;<\/a><\/h3>\n<div class=\"td-module-meta-info\"><a href=\"https:\/\/r3media.ro\/category\/actualitate\/\" class=\"td-post-category\">ACTUALITATE<\/a><span class=\"td-post-author-name\"><a href=\"https:\/\/r3media.ro\/author\/oana\/\">Oana Ivan<\/a><span>&#8211;<\/span><\/span><span class=\"td-post-date\"><time class=\"entry-date updated td-module-date\" datetime=\"2026-08-02T08:34:05+03:00\">02\/08\/2026<\/time><\/span><\/div>\n<\/div>\n<\/div>\n<\/div>\n<\/div>\n<div class=\"td-block-row\">\n<div class=\"td-block-span6\">\n<div class=\"td_module_8 td_module_wrap\">\n<div class=\"item-details\">\n<h3 class=\"entry-title td-module-title\"><a href=\"https:\/\/r3media.ro\/dragostea-care-transcende-epoci-descult-in-parc-1967\/\" rel=\"bookmark\" title=\"Dragostea care transcende epoci \u2014 Descul\u021b \u00een parc (1967)\">Dragostea care transcende epoci \u2014 Descul\u021b \u00een parc (1967)<\/a><\/h3>\n<div class=\"td-module-meta-info\"><a href=\"https:\/\/r3media.ro\/category\/opinii\/\" class=\"td-post-category\">OPINII<\/a><span class=\"td-post-author-name\"><a href=\"https:\/\/r3media.ro\/author\/costi_balasoiu\/\">Constantin B\u0103l\u0103\u0219oiu<\/a><span>&#8211;<\/span><\/span><span class=\"td-post-date\"><time class=\"entry-date updated td-module-date\" datetime=\"2026-08-01T13:45:14+03:00\">01\/08\/2026<\/time><\/span><\/div>\n<\/div>\n<\/div>\n<\/div>\n<div class=\"td-block-span6\">\n<div class=\"td_module_8 td_module_wrap\">\n<div class=\"item-details\">\n<h3 class=\"entry-title td-module-title\"><a href=\"https:\/\/r3media.ro\/masina-electrica-foc-turcia-incarcat-vehicul-explozie-pompieri-stingere-incendiu-video\/\" rel=\"bookmark\" title=\"VIDEO | O ma\u0219in\u0103 electric\u0103 a luat foc \u00een timp ce se afla la \u00eenc\u0103rcat. Vehiculul a explodat chiar c\u00e2nd pompierii \u00eencercau s\u0103 sting\u0103 incendiul folosind o p\u0103tur\u0103 ignifug\u0103\">VIDEO | O ma\u0219in\u0103 electric\u0103 a luat foc \u00een timp ce se afla la&#8230;<\/a><\/h3>\n<div class=\"td-module-meta-info\"><a href=\"https:\/\/r3media.ro\/category\/actualitate\/\" class=\"td-post-category\">ACTUALITATE<\/a><span class=\"td-post-author-name\"><a href=\"https:\/\/r3media.ro\/author\/oana\/\">Oana Ivan<\/a><span>&#8211;<\/span><\/span><span class=\"td-post-date\"><time class=\"entry-date updated td-module-date\" datetime=\"2026-07-31T13:33:48+03:00\">31\/07\/2026<\/time><\/span><\/div>\n<\/div>\n<\/div>\n<\/div>\n<\/div>\n<div class=\"td-block-row\">\n<div class=\"td-block-span6\">\n<div class=\"td_module_8 td_module_wrap\">\n<div class=\"item-details\">\n<h3 class=\"entry-title td-module-title\"><a href=\"https:\/\/r3media.ro\/spania-asediu-migranti-exclava-ceuta-africa-madrid-trupe-securitate-video\/\" rel=\"bookmark\" title=\"VIDEO | Spania se afl\u0103 sub asediu: Mii de migran\u021bi au luat cu asalt exclava Ceuta din Africa. Madridul a trimis trupe pentru a consolida securitatea\">VIDEO | Spania se afl\u0103 sub asediu: Mii de migran\u021bi au luat cu asalt&#8230;<\/a><\/h3>\n<div class=\"td-module-meta-info\"><a href=\"https:\/\/r3media.ro\/category\/actualitate\/\" class=\"td-post-category\">ACTUALITATE<\/a><span class=\"td-post-author-name\"><a href=\"https:\/\/r3media.ro\/author\/oana\/\">Oana Ivan<\/a><span>&#8211;<\/span><\/span><span class=\"td-post-date\"><time class=\"entry-date updated td-module-date\" datetime=\"2026-07-31T12:39:57+03:00\">31\/07\/2026<\/time><\/span><\/div>\n<\/div>\n<\/div>\n<\/div>\n<div class=\"td-block-span6\">\n<div class=\"td_module_8 td_module_wrap\">\n<div class=\"item-details\">\n<h3 class=\"entry-title td-module-title\"><a href=\"https:\/\/r3media.ro\/expert-ucraina-faliment-agricultura-romaneasca-tehnologii-ue\/\" rel=\"bookmark\" title=\"Un expert explic\u0103 felul \u00een care concuren\u021ba din Ucraina bag\u0103 \u00een faliment agricultura rom\u00e2neasc\u0103: Folosesc tehnologii interzise \u00een UE\">Un expert explic\u0103 felul \u00een care concuren\u021ba din Ucraina bag\u0103 \u00een faliment agricultura rom\u00e2neasc\u0103:&#8230;<\/a><\/h3>\n<div class=\"td-module-meta-info\"><a href=\"https:\/\/r3media.ro\/category\/actualitate\/\" class=\"td-post-category\">ACTUALITATE<\/a><span class=\"td-post-author-name\"><a href=\"https:\/\/r3media.ro\/author\/radu_ursan\/\">Radu Ursan<\/a><span>&#8211;<\/span><\/span><span class=\"td-post-date\"><time class=\"entry-date updated td-module-date\" datetime=\"2026-07-30T09:51:48+03:00\">30\/07\/2026<\/time><\/span><\/div>\n<\/div>\n<\/div>\n<\/div>\n<\/div>\n<div class=\"td-block-row\">\n<div class=\"td-block-span6\">\n<div class=\"td_module_8 td_module_wrap\">\n<div class=\"item-details\">\n<h3 class=\"entry-title td-module-title\"><a href=\"https:\/\/r3media.ro\/cornel-nistorescu-drone-razboi-ucraina\/\" rel=\"bookmark\" title=\"Cornel Nistorescu, dup\u0103 incidentele cu drone: Adie a aer de r\u0103zboi. De mirare c\u0103 dronele ucrainene nu au st\u00e2rnit at\u00e2ta t\u0103r\u0103boi\">Cornel Nistorescu, dup\u0103 incidentele cu drone: Adie a aer de r\u0103zboi. De mirare c\u0103&#8230;<\/a><\/h3>\n<div class=\"td-module-meta-info\"><a href=\"https:\/\/r3media.ro\/category\/actualitate\/\" class=\"td-post-category\">ACTUALITATE<\/a><span class=\"td-post-author-name\"><a href=\"https:\/\/r3media.ro\/author\/radu_ursan\/\">Radu Ursan<\/a><span>&#8211;<\/span><\/span><span class=\"td-post-date\"><time class=\"entry-date updated td-module-date\" datetime=\"2026-07-28T10:21:51+03:00\">28\/07\/2026<\/time><\/span><\/div>\n<\/div>\n<\/div>\n<\/div>\n<div class=\"td-block-span6\">\n<div class=\"td_module_8 td_module_wrap\">\n<div class=\"item-details\">\n<h3 class=\"entry-title td-module-title\"><a href=\"https:\/\/r3media.ro\/bnr-recomanda-romani-rezerve-de-cash-atacuri-cibernetice-numerar-relevant-criza\/\" rel=\"bookmark\" title=\"BNR le recomand\u0103 rom\u00e2nilor s\u0103 p\u0103streze rezerve de cash: Numerarul se poate dovedi relevant \u00een criz\u0103\">BNR le recomand\u0103 rom\u00e2nilor s\u0103 p\u0103streze rezerve de cash: Numerarul se poate dovedi relevant&#8230;<\/a><\/h3>\n<div class=\"td-module-meta-info\"><a href=\"https:\/\/r3media.ro\/category\/actualitate\/\" class=\"td-post-category\">ACTUALITATE<\/a><span class=\"td-post-author-name\"><a href=\"https:\/\/r3media.ro\/author\/oana\/\">Oana Ivan<\/a><span>&#8211;<\/span><\/span><span class=\"td-post-date\"><time class=\"entry-date updated td-module-date\" datetime=\"2026-07-27T13:11:47+03:00\">27\/07\/2026<\/time><\/span><\/div>\n<\/div>\n<\/div>\n<\/div>\n<\/div>\n<div class=\"td-block-row\">\n<div class=\"td-block-span6\">\n<div class=\"td_module_8 td_module_wrap\">\n<div class=\"item-details\">\n<h3 class=\"entry-title td-module-title\"><a href=\"https:\/\/r3media.ro\/statul-roman-a-semnat-actul-propriei-disparitii\/\" rel=\"bookmark\" title=\"Statul rom\u00e2n a semnat actul propriei dispari\u021bii?\">Statul rom\u00e2n a semnat actul propriei dispari\u021bii?<\/a><\/h3>\n<div class=\"td-module-meta-info\"><a href=\"https:\/\/r3media.ro\/category\/opinii\/\" class=\"td-post-category\">OPINII<\/a><span class=\"td-post-author-name\"><a href=\"https:\/\/r3media.ro\/author\/gabipopa\/\">Gabriel Popa<\/a><span>&#8211;<\/span><\/span><span class=\"td-post-date\"><time class=\"entry-date updated td-module-date\" datetime=\"2026-07-27T15:07:05+03:00\">27\/07\/2026<\/time><\/span><\/div>\n<\/div>\n<\/div>\n<\/div>\n<div class=\"td-block-span6\">\n<div class=\"td_module_8 td_module_wrap\">\n<div class=\"item-details\">\n<h3 class=\"entry-title td-module-title\"><a href=\"https:\/\/r3media.ro\/prima-oara-istorie-presedintia-document-primplan-patriotism-european\/\" rel=\"bookmark\" title=\"Pentru prima oar\u0103 \u00een istorie, Pre\u0219edin\u021bia Rom\u00e2niei emite un document care pune pe primul plan o alt\u0103 entitate dec\u00e2t \u021bara noastr\u0103: patriotismul european\">Pentru prima oar\u0103 \u00een istorie, Pre\u0219edin\u021bia Rom\u00e2niei emite un document care pune pe primul&#8230;<\/a><\/h3>\n<div class=\"td-module-meta-info\"><a href=\"https:\/\/r3media.ro\/category\/actualitate\/\" class=\"td-post-category\">ACTUALITATE<\/a><span class=\"td-post-author-name\"><a href=\"https:\/\/r3media.ro\/author\/teodor_stan\/\">Teodor Stan<\/a><span>&#8211;<\/span><\/span><span class=\"td-post-date\"><time class=\"entry-date updated td-module-date\" datetime=\"2026-07-26T11:44:31+03:00\">26\/07\/2026<\/time><\/span><\/div>\n<\/div>\n<\/div>\n<\/div>\n<\/div>\n<\/div>\n<div class=\"td-load-more-wrap td-load-more-infinite-wrap\" id=\"infinite-lm-tdi_20\"><a href=\"https:\/\/r3media.ro\/calendarul-zilei-6-august-schimbarea-la-fata-a-domnului\/\" class=\"td_ajax_load_more td_ajax_load_more_js\" aria-label=\"\u00cenc\u0103rca\u021bi mai multe\" id=\"next-page-tdi_20\" data-td_block_id=\"tdi_20\">\u00cenc\u0103rca\u021bi mai multe<\/a><\/div>\n<\/div>\n<div class=\"td_block_wrap tdb_single_comments tdi_21 tdb-comm-layout2 td-pb-border-top td_block_template_1\" data-td-block-uid=\"tdi_21\">\n<div class=\"tdb-block-inner td-fix-index\">\n<div class=\"comments\" id=\"comments\">\n<div class=\"td-comments-title-wrap td_block_template_1\">\n<h4 class=\"td-comments-title block-title\"><span>1 COMENTARIU<\/span><\/h4>\n<\/div>\n<ol class=\"comment-list\">\n<li class=\"comment \" id=\"comment-15656\">\n<article>\n<footer><cite>maxtor<\/cite><a class=\"comment-link\" href=\"https:\/\/r3media.ro\/calendarul-zilei-6-august-schimbarea-la-fata-a-domnului\/#comment-15656\"><time><br \/>\n06\/08\/2022\t\t\t\t\t\t    La\t\t\t\t\t\t    16:16<\/time><\/a><\/footer>\n<div class=\"comment-content\">\n<p>Radio TRINITAS<br \/>\n-are antenna la patriarhie<br \/>\nsau asa ceva\u2026.<\/p>\n<\/div>\n<div class=\"comment-meta\" id=\"comment-15656\"><a rel=\"nofollow\" class=\"comment-reply-link\" href=\"https:\/\/r3media.ro\/calendarul-zilei-6-august-schimbarea-la-fata-a-domnului\/#comment-15656\" data-commentid=\"15656\" data-postid=\"51914\" data-belowelement=\"comment-15656\" data-respondelement=\"respond\" data-replyto=\"R\u0103spunde-i lui maxtor\" aria-label=\"R\u0103spunde-i lui maxtor\">R\u0103spund<\/a><\/div>\n<\/article>\n<\/li>\n<\/ol>\n<div id=\"respond\" class=\"comment-respond\">\n<h3 id=\"reply-title\" class=\"comment-reply-title\">AI CEVA DE SPUS? <small><a rel=\"nofollow\" id=\"cancel-comment-reply-link\" href=\"https:\/\/r3media.ro\/calendarul-zilei-6-august-schimbarea-la-fata-a-domnului\/#respond\">Renun\u021ba\u021bi la r\u0103spuns<\/a><\/small><\/h3>\n<div class=\"comment-form-input-wrap td-form-comment\">\n<div class=\"td-warning-comment\">V\u0103 rug\u0103m s\u0103 introduce\u021bi comentariul dvs.!<\/div>\n<\/div>\n<div class=\"comment-form-input-wrap td-form-author\">\n<div class=\"td-warning-author\">Introduce\u021bi aici numele dvs.<\/div>\n<\/div>\n<div class=\"comment-form-input-wrap td-form-email\">\n<div class=\"td-warning-email-error\">A\u021bi introdus o adres\u0103 de e-mail incorect\u0103!<\/div>\n<div class=\"td-warning-email\">V\u0103 rug\u0103m s\u0103 introduce\u021bi adresa dvs. de e-mail aici<\/div>\n<\/div>\n<\/div>\n<\/div>\n<\/div>\n<\/div>\n<\/div>\n<\/div>\n<div class=\"vc_column tdi_23  wpb_column vc_column_container tdc-column td-pb-span4 td-is-sticky\">\n<div class=\"wpb_wrapper\" data-sticky-enabled-on=\"W3RydWUsdHJ1ZSx0cnVlLHRydWVd\" data-sticky-offset=\"20\" data-sticky-is-width-auto=\"W2ZhbHNlLGZhbHNlLGZhbHNlLGZhbHNlXQ==\">\n<div class=\"wpb_wrapper td_block_wrap vc_widget_sidebar tdi_25 \">\n<div class=\"td_block_wrap td_block_7 td_block_widget tdi_26 td-pb-border-top td_block_template_1 td-column-1 td_block_padding\" data-td-block-uid=\"tdi_26\">\n<div class=\"td-block-title-wrap\">\n<h4 class=\"block-title td-block-title\"><span class=\"td-pulldown-size\">Articole RELA\u021aIONATE<\/span><\/h4>\n<\/div>\n<div id=\"tdi_26\" class=\"td_block_inner\">\n<div class=\"td-block-span12\">\n<div class=\"td_module_6 td_module_wrap td-animation-stack\">\n<div class=\"td-module-thumb\"><a href=\"https:\/\/r3media.ro\/romanii-bolojan-mindruta-consum-energie-electrica-romania\/\" rel=\"bookmark\" class=\"td-image-wrap \" title=\"Rom\u00e2nii nu au ascultat apelul lui Bolojan \u0219i al lui M\u00eendru\u021b\u0103: Miercuri sear\u0103 s-a \u00eenregistrat unul dintre cele mai ridicate niveluri ale consumului de energie electric\u0103 din aceast\u0103 var\u0103\"><img loading=\"lazy\" decoding=\"async\" class=\"entry-thumb\" src=\"https:\/\/r3media.ro\/wp-content\/uploads\/2026\/08\/pexels-lamps-2178743-100x70.jpg\" alt title=\"Rom\u00e2nii nu au ascultat apelul lui Bolojan \u0219i al lui M\u00eendru\u021b\u0103: Miercuri sear\u0103 s-a \u00eenregistrat unul dintre cele mai ridicate niveluri ale consumului de energie electric\u0103 din aceast\u0103 var\u0103\" width=\"100\" height=\"70\"><\/a><\/div>\n<div class=\"item-details\">\n<h3 class=\"entry-title td-module-title\"><a href=\"https:\/\/r3media.ro\/romanii-bolojan-mindruta-consum-energie-electrica-romania\/\" rel=\"bookmark\" title=\"Rom\u00e2nii nu au ascultat apelul lui Bolojan \u0219i al lui M\u00eendru\u021b\u0103: Miercuri sear\u0103 s-a \u00eenregistrat unul dintre cele mai ridicate niveluri ale consumului de energie electric\u0103 din aceast\u0103 var\u0103\">Rom\u00e2nii nu au ascultat apelul lui Bolojan \u0219i al lui M\u00eendru\u021b\u0103:&#8230;<\/a><\/h3>\n<div class=\"td-module-meta-info\"><span class=\"td-post-date\"><time class=\"entry-date updated td-module-date\" datetime=\"2026-08-06T12:57:34+03:00\">06\/08\/2026<\/time><\/span><\/div>\n<\/div>\n<\/div>\n<\/div>\n<div class=\"td-block-span12\">\n<div class=\"td_module_6 td_module_wrap td-animation-stack\">\n<div class=\"td-module-thumb\"><a href=\"https:\/\/r3media.ro\/dyson-airwrap-sau-ondulator-clasic-in-vacanta-ce-pui-efectiv-in-bagaj\/\" rel=\"bookmark\" class=\"td-image-wrap \" title=\"Dyson Airwrap sau ondulator clasic \u00een vacan\u021b\u0103: ce pui efectiv \u00een bagaj\"><img loading=\"lazy\" decoding=\"async\" class=\"entry-thumb\" src=\"https:\/\/r3media.ro\/wp-content\/uploads\/2026\/08\/dyson_airwrap_sau_ondulator_clasic_n_vacan_ce_pui_efectiv_n_bagaj-100x70.jpg\" alt title=\"Dyson Airwrap sau ondulator clasic \u00een vacan\u021b\u0103: ce pui efectiv \u00een bagaj\" width=\"100\" height=\"70\"><\/a><\/div>\n<div class=\"item-details\">\n<h3 class=\"entry-title td-module-title\"><a href=\"https:\/\/r3media.ro\/dyson-airwrap-sau-ondulator-clasic-in-vacanta-ce-pui-efectiv-in-bagaj\/\" rel=\"bookmark\" title=\"Dyson Airwrap sau ondulator clasic \u00een vacan\u021b\u0103: ce pui efectiv \u00een bagaj\">Dyson Airwrap sau ondulator clasic \u00een vacan\u021b\u0103: ce pui efectiv \u00een&#8230;<\/a><\/h3>\n<div class=\"td-module-meta-info\"><span class=\"td-post-date\"><time class=\"entry-date updated td-module-date\" datetime=\"2026-08-06T00:08:20+03:00\">06\/08\/2026<\/time><\/span><\/div>\n<\/div>\n<\/div>\n<\/div>\n<div class=\"td-block-span12\">\n<div class=\"td_module_6 td_module_wrap td-animation-stack\">\n<div class=\"td-module-thumb\"><a href=\"https:\/\/r3media.ro\/reincarcare-cartela-digi-cele-mai-rapide-metode-disponibile-online\/\" rel=\"bookmark\" class=\"td-image-wrap \" title=\"Re\u00eenc\u0103rcare cartel\u0103 Digi: cele mai rapide metode disponibile online\"><img loading=\"lazy\" decoding=\"async\" class=\"entry-thumb\" src=\"https:\/\/r3media.ro\/wp-content\/uploads\/2026\/08\/rencrcare_cartel_digi_cele_mai_rapide_metode_disponibile_online-100x70.jpg\" alt title=\"Re\u00eenc\u0103rcare cartel\u0103 Digi: cele mai rapide metode disponibile online\" width=\"100\" height=\"70\"><\/a><\/div>\n<div class=\"item-details\">\n<h3 class=\"entry-title td-module-title\"><a href=\"https:\/\/r3media.ro\/reincarcare-cartela-digi-cele-mai-rapide-metode-disponibile-online\/\" rel=\"bookmark\" title=\"Re\u00eenc\u0103rcare cartel\u0103 Digi: cele mai rapide metode disponibile online\">Re\u00eenc\u0103rcare cartel\u0103 Digi: cele mai rapide metode disponibile online<\/a><\/h3>\n<div class=\"td-module-meta-info\"><span class=\"td-post-date\"><time class=\"entry-date updated td-module-date\" datetime=\"2026-08-06T00:04:49+03:00\">06\/08\/2026<\/time><\/span><\/div>\n<\/div>\n<\/div>\n<\/div>\n<div class=\"td-block-span12\">\n<div class=\"td_module_6 td_module_wrap td-animation-stack\">\n<div class=\"td-module-thumb\"><a href=\"https:\/\/r3media.ro\/mariuca-zaharia-fetita-12-ani-marasesti\/\" rel=\"bookmark\" class=\"td-image-wrap \" title=\"Calendarul zilei 6 august: M\u0103riuca Zaharia, feti\u021ba de 12 ani c\u0103zut\u0103 la M\u0103r\u0103\u0219e\u0219ti, care nu mai are loc \u00een manualele de istorie\"><img loading=\"lazy\" decoding=\"async\" class=\"entry-thumb\" src=\"https:\/\/r3media.ro\/wp-content\/uploads\/2021\/08\/mariuca-zaharia-100x70.jpeg\" alt title=\"Calendarul zilei 6 august: M\u0103riuca Zaharia, feti\u021ba de 12 ani c\u0103zut\u0103 la M\u0103r\u0103\u0219e\u0219ti, care nu mai are loc \u00een manualele de istorie\" width=\"100\" height=\"70\"><\/a><\/div>\n<div class=\"item-details\">\n<h3 class=\"entry-title td-module-title\"><a href=\"https:\/\/r3media.ro\/mariuca-zaharia-fetita-12-ani-marasesti\/\" rel=\"bookmark\" title=\"Calendarul zilei 6 august: M\u0103riuca Zaharia, feti\u021ba de 12 ani c\u0103zut\u0103 la M\u0103r\u0103\u0219e\u0219ti, care nu mai are loc \u00een manualele de istorie\">Calendarul zilei 6 august: M\u0103riuca Zaharia, feti\u021ba de 12 ani c\u0103zut\u0103&#8230;<\/a><\/h3>\n<div class=\"td-module-meta-info\"><span class=\"td-post-date\"><time class=\"entry-date updated td-module-date\" datetime=\"2026-08-05T22:42:18+03:00\">05\/08\/2026<\/time><\/span><\/div>\n<\/div>\n<\/div>\n<\/div>\n<div class=\"td-block-span12\">\n<div class=\"td_module_6 td_module_wrap td-animation-stack\">\n<div class=\"td-module-thumb\"><a href=\"https:\/\/r3media.ro\/drona-gasita-mare-mamaia-zona-loft-video\/\" rel=\"bookmark\" class=\"td-image-wrap \" title=\"VIDEO | O dron\u0103 a fost g\u0103sit\u0103 \u00een mare, \u00een Mamaia, \u00een zona Loft\"><img loading=\"lazy\" decoding=\"async\" class=\"entry-thumb\" src=\"https:\/\/r3media.ro\/wp-content\/uploads\/2026\/07\/plaja-goala-100x70.png\" alt title=\"VIDEO | O dron\u0103 a fost g\u0103sit\u0103 \u00een mare, \u00een Mamaia, \u00een zona Loft\" width=\"100\" height=\"70\"><\/a><\/div>\n<div class=\"item-details\">\n<h3 class=\"entry-title td-module-title\"><a href=\"https:\/\/r3media.ro\/drona-gasita-mare-mamaia-zona-loft-video\/\" rel=\"bookmark\" title=\"VIDEO | O dron\u0103 a fost g\u0103sit\u0103 \u00een mare, \u00een Mamaia, \u00een zona Loft\">VIDEO | O dron\u0103 a fost g\u0103sit\u0103 \u00een mare, \u00een Mamaia,&#8230;<\/a><\/h3>\n<div class=\"td-module-meta-info\"><span class=\"td-post-date\"><time class=\"entry-date updated td-module-date\" datetime=\"2026-08-05T21:48:11+03:00\">05\/08\/2026<\/time><\/span><\/div>\n<\/div>\n<\/div>\n<\/div>\n<div class=\"td-block-span12\">\n<div class=\"td_module_6 td_module_wrap td-animation-stack\">\n<div class=\"td-module-thumb\"><a href=\"https:\/\/r3media.ro\/catalin-avramescu-pornografie-infantila\/\" rel=\"bookmark\" class=\"td-image-wrap \" title=\"C\u0103t\u0103lin Avramescu, fost consilier preziden\u021bial, suspect \u00eentr-un dosar de pornografie infantil\u0103\"><img loading=\"lazy\" decoding=\"async\" class=\"entry-thumb\" src=\"https:\/\/r3media.ro\/wp-content\/uploads\/2026\/08\/Catalin-Avramescu-1200x616-1-100x70.jpg\" alt title=\"C\u0103t\u0103lin Avramescu, fost consilier preziden\u021bial, suspect \u00eentr-un dosar de pornografie infantil\u0103\" width=\"100\" height=\"70\"><\/a><\/div>\n<div class=\"item-details\">\n<h3 class=\"entry-title td-module-title\"><a href=\"https:\/\/r3media.ro\/catalin-avramescu-pornografie-infantila\/\" rel=\"bookmark\" title=\"C\u0103t\u0103lin Avramescu, fost consilier preziden\u021bial, suspect \u00eentr-un dosar de pornografie infantil\u0103\">C\u0103t\u0103lin Avramescu, fost consilier preziden\u021bial, suspect \u00eentr-un dosar de pornografie infantil\u0103<\/a><\/h3>\n<div class=\"td-module-meta-info\"><span class=\"td-post-date\"><time class=\"entry-date updated td-module-date\" datetime=\"2026-08-05T13:47:30+03:00\">05\/08\/2026<\/time><\/span><\/div>\n<\/div>\n<\/div>\n<\/div>\n<div class=\"td-block-span12\">\n<div class=\"td_module_6 td_module_wrap td-animation-stack\">\n<div class=\"td-module-thumb\"><a href=\"https:\/\/r3media.ro\/invatamant-portugalia-haos-erori-digitalizarea-procesului-evaluare-elevi\/\" rel=\"bookmark\" class=\"td-image-wrap \" title=\"\u00cenv\u0103\u021b\u0103m\u00e2ntul din Portugalia, \u00een haos din cauza erorilor cauzate de digitalizarea procesului de evaluare a elevilor\"><img loading=\"lazy\" decoding=\"async\" class=\"entry-thumb\" src=\"https:\/\/r3media.ro\/wp-content\/uploads\/2026\/02\/digitalizare-scoala-100x70.jpg\" alt title=\"\u00cenv\u0103\u021b\u0103m\u00e2ntul din Portugalia, \u00een haos din cauza erorilor cauzate de digitalizarea procesului de evaluare a elevilor\" width=\"100\" height=\"70\"><\/a><\/div>\n<div class=\"item-details\">\n<h3 class=\"entry-title td-module-title\"><a href=\"https:\/\/r3media.ro\/invatamant-portugalia-haos-erori-digitalizarea-procesului-evaluare-elevi\/\" rel=\"bookmark\" title=\"\u00cenv\u0103\u021b\u0103m\u00e2ntul din Portugalia, \u00een haos din cauza erorilor cauzate de digitalizarea procesului de evaluare a elevilor\">\u00cenv\u0103\u021b\u0103m\u00e2ntul din Portugalia, \u00een haos din cauza erorilor cauzate de digitalizarea&#8230;<\/a><\/h3>\n<div class=\"td-module-meta-info\"><span class=\"td-post-date\"><time class=\"entry-date updated td-module-date\" datetime=\"2026-08-05T12:18:39+03:00\">05\/08\/2026<\/time><\/span><\/div>\n<\/div>\n<\/div>\n<\/div>\n<\/div>\n<\/div>\n<aside class=\"td_block_template_1 widget widget_recent_comments\">\n<h4 class=\"block-title\"><span>INTR\u0102 \u00ceN DISCU\u021aIE!<\/span><\/h4>\n<ul id=\"recentcomments\">\n<li class=\"recentcomments\"><span class=\"comment-author-link\">Nicu<\/span> la <a href=\"https:\/\/r3media.ro\/ucraina-scuze-grecia-drona-marina-insula-lefkada-expolozie-portul-constanta\/#comment-40351\">Ucraina i-a cerut scuze Greciei pentru c\u0103 o dron\u0103 marin\u0103 a ajuns l\u00e2ng\u0103 Insula Lefkada. Nicio vorb\u0103 despre drona care putea s\u0103 arunce \u00een aer Portul Constan\u021ba<\/a><\/li>\n<li class=\"recentcomments\"><span class=\"comment-author-link\">Nicu<\/span> la <a href=\"https:\/\/r3media.ro\/bulgaria-nivelul-scazut-al-apelor-dunarii-nu-afecteaza-centrala-nucleara-de-la-kozlodui\/#comment-40350\">Bulgaria: Nivelul sc\u0103zut al apelor Dun\u0103rii NU afecteaz\u0103 centrala nuclear\u0103 de la Kozlodui<\/a><\/li>\n<li class=\"recentcomments\"><span class=\"comment-author-link\">Cristian<\/span> la <a href=\"https:\/\/r3media.ro\/4-august-1919-armata-romana-budapesta\/#comment-40349\">Calendarul zilei: 4 august 1919, cucerirea Budapestei de c\u0103tre Armata Rom\u00e2n\u0103<\/a><\/li>\n<li class=\"recentcomments\"><span class=\"comment-author-link\">Nicu<\/span> la <a href=\"https:\/\/r3media.ro\/ministr-securitate-energetica-marea-britanie-subventii-net-zero-umfla-facturi-cetateni-energie\/#comment-40348\">Ministrul Securit\u0103\u021bii Energetice din Marea Britanie neag\u0103 faptul c\u0103 subven\u021biile Net Zero umfl\u0103 facturile cet\u0103\u021benilor la energie<\/a><\/li>\n<li class=\"recentcomments\"><span class=\"comment-author-link\">Nicu<\/span> la <a href=\"https:\/\/r3media.ro\/sursa-crizei-energetice-radu-miruta-romania-capacitati-carbune-seceta\/#comment-40347\">Sursa crizei energetice. Ministrul Radu Miru\u021b\u0103: Rom\u00e2nia a \u00eenchis capacit\u0103\u021bi de produc\u021bie pe carbune f\u0103r\u0103 s\u0103 pun\u0103 nimic \u00een loc. Nu te po\u021bi ascunde \u00een spatele secetei<\/a><\/li>\n<li class=\"recentcomments\"><span class=\"comment-author-link\">Gavril\u0103 Moldovan<\/span> la <a href=\"https:\/\/r3media.ro\/prima-oara-istorie-presedintia-document-primplan-patriotism-european\/#comment-40346\">Pentru prima oar\u0103 \u00een istorie, Pre\u0219edin\u021bia Rom\u00e2niei emite un document care pune pe primul plan o alt\u0103 entitate dec\u00e2t \u021bara noastr\u0103: patriotismul european<\/a><\/li>\n<li class=\"recentcomments\"><span class=\"comment-author-link\">Redac\u021bia<\/span> la <a href=\"https:\/\/r3media.ro\/statul-roman-a-semnat-actul-propriei-disparitii\/#comment-40345\">Statul rom\u00e2n a semnat actul propriei dispari\u021bii?<\/a><\/li>\n<\/ul>\n<\/aside>\n<aside class=\"td_block_template_1 widget widget_search\">\n<h4 class=\"block-title\"><span>CAUT\u0102 \u0218I VEI G\u0102SI<\/span><\/h4>\n<\/aside>\n<\/div>\n<\/div>\n<\/div>\n<\/div>\n<\/div>\n<\/div>\n<\/div>\n<p><span class=\"td-page-meta\"><\/span><span class=\"td-page-meta\"><span class=\"td-page-meta\"><\/span><\/span><span class=\"td-page-meta\"><\/span><\/article>\n<\/p>\n<div class=\"td_block_wrap tdb_single_content tdi_18 td-pb-border-top td_block_template_1 td-post-content tagdiv-type\" data-td-block-uid=\"tdi_18\">\n<div class=\"tdb-block-inner td-fix-index\">\n<p><strong>Cre\u0219tinii ortodoc\u0219i s\u0103rb\u0103toresc la 6 august, Praznicul \u201eSchimb\u0103rii la Fa\u021b\u0103\u201d a Domnului. Este ziua \u00een care M\u00e2ntuitorul Hristos descoper\u0103 lumii c\u0103 este Fiul lui Dumnezeu f\u0103cut om. Pe Muntele Tabor, \u00een fa\u021ba a trei ucenici, Petru, Iacob \u0219i Ioan, M\u00e2ntuitorul se arat\u0103 \u00eentr-o lumin\u0103 supranatural\u0103, \u00eempreun\u0103 cu Moise \u0219i Ilie, scrie <a href=\"https:\/\/basilica.ro\/schimbarea-la-fata-a-domnului-3\/\" target=\"_blank\" rel=\"noopener\">Basilica<\/a>.<\/strong><\/p>\n<p>Mai multe informa\u021bii despre semnifica\u021bia s\u0103rb\u0103torii a oferit pentru Radio TRINITAS, p\u0103rintele profesor \u0218tefan Buchiu, Decanul Facult\u0103\u021bii de Teologie Ortodox\u0103 din Bucure\u0219ti:<\/p>\n<p>\u201eS\u0103rb\u0103toarea Schimb\u0103rii la Fa\u021b\u0103 a Domnului \u0219i M\u00e2ntuitorului nostru Iisus Hristos are o dubl\u0103 semnifica\u021bie. \u00cen primul r\u00e2nd, ca odinioar\u0103 pe cei trei Sfin\u021bi Apostoli Petru, Iacob \u0219i Ioan, M\u00e2ntuitorul dore\u0219te s\u0103 ne \u00eencredin\u021beze c\u0103 El este cu adev\u0103rat Fiul lui Dumnezeu \u00eentrupat, venit pe p\u0103m\u00e2nt pentru m\u00e2ntuirea noastr\u0103. Ca noi s\u0103 \u00een\u021belegem ca \u0219i Sfin\u021bii Apostoli c\u0103 El este Mesia cel prezis de prooroci, a adus cu Sine \u00een chip minunat pe Sfin\u021bii Moise \u0219i Ilie care reprezentau Legea \u0219i Proorocii Vechiului Testament care a preg\u0103tit poporul ales pentru venirea Sa. A doua semnifica\u021bie major\u0103 este aceea c\u0103 prin Schimbarea la Fa\u021b\u0103 \u00eenaintea ucenicilor, M\u00e2ntuitorul Iisus Hristos a descoperit destinul nostru, al oamenilor, voit de Bunul Dumnezeu din ve\u0219nicie \u0219i anume ridicarea noastr\u0103 de la chip la asem\u0103nare sau \u00eendumnezeirea noastr\u0103\u201d.<\/p>\n<p>Aceast\u0103 s\u0103rb\u0103toare este numit\u0103 \u00een popor \u0219i Preobrajenia sau Probojenia \u0219i rememoreaz\u0103 momentul schimb\u0103rii minunate la fa\u021b\u0103 a Domnului, \u00een Muntele Taborului, \u00een fa\u021ba ucenicilor S\u0103i, Petru, Ioan \u0219i Iacov.<\/p>\n<p>Sf\u00e2ntul Evanghelist Matei prezint\u0103 \u00een cuprinsul Evangheliei sale momentul Schimb\u0103rii la Fa\u021b\u0103: \u201eIisus a luat cu Sine pe Petru \u0219i pe Iacov \u0219i pe Ioan, fratele lui, \u0219i i-a dus \u00eentr-un munte \u00eenalt, de o parte. \u0218i S-a schimbat la fa\u021b\u0103, \u00eenaintea lor, \u0219i a str\u0103lucit fa\u021ba Lui ca soarele, iar ve\u0219mintele Lui s-au f\u0103cut albe ca lumina. \u0218i iat\u0103, Moise \u0219i Ilie s-au ar\u0103tat lor, vorbind cu El. \u0218i, r\u0103spunz\u00e2nd, Petru a zis lui Iisus: Doamne, bine este s\u0103 fim noi aici; dac\u0103 voie\u0219ti, voi face aici trei colibe: \u021aie una, \u0219i lui Moise una, \u0219i lui Ilie una. Vorbind el \u00eenc\u0103, iat\u0103 un nor luminos i-a umbrit pe ei, \u0219i iat\u0103 glas din nor zic\u00e2nd: Acesta este Fiul Meu Cel iubit, \u00een Care am binevoit; pe Acesta asculta\u021bi-L. \u0218i, auzind, ucenicii au c\u0103zut cu fa\u021ba la p\u0103m\u00e2nt \u0219i s-au sp\u0103im\u00e2ntat foarte. \u0218i Iisus S-a apropiat de ei, \u0219i, ating\u00e2ndu-i, le-a zis: Scula\u021bi-v\u0103 \u0219i nu v\u0103 teme\u021bi. \u0218i, ridic\u00e2ndu-\u0219i ochii, nu au v\u0103zut pe nimeni, dec\u00e2t numai pe Iisus singur\u201d (Mt. 17, 1-9). De asemenea, minunea petrecut\u0103 pe muntele Taborului este relatat\u0103 \u0219i de sfin\u021bii evangheli\u0219ti Marcu (9, 2-9) \u0219i Luca (9, 28-36).<\/p>\n<p>La \u00eenceput, s\u0103rb\u0103toarea Schimb\u0103rii la Fa\u021b\u0103 se pare c\u0103 a fost aniversarea anual\u0103 a sfin\u021birii bisericii zidite \u00een sec. IV de Sf\u00e2nta Elena, pe locul de pe Muntele Taborului, unde a avut loc schimbarea Domnului la fa\u021b\u0103. Praznicul este men\u021bionat \u00een sec VII, \u00eentr-un calendar liturgic local al Ierusalimului, apoi \u00een sec. VIII g\u0103sim s\u0103rb\u0103toarea enumerat\u0103 \u00een sinaxarele constantinopolitane \u0219i \u00een diferite c\u0103r\u021bi liturgice \u0219i manuscrise grece\u0219ti. De asemenea, tot din sec. al VIII-lea se p\u0103streaz\u0103 o predic\u0103 festiv\u0103 a sf\u00e2ntului Andrei Criteanul la S\u0103rb\u0103toarea Probojeniei. S\u0103rb\u0103toarea a fost generalizat\u0103 p\u00e2n\u0103 la sf\u00e2r\u0219itul sec al VIII-lea, c\u00e2nd Sfin\u021bii Ioan Damaschinul \u0219i Coma de Maiuma au compus imne pentru slujba zilei.<\/p>\n<p>\u00cen Apus, s\u0103rb\u0103toarea Schimb\u0103rii la Fa\u021b\u0103 s-a generalizat prin hot\u0103r\u00e2rea luat\u0103 de papa Calist III de a o consacra definitiv, drept mul\u021bumire pentru victoria armatei cre\u0219tine asupra turcilor, la Belgrad, \u00een anul 1456.<\/p>\n<div class=\"crp_related     crp-masonry\">\n<h2>\u00ceN CONTEXT<\/h2>\n<ul>\n<li><a href=\"https:\/\/r3media.ro\/calendarul-zilei-15-august-adormirea-maicii-domnului-sf-maria-mare-ziua-marinei-romane\/\" class=\"crp_link post-26098\"><span class=\"crp_title\">Calendarul zilei 15 august: Adormirea Maicii Domnului (Sf. Maria Mare) \/ Ziua Marinei Rom\u00e2ne<\/span><\/a><\/li>\n<li><a href=\"https:\/\/r3media.ro\/8-septembrie-nasterea-maicii-domnului-sau-sfanta-maria-mica\/\" class=\"crp_link post-803\"><span class=\"crp_title\">Calendarul zilei 8 septembrie: Na\u0219terea Maicii Domnului sau Sf\u00e2nta Maria Mic\u0103<\/span><\/a><\/li>\n<li><a href=\"https:\/\/r3media.ro\/calendarul-zilei-7-ianuarie-sfantul-ioan-botezatorul-craciunul-pe-calendarul-vechi\/\" class=\"crp_link post-10400\"><span class=\"crp_title\">Calendarul zilei 7 ianuarie: Sf\u00e2ntul Ioan Botez\u0103torul. Cr\u0103ciunul pe calendarul vechi<\/span><\/a><\/li>\n<li><a href=\"https:\/\/r3media.ro\/acoperamantul-maicii-domnului-zi-sfanta-de-sarbatoare-parintele-cleopa-cand-este-boala-pe-fata-pamantului-maica-domnului-aduce-scapare\/\" class=\"crp_link post-2469\"><span class=\"crp_title\">Calendarul zilei de 1 octombrie: Acoper\u0103m\u00e2ntul Maicii Domnului, zi sf\u00e2nt\u0103 de s\u0103rb\u0103toare. Sf.\u2026<\/span><\/a><\/li>\n<li><a href=\"https:\/\/r3media.ro\/calendarul-zilei-4-ianuarie-soborul-sfintilor-70-de-apostoli\/\" class=\"crp_link post-34856\"><span class=\"crp_title\">Calendarul zilei 4 ianuarie: Soborul Sfin\u021bilor 70 de apostoli<\/span><\/a><\/li>\n<li><a href=\"https:\/\/r3media.ro\/calendarul-zilei-14-noiembrie-lasatul-secului-pentru-postul-nasterii-domnului-bartolomeu-anania-explica-de-ce-postim-inainte-de-craciun\/\" class=\"crp_link post-6264\"><span class=\"crp_title\">Calendarul zilei 14 noiembrie: L\u0103satul secului pentru Postul Na\u0219terii Domnului. Bartolomeu\u2026<\/span><\/a><\/li>\n<li><a href=\"https:\/\/r3media.ro\/calendarul-zilei-9-mai-sf-proroc-isaia-sf-mc-hristofor-aducerea-la-bari-a-moastelor-sf-ier-nicolae\/\" class=\"crp_link post-94576\"><span class=\"crp_title\">Calendarul zilei 9 mai: Sf. Proroc Isaia; Sf. Mc. Hristofor; Aducerea la Bari a moa\u0219telor\u2026<\/span><\/a><\/li>\n<li><a href=\"https:\/\/r3media.ro\/calendarul-zilei-27-mai-sf-ioan-rusul\/\" class=\"crp_link post-47187\"><span class=\"crp_title\">Calendarul zilei 27 mai: Sf. Ioan Rusul<\/span><\/a><\/li>\n<\/ul>\n<\/div>\n<\/div>\n<\/div>\n<p>[analyse_source url=&#8221;https:\/\/r3media.ro\/calendarul-zilei-6-august-schimbarea-la-fata-a-domnului\/&#8221;]<\/p>\n","protected":false},"excerpt":{"rendered":"<p>[analyse_image type=&#8221;featured&#8221; src=&#8221;https:\/\/r3media.ro\/wp-content\/uploads\/2022\/08\/schimbarea-la-fata-a-domnului.jpghttps:\/\/r3media.ro\/wp-content\/uploads\/2022\/08\/schimbarea-la-fata-a-domnului.jpg&#8221;] PRIM PLANCalendarul zilei 6 august: Schimbarea la fa\u021b\u0103 a Domnului PRIM PLAN\u0218TIRIVIDEO Calendarul zilei 6 august: Schimbarea la fa\u021b\u0103 a Domnului Redac\u021bia 05\/08\/2026 Sursa foto: Basilica Cre\u0219tinii ortodoc\u0219i s\u0103rb\u0103toresc la 6 august, Praznicul \u201eSchimb\u0103rii la Fa\u021b\u0103\u201d a Domnului. Este ziua \u00een care M\u00e2ntuitorul Hristos descoper\u0103 lumii c\u0103 este Fiul lui Dumnezeu f\u0103cut [&hellip;]<\/p>\n","protected":false},"author":1,"featured_media":0,"comment_status":"open","ping_status":"","sticky":false,"template":"","format":"standard","meta":{"footnotes":""},"categories":[89],"tags":[226,93],"class_list":["post-2080252","post","type-post","status-publish","format-standard","hentry","category-romania","tag-crawlmanager","tag-r3media-ro"],"_links":{"self":[{"href":"https:\/\/analyse.optim.biz\/index.php?rest_route=\/wp\/v2\/posts\/2080252","targetHints":{"allow":["GET"]}}],"collection":[{"href":"https:\/\/analyse.optim.biz\/index.php?rest_route=\/wp\/v2\/posts"}],"about":[{"href":"https:\/\/analyse.optim.biz\/index.php?rest_route=\/wp\/v2\/types\/post"}],"author":[{"embeddable":true,"href":"https:\/\/analyse.optim.biz\/index.php?rest_route=\/wp\/v2\/users\/1"}],"replies":[{"embeddable":true,"href":"https:\/\/analyse.optim.biz\/index.php?rest_route=%2Fwp%2Fv2%2Fcomments&post=2080252"}],"version-history":[{"count":0,"href":"https:\/\/analyse.optim.biz\/index.php?rest_route=\/wp\/v2\/posts\/2080252\/revisions"}],"wp:attachment":[{"href":"https:\/\/analyse.optim.biz\/index.php?rest_route=%2Fwp%2Fv2%2Fmedia&parent=2080252"}],"wp:term":[{"taxonomy":"category","embeddable":true,"href":"https:\/\/analyse.optim.biz\/index.php?rest_route=%2Fwp%2Fv2%2Fcategories&post=2080252"},{"taxonomy":"post_tag","embeddable":true,"href":"https:\/\/analyse.optim.biz\/index.php?rest_route=%2Fwp%2Fv2%2Ftags&post=2080252"}],"curies":[{"name":"wp","href":"https:\/\/api.w.org\/{rel}","templated":true}]}}