{"id":2080250,"date":"2026-08-05T21:08:20","date_gmt":"2026-08-05T18:08:20","guid":{"rendered":"https:\/\/analyse.optim.biz\/?p=2080250"},"modified":"2026-08-05T21:08:20","modified_gmt":"2026-08-05T18:08:20","slug":"dyson-airwrap-sau-ondulator-clasic-in-vacanta-ce-pui-efectiv-in-bagaj","status":"publish","type":"post","link":"https:\/\/analyse.optim.biz\/?p=2080250","title":{"rendered":"Dyson Airwrap sau ondulator clasic \u00een vacan\u021b\u0103: ce pui efectiv \u00een bagaj"},"content":{"rendered":"<p>[analyse_image type=&#8221;featured&#8221; src=&#8221;https:\/\/r3media.ro\/wp-content\/uploads\/2026\/08\/dyson_airwrap_sau_ondulator_clasic_n_vacan_ce_pui_efectiv_n_bagaj-e1786010969906.jpghttps:\/\/r3media.ro\/wp-content\/uploads\/2026\/08\/dyson_airwrap_sau_ondulator_clasic_n_vacan_ce_pui_efectiv_n_bagaj-e1786010969906.jpg&#8221;]<\/p>\n<article id=\"template-id-109\" class=\"post-109 tdb_templates type-tdb_templates status-publish post\">\n<div id=\"tdi_2\" class=\"tdc-zone\">\n<div class=\"tdc_zone tdi_3  wpb_row td-pb-row\">\n<div id=\"tdi_4\" class=\"tdc-row\">\n<div class=\"vc_row tdi_5  wpb_row td-pb-row\">\n<div class=\"vc_column tdi_7  wpb_column vc_column_container tdc-column td-pb-span8\">\n<div class=\"wpb_wrapper\">\n<div class=\"td_block_wrap tdb_breadcrumbs tdi_8 td-pb-border-top td_block_template_1 tdb-breadcrumbs \" data-td-block-uid=\"tdi_8\">\n<div class=\"tdb-block-inner td-fix-index\"><span><a title=\"Vede\u021bi toate articolele \u00een \u0218TIRI\" class=\"tdb-entry-crumb\" href=\"https:\/\/r3media.ro\/category\/stiri\/\">\u0218TIRI<\/a><\/span><span class=\"tdb-bred-no-url-last\">Dyson Airwrap sau ondulator clasic \u00een vacan\u021b\u0103: ce pui efectiv \u00een bagaj<\/span><\/div>\n<\/div>\n<div class=\"td_block_wrap tdb_single_categories tdi_9 td-pb-border-top td_block_template_1 \" data-td-block-uid=\"tdi_9\">\n<div class=\"tdb-category td-fix-index\"><a class=\"tdb-entry-category\" href=\"https:\/\/r3media.ro\/category\/stiri\/\">\u0218TIRI<\/a><\/div>\n<\/div>\n<div class=\"td_block_wrap tdb_title tdi_10 tdb-single-title td-pb-border-top td_block_template_1\" data-td-block-uid=\"tdi_10\">\n<div class=\"tdb-block-inner td-fix-index\">\n<h1 class=\"tdb-title-text\">Dyson Airwrap sau ondulator clasic \u00een vacan\u021b\u0103: ce pui efectiv \u00een bagaj<\/h1>\n<\/div>\n<\/div>\n<div class=\"vc_row_inner tdi_12  vc_row vc_inner wpb_row td-pb-row\">\n<div class=\"vc_column_inner tdi_14  wpb_column vc_column_container tdc-inner-column td-pb-span12\">\n<div class=\"vc_column-inner\">\n<div class=\"wpb_wrapper\">\n<div class=\"td_block_wrap tdb_single_author tdi_15 td-pb-border-top td_block_template_1 tdb-post-meta\" data-td-block-uid=\"tdi_15\">\n<div class=\"tdb-block-inner td-fix-index\">\n<div class=\"tdb-author-name-wrap\"><a class=\"tdb-author-name\" href=\"https:\/\/r3media.ro\/author\/promo\/\">Promo<\/a><\/div>\n<\/div>\n<\/div>\n<div class=\"td_block_wrap tdb_single_date tdi_16 td-pb-border-top td_block_template_1 tdb-post-meta\" data-td-block-uid=\"tdi_16\">\n<div class=\"tdb-block-inner td-fix-index\"><time class=\"entry-date updated td-module-date\" datetime=\"2026-08-06T00:08:20+03:00\">06\/08\/2026<\/time><\/div>\n<\/div>\n<\/div>\n<\/div>\n<\/div>\n<\/div>\n<div class=\"td_block_wrap tdb_single_featured_image tdi_17 tdb-content-horiz-left td-pb-border-top td_block_template_1\" data-td-block-uid=\"tdi_17\">\n<div class=\"tdb-block-inner td-fix-index\">\n<figure><figcaption class=\"tdb-caption-text\">Sursa foto: Pexels.com<\/figcaption><\/figure>\n<\/div>\n<\/div>\n<div class=\"td_block_wrap tdb_single_content tdi_18 td-pb-border-top td_block_template_1 td-post-content tagdiv-type\" data-td-block-uid=\"tdi_18\">\n<div class=\"tdb-block-inner td-fix-index\">\n<p><em>Vara asta, \u00eentrebarea \u201ece stilizator iau \u00een vacan\u021b\u0103?\u201d a ajuns s\u0103 fie la fel de grea ca alegerea destina\u021biei. Dyson Airwrap st\u0103 pe raft \u0219i te prive\u0219te, ondulatorul la fel, iar tu ai un bagaj de cal\u0103 cu limite clare de greutate \u0219i un bagaj de m\u00e2n\u0103 \u00een care mai trebuie s\u0103 \u00eencap\u0103 \u0219i altceva. Articolele care compar\u0103 cele dou\u0103 tipuri de stilizatoare vorbesc despre temperaturi, despre efectul Coand\u0103, despre ata\u0219amente. Niciunul nu \u00ee\u021bi spune concret ce se \u00eent\u00e2mpl\u0103 c\u00e2nd e\u0219ti la un hotel cu o singur\u0103 priz\u0103, cu 10 minute la dispozi\u021bie \u0219i cu p\u0103rul ud dup\u0103 plaj\u0103.<\/em><\/p>\n<p>R\u0103spunsul nu e universal. Depinde de tipul t\u0103u de vacan\u021b\u0103, de tipul t\u0103u de p\u0103r \u0219i de ce \u00eenseamn\u0103 pentru tine \u201ecoafat\u201d \u00een concediu.<\/p>\n<h2>Ce \u00eenseamn\u0103, concret, s\u0103 iei Dyson Airwrap \u00een vacan\u021b\u0103<\/h2>\n<p>Dyson Airwrap nu e un ondulator. E un sistem de stilizare cu mai multe ata\u0219amente, care vine \u00eentr-o cutie sau geant\u0103 de dimensiuni considerabile. Varianta complet\u0103 include \u0219ase ata\u0219amente, un usc\u0103tor de p\u0103r integrat \u0219i un cablu de 2,7 metri. Greutatea aparatului \u00een sine este de aproximativ 1,3 kg, f\u0103r\u0103 cutie. Cu geanta de transport original\u0103, ajungi u\u0219or la 1,8-2 kg.<\/p>\n<p>Asta conteaz\u0103 enorm dac\u0103 zbori cu bagaj de m\u00e2n\u0103 de 10 kg sau dac\u0103 ai o valiz\u0103 de cal\u0103 cu limita de 20 kg \u0219i deja ai pus \u00een ea tot ce trebuie. Nu e un detaliu minor.<\/p>\n<p>Regulile avionului:\u00a0Dyson Airwrap poate fi transportat at\u00e2t \u00een bagajul de m\u00e2n\u0103, c\u00e2t \u0219i \u00een cel de cal\u0103. Nu con\u021bine baterie litiu, deci nu exist\u0103 restric\u021bii speciale din partea autorit\u0103\u021bilor de avia\u021bie. Totu\u0219i, mul\u021bi prefer\u0103 s\u0103-l pun\u0103 \u00een bagajul de m\u00e2n\u0103 tocmai pentru c\u0103 e scump \u0219i fragil dac\u0103 e aruncat \u00een cal\u0103 f\u0103r\u0103 protec\u021bie adecvat\u0103.<\/p>\n<p>\u00centrebarea dac\u0103 s\u0103-l pui \u00een bagajul de m\u00e2n\u0103 sau de cal\u0103 apare constant \u00een comunit\u0103\u021bile de utilizatori. Pe r\/Dysonairwrap, un thread dedicat acestui subiect a adunat zeci de r\u0103spunsuri, iar concluzia dominant\u0103 e c\u0103 majoritatea prefer\u0103 s\u0103-l ia \u00een cabin\u0103, \u00een geanta de transport original\u0103 sau \u00eentr-o hus\u0103 rigid\u0103 separat\u0103. Motivul: riscul de deteriorare \u00een cal\u0103, mai ales dac\u0103 ata\u0219amentele nu sunt bine fixate.<\/p>\n<p>\u201eAm primit Airwrap-ul de Cr\u0103ciun \u0219i vreau s\u0103 \u0219tiu unde v\u0103 lua\u021bi husele de transport. C\u0103l\u0103toresc des \u0219i vreau neap\u0103rat s\u0103-l iau cu mine.\u201d \u00a0r\/Dysonairwrap, decembrie 2023<\/p>\n<p>R\u0103spunsurile din acel thread arat\u0103 c\u0103 exist\u0103 o \u00eentreag\u0103 pia\u021b\u0103 de huse \u0219i gen\u021bi de transport pentru Airwrap, de la variante de 50-80 RON de pe platforme online, p\u00e2n\u0103 la geanta oficial\u0103 Dyson. Ceea ce \u00eenseamn\u0103 c\u0103 problema transportului e real\u0103 \u0219i recunoscut\u0103 de comunitate, nu o exagerare.<\/p>\n<h2>Ondulatorul \u00een vacan\u021b\u0103: avantajele pe care nu le men\u021bioneaz\u0103 nimeni<\/h2>\n<p>Un ondulator clasic de calitate bun\u0103 c\u00e2nt\u0103re\u0219te \u00eentre 300 \u0219i 500 de grame. Intr\u0103 \u00eentr-o trus\u0103 de cosmetice sau \u00eentr-un buzunar lateral al valizei. Nu are nevoie de hus\u0103 special\u0103, nu are ata\u0219amente care se pot pierde \u0219i, dac\u0103 se stric\u0103 sau se uit\u0103 la hotel, nu e o catastrof\u0103 financiar\u0103.<\/p>\n<p>Asta e realitatea pe care o ignor\u0103 compara\u021biile tehnice: \u00een vacan\u021b\u0103, simplitatea conteaz\u0103 mai mult dec\u00e2t performan\u021ba maxim\u0103. Dac\u0103 e\u0219ti la mare \u0219i p\u0103rul t\u0103u oricum se onduleaz\u0103 de la umiditate, un ondulator de 150 RON face exact ce trebuie. Dac\u0103 e\u0219ti la munte \u0219i ai o sear\u0103 de restaurant, acela\u0219i ondulator \u00ee\u021bi d\u0103 bucle decente \u00een 15 minute.<\/p>\n<p>Ondulatoarele clasice ating temperaturi mai ridicate, ceea ce \u00eenseamn\u0103 c\u0103 pot deteriora p\u0103rul mai u\u0219or dac\u0103 nu folose\u0219ti protec\u021bie termic\u0103. Dyson Airwrap r\u0103m\u00e2ne sub 150\u00b0C datorit\u0103 unui sistem de senzori care monitorizeaz\u0103 temperatura aerului, conform specifica\u021biilor tehnice publicate de produc\u0103tor. Diferen\u021ba e real\u0103 \u0219i relevant\u0103 mai ales dac\u0103 ai p\u0103rul fin sau deteriorat.<\/p>\n<h2>Scenariile \u00een care Airwrap c\u00e2\u0219tig\u0103 clar<\/h2>\n<p>Exist\u0103 situa\u021bii \u00een care un <a href=\"https:\/\/altex.ro\/ondulatoare-par\/cpl\/filtru\/brand-3334\/dyson\/\" target=\"_blank\" rel=\"noopener\">Dyson Airwrap<\/a>\u00a0de pe Altex.ro e alegerea logic\u0103 pentru vacan\u021b\u0103, nu doar cea aspira\u021bional\u0103. Primul scenariu: c\u0103l\u0103tore\u0219ti cu bagaj de cal\u0103 mare \u0219i nu ai restric\u021bii de greutate stricte. Al doilea: vacan\u021ba ta implic\u0103 mai multe evenimente unde vrei s\u0103 ar\u0103\u021bi \u00eengrijit, nu doar o zi de plaj\u0103 urmat\u0103 de cin\u0103 casual.<\/p>\n<p>Al treilea scenariu, \u0219i cel mai pu\u021bin discutat: dac\u0103 oricum iei cu tine un usc\u0103tor de p\u0103r, Airwrap \u00eel \u00eenlocuie\u0219te complet. Iei un singur aparat \u00een loc de dou\u0103. C\u00e2\u0219tigi spa\u021biu \u0219i greutate fa\u021b\u0103 de varianta \u201eusc\u0103tor + ondulator clasic\u201d.<\/p>\n<p>De exemplu: o c\u0103l\u0103torie de 10 zile \u00een Italia, cu program mixt (plaj\u0103 + vizite + cine), unde oricum ai bagaj de cal\u0103 de 23 kg. \u00cen acest caz, Airwrap \u00eenlocuie\u0219te usc\u0103torul de p\u0103r \u0219i ondulatorul, eliber\u00e2nd spa\u021biu fa\u021b\u0103 de varianta cu dou\u0103 aparate separate. C\u00e2\u0219tigul real e versatilitatea, nu greutatea.<\/p>\n<h2>Scenariile \u00een care ondulatorul e alegerea mai bun\u0103<\/h2>\n<p>Vacan\u021ba de o s\u0103pt\u0103m\u00e2n\u0103 la mare, cu bagaj de m\u00e2n\u0103 de 10 kg, e scenariul \u00een care ondulatorul c\u00e2\u0219tig\u0103 f\u0103r\u0103 discu\u021bie. La fel \u0219i city break-ul de 3 zile unde stilizezi p\u0103rul o singur\u0103 dat\u0103, pentru o cin\u0103. Sau orice vacan\u021b\u0103 unde \u0219tii c\u0103 vei petrece 80% din timp cu p\u0103rul prins sau natural.<\/p>\n<p>Exist\u0103 \u0219i un aspect practic pe care \u00eel ignor\u0103 aproape toat\u0103 lumea: la unele hoteluri, mai ales \u00een destina\u021bii exotice sau \u00een pensiuni, priza din baie e singura disponibil\u0103 \u0219i e amplasat\u0103 incomod. Un ondulator clasic cu cablu scurt e mai u\u0219or de manevrat \u00een spa\u021bii mici dec\u00e2t Airwrap-ul cu cablul lui de 2,7 m \u0219i ata\u0219amentele care trebuie schimbate.<\/p>\n<p>Decizia final\u0103 nu e despre care stilizator e mai bun \u00een general. E despre ce tip de vacan\u021b\u0103 ai \u0219i ce \u00eenseamn\u0103 pentru tine \u201ep\u0103rul aranjat\u201d \u00een concediu. Dac\u0103 r\u0103spunsul e \u201esuficient de decent pentru o cin\u0103\u201d, un ondulator compact de 150-200 RON face treaba f\u0103r\u0103 s\u0103 ocupe jum\u0103tate din bagaj. Dac\u0103 r\u0103spunsul e \u201ela fel ca acas\u0103, \u00een fiecare zi\u201d, atunci Airwrap merit\u0103 locul din valiz\u0103, cu condi\u021bia s\u0103-l tratezi inteligent: ata\u0219amente selectate, hus\u0103 compact\u0103, bagaj de cal\u0103 cu spa\u021biu suficient. Ceea ce nu merit\u0103, \u00een niciun scenariu, e s\u0103-l iei pe tot, cu cutia original\u0103, \u00een bagajul de m\u00e2n\u0103 de 10 kg, \u0219i s\u0103 te stresezi la check-in.<\/p>\n<p>Referin\u021be \u0219i experien\u021be din comunitate<\/p>\n<ul>\n<li>Reddit \u2013 r\/Dysonairwrap \u2013 Travel case?\u00a0\u2013 decembrie 2023 https:\/\/www.reddit.com\/r\/Dysonairwrap\/comments\/18r2d2n\/travel_case\/<\/li>\n<li>Dyson.com \u2013 The difference between a Dyson Airwrap\u2122 and a curling iron https:\/\/www.dyson.com\/discover\/insights\/hair\/styles\/dyson-airwrap-vs-curling-iron<\/li>\n<\/ul>\n<\/div>\n<\/div>\n<div class=\"td_block_wrap td_block_9 tdi_20 td_with_ajax_pagination td-pb-border-top td_block_template_1 td-column-2 td_block_padding td_block_bot_line\" data-td-block-uid=\"tdi_20\">\n<div class=\"td-block-title-wrap\">\n<h4 class=\"block-title td-block-title\"><span class=\"td-pulldown-size\">CITE\u0218TE MAI MULT<\/span><\/h4>\n<\/div>\n<div id=\"tdi_20\" class=\"td_block_inner\">\n<div class=\"td-block-row\">\n<div class=\"td-block-span6\">\n<div class=\"td_module_8 td_module_wrap\">\n<div class=\"item-details\">\n<h3 class=\"entry-title td-module-title\"><a href=\"https:\/\/r3media.ro\/cand-incepe-scoala-in-2026-structura-an-nou-scolar\/\" rel=\"bookmark\" title=\"C\u00e2nd \u00eencepe \u0219coala \u00een 2026: Structura noului an \u0219colar, vacan\u021bele \u0219i zilele libere\">C\u00e2nd \u00eencepe \u0219coala \u00een 2026: Structura noului an \u0219colar, vacan\u021bele \u0219i zilele libere<\/a><\/h3>\n<div class=\"td-module-meta-info\"><a href=\"https:\/\/r3media.ro\/category\/actualitate\/\" class=\"td-post-category\">ACTUALITATE<\/a><span class=\"td-post-author-name\"><a href=\"https:\/\/r3media.ro\/author\/oana\/\">Oana Ivan<\/a><span>&#8211;<\/span><\/span><span class=\"td-post-date\"><time class=\"entry-date updated td-module-date\" datetime=\"2026-08-03T22:23:20+03:00\">03\/08\/2026<\/time><\/span><\/div>\n<\/div>\n<\/div>\n<\/div>\n<div class=\"td-block-span6\">\n<div class=\"td_module_8 td_module_wrap\">\n<div class=\"item-details\">\n<h3 class=\"entry-title td-module-title\"><a href=\"https:\/\/r3media.ro\/tara-europa-norvegia-masini-electrice-inmatriculate-cota-ridicata\/\" rel=\"bookmark\" title=\"\u021aara din Europa unde aproape toate ma\u0219inile \u00eenmatriculate sune electrice. Cota a ajuns la 97,6% \u00een iulie\">\u021aara din Europa unde aproape toate ma\u0219inile \u00eenmatriculate sune electrice. Cota a ajuns la&#8230;<\/a><\/h3>\n<div class=\"td-module-meta-info\"><a href=\"https:\/\/r3media.ro\/category\/actualitate\/\" class=\"td-post-category\">ACTUALITATE<\/a><span class=\"td-post-author-name\"><a href=\"https:\/\/r3media.ro\/author\/oana\/\">Oana Ivan<\/a><span>&#8211;<\/span><\/span><span class=\"td-post-date\"><time class=\"entry-date updated td-module-date\" datetime=\"2026-08-03T17:01:21+03:00\">03\/08\/2026<\/time><\/span><\/div>\n<\/div>\n<\/div>\n<\/div>\n<\/div>\n<div class=\"td-block-row\">\n<div class=\"td-block-span6\">\n<div class=\"td_module_8 td_module_wrap\">\n<div class=\"item-details\">\n<h3 class=\"entry-title td-module-title\"><a href=\"https:\/\/r3media.ro\/puterea-mitologica-instalata-a-romaniei\/\" rel=\"bookmark\" title=\"Puterea mitologic\u0103 instalat\u0103 a Rom\u00e2niei\">Puterea mitologic\u0103 instalat\u0103 a Rom\u00e2niei<\/a><\/h3>\n<div class=\"td-module-meta-info\"><a href=\"https:\/\/r3media.ro\/category\/opinii\/\" class=\"td-post-category\">OPINII<\/a><span class=\"td-post-author-name\"><a href=\"https:\/\/r3media.ro\/author\/tru\/\">TRU (Traian Ungureanu)<\/a><span>&#8211;<\/span><\/span><span class=\"td-post-date\"><time class=\"entry-date updated td-module-date\" datetime=\"2026-08-02T22:08:04+03:00\">02\/08\/2026<\/time><\/span><\/div>\n<\/div>\n<\/div>\n<\/div>\n<div class=\"td-block-span6\">\n<div class=\"td_module_8 td_module_wrap\">\n<div class=\"item-details\">\n<h3 class=\"entry-title td-module-title\"><a href=\"https:\/\/r3media.ro\/hyundai-recheama-service-masini-electrice-inster-risc-incendiu\/\" rel=\"bookmark\" title=\"Hyundai recheam\u0103 \u00een service zeci de mii de ma\u0219ini electrice din cauza riscului de incendiu\">Hyundai recheam\u0103 \u00een service zeci de mii de ma\u0219ini electrice din cauza riscului de&#8230;<\/a><\/h3>\n<div class=\"td-module-meta-info\"><a href=\"https:\/\/r3media.ro\/category\/actualitate\/\" class=\"td-post-category\">ACTUALITATE<\/a><span class=\"td-post-author-name\"><a href=\"https:\/\/r3media.ro\/author\/oana\/\">Oana Ivan<\/a><span>&#8211;<\/span><\/span><span class=\"td-post-date\"><time class=\"entry-date updated td-module-date\" datetime=\"2026-08-02T08:34:05+03:00\">02\/08\/2026<\/time><\/span><\/div>\n<\/div>\n<\/div>\n<\/div>\n<\/div>\n<div class=\"td-block-row\">\n<div class=\"td-block-span6\">\n<div class=\"td_module_8 td_module_wrap\">\n<div class=\"item-details\">\n<h3 class=\"entry-title td-module-title\"><a href=\"https:\/\/r3media.ro\/dragostea-care-transcende-epoci-descult-in-parc-1967\/\" rel=\"bookmark\" title=\"Dragostea care transcende epoci \u2014 Descul\u021b \u00een parc (1967)\">Dragostea care transcende epoci \u2014 Descul\u021b \u00een parc (1967)<\/a><\/h3>\n<div class=\"td-module-meta-info\"><a href=\"https:\/\/r3media.ro\/category\/opinii\/\" class=\"td-post-category\">OPINII<\/a><span class=\"td-post-author-name\"><a href=\"https:\/\/r3media.ro\/author\/costi_balasoiu\/\">Constantin B\u0103l\u0103\u0219oiu<\/a><span>&#8211;<\/span><\/span><span class=\"td-post-date\"><time class=\"entry-date updated td-module-date\" datetime=\"2026-08-01T13:45:14+03:00\">01\/08\/2026<\/time><\/span><\/div>\n<\/div>\n<\/div>\n<\/div>\n<div class=\"td-block-span6\">\n<div class=\"td_module_8 td_module_wrap\">\n<div class=\"item-details\">\n<h3 class=\"entry-title td-module-title\"><a href=\"https:\/\/r3media.ro\/masina-electrica-foc-turcia-incarcat-vehicul-explozie-pompieri-stingere-incendiu-video\/\" rel=\"bookmark\" title=\"VIDEO | O ma\u0219in\u0103 electric\u0103 a luat foc \u00een timp ce se afla la \u00eenc\u0103rcat. Vehiculul a explodat chiar c\u00e2nd pompierii \u00eencercau s\u0103 sting\u0103 incendiul folosind o p\u0103tur\u0103 ignifug\u0103\">VIDEO | O ma\u0219in\u0103 electric\u0103 a luat foc \u00een timp ce se afla la&#8230;<\/a><\/h3>\n<div class=\"td-module-meta-info\"><a href=\"https:\/\/r3media.ro\/category\/actualitate\/\" class=\"td-post-category\">ACTUALITATE<\/a><span class=\"td-post-author-name\"><a href=\"https:\/\/r3media.ro\/author\/oana\/\">Oana Ivan<\/a><span>&#8211;<\/span><\/span><span class=\"td-post-date\"><time class=\"entry-date updated td-module-date\" datetime=\"2026-07-31T13:33:48+03:00\">31\/07\/2026<\/time><\/span><\/div>\n<\/div>\n<\/div>\n<\/div>\n<\/div>\n<div class=\"td-block-row\">\n<div class=\"td-block-span6\">\n<div class=\"td_module_8 td_module_wrap\">\n<div class=\"item-details\">\n<h3 class=\"entry-title td-module-title\"><a href=\"https:\/\/r3media.ro\/spania-asediu-migranti-exclava-ceuta-africa-madrid-trupe-securitate-video\/\" rel=\"bookmark\" title=\"VIDEO | Spania se afl\u0103 sub asediu: Mii de migran\u021bi au luat cu asalt exclava Ceuta din Africa. Madridul a trimis trupe pentru a consolida securitatea\">VIDEO | Spania se afl\u0103 sub asediu: Mii de migran\u021bi au luat cu asalt&#8230;<\/a><\/h3>\n<div class=\"td-module-meta-info\"><a href=\"https:\/\/r3media.ro\/category\/actualitate\/\" class=\"td-post-category\">ACTUALITATE<\/a><span class=\"td-post-author-name\"><a href=\"https:\/\/r3media.ro\/author\/oana\/\">Oana Ivan<\/a><span>&#8211;<\/span><\/span><span class=\"td-post-date\"><time class=\"entry-date updated td-module-date\" datetime=\"2026-07-31T12:39:57+03:00\">31\/07\/2026<\/time><\/span><\/div>\n<\/div>\n<\/div>\n<\/div>\n<div class=\"td-block-span6\">\n<div class=\"td_module_8 td_module_wrap\">\n<div class=\"item-details\">\n<h3 class=\"entry-title td-module-title\"><a href=\"https:\/\/r3media.ro\/expert-ucraina-faliment-agricultura-romaneasca-tehnologii-ue\/\" rel=\"bookmark\" title=\"Un expert explic\u0103 felul \u00een care concuren\u021ba din Ucraina bag\u0103 \u00een faliment agricultura rom\u00e2neasc\u0103: Folosesc tehnologii interzise \u00een UE\">Un expert explic\u0103 felul \u00een care concuren\u021ba din Ucraina bag\u0103 \u00een faliment agricultura rom\u00e2neasc\u0103:&#8230;<\/a><\/h3>\n<div class=\"td-module-meta-info\"><a href=\"https:\/\/r3media.ro\/category\/actualitate\/\" class=\"td-post-category\">ACTUALITATE<\/a><span class=\"td-post-author-name\"><a href=\"https:\/\/r3media.ro\/author\/radu_ursan\/\">Radu Ursan<\/a><span>&#8211;<\/span><\/span><span class=\"td-post-date\"><time class=\"entry-date updated td-module-date\" datetime=\"2026-07-30T09:51:48+03:00\">30\/07\/2026<\/time><\/span><\/div>\n<\/div>\n<\/div>\n<\/div>\n<\/div>\n<div class=\"td-block-row\">\n<div class=\"td-block-span6\">\n<div class=\"td_module_8 td_module_wrap\">\n<div class=\"item-details\">\n<h3 class=\"entry-title td-module-title\"><a href=\"https:\/\/r3media.ro\/cornel-nistorescu-drone-razboi-ucraina\/\" rel=\"bookmark\" title=\"Cornel Nistorescu, dup\u0103 incidentele cu drone: Adie a aer de r\u0103zboi. De mirare c\u0103 dronele ucrainene nu au st\u00e2rnit at\u00e2ta t\u0103r\u0103boi\">Cornel Nistorescu, dup\u0103 incidentele cu drone: Adie a aer de r\u0103zboi. De mirare c\u0103&#8230;<\/a><\/h3>\n<div class=\"td-module-meta-info\"><a href=\"https:\/\/r3media.ro\/category\/actualitate\/\" class=\"td-post-category\">ACTUALITATE<\/a><span class=\"td-post-author-name\"><a href=\"https:\/\/r3media.ro\/author\/radu_ursan\/\">Radu Ursan<\/a><span>&#8211;<\/span><\/span><span class=\"td-post-date\"><time class=\"entry-date updated td-module-date\" datetime=\"2026-07-28T10:21:51+03:00\">28\/07\/2026<\/time><\/span><\/div>\n<\/div>\n<\/div>\n<\/div>\n<div class=\"td-block-span6\">\n<div class=\"td_module_8 td_module_wrap\">\n<div class=\"item-details\">\n<h3 class=\"entry-title td-module-title\"><a href=\"https:\/\/r3media.ro\/bnr-recomanda-romani-rezerve-de-cash-atacuri-cibernetice-numerar-relevant-criza\/\" rel=\"bookmark\" title=\"BNR le recomand\u0103 rom\u00e2nilor s\u0103 p\u0103streze rezerve de cash: Numerarul se poate dovedi relevant \u00een criz\u0103\">BNR le recomand\u0103 rom\u00e2nilor s\u0103 p\u0103streze rezerve de cash: Numerarul se poate dovedi relevant&#8230;<\/a><\/h3>\n<div class=\"td-module-meta-info\"><a href=\"https:\/\/r3media.ro\/category\/actualitate\/\" class=\"td-post-category\">ACTUALITATE<\/a><span class=\"td-post-author-name\"><a href=\"https:\/\/r3media.ro\/author\/oana\/\">Oana Ivan<\/a><span>&#8211;<\/span><\/span><span class=\"td-post-date\"><time class=\"entry-date updated td-module-date\" datetime=\"2026-07-27T13:11:47+03:00\">27\/07\/2026<\/time><\/span><\/div>\n<\/div>\n<\/div>\n<\/div>\n<\/div>\n<div class=\"td-block-row\">\n<div class=\"td-block-span6\">\n<div class=\"td_module_8 td_module_wrap\">\n<div class=\"item-details\">\n<h3 class=\"entry-title td-module-title\"><a href=\"https:\/\/r3media.ro\/statul-roman-a-semnat-actul-propriei-disparitii\/\" rel=\"bookmark\" title=\"Statul rom\u00e2n a semnat actul propriei dispari\u021bii?\">Statul rom\u00e2n a semnat actul propriei dispari\u021bii?<\/a><\/h3>\n<div class=\"td-module-meta-info\"><a href=\"https:\/\/r3media.ro\/category\/opinii\/\" class=\"td-post-category\">OPINII<\/a><span class=\"td-post-author-name\"><a href=\"https:\/\/r3media.ro\/author\/gabipopa\/\">Gabriel Popa<\/a><span>&#8211;<\/span><\/span><span class=\"td-post-date\"><time class=\"entry-date updated td-module-date\" datetime=\"2026-07-27T15:07:05+03:00\">27\/07\/2026<\/time><\/span><\/div>\n<\/div>\n<\/div>\n<\/div>\n<div class=\"td-block-span6\">\n<div class=\"td_module_8 td_module_wrap\">\n<div class=\"item-details\">\n<h3 class=\"entry-title td-module-title\"><a href=\"https:\/\/r3media.ro\/prima-oara-istorie-presedintia-document-primplan-patriotism-european\/\" rel=\"bookmark\" title=\"Pentru prima oar\u0103 \u00een istorie, Pre\u0219edin\u021bia Rom\u00e2niei emite un document care pune pe primul plan o alt\u0103 entitate dec\u00e2t \u021bara noastr\u0103: patriotismul european\">Pentru prima oar\u0103 \u00een istorie, Pre\u0219edin\u021bia Rom\u00e2niei emite un document care pune pe primul&#8230;<\/a><\/h3>\n<div class=\"td-module-meta-info\"><a href=\"https:\/\/r3media.ro\/category\/actualitate\/\" class=\"td-post-category\">ACTUALITATE<\/a><span class=\"td-post-author-name\"><a href=\"https:\/\/r3media.ro\/author\/teodor_stan\/\">Teodor Stan<\/a><span>&#8211;<\/span><\/span><span class=\"td-post-date\"><time class=\"entry-date updated td-module-date\" datetime=\"2026-07-26T11:44:31+03:00\">26\/07\/2026<\/time><\/span><\/div>\n<\/div>\n<\/div>\n<\/div>\n<\/div>\n<\/div>\n<div class=\"td-load-more-wrap td-load-more-infinite-wrap\" id=\"infinite-lm-tdi_20\"><a href=\"https:\/\/r3media.ro\/dyson-airwrap-sau-ondulator-clasic-in-vacanta-ce-pui-efectiv-in-bagaj\/\" class=\"td_ajax_load_more td_ajax_load_more_js\" aria-label=\"\u00cenc\u0103rca\u021bi mai multe\" id=\"next-page-tdi_20\" data-td_block_id=\"tdi_20\">\u00cenc\u0103rca\u021bi mai multe<\/a><\/div>\n<\/div>\n<div class=\"td_block_wrap tdb_single_comments tdi_21 tdb-comm-layout2 td-pb-border-top td_block_template_1\" data-td-block-uid=\"tdi_21\">\n<div class=\"tdb-block-inner td-fix-index\">\n<div class=\"comments\" id=\"comments\">\n<div id=\"respond\" class=\"comment-respond\">\n<h3 id=\"reply-title\" class=\"comment-reply-title\">AI CEVA DE SPUS? <small><a rel=\"nofollow\" id=\"cancel-comment-reply-link\" href=\"https:\/\/r3media.ro\/dyson-airwrap-sau-ondulator-clasic-in-vacanta-ce-pui-efectiv-in-bagaj\/#respond\">Renun\u021ba\u021bi la r\u0103spuns<\/a><\/small><\/h3>\n<div class=\"comment-form-input-wrap td-form-comment\">\n<div class=\"td-warning-comment\">V\u0103 rug\u0103m s\u0103 introduce\u021bi comentariul dvs.!<\/div>\n<\/div>\n<div class=\"comment-form-input-wrap td-form-author\">\n<div class=\"td-warning-author\">Introduce\u021bi aici numele dvs.<\/div>\n<\/div>\n<div class=\"comment-form-input-wrap td-form-email\">\n<div class=\"td-warning-email-error\">A\u021bi introdus o adres\u0103 de e-mail incorect\u0103!<\/div>\n<div class=\"td-warning-email\">V\u0103 rug\u0103m s\u0103 introduce\u021bi adresa dvs. de e-mail aici<\/div>\n<\/div>\n<\/div>\n<\/div>\n<\/div>\n<\/div>\n<\/div>\n<\/div>\n<div class=\"vc_column tdi_23  wpb_column vc_column_container tdc-column td-pb-span4 td-is-sticky\">\n<div class=\"wpb_wrapper\" data-sticky-enabled-on=\"W3RydWUsdHJ1ZSx0cnVlLHRydWVd\" data-sticky-offset=\"20\" data-sticky-is-width-auto=\"W2ZhbHNlLGZhbHNlLGZhbHNlLGZhbHNlXQ==\">\n<div class=\"wpb_wrapper td_block_wrap vc_widget_sidebar tdi_25 \">\n<div class=\"td_block_wrap td_block_7 td_block_widget tdi_26 td-pb-border-top td_block_template_1 td-column-1 td_block_padding\" data-td-block-uid=\"tdi_26\">\n<div class=\"td-block-title-wrap\">\n<h4 class=\"block-title td-block-title\"><span class=\"td-pulldown-size\">Articole RELA\u021aIONATE<\/span><\/h4>\n<\/div>\n<div id=\"tdi_26\" class=\"td_block_inner\">\n<div class=\"td-block-span12\">\n<div class=\"td_module_6 td_module_wrap td-animation-stack\">\n<div class=\"td-module-thumb\"><a href=\"https:\/\/r3media.ro\/romanii-bolojan-mindruta-consum-energie-electrica-romania\/\" rel=\"bookmark\" class=\"td-image-wrap \" title=\"Rom\u00e2nii nu au ascultat apelul lui Bolojan \u0219i al lui M\u00eendru\u021b\u0103: Miercuri sear\u0103 s-a \u00eenregistrat unul dintre cele mai ridicate niveluri ale consumului de energie electric\u0103 din aceast\u0103 var\u0103\"><img loading=\"lazy\" decoding=\"async\" class=\"entry-thumb\" src=\"https:\/\/r3media.ro\/wp-content\/uploads\/2026\/08\/pexels-lamps-2178743-100x70.jpg\" alt title=\"Rom\u00e2nii nu au ascultat apelul lui Bolojan \u0219i al lui M\u00eendru\u021b\u0103: Miercuri sear\u0103 s-a \u00eenregistrat unul dintre cele mai ridicate niveluri ale consumului de energie electric\u0103 din aceast\u0103 var\u0103\" width=\"100\" height=\"70\"><\/a><\/div>\n<div class=\"item-details\">\n<h3 class=\"entry-title td-module-title\"><a href=\"https:\/\/r3media.ro\/romanii-bolojan-mindruta-consum-energie-electrica-romania\/\" rel=\"bookmark\" title=\"Rom\u00e2nii nu au ascultat apelul lui Bolojan \u0219i al lui M\u00eendru\u021b\u0103: Miercuri sear\u0103 s-a \u00eenregistrat unul dintre cele mai ridicate niveluri ale consumului de energie electric\u0103 din aceast\u0103 var\u0103\">Rom\u00e2nii nu au ascultat apelul lui Bolojan \u0219i al lui M\u00eendru\u021b\u0103:&#8230;<\/a><\/h3>\n<div class=\"td-module-meta-info\"><span class=\"td-post-date\"><time class=\"entry-date updated td-module-date\" datetime=\"2026-08-06T12:57:34+03:00\">06\/08\/2026<\/time><\/span><\/div>\n<\/div>\n<\/div>\n<\/div>\n<div class=\"td-block-span12\">\n<div class=\"td_module_6 td_module_wrap td-animation-stack\">\n<div class=\"td-module-thumb\"><a href=\"https:\/\/r3media.ro\/reincarcare-cartela-digi-cele-mai-rapide-metode-disponibile-online\/\" rel=\"bookmark\" class=\"td-image-wrap \" title=\"Re\u00eenc\u0103rcare cartel\u0103 Digi: cele mai rapide metode disponibile online\"><img loading=\"lazy\" decoding=\"async\" class=\"entry-thumb\" src=\"https:\/\/r3media.ro\/wp-content\/uploads\/2026\/08\/rencrcare_cartel_digi_cele_mai_rapide_metode_disponibile_online-100x70.jpg\" alt title=\"Re\u00eenc\u0103rcare cartel\u0103 Digi: cele mai rapide metode disponibile online\" width=\"100\" height=\"70\"><\/a><\/div>\n<div class=\"item-details\">\n<h3 class=\"entry-title td-module-title\"><a href=\"https:\/\/r3media.ro\/reincarcare-cartela-digi-cele-mai-rapide-metode-disponibile-online\/\" rel=\"bookmark\" title=\"Re\u00eenc\u0103rcare cartel\u0103 Digi: cele mai rapide metode disponibile online\">Re\u00eenc\u0103rcare cartel\u0103 Digi: cele mai rapide metode disponibile online<\/a><\/h3>\n<div class=\"td-module-meta-info\"><span class=\"td-post-date\"><time class=\"entry-date updated td-module-date\" datetime=\"2026-08-06T00:04:49+03:00\">06\/08\/2026<\/time><\/span><\/div>\n<\/div>\n<\/div>\n<\/div>\n<div class=\"td-block-span12\">\n<div class=\"td_module_6 td_module_wrap td-animation-stack\">\n<div class=\"td-module-thumb\"><a href=\"https:\/\/r3media.ro\/mariuca-zaharia-fetita-12-ani-marasesti\/\" rel=\"bookmark\" class=\"td-image-wrap \" title=\"Calendarul zilei 6 august: M\u0103riuca Zaharia, feti\u021ba de 12 ani c\u0103zut\u0103 la M\u0103r\u0103\u0219e\u0219ti, care nu mai are loc \u00een manualele de istorie\"><img loading=\"lazy\" decoding=\"async\" class=\"entry-thumb\" src=\"https:\/\/r3media.ro\/wp-content\/uploads\/2021\/08\/mariuca-zaharia-100x70.jpeg\" alt title=\"Calendarul zilei 6 august: M\u0103riuca Zaharia, feti\u021ba de 12 ani c\u0103zut\u0103 la M\u0103r\u0103\u0219e\u0219ti, care nu mai are loc \u00een manualele de istorie\" width=\"100\" height=\"70\"><\/a><\/div>\n<div class=\"item-details\">\n<h3 class=\"entry-title td-module-title\"><a href=\"https:\/\/r3media.ro\/mariuca-zaharia-fetita-12-ani-marasesti\/\" rel=\"bookmark\" title=\"Calendarul zilei 6 august: M\u0103riuca Zaharia, feti\u021ba de 12 ani c\u0103zut\u0103 la M\u0103r\u0103\u0219e\u0219ti, care nu mai are loc \u00een manualele de istorie\">Calendarul zilei 6 august: M\u0103riuca Zaharia, feti\u021ba de 12 ani c\u0103zut\u0103&#8230;<\/a><\/h3>\n<div class=\"td-module-meta-info\"><span class=\"td-post-date\"><time class=\"entry-date updated td-module-date\" datetime=\"2026-08-05T22:42:18+03:00\">05\/08\/2026<\/time><\/span><\/div>\n<\/div>\n<\/div>\n<\/div>\n<div class=\"td-block-span12\">\n<div class=\"td_module_6 td_module_wrap td-animation-stack\">\n<div class=\"td-module-thumb\"><a href=\"https:\/\/r3media.ro\/calendarul-zilei-6-august-schimbarea-la-fata-a-domnului\/\" rel=\"bookmark\" class=\"td-image-wrap \" title=\"Calendarul zilei 6 august: Schimbarea la fa\u021b\u0103 a Domnului\"><img loading=\"lazy\" decoding=\"async\" class=\"entry-thumb\" src=\"https:\/\/r3media.ro\/wp-content\/uploads\/2022\/08\/schimbarea-la-fata-a-domnului-100x70.jpg\" alt title=\"Calendarul zilei 6 august: Schimbarea la fa\u021b\u0103 a Domnului\" width=\"100\" height=\"70\"><\/a><\/div>\n<div class=\"item-details\">\n<h3 class=\"entry-title td-module-title\"><a href=\"https:\/\/r3media.ro\/calendarul-zilei-6-august-schimbarea-la-fata-a-domnului\/\" rel=\"bookmark\" title=\"Calendarul zilei 6 august: Schimbarea la fa\u021b\u0103 a Domnului\">Calendarul zilei 6 august: Schimbarea la fa\u021b\u0103 a Domnului<\/a><\/h3>\n<div class=\"td-module-meta-info\"><span class=\"td-post-date\"><time class=\"entry-date updated td-module-date\" datetime=\"2026-08-05T22:00:40+03:00\">05\/08\/2026<\/time><\/span><\/div>\n<\/div>\n<\/div>\n<\/div>\n<div class=\"td-block-span12\">\n<div class=\"td_module_6 td_module_wrap td-animation-stack\">\n<div class=\"td-module-thumb\"><a href=\"https:\/\/r3media.ro\/drona-gasita-mare-mamaia-zona-loft-video\/\" rel=\"bookmark\" class=\"td-image-wrap \" title=\"VIDEO | O dron\u0103 a fost g\u0103sit\u0103 \u00een mare, \u00een Mamaia, \u00een zona Loft\"><img loading=\"lazy\" decoding=\"async\" class=\"entry-thumb\" src=\"https:\/\/r3media.ro\/wp-content\/uploads\/2026\/07\/plaja-goala-100x70.png\" alt title=\"VIDEO | O dron\u0103 a fost g\u0103sit\u0103 \u00een mare, \u00een Mamaia, \u00een zona Loft\" width=\"100\" height=\"70\"><\/a><\/div>\n<div class=\"item-details\">\n<h3 class=\"entry-title td-module-title\"><a href=\"https:\/\/r3media.ro\/drona-gasita-mare-mamaia-zona-loft-video\/\" rel=\"bookmark\" title=\"VIDEO | O dron\u0103 a fost g\u0103sit\u0103 \u00een mare, \u00een Mamaia, \u00een zona Loft\">VIDEO | O dron\u0103 a fost g\u0103sit\u0103 \u00een mare, \u00een Mamaia,&#8230;<\/a><\/h3>\n<div class=\"td-module-meta-info\"><span class=\"td-post-date\"><time class=\"entry-date updated td-module-date\" datetime=\"2026-08-05T21:48:11+03:00\">05\/08\/2026<\/time><\/span><\/div>\n<\/div>\n<\/div>\n<\/div>\n<div class=\"td-block-span12\">\n<div class=\"td_module_6 td_module_wrap td-animation-stack\">\n<div class=\"td-module-thumb\"><a href=\"https:\/\/r3media.ro\/catalin-avramescu-pornografie-infantila\/\" rel=\"bookmark\" class=\"td-image-wrap \" title=\"C\u0103t\u0103lin Avramescu, fost consilier preziden\u021bial, suspect \u00eentr-un dosar de pornografie infantil\u0103\"><img loading=\"lazy\" decoding=\"async\" class=\"entry-thumb\" src=\"https:\/\/r3media.ro\/wp-content\/uploads\/2026\/08\/Catalin-Avramescu-1200x616-1-100x70.jpg\" alt title=\"C\u0103t\u0103lin Avramescu, fost consilier preziden\u021bial, suspect \u00eentr-un dosar de pornografie infantil\u0103\" width=\"100\" height=\"70\"><\/a><\/div>\n<div class=\"item-details\">\n<h3 class=\"entry-title td-module-title\"><a href=\"https:\/\/r3media.ro\/catalin-avramescu-pornografie-infantila\/\" rel=\"bookmark\" title=\"C\u0103t\u0103lin Avramescu, fost consilier preziden\u021bial, suspect \u00eentr-un dosar de pornografie infantil\u0103\">C\u0103t\u0103lin Avramescu, fost consilier preziden\u021bial, suspect \u00eentr-un dosar de pornografie infantil\u0103<\/a><\/h3>\n<div class=\"td-module-meta-info\"><span class=\"td-post-date\"><time class=\"entry-date updated td-module-date\" datetime=\"2026-08-05T13:47:30+03:00\">05\/08\/2026<\/time><\/span><\/div>\n<\/div>\n<\/div>\n<\/div>\n<div class=\"td-block-span12\">\n<div class=\"td_module_6 td_module_wrap td-animation-stack\">\n<div class=\"td-module-thumb\"><a href=\"https:\/\/r3media.ro\/invatamant-portugalia-haos-erori-digitalizarea-procesului-evaluare-elevi\/\" rel=\"bookmark\" class=\"td-image-wrap \" title=\"\u00cenv\u0103\u021b\u0103m\u00e2ntul din Portugalia, \u00een haos din cauza erorilor cauzate de digitalizarea procesului de evaluare a elevilor\"><img loading=\"lazy\" decoding=\"async\" class=\"entry-thumb\" src=\"https:\/\/r3media.ro\/wp-content\/uploads\/2026\/02\/digitalizare-scoala-100x70.jpg\" alt title=\"\u00cenv\u0103\u021b\u0103m\u00e2ntul din Portugalia, \u00een haos din cauza erorilor cauzate de digitalizarea procesului de evaluare a elevilor\" width=\"100\" height=\"70\"><\/a><\/div>\n<div class=\"item-details\">\n<h3 class=\"entry-title td-module-title\"><a href=\"https:\/\/r3media.ro\/invatamant-portugalia-haos-erori-digitalizarea-procesului-evaluare-elevi\/\" rel=\"bookmark\" title=\"\u00cenv\u0103\u021b\u0103m\u00e2ntul din Portugalia, \u00een haos din cauza erorilor cauzate de digitalizarea procesului de evaluare a elevilor\">\u00cenv\u0103\u021b\u0103m\u00e2ntul din Portugalia, \u00een haos din cauza erorilor cauzate de digitalizarea&#8230;<\/a><\/h3>\n<div class=\"td-module-meta-info\"><span class=\"td-post-date\"><time class=\"entry-date updated td-module-date\" datetime=\"2026-08-05T12:18:39+03:00\">05\/08\/2026<\/time><\/span><\/div>\n<\/div>\n<\/div>\n<\/div>\n<\/div>\n<\/div>\n<aside class=\"td_block_template_1 widget widget_recent_comments\">\n<h4 class=\"block-title\"><span>INTR\u0102 \u00ceN DISCU\u021aIE!<\/span><\/h4>\n<ul id=\"recentcomments\">\n<li class=\"recentcomments\"><span class=\"comment-author-link\">Nicu<\/span> la <a href=\"https:\/\/r3media.ro\/ucraina-scuze-grecia-drona-marina-insula-lefkada-expolozie-portul-constanta\/#comment-40351\">Ucraina i-a cerut scuze Greciei pentru c\u0103 o dron\u0103 marin\u0103 a ajuns l\u00e2ng\u0103 Insula Lefkada. Nicio vorb\u0103 despre drona care putea s\u0103 arunce \u00een aer Portul Constan\u021ba<\/a><\/li>\n<li class=\"recentcomments\"><span class=\"comment-author-link\">Nicu<\/span> la <a href=\"https:\/\/r3media.ro\/bulgaria-nivelul-scazut-al-apelor-dunarii-nu-afecteaza-centrala-nucleara-de-la-kozlodui\/#comment-40350\">Bulgaria: Nivelul sc\u0103zut al apelor Dun\u0103rii NU afecteaz\u0103 centrala nuclear\u0103 de la Kozlodui<\/a><\/li>\n<li class=\"recentcomments\"><span class=\"comment-author-link\">Cristian<\/span> la <a href=\"https:\/\/r3media.ro\/4-august-1919-armata-romana-budapesta\/#comment-40349\">Calendarul zilei: 4 august 1919, cucerirea Budapestei de c\u0103tre Armata Rom\u00e2n\u0103<\/a><\/li>\n<li class=\"recentcomments\"><span class=\"comment-author-link\">Nicu<\/span> la <a href=\"https:\/\/r3media.ro\/ministr-securitate-energetica-marea-britanie-subventii-net-zero-umfla-facturi-cetateni-energie\/#comment-40348\">Ministrul Securit\u0103\u021bii Energetice din Marea Britanie neag\u0103 faptul c\u0103 subven\u021biile Net Zero umfl\u0103 facturile cet\u0103\u021benilor la energie<\/a><\/li>\n<li class=\"recentcomments\"><span class=\"comment-author-link\">Nicu<\/span> la <a href=\"https:\/\/r3media.ro\/sursa-crizei-energetice-radu-miruta-romania-capacitati-carbune-seceta\/#comment-40347\">Sursa crizei energetice. Ministrul Radu Miru\u021b\u0103: Rom\u00e2nia a \u00eenchis capacit\u0103\u021bi de produc\u021bie pe carbune f\u0103r\u0103 s\u0103 pun\u0103 nimic \u00een loc. Nu te po\u021bi ascunde \u00een spatele secetei<\/a><\/li>\n<li class=\"recentcomments\"><span class=\"comment-author-link\">Gavril\u0103 Moldovan<\/span> la <a href=\"https:\/\/r3media.ro\/prima-oara-istorie-presedintia-document-primplan-patriotism-european\/#comment-40346\">Pentru prima oar\u0103 \u00een istorie, Pre\u0219edin\u021bia Rom\u00e2niei emite un document care pune pe primul plan o alt\u0103 entitate dec\u00e2t \u021bara noastr\u0103: patriotismul european<\/a><\/li>\n<li class=\"recentcomments\"><span class=\"comment-author-link\">Redac\u021bia<\/span> la <a href=\"https:\/\/r3media.ro\/statul-roman-a-semnat-actul-propriei-disparitii\/#comment-40345\">Statul rom\u00e2n a semnat actul propriei dispari\u021bii?<\/a><\/li>\n<\/ul>\n<\/aside>\n<aside class=\"td_block_template_1 widget widget_search\">\n<h4 class=\"block-title\"><span>CAUT\u0102 \u0218I VEI G\u0102SI<\/span><\/h4>\n<\/aside>\n<\/div>\n<\/div>\n<\/div>\n<\/div>\n<\/div>\n<\/div>\n<\/div>\n<p><span class=\"td-page-meta\"><\/span><span class=\"td-page-meta\"><span class=\"td-page-meta\"><\/span><\/span><span class=\"td-page-meta\"><\/span><\/article>\n<\/p>\n<div class=\"td_block_wrap tdb_single_content tdi_18 td-pb-border-top td_block_template_1 td-post-content tagdiv-type\" data-td-block-uid=\"tdi_18\">\n<div class=\"tdb-block-inner td-fix-index\">\n<p><em>Vara asta, \u00eentrebarea \u201ece stilizator iau \u00een vacan\u021b\u0103?\u201d a ajuns s\u0103 fie la fel de grea ca alegerea destina\u021biei. Dyson Airwrap st\u0103 pe raft \u0219i te prive\u0219te, ondulatorul la fel, iar tu ai un bagaj de cal\u0103 cu limite clare de greutate \u0219i un bagaj de m\u00e2n\u0103 \u00een care mai trebuie s\u0103 \u00eencap\u0103 \u0219i altceva. Articolele care compar\u0103 cele dou\u0103 tipuri de stilizatoare vorbesc despre temperaturi, despre efectul Coand\u0103, despre ata\u0219amente. Niciunul nu \u00ee\u021bi spune concret ce se \u00eent\u00e2mpl\u0103 c\u00e2nd e\u0219ti la un hotel cu o singur\u0103 priz\u0103, cu 10 minute la dispozi\u021bie \u0219i cu p\u0103rul ud dup\u0103 plaj\u0103.<\/em><\/p>\n<p>R\u0103spunsul nu e universal. Depinde de tipul t\u0103u de vacan\u021b\u0103, de tipul t\u0103u de p\u0103r \u0219i de ce \u00eenseamn\u0103 pentru tine \u201ecoafat\u201d \u00een concediu.<\/p>\n<h2>Ce \u00eenseamn\u0103, concret, s\u0103 iei Dyson Airwrap \u00een vacan\u021b\u0103<\/h2>\n<p>Dyson Airwrap nu e un ondulator. E un sistem de stilizare cu mai multe ata\u0219amente, care vine \u00eentr-o cutie sau geant\u0103 de dimensiuni considerabile. Varianta complet\u0103 include \u0219ase ata\u0219amente, un usc\u0103tor de p\u0103r integrat \u0219i un cablu de 2,7 metri. Greutatea aparatului \u00een sine este de aproximativ 1,3 kg, f\u0103r\u0103 cutie. Cu geanta de transport original\u0103, ajungi u\u0219or la 1,8-2 kg.<\/p>\n<p>Asta conteaz\u0103 enorm dac\u0103 zbori cu bagaj de m\u00e2n\u0103 de 10 kg sau dac\u0103 ai o valiz\u0103 de cal\u0103 cu limita de 20 kg \u0219i deja ai pus \u00een ea tot ce trebuie. Nu e un detaliu minor.<\/p>\n<p>Regulile avionului:\u00a0Dyson Airwrap poate fi transportat at\u00e2t \u00een bagajul de m\u00e2n\u0103, c\u00e2t \u0219i \u00een cel de cal\u0103. Nu con\u021bine baterie litiu, deci nu exist\u0103 restric\u021bii speciale din partea autorit\u0103\u021bilor de avia\u021bie. Totu\u0219i, mul\u021bi prefer\u0103 s\u0103-l pun\u0103 \u00een bagajul de m\u00e2n\u0103 tocmai pentru c\u0103 e scump \u0219i fragil dac\u0103 e aruncat \u00een cal\u0103 f\u0103r\u0103 protec\u021bie adecvat\u0103.<\/p>\n<p>\u00centrebarea dac\u0103 s\u0103-l pui \u00een bagajul de m\u00e2n\u0103 sau de cal\u0103 apare constant \u00een comunit\u0103\u021bile de utilizatori. Pe r\/Dysonairwrap, un thread dedicat acestui subiect a adunat zeci de r\u0103spunsuri, iar concluzia dominant\u0103 e c\u0103 majoritatea prefer\u0103 s\u0103-l ia \u00een cabin\u0103, \u00een geanta de transport original\u0103 sau \u00eentr-o hus\u0103 rigid\u0103 separat\u0103. Motivul: riscul de deteriorare \u00een cal\u0103, mai ales dac\u0103 ata\u0219amentele nu sunt bine fixate.<\/p>\n<p>\u201eAm primit Airwrap-ul de Cr\u0103ciun \u0219i vreau s\u0103 \u0219tiu unde v\u0103 lua\u021bi husele de transport. C\u0103l\u0103toresc des \u0219i vreau neap\u0103rat s\u0103-l iau cu mine.\u201d \u00a0r\/Dysonairwrap, decembrie 2023<\/p>\n<p>R\u0103spunsurile din acel thread arat\u0103 c\u0103 exist\u0103 o \u00eentreag\u0103 pia\u021b\u0103 de huse \u0219i gen\u021bi de transport pentru Airwrap, de la variante de 50-80 RON de pe platforme online, p\u00e2n\u0103 la geanta oficial\u0103 Dyson. Ceea ce \u00eenseamn\u0103 c\u0103 problema transportului e real\u0103 \u0219i recunoscut\u0103 de comunitate, nu o exagerare.<\/p>\n<h2>Ondulatorul \u00een vacan\u021b\u0103: avantajele pe care nu le men\u021bioneaz\u0103 nimeni<\/h2>\n<p>Un ondulator clasic de calitate bun\u0103 c\u00e2nt\u0103re\u0219te \u00eentre 300 \u0219i 500 de grame. Intr\u0103 \u00eentr-o trus\u0103 de cosmetice sau \u00eentr-un buzunar lateral al valizei. Nu are nevoie de hus\u0103 special\u0103, nu are ata\u0219amente care se pot pierde \u0219i, dac\u0103 se stric\u0103 sau se uit\u0103 la hotel, nu e o catastrof\u0103 financiar\u0103.<\/p>\n<p>Asta e realitatea pe care o ignor\u0103 compara\u021biile tehnice: \u00een vacan\u021b\u0103, simplitatea conteaz\u0103 mai mult dec\u00e2t performan\u021ba maxim\u0103. Dac\u0103 e\u0219ti la mare \u0219i p\u0103rul t\u0103u oricum se onduleaz\u0103 de la umiditate, un ondulator de 150 RON face exact ce trebuie. Dac\u0103 e\u0219ti la munte \u0219i ai o sear\u0103 de restaurant, acela\u0219i ondulator \u00ee\u021bi d\u0103 bucle decente \u00een 15 minute.<\/p>\n<p>Ondulatoarele clasice ating temperaturi mai ridicate, ceea ce \u00eenseamn\u0103 c\u0103 pot deteriora p\u0103rul mai u\u0219or dac\u0103 nu folose\u0219ti protec\u021bie termic\u0103. Dyson Airwrap r\u0103m\u00e2ne sub 150\u00b0C datorit\u0103 unui sistem de senzori care monitorizeaz\u0103 temperatura aerului, conform specifica\u021biilor tehnice publicate de produc\u0103tor. Diferen\u021ba e real\u0103 \u0219i relevant\u0103 mai ales dac\u0103 ai p\u0103rul fin sau deteriorat.<\/p>\n<h2>Scenariile \u00een care Airwrap c\u00e2\u0219tig\u0103 clar<\/h2>\n<p>Exist\u0103 situa\u021bii \u00een care un <a href=\"https:\/\/altex.ro\/ondulatoare-par\/cpl\/filtru\/brand-3334\/dyson\/\" target=\"_blank\" rel=\"noopener\">Dyson Airwrap<\/a>\u00a0de pe Altex.ro e alegerea logic\u0103 pentru vacan\u021b\u0103, nu doar cea aspira\u021bional\u0103. Primul scenariu: c\u0103l\u0103tore\u0219ti cu bagaj de cal\u0103 mare \u0219i nu ai restric\u021bii de greutate stricte. Al doilea: vacan\u021ba ta implic\u0103 mai multe evenimente unde vrei s\u0103 ar\u0103\u021bi \u00eengrijit, nu doar o zi de plaj\u0103 urmat\u0103 de cin\u0103 casual.<\/p>\n<p>Al treilea scenariu, \u0219i cel mai pu\u021bin discutat: dac\u0103 oricum iei cu tine un usc\u0103tor de p\u0103r, Airwrap \u00eel \u00eenlocuie\u0219te complet. Iei un singur aparat \u00een loc de dou\u0103. C\u00e2\u0219tigi spa\u021biu \u0219i greutate fa\u021b\u0103 de varianta \u201eusc\u0103tor + ondulator clasic\u201d.<\/p>\n<p>De exemplu: o c\u0103l\u0103torie de 10 zile \u00een Italia, cu program mixt (plaj\u0103 + vizite + cine), unde oricum ai bagaj de cal\u0103 de 23 kg. \u00cen acest caz, Airwrap \u00eenlocuie\u0219te usc\u0103torul de p\u0103r \u0219i ondulatorul, eliber\u00e2nd spa\u021biu fa\u021b\u0103 de varianta cu dou\u0103 aparate separate. C\u00e2\u0219tigul real e versatilitatea, nu greutatea.<\/p>\n<h2>Scenariile \u00een care ondulatorul e alegerea mai bun\u0103<\/h2>\n<p>Vacan\u021ba de o s\u0103pt\u0103m\u00e2n\u0103 la mare, cu bagaj de m\u00e2n\u0103 de 10 kg, e scenariul \u00een care ondulatorul c\u00e2\u0219tig\u0103 f\u0103r\u0103 discu\u021bie. La fel \u0219i city break-ul de 3 zile unde stilizezi p\u0103rul o singur\u0103 dat\u0103, pentru o cin\u0103. Sau orice vacan\u021b\u0103 unde \u0219tii c\u0103 vei petrece 80% din timp cu p\u0103rul prins sau natural.<\/p>\n<p>Exist\u0103 \u0219i un aspect practic pe care \u00eel ignor\u0103 aproape toat\u0103 lumea: la unele hoteluri, mai ales \u00een destina\u021bii exotice sau \u00een pensiuni, priza din baie e singura disponibil\u0103 \u0219i e amplasat\u0103 incomod. Un ondulator clasic cu cablu scurt e mai u\u0219or de manevrat \u00een spa\u021bii mici dec\u00e2t Airwrap-ul cu cablul lui de 2,7 m \u0219i ata\u0219amentele care trebuie schimbate.<\/p>\n<p>Decizia final\u0103 nu e despre care stilizator e mai bun \u00een general. E despre ce tip de vacan\u021b\u0103 ai \u0219i ce \u00eenseamn\u0103 pentru tine \u201ep\u0103rul aranjat\u201d \u00een concediu. Dac\u0103 r\u0103spunsul e \u201esuficient de decent pentru o cin\u0103\u201d, un ondulator compact de 150-200 RON face treaba f\u0103r\u0103 s\u0103 ocupe jum\u0103tate din bagaj. Dac\u0103 r\u0103spunsul e \u201ela fel ca acas\u0103, \u00een fiecare zi\u201d, atunci Airwrap merit\u0103 locul din valiz\u0103, cu condi\u021bia s\u0103-l tratezi inteligent: ata\u0219amente selectate, hus\u0103 compact\u0103, bagaj de cal\u0103 cu spa\u021biu suficient. Ceea ce nu merit\u0103, \u00een niciun scenariu, e s\u0103-l iei pe tot, cu cutia original\u0103, \u00een bagajul de m\u00e2n\u0103 de 10 kg, \u0219i s\u0103 te stresezi la check-in.<\/p>\n<p>Referin\u021be \u0219i experien\u021be din comunitate<\/p>\n<ul>\n<li>Reddit \u2013 r\/Dysonairwrap \u2013 Travel case?\u00a0\u2013 decembrie 2023 https:\/\/www.reddit.com\/r\/Dysonairwrap\/comments\/18r2d2n\/travel_case\/<\/li>\n<li>Dyson.com \u2013 The difference between a Dyson Airwrap\u2122 and a curling iron https:\/\/www.dyson.com\/discover\/insights\/hair\/styles\/dyson-airwrap-vs-curling-iron<\/li>\n<\/ul>\n<\/div>\n<\/div>\n<p>[analyse_source url=&#8221;https:\/\/r3media.ro\/dyson-airwrap-sau-ondulator-clasic-in-vacanta-ce-pui-efectiv-in-bagaj\/&#8221;]<\/p>\n","protected":false},"excerpt":{"rendered":"<p>[analyse_image type=&#8221;featured&#8221; src=&#8221;https:\/\/r3media.ro\/wp-content\/uploads\/2026\/08\/dyson_airwrap_sau_ondulator_clasic_n_vacan_ce_pui_efectiv_n_bagaj-e1786010969906.jpghttps:\/\/r3media.ro\/wp-content\/uploads\/2026\/08\/dyson_airwrap_sau_ondulator_clasic_n_vacan_ce_pui_efectiv_n_bagaj-e1786010969906.jpg&#8221;] \u0218TIRIDyson Airwrap sau ondulator clasic \u00een vacan\u021b\u0103: ce pui efectiv \u00een bagaj \u0218TIRI Dyson Airwrap sau ondulator clasic \u00een vacan\u021b\u0103: ce pui efectiv \u00een bagaj Promo 06\/08\/2026 Sursa foto: Pexels.com Vara asta, \u00eentrebarea \u201ece stilizator iau \u00een vacan\u021b\u0103?\u201d a ajuns s\u0103 fie la fel de grea ca alegerea destina\u021biei. Dyson Airwrap st\u0103 [&hellip;]<\/p>\n","protected":false},"author":1,"featured_media":0,"comment_status":"open","ping_status":"","sticky":false,"template":"","format":"standard","meta":{"footnotes":""},"categories":[89],"tags":[226,93],"class_list":["post-2080250","post","type-post","status-publish","format-standard","hentry","category-romania","tag-crawlmanager","tag-r3media-ro"],"_links":{"self":[{"href":"https:\/\/analyse.optim.biz\/index.php?rest_route=\/wp\/v2\/posts\/2080250","targetHints":{"allow":["GET"]}}],"collection":[{"href":"https:\/\/analyse.optim.biz\/index.php?rest_route=\/wp\/v2\/posts"}],"about":[{"href":"https:\/\/analyse.optim.biz\/index.php?rest_route=\/wp\/v2\/types\/post"}],"author":[{"embeddable":true,"href":"https:\/\/analyse.optim.biz\/index.php?rest_route=\/wp\/v2\/users\/1"}],"replies":[{"embeddable":true,"href":"https:\/\/analyse.optim.biz\/index.php?rest_route=%2Fwp%2Fv2%2Fcomments&post=2080250"}],"version-history":[{"count":0,"href":"https:\/\/analyse.optim.biz\/index.php?rest_route=\/wp\/v2\/posts\/2080250\/revisions"}],"wp:attachment":[{"href":"https:\/\/analyse.optim.biz\/index.php?rest_route=%2Fwp%2Fv2%2Fmedia&parent=2080250"}],"wp:term":[{"taxonomy":"category","embeddable":true,"href":"https:\/\/analyse.optim.biz\/index.php?rest_route=%2Fwp%2Fv2%2Fcategories&post=2080250"},{"taxonomy":"post_tag","embeddable":true,"href":"https:\/\/analyse.optim.biz\/index.php?rest_route=%2Fwp%2Fv2%2Ftags&post=2080250"}],"curies":[{"name":"wp","href":"https:\/\/api.w.org\/{rel}","templated":true}]}}