{"id":208008,"date":"2014-04-10T15:21:13","date_gmt":"2014-04-10T12:21:13","guid":{"rendered":"https:\/\/analyse.optim.biz\/?p=208008"},"modified":"2014-04-10T15:21:13","modified_gmt":"2014-04-10T12:21:13","slug":"laszlo-tokes-locul-3-pe-lista-fidesz-la-alegerile-europarlamentare","status":"publish","type":"post","link":"https:\/\/analyse.optim.biz\/?p=208008","title":{"rendered":"Laszlo T\u0151k\u00e9s, locul 3 pe lista Fidesz la alegerile europarlamentare"},"content":{"rendered":"<div class=\"entry data-app-meta data-app-meta-article\" data-embed-base-url-canonical=\"https:\/\/www.digi24.ro\/embed\/stiri\/actualitate\/politica\/laszlo-tokes-locul-3-pe-lista-fidesz-la-alegerile-europarlamentare-227637\">\n<p data-index=\"1\"><img decoding=\"async\" src=\"https:\/\/analyse.optim.biz\/wp-content\/uploads\/2024\/09\/ntlhymjlndu1ymy4ntbkngvkzgnlnzk4zdjlmdvjzme-thumb_.jpg\" data-skip-htmlfix=\"1\" title=\"ntlhymjlndu1ymy4ntbkngvkzgnlnzk4zdjlmdvjzme-thumb_\"><\/p>\n<p data-index=\"2\">Acesta \u00eei va aduce fostului episcop \u00eenc\u0103 un mandat \u00een forul decizional al Uniunii Europene. Anun\u0163ul a fost f\u0103cut ast\u0103zi la Budapesta, la o conferin\u0163\u0103 de pres\u0103 desf\u0103\u015furat\u0103 dup\u0103 \u015fedin\u0163a Consiliului Reprezentan\u0163ilor partidului de guvernare din \u0163ara vecin\u0103.<\/p>\n<p data-index=\"3\">\u00cen Rom\u00e2nia, singurul partid al minorit\u0103\u0163ii maghiare ca are candida\u0163i pentru Bruxelles este <strong>UDMR<\/strong>. Partidul Popular Maghiar din Transilvania, \u00eenfiin\u0163at sub patronatul lui <strong>L\u00e1szl\u00f3 T\u0151k\u00e9s<\/strong>, a declarat c\u0103 nu va avea liste pentru europarlamentare.<\/p>\n<p data-index=\"4\">Potrivit reglement\u0103rilor europene, cet\u0103\u0163enii maghiari cu domiciliul \u00een Rom\u00e2nia nu \u00eel vor putea vota pe T\u0151k\u00e9s.<\/p>\n<\/div>\n<p> Source URL: https:\/\/www.digi24.ro\/stiri\/actualitate\/politica\/laszlo-tokes-locul-3-pe-lista-fidesz-la-alegerile-europarlamentare-227637<\/p>\n","protected":false},"excerpt":{"rendered":"<p>Acesta \u00eei va aduce fostului episcop \u00eenc\u0103 un mandat \u00een forul decizional al Uniunii Europene. Anun\u0163ul a fost f\u0103cut ast\u0103zi la Budapesta, la o conferin\u0163\u0103 de pres\u0103 desf\u0103\u015furat\u0103 dup\u0103 \u015fedin\u0163a Consiliului Reprezentan\u0163ilor partidului de guvernare din \u0163ara vecin\u0103. \u00cen Rom\u00e2nia, singurul partid al minorit\u0103\u0163ii maghiare ca are candida\u0163i pentru Bruxelles este UDMR. Partidul Popular Maghiar [&hellip;]<\/p>\n","protected":false},"author":1,"featured_media":208009,"comment_status":"open","ping_status":"","sticky":false,"template":"","format":"standard","meta":{"footnotes":""},"categories":[2],"tags":[11],"class_list":["post-208008","post","type-post","status-publish","format-standard","has-post-thumbnail","hentry","category-politics","tag-digi24"],"_links":{"self":[{"href":"https:\/\/analyse.optim.biz\/index.php?rest_route=\/wp\/v2\/posts\/208008","targetHints":{"allow":["GET"]}}],"collection":[{"href":"https:\/\/analyse.optim.biz\/index.php?rest_route=\/wp\/v2\/posts"}],"about":[{"href":"https:\/\/analyse.optim.biz\/index.php?rest_route=\/wp\/v2\/types\/post"}],"author":[{"embeddable":true,"href":"https:\/\/analyse.optim.biz\/index.php?rest_route=\/wp\/v2\/users\/1"}],"replies":[{"embeddable":true,"href":"https:\/\/analyse.optim.biz\/index.php?rest_route=%2Fwp%2Fv2%2Fcomments&post=208008"}],"version-history":[{"count":0,"href":"https:\/\/analyse.optim.biz\/index.php?rest_route=\/wp\/v2\/posts\/208008\/revisions"}],"wp:featuredmedia":[{"embeddable":true,"href":"https:\/\/analyse.optim.biz\/index.php?rest_route=\/wp\/v2\/media\/208009"}],"wp:attachment":[{"href":"https:\/\/analyse.optim.biz\/index.php?rest_route=%2Fwp%2Fv2%2Fmedia&parent=208008"}],"wp:term":[{"taxonomy":"category","embeddable":true,"href":"https:\/\/analyse.optim.biz\/index.php?rest_route=%2Fwp%2Fv2%2Fcategories&post=208008"},{"taxonomy":"post_tag","embeddable":true,"href":"https:\/\/analyse.optim.biz\/index.php?rest_route=%2Fwp%2Fv2%2Ftags&post=208008"}],"curies":[{"name":"wp","href":"https:\/\/api.w.org\/{rel}","templated":true}]}}