{"id":2079982,"date":"2026-08-05T06:00:36","date_gmt":"2026-08-05T03:00:36","guid":{"rendered":"https:\/\/analyse.optim.biz\/?p=2079982"},"modified":"2026-08-05T06:00:36","modified_gmt":"2026-08-05T03:00:36","slug":"gabriel-suleru-candidat-pentru-functia-de-presedinte-al-ajf-suceava-vreau-sa-continui-sa-dezvolt-planurile-incepute-ca-secretar-general-fotbalul-la-nivelul-judetului-suceava-a-crescut-foarte-mult","status":"publish","type":"post","link":"https:\/\/analyse.optim.biz\/?p=2079982","title":{"rendered":"Gabriel \u0218uleru, candidat pentru func\u021bia de pre\u0219edinte al AJF Suceava: Vreau s\u0103 continui s\u0103 dezvolt planurile \u00eencepute ca secretar general. Fotbalul la nivelul jude\u021bului Suceava a crescut foarte mult"},"content":{"rendered":"<p>[analyse_image type=&#8221;featured&#8221; src=&#8221;https:\/\/www.radiotop.ro\/img\/media\/2026\/07\/gabriel-suleru.jpg&#8221;]<\/p>\n<div class=\"entry-content no-share\">\n<div class=\"content-inner \">\n<p>Secretarul general al Asocia\u021biei Jude\u021bene de Fotbal Suceava, Gabriel \u0218uleru, \u00ee\u0219i dore\u0219te \u201ddezvoltarea \u0219i continuarea a tot ceea ce am pornit aici, de c\u00eend m\u0103 aflu \u00een aceast\u0103 func\u021bie, de 5 ani de zile\u201d. Domnul \u0218uleru, care va candida la pre\u0219edin\u021bia AJF la alegerile din 23 august, a ad\u0103ugat: \u201dVreau s\u0103 continu\u0103m ceea ce am f\u0103cut bine \u0219i s\u0103 dezvolt\u0103m mai mult aceste planuri pe care le avem \u00een tot ce \u021bine de administrarea noastr\u0103, tot ce \u00eenseamn\u0103 copii \u0219i juniori, Liga a IV-a \u0219i Liga a V-a\u201d.<\/p>\n<p>\u00centrun interviu acordat Radio Top, \u00eentrebat cum arat\u0103 fotbalul din jude\u021bul Suceava comparativ cu cel din celelalte jude\u021be ale Moldovei, Gabriel \u0218uleru a spus: \u201dDin punctul meu de vedere, spun c\u0103 fotbalul la nivelul jude\u021bului Suceava a crescut foarte mult, competi\u021biile s\u00eent puternice, chiar Liga a IV-a este o competi\u021bie foarte, foarte antrenant\u0103 \u0219i cred c\u0103 nivelul este ridicat, dat fiind faptul c\u0103 \u00een ultimii ani de zile echipa care a c\u00ee\u0219tigat play-off-ul de promovare \u00een meciul de baraj pentru Liga a III-a a fost din jude\u021bul nostru.\u201d.<\/p>\n<p>Echipele din jude\u021bul Suceava care au c\u00ee\u0219tigat Liga a IV-a au \u00eent\u00eelnit echipe din jude\u021bele Boto\u0219ani, Vaslui \u0219i Bac\u0103u, \u0219i au c\u00ee\u0219tigat barajele de promovare \u00een Liga a III-a.<\/p>\n<p>Gabriel \u0218uleru a salutat revenirea \u00een fotbalul jude\u021bean a echipei din C\u00eempulung Moldovenesc, care va evolua \u00een Liga a IV-a, \u0219i a l\u0103udat bazele sportive existente la C\u00eempulung Moldovenesc, Ipote\u0219ti, Vicovu de Sus \u0219i Putna, cea a echipei Juniorul \u0219i cea a Liceului cu Program Sportiv. Bradul Putna a promovat anul acesta \u00een Liga a III-a.<\/p>\n<p>Pentru cele dou\u0103 func\u021bii de vicepre\u0219edinte, Gabriel \u0218uleru \u00eei propune pe Radu Ca\u0219uba, fost mare fotbalist al fostei echipe de prim\u0103 lig\u0103 CSM Suceava, \u0219i pe Mih\u0103i\u021b\u0103 Sekely, fost fotbalist al fostei echipe de prim\u0103 lig\u0103 Foresta.<\/p>\n<p>S\u00eent 52 de echipe afiliate la AJF, deci vor fi 52 de voturi. Pentru ca alegerile s\u0103 fie validate trebuie s\u0103 participe la acestea dou\u0103 treimi dintre votan\u021bi, iar pentru ca func\u021bia de pre\u0219edinte s\u0103 fie adjudecat\u0103 este nevoie de jum\u0103tate plus unu din voturile celor prezen\u021bi. Alegerile vor avea loc \u00een aula Liceului cu Program Sportiv Suceava.<\/p>\n<p>\u00a0<\/p>\n<\/div>\n<\/div>\n<div class=\"content-inner \">\n<p>Secretarul general al Asocia\u021biei Jude\u021bene de Fotbal Suceava, Gabriel \u0218uleru, \u00ee\u0219i dore\u0219te \u201ddezvoltarea \u0219i continuarea a tot ceea ce am pornit aici, de c\u00eend m\u0103 aflu \u00een aceast\u0103 func\u021bie, de 5 ani de zile\u201d. Domnul \u0218uleru, care va candida la pre\u0219edin\u021bia AJF la alegerile din 23 august, a ad\u0103ugat: \u201dVreau s\u0103 continu\u0103m ceea ce am f\u0103cut bine \u0219i s\u0103 dezvolt\u0103m mai mult aceste planuri pe care le avem \u00een tot ce \u021bine de administrarea noastr\u0103, tot ce \u00eenseamn\u0103 copii \u0219i juniori, Liga a IV-a \u0219i Liga a V-a\u201d.<\/p>\n<p>\u00centrun interviu acordat Radio Top, \u00eentrebat cum arat\u0103 fotbalul din jude\u021bul Suceava comparativ cu cel din celelalte jude\u021be ale Moldovei, Gabriel \u0218uleru a spus: \u201dDin punctul meu de vedere, spun c\u0103 fotbalul la nivelul jude\u021bului Suceava a crescut foarte mult, competi\u021biile s\u00eent puternice, chiar Liga a IV-a este o competi\u021bie foarte, foarte antrenant\u0103 \u0219i cred c\u0103 nivelul este ridicat, dat fiind faptul c\u0103 \u00een ultimii ani de zile echipa care a c\u00ee\u0219tigat play-off-ul de promovare \u00een meciul de baraj pentru Liga a III-a a fost din jude\u021bul nostru.\u201d.<\/p>\n<p>Echipele din jude\u021bul Suceava care au c\u00ee\u0219tigat Liga a IV-a au \u00eent\u00eelnit echipe din jude\u021bele Boto\u0219ani, Vaslui \u0219i Bac\u0103u, \u0219i au c\u00ee\u0219tigat barajele de promovare \u00een Liga a III-a.<\/p>\n<p>Gabriel \u0218uleru a salutat revenirea \u00een fotbalul jude\u021bean a echipei din C\u00eempulung Moldovenesc, care va evolua \u00een Liga a IV-a, \u0219i a l\u0103udat bazele sportive existente la C\u00eempulung Moldovenesc, Ipote\u0219ti, Vicovu de Sus \u0219i Putna, cea a echipei Juniorul \u0219i cea a Liceului cu Program Sportiv. Bradul Putna a promovat anul acesta \u00een Liga a III-a.<\/p>\n<p>Pentru cele dou\u0103 func\u021bii de vicepre\u0219edinte, Gabriel \u0218uleru \u00eei propune pe Radu Ca\u0219uba, fost mare fotbalist al fostei echipe de prim\u0103 lig\u0103 CSM Suceava, \u0219i pe Mih\u0103i\u021b\u0103 Sekely, fost fotbalist al fostei echipe de prim\u0103 lig\u0103 Foresta.<\/p>\n<p>S\u00eent 52 de echipe afiliate la AJF, deci vor fi 52 de voturi. Pentru ca alegerile s\u0103 fie validate trebuie s\u0103 participe la acestea dou\u0103 treimi dintre votan\u021bi, iar pentru ca func\u021bia de pre\u0219edinte s\u0103 fie adjudecat\u0103 este nevoie de jum\u0103tate plus unu din voturile celor prezen\u021bi. Alegerile vor avea loc \u00een aula Liceului cu Program Sportiv Suceava.<\/p>\n<p>\u00a0<\/p>\n<\/div>\n<p>[analyse_source url=&#8221;https:\/\/www.radiotop.ro\/sport\/gabriel-suleru-candidat-pentru-functia-de-presedinte-al-ajf-suceava-vreau-sa-continui-sa-dezvolt-planurile-incepute-ca-secretar-general-fotbalul-la-nivelul-judetului-suceava-a-crescut-foarte-mult.html&#8221;]<\/p>\n","protected":false},"excerpt":{"rendered":"<p>[analyse_image type=&#8221;featured&#8221; src=&#8221;https:\/\/www.radiotop.ro\/img\/media\/2026\/07\/gabriel-suleru.jpg&#8221;] Secretarul general al Asocia\u021biei Jude\u021bene de Fotbal Suceava, Gabriel \u0218uleru, \u00ee\u0219i dore\u0219te \u201ddezvoltarea \u0219i continuarea a tot ceea ce am pornit aici, de c\u00eend m\u0103 aflu \u00een aceast\u0103 func\u021bie, de 5 ani de zile\u201d. Domnul \u0218uleru, care va candida la pre\u0219edin\u021bia AJF la alegerile din 23 august, a ad\u0103ugat: \u201dVreau s\u0103 continu\u0103m [&hellip;]<\/p>\n","protected":false},"author":1,"featured_media":0,"comment_status":"open","ping_status":"","sticky":false,"template":"","format":"standard","meta":{"footnotes":""},"categories":[89],"tags":[226,163],"class_list":["post-2079982","post","type-post","status-publish","format-standard","hentry","category-romania","tag-crawlmanager","tag-radiotop-ro"],"_links":{"self":[{"href":"https:\/\/analyse.optim.biz\/index.php?rest_route=\/wp\/v2\/posts\/2079982","targetHints":{"allow":["GET"]}}],"collection":[{"href":"https:\/\/analyse.optim.biz\/index.php?rest_route=\/wp\/v2\/posts"}],"about":[{"href":"https:\/\/analyse.optim.biz\/index.php?rest_route=\/wp\/v2\/types\/post"}],"author":[{"embeddable":true,"href":"https:\/\/analyse.optim.biz\/index.php?rest_route=\/wp\/v2\/users\/1"}],"replies":[{"embeddable":true,"href":"https:\/\/analyse.optim.biz\/index.php?rest_route=%2Fwp%2Fv2%2Fcomments&post=2079982"}],"version-history":[{"count":0,"href":"https:\/\/analyse.optim.biz\/index.php?rest_route=\/wp\/v2\/posts\/2079982\/revisions"}],"wp:attachment":[{"href":"https:\/\/analyse.optim.biz\/index.php?rest_route=%2Fwp%2Fv2%2Fmedia&parent=2079982"}],"wp:term":[{"taxonomy":"category","embeddable":true,"href":"https:\/\/analyse.optim.biz\/index.php?rest_route=%2Fwp%2Fv2%2Fcategories&post=2079982"},{"taxonomy":"post_tag","embeddable":true,"href":"https:\/\/analyse.optim.biz\/index.php?rest_route=%2Fwp%2Fv2%2Ftags&post=2079982"}],"curies":[{"name":"wp","href":"https:\/\/api.w.org\/{rel}","templated":true}]}}