{"id":2079977,"date":"2026-08-06T06:11:03","date_gmt":"2026-08-06T03:11:03","guid":{"rendered":"https:\/\/analyse.optim.biz\/?p=2079977"},"modified":"2026-08-06T06:11:03","modified_gmt":"2026-08-06T03:11:03","slug":"primaria-suceava-introduce-masuri-de-reducere-a-consumului-de-energie-electrica-iluminatul-ornamental-si-incarcarea-autobuzelor-electrice-restrictionate","status":"publish","type":"post","link":"https:\/\/analyse.optim.biz\/?p=2079977","title":{"rendered":"Prim\u0103ria Suceava introduce m\u0103suri de reducere a consumului de energie electric\u0103. Iluminatul ornamental \u0219i \u00eenc\u0103rcarea autobuzelor electrice, restric\u021bionate"},"content":{"rendered":"<p>[analyse_image type=&#8221;featured&#8221; src=&#8221;https:\/\/www.newsbucovina.ro\/wp-content\/uploads\/2024\/05\/iluminat-led.pnghttps:\/\/cdn.newsbucovina.ro\/wp-content\/uploads\/2024\/05\/iluminat-led.png&#8221;]<\/p>\n<div class=\"td-post-content tagdiv-type\">\n<div class=\"td-a-rec td-a-rec-id-content_top  tdi_3 td_block_template_1\"><strong>Intr\u0103 acum \u0219i \u00een grupul de <\/p>\n<div class=\"wp-block-button\"><a class=\"wp-block-button__link wp-element-button\" href=\"https:\/\/t.me\/+TH8wcfnp8fw5NWI0\">Telegram News Bucovina<\/a><\/div>\n<p><\/strong><\/div>\n<p class=\"wp-block-paragraph\">Prim\u0103ria Municipiului Suceava anun\u021b\u0103 implementarea unor m\u0103suri concrete pentru reducerea consumului de energie electric\u0103, \u00een contextul deficitului energetic la nivel na\u021bional \u0219i al necesit\u0103\u021bii protej\u0103rii Sistemului Energetic Na\u021bional.<\/p>\n<figure class=\"wp-block-image size-full\"><a href=\"https:\/\/cdn.newsbucovina.ro\/wp-content\/uploads\/2021\/03\/iluminat-stalp.jpeg\"><img loading=\"lazy\" decoding=\"async\" width=\"1024\" height=\"768\" src=\"https:\/\/cdn.newsbucovina.ro\/wp-content\/uploads\/2021\/03\/iluminat-stalp.jpeg.webp\" alt class=\"wp-image-313859\"><\/a><\/figure>\n<p class=\"wp-block-paragraph\">La sediul institu\u021biei, iluminatul ornamental al cl\u0103dirii va fi oprit pe timpul nop\u021bii. \u00cenc\u0103rcarea ma\u0219inilor electrice va fi evitat\u0103 \u00een intervalul de consum ridicat, \u00eentre orele 19:00 \u0219i 23:00. Iluminatul ambiental din zona de agrement a r\u00e2ului Suceava \u0219i luminile din Parcul T\u0103t\u0103ra\u0219i vor fi stinse dup\u0103 ora 00:00.<\/p>\n<p class=\"wp-block-paragraph\">Iluminatul stradal va func\u021biona la intensitate redus\u0103 de 75% \u00eentre 21:00 \u0219i 00:00. \u00cen intervalul 00:00 \u2013 05:00, sistemul de telegestiune implementat \u00eenc\u0103 din 2019 reduce deja intensitatea cu 50% pentru cele peste 7.000 de corpuri de iluminat LED. Se vor limita, de asemenea, iluminatul interior din cl\u0103dirile publice \u00een afara programului de lucru \u0219i vor fi oprite echipamentele electrice neesen\u021biale \u00een perioadele de v\u00e2rf. Consumurile vor fi monitorizate permanent, iar m\u0103surile vor fi adaptate \u00een func\u021bie de evolu\u021bia situa\u021biei na\u021bionale.<\/p>\n<p class=\"wp-block-paragraph\">\u00cen completare, Societatea de Transport Public Local Suceava anun\u021b\u0103 suspendarea \u00eenc\u0103rc\u0103rii autobuzelor electrice \u00een autobaze \u00een intervalele de v\u00e2rf: 07:00 \u2013 10:00 \u0219i 16:00 \u2013 23:00. Noul program prevede \u00eenc\u0103rcarea principal\u0103 pe timpul nop\u021bii \u0219i o \u00eenc\u0103rcare secundar\u0103 \u00eentre 10:00 \u0219i 16:00, c\u00e2nd produc\u021bia de energie din surse fotovoltaice este ridicat\u0103.<\/p>\n<p class=\"wp-block-paragraph\">M\u0103surile au ca scop utilizarea responsabil\u0103 a energiei electrice \u0219i contribu\u021bia la men\u021binerea stabilit\u0103\u021bii sistemului energetic na\u021bional.<\/p>\n<div class=\"td-a-rec td-a-rec-id-content_bottom  tdi_4 td_block_template_1\"><strong>Intr\u0103 acum \u0219i \u00een grupul de <\/p>\n<div class=\"wp-block-button\"><a class=\"wp-block-button__link wp-element-button\" href=\"https:\/\/t.me\/+TH8wcfnp8fw5NWI0\">Telegram News Bucovina<\/a><\/div>\n<p><\/strong><\/div>\n<\/div>\n<div class=\"td-post-content tagdiv-type\">\n<div class=\"td-a-rec td-a-rec-id-content_top  tdi_3 td_block_template_1\"><strong>Intr\u0103 acum \u0219i \u00een grupul de <\/p>\n<div class=\"wp-block-button\"><a class=\"wp-block-button__link wp-element-button\" href=\"https:\/\/t.me\/+TH8wcfnp8fw5NWI0\">Telegram News Bucovina<\/a><\/div>\n<p><\/strong><\/div>\n<p class=\"wp-block-paragraph\">Prim\u0103ria Municipiului Suceava anun\u021b\u0103 implementarea unor m\u0103suri concrete pentru reducerea consumului de energie electric\u0103, \u00een contextul deficitului energetic la nivel na\u021bional \u0219i al necesit\u0103\u021bii protej\u0103rii Sistemului Energetic Na\u021bional.<\/p>\n<figure class=\"wp-block-image size-full\"><a href=\"https:\/\/cdn.newsbucovina.ro\/wp-content\/uploads\/2021\/03\/iluminat-stalp.jpeg\"><img loading=\"lazy\" decoding=\"async\" width=\"1024\" height=\"768\" src=\"https:\/\/cdn.newsbucovina.ro\/wp-content\/uploads\/2021\/03\/iluminat-stalp.jpeg.webp\" alt class=\"wp-image-313859\"><\/a><\/figure>\n<p class=\"wp-block-paragraph\">La sediul institu\u021biei, iluminatul ornamental al cl\u0103dirii va fi oprit pe timpul nop\u021bii. \u00cenc\u0103rcarea ma\u0219inilor electrice va fi evitat\u0103 \u00een intervalul de consum ridicat, \u00eentre orele 19:00 \u0219i 23:00. Iluminatul ambiental din zona de agrement a r\u00e2ului Suceava \u0219i luminile din Parcul T\u0103t\u0103ra\u0219i vor fi stinse dup\u0103 ora 00:00.<\/p>\n<p class=\"wp-block-paragraph\">Iluminatul stradal va func\u021biona la intensitate redus\u0103 de 75% \u00eentre 21:00 \u0219i 00:00. \u00cen intervalul 00:00 \u2013 05:00, sistemul de telegestiune implementat \u00eenc\u0103 din 2019 reduce deja intensitatea cu 50% pentru cele peste 7.000 de corpuri de iluminat LED. Se vor limita, de asemenea, iluminatul interior din cl\u0103dirile publice \u00een afara programului de lucru \u0219i vor fi oprite echipamentele electrice neesen\u021biale \u00een perioadele de v\u00e2rf. Consumurile vor fi monitorizate permanent, iar m\u0103surile vor fi adaptate \u00een func\u021bie de evolu\u021bia situa\u021biei na\u021bionale.<\/p>\n<p class=\"wp-block-paragraph\">\u00cen completare, Societatea de Transport Public Local Suceava anun\u021b\u0103 suspendarea \u00eenc\u0103rc\u0103rii autobuzelor electrice \u00een autobaze \u00een intervalele de v\u00e2rf: 07:00 \u2013 10:00 \u0219i 16:00 \u2013 23:00. Noul program prevede \u00eenc\u0103rcarea principal\u0103 pe timpul nop\u021bii \u0219i o \u00eenc\u0103rcare secundar\u0103 \u00eentre 10:00 \u0219i 16:00, c\u00e2nd produc\u021bia de energie din surse fotovoltaice este ridicat\u0103.<\/p>\n<p class=\"wp-block-paragraph\">M\u0103surile au ca scop utilizarea responsabil\u0103 a energiei electrice \u0219i contribu\u021bia la men\u021binerea stabilit\u0103\u021bii sistemului energetic na\u021bional.<\/p>\n<div class=\"td-a-rec td-a-rec-id-content_bottom  tdi_4 td_block_template_1\"><strong>Intr\u0103 acum \u0219i \u00een grupul de <\/p>\n<div class=\"wp-block-button\"><a class=\"wp-block-button__link wp-element-button\" href=\"https:\/\/t.me\/+TH8wcfnp8fw5NWI0\">Telegram News Bucovina<\/a><\/div>\n<p><\/strong><\/div>\n<\/div>\n<p>[analyse_source url=&#8221;https:\/\/www.newsbucovina.ro\/actualitate\/445769\/primaria-suceava-introduce-masuri-de-reducere-a-consumului-de-energie-electrica-iluminatul-ornamental-si-incarcarea-autobuzelor-electrice-restrictionate&#8221;]<\/p>\n","protected":false},"excerpt":{"rendered":"<p>[analyse_image type=&#8221;featured&#8221; src=&#8221;https:\/\/www.newsbucovina.ro\/wp-content\/uploads\/2024\/05\/iluminat-led.pnghttps:\/\/cdn.newsbucovina.ro\/wp-content\/uploads\/2024\/05\/iluminat-led.png&#8221;] Intr\u0103 acum \u0219i \u00een grupul de Telegram News Bucovina Prim\u0103ria Municipiului Suceava anun\u021b\u0103 implementarea unor m\u0103suri concrete pentru reducerea consumului de energie electric\u0103, \u00een contextul deficitului energetic la nivel na\u021bional \u0219i al necesit\u0103\u021bii protej\u0103rii Sistemului Energetic Na\u021bional. La sediul institu\u021biei, iluminatul ornamental al cl\u0103dirii va fi oprit pe timpul nop\u021bii. \u00cenc\u0103rcarea ma\u0219inilor [&hellip;]<\/p>\n","protected":false},"author":1,"featured_media":0,"comment_status":"open","ping_status":"","sticky":false,"template":"","format":"standard","meta":{"footnotes":""},"categories":[89],"tags":[226,165],"class_list":["post-2079977","post","type-post","status-publish","format-standard","hentry","category-romania","tag-crawlmanager","tag-newsbucovina-ro"],"_links":{"self":[{"href":"https:\/\/analyse.optim.biz\/index.php?rest_route=\/wp\/v2\/posts\/2079977","targetHints":{"allow":["GET"]}}],"collection":[{"href":"https:\/\/analyse.optim.biz\/index.php?rest_route=\/wp\/v2\/posts"}],"about":[{"href":"https:\/\/analyse.optim.biz\/index.php?rest_route=\/wp\/v2\/types\/post"}],"author":[{"embeddable":true,"href":"https:\/\/analyse.optim.biz\/index.php?rest_route=\/wp\/v2\/users\/1"}],"replies":[{"embeddable":true,"href":"https:\/\/analyse.optim.biz\/index.php?rest_route=%2Fwp%2Fv2%2Fcomments&post=2079977"}],"version-history":[{"count":0,"href":"https:\/\/analyse.optim.biz\/index.php?rest_route=\/wp\/v2\/posts\/2079977\/revisions"}],"wp:attachment":[{"href":"https:\/\/analyse.optim.biz\/index.php?rest_route=%2Fwp%2Fv2%2Fmedia&parent=2079977"}],"wp:term":[{"taxonomy":"category","embeddable":true,"href":"https:\/\/analyse.optim.biz\/index.php?rest_route=%2Fwp%2Fv2%2Fcategories&post=2079977"},{"taxonomy":"post_tag","embeddable":true,"href":"https:\/\/analyse.optim.biz\/index.php?rest_route=%2Fwp%2Fv2%2Ftags&post=2079977"}],"curies":[{"name":"wp","href":"https:\/\/api.w.org\/{rel}","templated":true}]}}