{"id":2079973,"date":"2026-08-06T04:03:31","date_gmt":"2026-08-06T01:03:31","guid":{"rendered":"https:\/\/analyse.optim.biz\/?p=2079973"},"modified":"2026-08-06T04:03:31","modified_gmt":"2026-08-06T01:03:31","slug":"tanar-motociclist-mort-in-urma-unui-grav-accident-rutier-la-burdujeni-foto-stiri-suceava","status":"publish","type":"post","link":"https:\/\/analyse.optim.biz\/?p=2079973","title":{"rendered":"T\u00e2n\u0103r motociclist, mort \u00een urma unui grav accident rutier, la Burdujeni FOTO &#8211; Stiri Suceava"},"content":{"rendered":"<p>[analyse_image type=&#8221;featured&#8221; src=&#8221;https:\/\/www.informatiata.ro\/wp-content\/uploads\/2026\/08\/motor-1024&#215;592.png&#8221;]<\/p>\n<div class=\"td-post-content tagdiv-type\">\n<div class=\"td-post-featured-image\"><a href=\"https:\/\/www.informatiata.ro\/wp-content\/uploads\/2026\/08\/motor-scaled.png\" data-caption><img loading=\"lazy\" decoding=\"async\" width=\"696\" height=\"402\" class=\"entry-thumb td-modal-image\" src=\"https:\/\/www.informatiata.ro\/wp-content\/uploads\/2026\/08\/motor-696x402.png\" alt title=\"motor\"><img loading=\"lazy\" decoding=\"async\" width=\"696\" height=\"402\" class=\"entry-thumb td-modal-image\" src=\"https:\/\/www.informatiata.ro\/wp-content\/uploads\/2026\/08\/motor-696x402.png\" alt title=\"motor\"><\/a><\/div>\n<p>T\u00e2n\u0103r motociclist, mort \u00een urma unui grav accident rutier, la Burdujeni. <\/p>\n<p>\u00cen cursul acestei zile, in jurul orei 15:30, Poli\u021bia Municipiului Suceava a fost sesizat\u0103 cu privire la un accident rutier \u00eentre un autoturism \u0219i o motociclet\u0103.<\/p>\n<div class=\"td-a-rec td-a-rec-id-content_inlineright  tdi_7 td_block_template_1\"><img loading=\"lazy\" decoding=\"async\" class=\"aligncenter size-full wp-image-65755\" src=\"https:\/\/www.informatiata.ro\/wp-content\/uploads\/2026\/08\/FACOS-3-2.gif\" alt width=\"300\" height=\"250\"><img loading=\"lazy\" decoding=\"async\" class=\"aligncenter size-full wp-image-65755\" src=\"https:\/\/www.informatiata.ro\/wp-content\/uploads\/2026\/08\/FACOS-3-2.gif\" alt width=\"300\" height=\"250\"><img loading=\"lazy\" decoding=\"async\" class=\"aligncenter size-full wp-image-65754\" src=\"https:\/\/www.informatiata.ro\/wp-content\/uploads\/2026\/08\/SAVCOM-4-3.gif\" alt width=\"299\" height=\"250\"><img loading=\"lazy\" decoding=\"async\" class=\"aligncenter size-full wp-image-65754\" src=\"https:\/\/www.informatiata.ro\/wp-content\/uploads\/2026\/08\/SAVCOM-4-3.gif\" alt width=\"299\" height=\"250\"><\/div>\n<p>Din primele verific\u0103ri, s-a constatat c\u0103 un t\u00e2n\u0103r de 20 de ani din localitatea Plopeni, ora\u0219 Salcea, jud. Suceava a condus autoturismul pe strada Cuza Vod\u0103 din municipiul Suceava, din directia Salcea catre cartier Burdujeni, a efectuat viraj st\u00e2nga f\u0103r\u0103 a se asigura suficient la schimbarea direc\u021biei de mers, moment \u00een care a intrat \u00een impact cu motocicleta condus\u0103 de c\u0103tre un b\u0103rbat de 23 ani din municipiul Suceava, care se deplasa pe aceea\u0219i direc\u021bie \u0219i era in dep\u0103\u0219irea mai multor vehicule.<\/p>\n<p>\u00cen urma incidentului a rezultat v\u0103t\u0103marea corporal\u0103 grav\u0103 a motociclistului, care a fost transportat la unitate medical\u0103. Din p\u0103cate, in jurul orei 21:30, Spitalul Jude\u021bean Suceava a informat IPJ Suceava cu privire la decesul motociclistului.<br \/>\nAcesta nu a putut fi testat la momentul accidentului cu aparatul etilotest, \u00eens\u0103 i-au fost recoltate probe biologice de s\u00e2nge.<\/p>\n<p>\u0218oferul autoturismului a fost testat cu aparatul etilotest, rezultatul fiind negativ. <\/p>\n<p>Totodat\u0103, \u00een urma verific\u0103rilor efectuate, s-a constatat c\u0103 motociclistul nu de\u021binea permis de conducere corespunz\u0103tor categoriei, iar motocicleta era ne\u00eenmatriculat\u0103, av\u00e2nd  montat un num\u0103r fals.<\/p>\n<p>S-a \u00eentocmit dosar penal sub aspectul s\u0103v\u00e2r\u0219irii infrac\u021biunilor de ucidere din culp\u0103, conducerea unui vehicul f\u0103r\u0103 permis de conducere \u0219i punerea in circula\u021bie a unui vehicul ne\u00eenmatriculat sau cu num\u0103r fals.<\/p>\n<p>Cercet\u0103rile sunt continuate pentru stabilirea tuturor circumstan\u021belor producerii evenimentului, urm\u00e2nd a se dispune procedural prin unitatea de parchet competent\u0103.<br \/><img loading=\"lazy\" decoding=\"async\" src=\"https:\/\/www.informatiata.ro\/wp-content\/uploads\/2026\/08\/manuel-929x1024.jpg\" alt width=\"696\" height=\"767\" class=\"aligncenter size-large wp-image-65781\"><img loading=\"lazy\" decoding=\"async\" src=\"https:\/\/www.informatiata.ro\/wp-content\/uploads\/2026\/08\/manuel-929x1024.jpg\" alt width=\"696\" height=\"767\" class=\"aligncenter size-large wp-image-65781\"><\/p>\n<div class=\"td-a-rec td-a-rec-id-content_bottom  td-rec-hide-on-m tdi_8 td_block_template_1\"><img loading=\"lazy\" decoding=\"async\" class=\"aligncenter size-full wp-image-65603\" src=\"https:\/\/www.informatiata.ro\/wp-content\/uploads\/2026\/07\/SAVCOM-19.gif\" alt width=\"299\" height=\"250\"><img loading=\"lazy\" decoding=\"async\" class=\"aligncenter size-full wp-image-65603\" src=\"https:\/\/www.informatiata.ro\/wp-content\/uploads\/2026\/07\/SAVCOM-19.gif\" alt width=\"299\" height=\"250\"><img loading=\"lazy\" decoding=\"async\" class=\"aligncenter size-full wp-image-65604\" src=\"https:\/\/www.informatiata.ro\/wp-content\/uploads\/2026\/07\/FACOS-16.gif\" alt width=\"300\" height=\"250\"><img loading=\"lazy\" decoding=\"async\" class=\"aligncenter size-full wp-image-65604\" src=\"https:\/\/www.informatiata.ro\/wp-content\/uploads\/2026\/07\/FACOS-16.gif\" alt width=\"300\" height=\"250\"><\/div>\n<\/div>\n<p>[analyse_source url=&#8221;https:\/\/www.informatiata.ro\/motociclist-mort-accident-burdujeni\/&#8221;]<\/p>\n","protected":false},"excerpt":{"rendered":"<p>[analyse_image type=&#8221;featured&#8221; src=&#8221;https:\/\/www.informatiata.ro\/wp-content\/uploads\/2026\/08\/motor-1024&#215;592.png&#8221;] T\u00e2n\u0103r motociclist, mort \u00een urma unui grav accident rutier, la Burdujeni. \u00cen cursul acestei zile, in jurul orei 15:30, Poli\u021bia Municipiului Suceava a fost sesizat\u0103 cu privire la un accident rutier \u00eentre un autoturism \u0219i o motociclet\u0103. Din primele verific\u0103ri, s-a constatat c\u0103 un t\u00e2n\u0103r de 20 de ani din localitatea Plopeni, [&hellip;]<\/p>\n","protected":false},"author":1,"featured_media":0,"comment_status":"open","ping_status":"","sticky":false,"template":"","format":"standard","meta":{"footnotes":""},"categories":[89],"tags":[226,167],"class_list":["post-2079973","post","type-post","status-publish","format-standard","hentry","category-romania","tag-crawlmanager","tag-informatiata-ro"],"_links":{"self":[{"href":"https:\/\/analyse.optim.biz\/index.php?rest_route=\/wp\/v2\/posts\/2079973","targetHints":{"allow":["GET"]}}],"collection":[{"href":"https:\/\/analyse.optim.biz\/index.php?rest_route=\/wp\/v2\/posts"}],"about":[{"href":"https:\/\/analyse.optim.biz\/index.php?rest_route=\/wp\/v2\/types\/post"}],"author":[{"embeddable":true,"href":"https:\/\/analyse.optim.biz\/index.php?rest_route=\/wp\/v2\/users\/1"}],"replies":[{"embeddable":true,"href":"https:\/\/analyse.optim.biz\/index.php?rest_route=%2Fwp%2Fv2%2Fcomments&post=2079973"}],"version-history":[{"count":0,"href":"https:\/\/analyse.optim.biz\/index.php?rest_route=\/wp\/v2\/posts\/2079973\/revisions"}],"wp:attachment":[{"href":"https:\/\/analyse.optim.biz\/index.php?rest_route=%2Fwp%2Fv2%2Fmedia&parent=2079973"}],"wp:term":[{"taxonomy":"category","embeddable":true,"href":"https:\/\/analyse.optim.biz\/index.php?rest_route=%2Fwp%2Fv2%2Fcategories&post=2079973"},{"taxonomy":"post_tag","embeddable":true,"href":"https:\/\/analyse.optim.biz\/index.php?rest_route=%2Fwp%2Fv2%2Ftags&post=2079973"}],"curies":[{"name":"wp","href":"https:\/\/api.w.org\/{rel}","templated":true}]}}