{"id":207997,"date":"2014-04-10T15:37:43","date_gmt":"2014-04-10T12:37:43","guid":{"rendered":"https:\/\/analyse.optim.biz\/?p=207997"},"modified":"2014-04-10T15:37:43","modified_gmt":"2014-04-10T12:37:43","slug":"c-p-tariceanu-vrea-vacanta-pentru-senatori-in-timpul-campaniei-pentru-europarlamentare","status":"publish","type":"post","link":"https:\/\/analyse.optim.biz\/?p=207997","title":{"rendered":"C.P. T\u0103riceanu vrea vacan\u021b\u0103 pentru senatori \u00een timpul campaniei pentru europarlamentare"},"content":{"rendered":"<div class=\"entry data-app-meta data-app-meta-article\" data-embed-base-url-canonical=\"https:\/\/www.digi24.ro\/embed\/stiri\/actualitate\/politica\/c-p-tariceanu-vrea-vacanta-pentru-senatori-in-timpul-campaniei-pentru-europarlamentare-227655\">\n<p data-index=\"1\">\u201e<strong>C.P. T\u0103riceanu, pre\u015fedintele Senatului:<\/strong> Vreau s\u0103 v\u0103 previn, \u00een sensul elegant al cuv\u00e2ntului, c\u0103 (&#8230;) la Camera Deputa\u0163ilor (&#8230;) se suspend\u0103 lucr\u0103rile pentru desf\u0103\u015furarea campaniei electorale \u015fi cred c\u0103, dac\u0103 o s\u0103 fi\u0163i de acord, s\u0103 mergem pe aceast\u0103 formul\u0103.<\/p>\n<p data-index=\"2\"><strong>Puiu Ha\u015fotti, liderul senatorilor PNL:<\/strong> S\u0103 \u015fti\u0163i c\u0103 nici \u00een timpul alegerilor pentru Parlament, Senatul nu \u00ee\u015fi suspenda lucr\u0103rile o lun\u0103 de zile. (&#8230;) Nu v\u0103d de ce Senatul trebuie s\u0103 aib\u0103 un alt program\u201d, se arat\u0103 \u00een stenograma Biroului Permanent al Senatului.<\/p>\n<p data-index=\"3\"><strong>Alegerile europarlamentare 2014<\/strong> vor avea loc \u00een Rom\u00e2nia pe 25 mai, iar perioada de campanie dureaz\u0103 o lun\u0103. Astfel, pe l\u00e2ng\u0103 cele trei luni de vacan\u021b\u0103 \u0219i zilele libere de pe parcursul anului, senatorii ar putea avea o lun\u0103 \u00een plus \u00een care s\u0103 nu munceasc\u0103.<\/p>\n<\/div>\n<p> Source URL: https:\/\/www.digi24.ro\/stiri\/actualitate\/politica\/c-p-tariceanu-vrea-vacanta-pentru-senatori-in-timpul-campaniei-pentru-europarlamentare-227655<\/p>\n","protected":false},"excerpt":{"rendered":"<p>\u201eC.P. T\u0103riceanu, pre\u015fedintele Senatului: Vreau s\u0103 v\u0103 previn, \u00een sensul elegant al cuv\u00e2ntului, c\u0103 (&#8230;) la Camera Deputa\u0163ilor (&#8230;) se suspend\u0103 lucr\u0103rile pentru desf\u0103\u015furarea campaniei electorale \u015fi cred c\u0103, dac\u0103 o s\u0103 fi\u0163i de acord, s\u0103 mergem pe aceast\u0103 formul\u0103. Puiu Ha\u015fotti, liderul senatorilor PNL: S\u0103 \u015fti\u0163i c\u0103 nici \u00een timpul alegerilor pentru Parlament, Senatul [&hellip;]<\/p>\n","protected":false},"author":1,"featured_media":207998,"comment_status":"open","ping_status":"","sticky":false,"template":"","format":"standard","meta":{"footnotes":""},"categories":[2],"tags":[11],"class_list":["post-207997","post","type-post","status-publish","format-standard","has-post-thumbnail","hentry","category-politics","tag-digi24"],"_links":{"self":[{"href":"https:\/\/analyse.optim.biz\/index.php?rest_route=\/wp\/v2\/posts\/207997","targetHints":{"allow":["GET"]}}],"collection":[{"href":"https:\/\/analyse.optim.biz\/index.php?rest_route=\/wp\/v2\/posts"}],"about":[{"href":"https:\/\/analyse.optim.biz\/index.php?rest_route=\/wp\/v2\/types\/post"}],"author":[{"embeddable":true,"href":"https:\/\/analyse.optim.biz\/index.php?rest_route=\/wp\/v2\/users\/1"}],"replies":[{"embeddable":true,"href":"https:\/\/analyse.optim.biz\/index.php?rest_route=%2Fwp%2Fv2%2Fcomments&post=207997"}],"version-history":[{"count":0,"href":"https:\/\/analyse.optim.biz\/index.php?rest_route=\/wp\/v2\/posts\/207997\/revisions"}],"wp:featuredmedia":[{"embeddable":true,"href":"https:\/\/analyse.optim.biz\/index.php?rest_route=\/wp\/v2\/media\/207998"}],"wp:attachment":[{"href":"https:\/\/analyse.optim.biz\/index.php?rest_route=%2Fwp%2Fv2%2Fmedia&parent=207997"}],"wp:term":[{"taxonomy":"category","embeddable":true,"href":"https:\/\/analyse.optim.biz\/index.php?rest_route=%2Fwp%2Fv2%2Fcategories&post=207997"},{"taxonomy":"post_tag","embeddable":true,"href":"https:\/\/analyse.optim.biz\/index.php?rest_route=%2Fwp%2Fv2%2Ftags&post=207997"}],"curies":[{"name":"wp","href":"https:\/\/api.w.org\/{rel}","templated":true}]}}