{"id":2079924,"date":"2026-08-05T07:19:14","date_gmt":"2026-08-05T04:19:14","guid":{"rendered":"https:\/\/analyse.optim.biz\/?p=2079924"},"modified":"2026-08-05T07:19:14","modified_gmt":"2026-08-05T04:19:14","slug":"pregatiri-intense-pentru-scolile-militare","status":"publish","type":"post","link":"https:\/\/analyse.optim.biz\/?p=2079924","title":{"rendered":"Preg\u0103tiri intense pentru \u0219colile militare"},"content":{"rendered":"<p>[analyse_image type=&#8221;featured&#8221; src=&#8221;https:\/\/www.observatorulbuzoian.ro\/wp-content\/uploads\/2026\/08\/maxresdefault-2-scaled.jpg&#8221;]<\/p>\n<div class=\"td-post-content tagdiv-type\">\n<p>\u0218tiam de c\u00e2teva zile c\u0103 trebuie s\u0103 mergem la Stadionul de Atletism s\u0103 film\u0103m ni\u0219te antrenamente, dar nu credeam c\u0103 totul se desf\u0103\u0219ura la puterea a treia sau chiar a patra fa\u021b\u0103 de a\u0219tept\u0103rile noastre. Adic\u0103 noi credeam c\u0103 \u00een jurul lui Georgian Dinu vor fi doi-trei copii gr\u0103su\u021bi care vor trage tare c\u00e2teva ture de teren pentru a arde ceva calorii, iar probele fizice de la examene s\u0103 nu fie chiar un calvar. C\u00e2nd colo, fostul campion de semifond al Gloriei ori \u0218tiin\u021bei Bac\u0103u avea \u00een jurul lui vreo 10-12 b\u0103ie\u021bi \u0219i fete, f\u0103r\u0103 s\u0103 fie deloc \u201epufo\u0219i\u201d a\u0219a cum credeam eu. \u0218i to\u021bi executau lini\u0219ti\u021bi exerci\u021biile de \u00eenc\u0103lzire, apoi cu putere pe pist\u0103 pentru trei ture de teren.<br \/>\nAtunci am \u00een\u021beles c\u0103 e momentul s\u0103 \u00eenregistr\u0103m interviul cu prof. Georgian Dinu, altfel fereastra de timp se lungea cu alte 90-100 de minute c\u00e2t ar fi trebuit s\u0103 stea \u201el\u00e2ng\u0103 copii\u201d. Ne-o spunea un t\u00e2n\u0103r de 23 de ani, tot copil dup\u0103 standardele noastre de v\u00e2rst\u0103.<br \/>\nText \u0219i imagini: Vali Mocanu \u0219i Mihai Chiriazi<\/p>\n<\/div>\n<p>[analyse_source url=&#8221;https:\/\/www.observatorulbuzoian.ro\/pregatiri-intense-pentru-scolile-militare\/&#8221;]<\/p>\n","protected":false},"excerpt":{"rendered":"<p>[analyse_image type=&#8221;featured&#8221; src=&#8221;https:\/\/www.observatorulbuzoian.ro\/wp-content\/uploads\/2026\/08\/maxresdefault-2-scaled.jpg&#8221;] \u0218tiam de c\u00e2teva zile c\u0103 trebuie s\u0103 mergem la Stadionul de Atletism s\u0103 film\u0103m ni\u0219te antrenamente, dar nu credeam c\u0103 totul se desf\u0103\u0219ura la puterea a treia sau chiar a patra fa\u021b\u0103 de a\u0219tept\u0103rile noastre. Adic\u0103 noi credeam c\u0103 \u00een jurul lui Georgian Dinu vor fi doi-trei copii gr\u0103su\u021bi care vor trage [&hellip;]<\/p>\n","protected":false},"author":1,"featured_media":0,"comment_status":"open","ping_status":"","sticky":false,"template":"","format":"standard","meta":{"footnotes":""},"categories":[2],"tags":[226,82],"class_list":["post-2079924","post","type-post","status-publish","format-standard","hentry","category-politics","tag-crawlmanager","tag-observatorulbuzoian-ro"],"_links":{"self":[{"href":"https:\/\/analyse.optim.biz\/index.php?rest_route=\/wp\/v2\/posts\/2079924","targetHints":{"allow":["GET"]}}],"collection":[{"href":"https:\/\/analyse.optim.biz\/index.php?rest_route=\/wp\/v2\/posts"}],"about":[{"href":"https:\/\/analyse.optim.biz\/index.php?rest_route=\/wp\/v2\/types\/post"}],"author":[{"embeddable":true,"href":"https:\/\/analyse.optim.biz\/index.php?rest_route=\/wp\/v2\/users\/1"}],"replies":[{"embeddable":true,"href":"https:\/\/analyse.optim.biz\/index.php?rest_route=%2Fwp%2Fv2%2Fcomments&post=2079924"}],"version-history":[{"count":0,"href":"https:\/\/analyse.optim.biz\/index.php?rest_route=\/wp\/v2\/posts\/2079924\/revisions"}],"wp:attachment":[{"href":"https:\/\/analyse.optim.biz\/index.php?rest_route=%2Fwp%2Fv2%2Fmedia&parent=2079924"}],"wp:term":[{"taxonomy":"category","embeddable":true,"href":"https:\/\/analyse.optim.biz\/index.php?rest_route=%2Fwp%2Fv2%2Fcategories&post=2079924"},{"taxonomy":"post_tag","embeddable":true,"href":"https:\/\/analyse.optim.biz\/index.php?rest_route=%2Fwp%2Fv2%2Ftags&post=2079924"}],"curies":[{"name":"wp","href":"https:\/\/api.w.org\/{rel}","templated":true}]}}