{"id":2079923,"date":"2026-08-05T16:09:00","date_gmt":"2026-08-05T13:09:00","guid":{"rendered":"https:\/\/analyse.optim.biz\/?p=2079923"},"modified":"2026-08-05T16:09:00","modified_gmt":"2026-08-05T13:09:00","slug":"incendiu-de-amploare-la-podgoria-in-doar-cateva-ore-au-ars-100-de-hectare-de-vegetatie","status":"publish","type":"post","link":"https:\/\/analyse.optim.biz\/?p=2079923","title":{"rendered":"Incendiu de amploare la Podgoria. \u00cen doar c\u00e2teva ore, au ars 100 de hectare de vegeta\u021bie"},"content":{"rendered":"<p>[analyse_image type=&#8221;featured&#8221; src=&#8221;https:\/\/www.campusbuzau.ro\/wp-content\/uploads\/2026\/08\/incendiu-podgoria.jpghttps:\/\/www.campusbuzau.ro\/wp-content\/uploads\/2026\/08\/incendiu-podgoria.jpg&#8221;]<\/p>\n<div class=\"entry-content\">\n<p><strong><em><mark class=\"has-inline-color has-maincolor-color\">Un incendiu violent de vegeta\u021bie uscat\u0103 a izbucnit ieri dup\u0103-amiaz\u0103, pe raza localit\u0103\u021bii Oratia, comuna Podgoria. La fa\u021ba locului au intervenit mai multe autospeciale de stingere ale pompierilor buzoieni.<\/mark><\/em><\/strong><\/p>\n<p>Favorizate de v\u00e2nt \u0219i c\u0103ldur\u0103, fl\u0103c\u0103rile s-au extins rapid \u00een c\u00e2teva zeci de minute. Din cauza fl\u0103c\u0103rilor \u0219i a degaj\u0103rilor mari de fum, autorit\u0103\u021bile au emis un mesaj RO-Alert pentru popula\u021bia din zon\u0103.<\/p>\n<p>Dup\u0103 dou\u0103 ore de la startul interven\u021biei, incendiul a fost localizat. Echipele de salvatori au ac\u021bionat apoi pentru lichidarea ultimelor focare.<\/p>\n<p>Incendiul a afectat o suprafa\u021b\u0103 total\u0103 de aproape 100 de hectare de teren.<\/p>\n<p>Pompierii \u00eei avertizeaz\u0103 pe cet\u0103\u0163eni c\u0103 incendiile de vegeta\u0163ie uscat\u0103 se pot extinde rapid, \u00een special \u00een perioadele caniculare \u015fi pe fondul v\u00e2ntului puternic, pun\u00e2nd \u00een pericol vie\u0163i omene\u015fti, gospod\u0103rii, p\u0103duri \u015fi habitate naturale. <\/p>\n<figure class=\"wp-block-image size-full is-resized\"><img loading=\"lazy\" decoding=\"async\" width=\"900\" height=\"514\" src=\"https:\/\/www.campusbuzau.ro\/wp-content\/uploads\/2026\/02\/isu-buzau.jpg\" alt class=\"wp-image-150677\"><\/figure>\n<p>\u00cen primele \u0219ase luni ale anului 2026, pompierii buzoieni au intervenit la 84 de incendii de vegeta\u021bie uscat\u0103 \u0219i fond forestier.<\/p>\n<figure class=\"wp-block-embed is-type-video is-provider-youtube wp-block-embed-youtube wp-embed-aspect-16-9 wp-has-aspect-ratio\">\n<div class=\"wp-block-embed__wrapper\">\n<iframe loading=\"lazy\" title=\"INCENDIU DE AMPLOARE LA PODGORIA. AU ARS 100 DE HECTARE DE VEGETA\u0162IE\" width=\"500\" height=\"281\" src=\"https:\/\/www.youtube.com\/embed\/l7Nyuk_GIkM?feature=oembed\" frameborder allow=\"accelerometer; autoplay; clipboard-write; encrypted-media; gyroscope; picture-in-picture; web-share\" referrerpolicy=\"strict-origin-when-cross-origin\" allowfullscreen><\/iframe>\n<\/div>\n<\/figure>\n<\/div>\n<p>[analyse_source url=&#8221;https:\/\/www.campusbuzau.ro\/incendiu-de-amploare-la-podgoria-in-doar-cateva-ore-au-ars-100-de-hectare-de-vegetatie\/&#8221;]<\/p>\n","protected":false},"excerpt":{"rendered":"<p>[analyse_image type=&#8221;featured&#8221; src=&#8221;https:\/\/www.campusbuzau.ro\/wp-content\/uploads\/2026\/08\/incendiu-podgoria.jpghttps:\/\/www.campusbuzau.ro\/wp-content\/uploads\/2026\/08\/incendiu-podgoria.jpg&#8221;] Un incendiu violent de vegeta\u021bie uscat\u0103 a izbucnit ieri dup\u0103-amiaz\u0103, pe raza localit\u0103\u021bii Oratia, comuna Podgoria. La fa\u021ba locului au intervenit mai multe autospeciale de stingere ale pompierilor buzoieni. Favorizate de v\u00e2nt \u0219i c\u0103ldur\u0103, fl\u0103c\u0103rile s-au extins rapid \u00een c\u00e2teva zeci de minute. Din cauza fl\u0103c\u0103rilor \u0219i a degaj\u0103rilor mari de fum, [&hellip;]<\/p>\n","protected":false},"author":1,"featured_media":0,"comment_status":"open","ping_status":"","sticky":false,"template":"","format":"standard","meta":{"footnotes":""},"categories":[2],"tags":[118,226],"class_list":["post-2079923","post","type-post","status-publish","format-standard","hentry","category-politics","tag-campusbuzau-ro","tag-crawlmanager"],"_links":{"self":[{"href":"https:\/\/analyse.optim.biz\/index.php?rest_route=\/wp\/v2\/posts\/2079923","targetHints":{"allow":["GET"]}}],"collection":[{"href":"https:\/\/analyse.optim.biz\/index.php?rest_route=\/wp\/v2\/posts"}],"about":[{"href":"https:\/\/analyse.optim.biz\/index.php?rest_route=\/wp\/v2\/types\/post"}],"author":[{"embeddable":true,"href":"https:\/\/analyse.optim.biz\/index.php?rest_route=\/wp\/v2\/users\/1"}],"replies":[{"embeddable":true,"href":"https:\/\/analyse.optim.biz\/index.php?rest_route=%2Fwp%2Fv2%2Fcomments&post=2079923"}],"version-history":[{"count":0,"href":"https:\/\/analyse.optim.biz\/index.php?rest_route=\/wp\/v2\/posts\/2079923\/revisions"}],"wp:attachment":[{"href":"https:\/\/analyse.optim.biz\/index.php?rest_route=%2Fwp%2Fv2%2Fmedia&parent=2079923"}],"wp:term":[{"taxonomy":"category","embeddable":true,"href":"https:\/\/analyse.optim.biz\/index.php?rest_route=%2Fwp%2Fv2%2Fcategories&post=2079923"},{"taxonomy":"post_tag","embeddable":true,"href":"https:\/\/analyse.optim.biz\/index.php?rest_route=%2Fwp%2Fv2%2Ftags&post=2079923"}],"curies":[{"name":"wp","href":"https:\/\/api.w.org\/{rel}","templated":true}]}}