{"id":207975,"date":"2014-04-10T21:53:56","date_gmt":"2014-04-10T18:53:56","guid":{"rendered":"https:\/\/analyse.optim.biz\/?p=207975"},"modified":"2014-04-10T21:53:56","modified_gmt":"2014-04-10T18:53:56","slug":"liviu-dragnea-deranjat-de-o-declaratie-a-lui-ion-iliescu","status":"publish","type":"post","link":"https:\/\/analyse.optim.biz\/?p=207975","title":{"rendered":"Liviu Dragnea, deranjat de o declara\u021bie a lui Ion Iliescu"},"content":{"rendered":"<div class=\"entry data-app-meta data-app-meta-article\" data-embed-base-url-canonical=\"https:\/\/www.digi24.ro\/embed\/stiri\/actualitate\/politica\/liviu-dragnea-deranjat-de-o-declaratie-a-lui-ion-iliescu-227883\">\n<p data-index=\"1\">Solicitat s\u0103 comenteze declara\u0163iile pre\u015fedintelui PSD, <strong>Victor Ponta<\/strong>, care spus c\u0103 nu se dezice de membrii PSD cerceta\u0163i penal, \u00een contexul \u00een care pre\u015fedintele de onoare, <strong>Ion Iliescu<\/strong>, f\u0103cea apel, recent, ca justi\u0163ia s\u0103 fie l\u0103sat\u0103 s\u0103-\u015fi fac\u0103 treaba, <strong>Liviu Dragnea<\/strong> a r\u0103spuns: \u201eDa\u0163i-mi voie s\u0103 \u00eencep r\u0103spunsul cu o \u00eentrebare, e o \u00eentrebare ajut\u0103toare: a\u0163i sesizat dumneavostr\u0103 sau domnul pre\u015fedinte Iliescu c\u0103 PSD a blocat \u00eentr-un fel justi\u0163ia? Adic\u0103, contra masca\u0163ilor care l-au luat pe Radu Maz\u0103re de la restaurant au fost ceva trupe de la PSD, Radu Maz\u0103re fiind \u00eentr-adev\u0103r un monstru \u015fi un uria\u015f care era cu s\u0103bii la el \u015fi cu pistoale?&#8221;, a ad\u0103ugat Dragnea.<\/p>\n<p data-index=\"2\">\u201e<span>Am v\u0103zut declara\u021bia domnului pre\u0219edinte Iliescu, \u00eel respect\u0103m, este pre\u0219edintele de onoare, dar poate nu a fost bine informat\u201d, a declarat Liviu Dragnea. <\/span><\/p>\n<p data-index=\"3\">Pre\u015fedintele de onoare al PSD, Ion Iliescu, declara, recent, \u00eentr-un interviu, c\u0103 justi\u0163ia trebuie s\u0103-\u015fi fac\u0103 datoria, indiferent despre cine este vorba \u015fi partidul nu poate s\u0103 apere oameni care intr\u0103 \u00een conflict cu legea.<\/p>\n<\/div>\n<p> Source URL: https:\/\/www.digi24.ro\/stiri\/actualitate\/politica\/liviu-dragnea-deranjat-de-o-declaratie-a-lui-ion-iliescu-227883<\/p>\n","protected":false},"excerpt":{"rendered":"<p>Solicitat s\u0103 comenteze declara\u0163iile pre\u015fedintelui PSD, Victor Ponta, care spus c\u0103 nu se dezice de membrii PSD cerceta\u0163i penal, \u00een contexul \u00een care pre\u015fedintele de onoare, Ion Iliescu, f\u0103cea apel, recent, ca justi\u0163ia s\u0103 fie l\u0103sat\u0103 s\u0103-\u015fi fac\u0103 treaba, Liviu Dragnea a r\u0103spuns: \u201eDa\u0163i-mi voie s\u0103 \u00eencep r\u0103spunsul cu o \u00eentrebare, e o \u00eentrebare ajut\u0103toare: [&hellip;]<\/p>\n","protected":false},"author":1,"featured_media":207976,"comment_status":"open","ping_status":"","sticky":false,"template":"","format":"standard","meta":{"footnotes":""},"categories":[2],"tags":[11],"class_list":["post-207975","post","type-post","status-publish","format-standard","has-post-thumbnail","hentry","category-politics","tag-digi24"],"_links":{"self":[{"href":"https:\/\/analyse.optim.biz\/index.php?rest_route=\/wp\/v2\/posts\/207975","targetHints":{"allow":["GET"]}}],"collection":[{"href":"https:\/\/analyse.optim.biz\/index.php?rest_route=\/wp\/v2\/posts"}],"about":[{"href":"https:\/\/analyse.optim.biz\/index.php?rest_route=\/wp\/v2\/types\/post"}],"author":[{"embeddable":true,"href":"https:\/\/analyse.optim.biz\/index.php?rest_route=\/wp\/v2\/users\/1"}],"replies":[{"embeddable":true,"href":"https:\/\/analyse.optim.biz\/index.php?rest_route=%2Fwp%2Fv2%2Fcomments&post=207975"}],"version-history":[{"count":0,"href":"https:\/\/analyse.optim.biz\/index.php?rest_route=\/wp\/v2\/posts\/207975\/revisions"}],"wp:featuredmedia":[{"embeddable":true,"href":"https:\/\/analyse.optim.biz\/index.php?rest_route=\/wp\/v2\/media\/207976"}],"wp:attachment":[{"href":"https:\/\/analyse.optim.biz\/index.php?rest_route=%2Fwp%2Fv2%2Fmedia&parent=207975"}],"wp:term":[{"taxonomy":"category","embeddable":true,"href":"https:\/\/analyse.optim.biz\/index.php?rest_route=%2Fwp%2Fv2%2Fcategories&post=207975"},{"taxonomy":"post_tag","embeddable":true,"href":"https:\/\/analyse.optim.biz\/index.php?rest_route=%2Fwp%2Fv2%2Ftags&post=207975"}],"curies":[{"name":"wp","href":"https:\/\/api.w.org\/{rel}","templated":true}]}}