{"id":2079709,"date":"2026-08-05T09:39:12","date_gmt":"2026-08-05T06:39:12","guid":{"rendered":"https:\/\/analyse.optim.biz\/?p=2079709"},"modified":"2026-08-05T09:39:12","modified_gmt":"2026-08-05T06:39:12","slug":"proiect-pnrr-finalizat-in-centrul-sucevei-trei-blocuri-din-asociatia-de-proprietari-nr-3-au-fost-renovate-energetic","status":"publish","type":"post","link":"https:\/\/analyse.optim.biz\/?p=2079709","title":{"rendered":"Proiect PNRR finalizat \u00een centrul Sucevei: trei blocuri din Asocia\u021bia de Proprietari nr. 3 au fost renovate energetic"},"content":{"rendered":"<p>[analyse_image type=&#8221;featured&#8221; src=&#8221;https:\/\/www.newsbucovina.ro\/wp-content\/uploads\/2026\/08\/765849307_1364432792559624_2420478050256102563_n.jpghttps:\/\/cdn.newsbucovina.ro\/wp-content\/uploads\/2026\/08\/765849307_1364432792559624_2420478050256102563_n.jpg&#8221;]<\/p>\n<div class=\"td-post-content tagdiv-type\">\n<div class=\"td-a-rec td-a-rec-id-content_top  tdi_3 td_block_template_1\"><strong>Intr\u0103 acum \u0219i \u00een grupul de <\/p>\n<div class=\"wp-block-button\"><a class=\"wp-block-button__link wp-element-button\" href=\"https:\/\/t.me\/+TH8wcfnp8fw5NWI0\">Telegram News Bucovina<\/a><\/div>\n<p><\/strong><\/div>\n<p class=\"wp-block-paragraph\">Proiectul \u201eRenovarea energetic\u0103 a cl\u0103dirilor reziden\u021biale multifamiliale din zona central\u0103 a Municipiului Suceava din cadrul Asocia\u021biei de proprietari Nr. 3 \u2013 Lot 1\u201d a fost finalizat, a anun\u021bat Prim\u0103ria Suceava.<\/p>\n<figure class=\"wp-block-image size-large\"><a href=\"https:\/\/cdn.newsbucovina.ro\/wp-content\/uploads\/2026\/08\/765849307_1364432792559624_2420478050256102563_n.jpg\"><img loading=\"lazy\" decoding=\"async\" width=\"1024\" height=\"576\" src=\"https:\/\/cdn.newsbucovina.ro\/wp-content\/uploads\/2026\/08\/765849307_1364432792559624_2420478050256102563_n-1024x576.jpg\" alt class=\"wp-image-445716\"><\/a><\/figure>\n<p class=\"wp-block-paragraph\">Investi\u021bia, finan\u021bat\u0103 prin Planul Na\u021bional de Redresare \u0219i Rezilien\u021b\u0103 (PNRR), Componenta C5 \u2013 Valul Renov\u0103rii, a avut o valoare total\u0103 de 14.351.800,90 lei (TVA inclus), din care 13.531.236,77 lei au reprezentat cheltuieli eligibile.<\/p>\n<p class=\"wp-block-paragraph\">Lucr\u0103rile au vizat trei cl\u0103diri reziden\u021biale multifamiliale situate pe str\u0103zile \u0218tefan cel Mare \u0219i Vasile Alecsandri, cu o suprafa\u021b\u0103 total\u0103 desf\u0103\u0219urat\u0103 renovat\u0103 de 11.549,34 mp. Interven\u021biile au inclus izolarea termic\u0103 a cl\u0103dirilor, \u00eenlocuirea t\u00e2mpl\u0103riei exterioare cu solu\u021bii eficiente energetic, refacerea finisajelor interioare \u0219i exterioare, modernizarea acoperi\u0219urilor, precum \u0219i reabilitarea instala\u021biilor de \u00eenc\u0103lzire \u0219i iluminat. A fost instalat \u0219i un sistem de panouri fotovoltaice de 12 kW, destinat aliment\u0103rii spa\u021biilor comune.<\/p>\n<p class=\"wp-block-paragraph\">Execu\u021bia a fost realizat\u0103 de SC Energo Construc\u021bii Civile \u0219i Industriale SRL, cu subcontractant SC Tehnoelectric SRL, \u00een perioada 10 martie 2025 \u2013 30 august 2026. Valoarea lucr\u0103rilor a fost de 9.331.241,49 lei, f\u0103r\u0103 TVA.<\/p>\n<p class=\"wp-block-paragraph\">Proiectul contribuie la reducerea consumului de energie, sc\u0103derea emisiilor de CO2 \u0219i \u00eembun\u0103t\u0103\u021birea confortului termic \u0219i acustic al locatarilor. Interven\u021biile au un impact pozitiv \u0219i asupra aspectului urbanistic al zonei centrale. Lucr\u0103rile au fost executate cu respectarea documenta\u021biilor tehnico-economice \u0219i a avizelor, imobilele fiind situate \u00een zona de protec\u021bie a monumentelor istorice.<\/p>\n<figure class=\"wp-block-embed is-type-video is-provider-youtube wp-block-embed-youtube wp-embed-aspect-16-9 wp-has-aspect-ratio\">\n<div class=\"wp-block-embed__wrapper\">\n<div class=\"youtube-embed\" data-video_id=\"uYtccfvP5bg\"><iframe loading=\"lazy\" title=\"Ce n-a v\u0103zut Paris-ul .. va vedea Suceava!! Nu-i chip s\u0103-i opre\u0219ti! Pe 4 septembrie va fi STOP joc\u2026\" width=\"696\" height=\"392\" src=\"https:\/\/www.youtube.com\/embed\/uYtccfvP5bg?feature=oembed&amp;enablejsapi=1\" frameborder allow=\"accelerometer; autoplay; clipboard-write; encrypted-media; gyroscope; picture-in-picture; web-share\" referrerpolicy=\"strict-origin-when-cross-origin\" allowfullscreen><\/iframe><\/div>\n<\/div>\n<\/figure>\n<div class=\"td-a-rec td-a-rec-id-content_bottom  tdi_4 td_block_template_1\"><strong>Intr\u0103 acum \u0219i \u00een grupul de <\/p>\n<div class=\"wp-block-button\"><a class=\"wp-block-button__link wp-element-button\" href=\"https:\/\/t.me\/+TH8wcfnp8fw5NWI0\">Telegram News Bucovina<\/a><\/div>\n<p><\/strong><\/div>\n<\/div>\n<div class=\"td-post-content tagdiv-type\">\n<div class=\"td-a-rec td-a-rec-id-content_top  tdi_3 td_block_template_1\"><strong>Intr\u0103 acum \u0219i \u00een grupul de <\/p>\n<div class=\"wp-block-button\"><a class=\"wp-block-button__link wp-element-button\" href=\"https:\/\/t.me\/+TH8wcfnp8fw5NWI0\">Telegram News Bucovina<\/a><\/div>\n<p><\/strong><\/div>\n<p class=\"wp-block-paragraph\">Proiectul \u201eRenovarea energetic\u0103 a cl\u0103dirilor reziden\u021biale multifamiliale din zona central\u0103 a Municipiului Suceava din cadrul Asocia\u021biei de proprietari Nr. 3 \u2013 Lot 1\u201d a fost finalizat, a anun\u021bat Prim\u0103ria Suceava.<\/p>\n<figure class=\"wp-block-image size-large\"><a href=\"https:\/\/cdn.newsbucovina.ro\/wp-content\/uploads\/2026\/08\/765849307_1364432792559624_2420478050256102563_n.jpg\"><img loading=\"lazy\" decoding=\"async\" width=\"1024\" height=\"576\" src=\"https:\/\/cdn.newsbucovina.ro\/wp-content\/uploads\/2026\/08\/765849307_1364432792559624_2420478050256102563_n-1024x576.jpg\" alt class=\"wp-image-445716\"><\/a><\/figure>\n<p class=\"wp-block-paragraph\">Investi\u021bia, finan\u021bat\u0103 prin Planul Na\u021bional de Redresare \u0219i Rezilien\u021b\u0103 (PNRR), Componenta C5 \u2013 Valul Renov\u0103rii, a avut o valoare total\u0103 de 14.351.800,90 lei (TVA inclus), din care 13.531.236,77 lei au reprezentat cheltuieli eligibile.<\/p>\n<p class=\"wp-block-paragraph\">Lucr\u0103rile au vizat trei cl\u0103diri reziden\u021biale multifamiliale situate pe str\u0103zile \u0218tefan cel Mare \u0219i Vasile Alecsandri, cu o suprafa\u021b\u0103 total\u0103 desf\u0103\u0219urat\u0103 renovat\u0103 de 11.549,34 mp. Interven\u021biile au inclus izolarea termic\u0103 a cl\u0103dirilor, \u00eenlocuirea t\u00e2mpl\u0103riei exterioare cu solu\u021bii eficiente energetic, refacerea finisajelor interioare \u0219i exterioare, modernizarea acoperi\u0219urilor, precum \u0219i reabilitarea instala\u021biilor de \u00eenc\u0103lzire \u0219i iluminat. A fost instalat \u0219i un sistem de panouri fotovoltaice de 12 kW, destinat aliment\u0103rii spa\u021biilor comune.<\/p>\n<p class=\"wp-block-paragraph\">Execu\u021bia a fost realizat\u0103 de SC Energo Construc\u021bii Civile \u0219i Industriale SRL, cu subcontractant SC Tehnoelectric SRL, \u00een perioada 10 martie 2025 \u2013 30 august 2026. Valoarea lucr\u0103rilor a fost de 9.331.241,49 lei, f\u0103r\u0103 TVA.<\/p>\n<p class=\"wp-block-paragraph\">Proiectul contribuie la reducerea consumului de energie, sc\u0103derea emisiilor de CO2 \u0219i \u00eembun\u0103t\u0103\u021birea confortului termic \u0219i acustic al locatarilor. Interven\u021biile au un impact pozitiv \u0219i asupra aspectului urbanistic al zonei centrale. Lucr\u0103rile au fost executate cu respectarea documenta\u021biilor tehnico-economice \u0219i a avizelor, imobilele fiind situate \u00een zona de protec\u021bie a monumentelor istorice.<\/p>\n<figure class=\"wp-block-embed is-type-video is-provider-youtube wp-block-embed-youtube wp-embed-aspect-16-9 wp-has-aspect-ratio\">\n<div class=\"wp-block-embed__wrapper\">\n<div class=\"youtube-embed\" data-video_id=\"uYtccfvP5bg\"><iframe loading=\"lazy\" title=\"Ce n-a v\u0103zut Paris-ul .. va vedea Suceava!! Nu-i chip s\u0103-i opre\u0219ti! Pe 4 septembrie va fi STOP joc\u2026\" width=\"696\" height=\"392\" src=\"https:\/\/www.youtube.com\/embed\/uYtccfvP5bg?feature=oembed&amp;enablejsapi=1\" frameborder allow=\"accelerometer; autoplay; clipboard-write; encrypted-media; gyroscope; picture-in-picture; web-share\" referrerpolicy=\"strict-origin-when-cross-origin\" allowfullscreen><\/iframe><\/div>\n<\/div>\n<\/figure>\n<div class=\"td-a-rec td-a-rec-id-content_bottom  tdi_4 td_block_template_1\"><strong>Intr\u0103 acum \u0219i \u00een grupul de <\/p>\n<div class=\"wp-block-button\"><a class=\"wp-block-button__link wp-element-button\" href=\"https:\/\/t.me\/+TH8wcfnp8fw5NWI0\">Telegram News Bucovina<\/a><\/div>\n<p><\/strong><\/div>\n<\/div>\n<p>[analyse_source url=&#8221;https:\/\/www.newsbucovina.ro\/actualitate\/445715\/proiect-pnrr-finalizat-in-centrul-sucevei-trei-blocuri-din-asociatia-de-proprietari-nr-3-au-fost-renovate-energetic&#8221;]<\/p>\n","protected":false},"excerpt":{"rendered":"<p>[analyse_image type=&#8221;featured&#8221; src=&#8221;https:\/\/www.newsbucovina.ro\/wp-content\/uploads\/2026\/08\/765849307_1364432792559624_2420478050256102563_n.jpghttps:\/\/cdn.newsbucovina.ro\/wp-content\/uploads\/2026\/08\/765849307_1364432792559624_2420478050256102563_n.jpg&#8221;] Intr\u0103 acum \u0219i \u00een grupul de Telegram News Bucovina Proiectul \u201eRenovarea energetic\u0103 a cl\u0103dirilor reziden\u021biale multifamiliale din zona central\u0103 a Municipiului Suceava din cadrul Asocia\u021biei de proprietari Nr. 3 \u2013 Lot 1\u201d a fost finalizat, a anun\u021bat Prim\u0103ria Suceava. Investi\u021bia, finan\u021bat\u0103 prin Planul Na\u021bional de Redresare \u0219i Rezilien\u021b\u0103 (PNRR), Componenta C5 \u2013 [&hellip;]<\/p>\n","protected":false},"author":1,"featured_media":0,"comment_status":"open","ping_status":"","sticky":false,"template":"","format":"standard","meta":{"footnotes":""},"categories":[89],"tags":[226,165],"class_list":["post-2079709","post","type-post","status-publish","format-standard","hentry","category-romania","tag-crawlmanager","tag-newsbucovina-ro"],"_links":{"self":[{"href":"https:\/\/analyse.optim.biz\/index.php?rest_route=\/wp\/v2\/posts\/2079709","targetHints":{"allow":["GET"]}}],"collection":[{"href":"https:\/\/analyse.optim.biz\/index.php?rest_route=\/wp\/v2\/posts"}],"about":[{"href":"https:\/\/analyse.optim.biz\/index.php?rest_route=\/wp\/v2\/types\/post"}],"author":[{"embeddable":true,"href":"https:\/\/analyse.optim.biz\/index.php?rest_route=\/wp\/v2\/users\/1"}],"replies":[{"embeddable":true,"href":"https:\/\/analyse.optim.biz\/index.php?rest_route=%2Fwp%2Fv2%2Fcomments&post=2079709"}],"version-history":[{"count":0,"href":"https:\/\/analyse.optim.biz\/index.php?rest_route=\/wp\/v2\/posts\/2079709\/revisions"}],"wp:attachment":[{"href":"https:\/\/analyse.optim.biz\/index.php?rest_route=%2Fwp%2Fv2%2Fmedia&parent=2079709"}],"wp:term":[{"taxonomy":"category","embeddable":true,"href":"https:\/\/analyse.optim.biz\/index.php?rest_route=%2Fwp%2Fv2%2Fcategories&post=2079709"},{"taxonomy":"post_tag","embeddable":true,"href":"https:\/\/analyse.optim.biz\/index.php?rest_route=%2Fwp%2Fv2%2Ftags&post=2079709"}],"curies":[{"name":"wp","href":"https:\/\/api.w.org\/{rel}","templated":true}]}}