{"id":2079703,"date":"2026-08-05T06:00:58","date_gmt":"2026-08-05T03:00:58","guid":{"rendered":"https:\/\/analyse.optim.biz\/?p=2079703"},"modified":"2026-08-05T06:00:58","modified_gmt":"2026-08-05T03:00:58","slug":"primarul-vasile-rimbu-continua-campania-de-mesaje-incurajatoare-fiecare-cartier-are-prioritate-nimeni-nu-va-fi-lasat-in-urma","status":"publish","type":"post","link":"https:\/\/analyse.optim.biz\/?p=2079703","title":{"rendered":"Primarul Vasile R\u00eembu continu\u0103 campania de mesaje \u00eencurajatoare: \u201eFiecare cartier are prioritate. Nimeni nu va fi l\u0103sat \u00een urm\u0103\u201d"},"content":{"rendered":"<p>[analyse_image type=&#8221;featured&#8221; src=&#8221;https:\/\/www.newsbucovina.ro\/wp-content\/uploads\/2025\/12\/Vasile-Rimbu.jpghttps:\/\/cdn.newsbucovina.ro\/wp-content\/uploads\/2025\/12\/Vasile-Rimbu.jpg&#8221;]<\/p>\n<div class=\"td-post-content tagdiv-type\">\n<div class=\"td-a-rec td-a-rec-id-content_top  tdi_3 td_block_template_1\"><strong>Intr\u0103 acum \u0219i \u00een grupul de <\/p>\n<div class=\"wp-block-button\"><a class=\"wp-block-button__link wp-element-button\" href=\"https:\/\/t.me\/+TH8wcfnp8fw5NWI0\">Telegram News Bucovina<\/a><\/div>\n<p><\/strong><\/div>\n<p class=\"wp-block-paragraph\">Primarul municipiului Suceava, Vasile R\u00eembu, a transmis un mesaj \u00een care asigur\u0103 locuitorii c\u0103 modernizarea ora\u0219ului va cuprinde toate cartierele, f\u0103r\u0103 excep\u021bii.<\/p>\n<figure class=\"wp-block-image size-large\"><a href=\"https:\/\/cdn.newsbucovina.ro\/wp-content\/uploads\/2025\/12\/Vasile-Rimbu.jpg\"><img loading=\"lazy\" decoding=\"async\" width=\"1024\" height=\"576\" src=\"https:\/\/cdn.newsbucovina.ro\/wp-content\/uploads\/2025\/12\/Vasile-Rimbu-1024x576.jpg\" alt class=\"wp-image-428446\"><\/a><\/figure>\n<p class=\"wp-block-paragraph\">Edilul a recunoscut c\u0103 zone precum I\u021bcani, Obcini sau Cuza Vod\u0103 I au a\u0219teptat foarte mult, uneori peste 20 de ani, \u0219i c\u0103 locuitorii au fost, \u00een trecut, dezam\u0103gi\u021bi.<\/p>\n<p class=\"wp-block-paragraph\">\u201eModernizarea nu e un favor f\u0103cut cuiva, ci o obliga\u021bie moral\u0103 \u0219i administrativ\u0103 pe care mi-am asumat-o\u201d, a subliniat R\u00eembu.<\/p>\n<p class=\"wp-block-paragraph\">Primarul a explicat c\u0103 \u00eentre dorin\u021b\u0103 \u0219i realizare exist\u0103 un drum al documenta\u021biilor care nu poate fi parcurs peste noapte. Este vorba, potrivit acestuia, de o munc\u0103 nev\u0103zut\u0103 de care depinde calitatea lucr\u0103rilor ce vor urma. Fiecare proiect presupune responsabilitate, verificarea documentelor \u0219i parcurgerea etapelor conform legii.<\/p>\n<p class=\"wp-block-paragraph\">Vasile R\u00eembu a precizat c\u0103 dore\u0219te investi\u021bii durabile pentru viitor, nu o grab\u0103 care s\u0103 aduc\u0103 doar aplauze de moment. \u201eOra\u0219ele moderne nu se dezvolt\u0103 prin improviza\u021bii\u201d, a conchis edilul, reiter\u00e2nd mesajul #FacemSuceavaBine \u2013 pentru to\u021bi.<\/p>\n<figure class=\"wp-block-embed is-type-video is-provider-youtube wp-block-embed-youtube wp-embed-aspect-16-9 wp-has-aspect-ratio\">\n<div class=\"wp-block-embed__wrapper\">\n<div class=\"youtube-embed\" data-video_id=\"9lvPGckhaKM\"><iframe loading=\"lazy\" title=\"E nebunie curat\u0103 pe E 85 \u2026 Ziua \u00een care o Femeie a B\u0102(t)UT recordul de alcoolemie la Volan!!\" width=\"696\" height=\"392\" src=\"https:\/\/www.youtube.com\/embed\/9lvPGckhaKM?start=20&amp;feature=oembed\" frameborder allow=\"accelerometer; autoplay; clipboard-write; encrypted-media; gyroscope; picture-in-picture; web-share\" referrerpolicy=\"strict-origin-when-cross-origin\" allowfullscreen><\/iframe><\/div>\n<\/div>\n<\/figure>\n<div class=\"td-a-rec td-a-rec-id-content_bottom  tdi_4 td_block_template_1\"><strong>Intr\u0103 acum \u0219i \u00een grupul de <\/p>\n<div class=\"wp-block-button\"><a class=\"wp-block-button__link wp-element-button\" href=\"https:\/\/t.me\/+TH8wcfnp8fw5NWI0\">Telegram News Bucovina<\/a><\/div>\n<p><\/strong><\/div>\n<\/div>\n<div class=\"td-post-content tagdiv-type\">\n<div class=\"td-a-rec td-a-rec-id-content_top  tdi_3 td_block_template_1\"><strong>Intr\u0103 acum \u0219i \u00een grupul de <\/p>\n<div class=\"wp-block-button\"><a class=\"wp-block-button__link wp-element-button\" href=\"https:\/\/t.me\/+TH8wcfnp8fw5NWI0\">Telegram News Bucovina<\/a><\/div>\n<p><\/strong><\/div>\n<p class=\"wp-block-paragraph\">Primarul municipiului Suceava, Vasile R\u00eembu, a transmis un mesaj \u00een care asigur\u0103 locuitorii c\u0103 modernizarea ora\u0219ului va cuprinde toate cartierele, f\u0103r\u0103 excep\u021bii.<\/p>\n<figure class=\"wp-block-image size-large\"><a href=\"https:\/\/cdn.newsbucovina.ro\/wp-content\/uploads\/2025\/12\/Vasile-Rimbu.jpg\"><img loading=\"lazy\" decoding=\"async\" width=\"1024\" height=\"576\" src=\"https:\/\/cdn.newsbucovina.ro\/wp-content\/uploads\/2025\/12\/Vasile-Rimbu-1024x576.jpg\" alt class=\"wp-image-428446\"><\/a><\/figure>\n<p class=\"wp-block-paragraph\">Edilul a recunoscut c\u0103 zone precum I\u021bcani, Obcini sau Cuza Vod\u0103 I au a\u0219teptat foarte mult, uneori peste 20 de ani, \u0219i c\u0103 locuitorii au fost, \u00een trecut, dezam\u0103gi\u021bi.<\/p>\n<p class=\"wp-block-paragraph\">\u201eModernizarea nu e un favor f\u0103cut cuiva, ci o obliga\u021bie moral\u0103 \u0219i administrativ\u0103 pe care mi-am asumat-o\u201d, a subliniat R\u00eembu.<\/p>\n<p class=\"wp-block-paragraph\">Primarul a explicat c\u0103 \u00eentre dorin\u021b\u0103 \u0219i realizare exist\u0103 un drum al documenta\u021biilor care nu poate fi parcurs peste noapte. Este vorba, potrivit acestuia, de o munc\u0103 nev\u0103zut\u0103 de care depinde calitatea lucr\u0103rilor ce vor urma. Fiecare proiect presupune responsabilitate, verificarea documentelor \u0219i parcurgerea etapelor conform legii.<\/p>\n<p class=\"wp-block-paragraph\">Vasile R\u00eembu a precizat c\u0103 dore\u0219te investi\u021bii durabile pentru viitor, nu o grab\u0103 care s\u0103 aduc\u0103 doar aplauze de moment. \u201eOra\u0219ele moderne nu se dezvolt\u0103 prin improviza\u021bii\u201d, a conchis edilul, reiter\u00e2nd mesajul #FacemSuceavaBine \u2013 pentru to\u021bi.<\/p>\n<figure class=\"wp-block-embed is-type-video is-provider-youtube wp-block-embed-youtube wp-embed-aspect-16-9 wp-has-aspect-ratio\">\n<div class=\"wp-block-embed__wrapper\">\n<div class=\"youtube-embed\" data-video_id=\"9lvPGckhaKM\"><iframe loading=\"lazy\" title=\"E nebunie curat\u0103 pe E 85 \u2026 Ziua \u00een care o Femeie a B\u0102(t)UT recordul de alcoolemie la Volan!!\" width=\"696\" height=\"392\" src=\"https:\/\/www.youtube.com\/embed\/9lvPGckhaKM?start=20&amp;feature=oembed\" frameborder allow=\"accelerometer; autoplay; clipboard-write; encrypted-media; gyroscope; picture-in-picture; web-share\" referrerpolicy=\"strict-origin-when-cross-origin\" allowfullscreen><\/iframe><\/div>\n<\/div>\n<\/figure>\n<div class=\"td-a-rec td-a-rec-id-content_bottom  tdi_4 td_block_template_1\"><strong>Intr\u0103 acum \u0219i \u00een grupul de <\/p>\n<div class=\"wp-block-button\"><a class=\"wp-block-button__link wp-element-button\" href=\"https:\/\/t.me\/+TH8wcfnp8fw5NWI0\">Telegram News Bucovina<\/a><\/div>\n<p><\/strong><\/div>\n<\/div>\n<p>[analyse_source url=&#8221;https:\/\/www.newsbucovina.ro\/actualitate\/445689\/primarul-vasile-rimbu-continua-campania-de-mesaje-incurajatoare-fiecare-cartier-are-prioritate-nimeni-nu-va-fi-lasat-in-urma&#8221;]<\/p>\n","protected":false},"excerpt":{"rendered":"<p>[analyse_image type=&#8221;featured&#8221; src=&#8221;https:\/\/www.newsbucovina.ro\/wp-content\/uploads\/2025\/12\/Vasile-Rimbu.jpghttps:\/\/cdn.newsbucovina.ro\/wp-content\/uploads\/2025\/12\/Vasile-Rimbu.jpg&#8221;] Intr\u0103 acum \u0219i \u00een grupul de Telegram News Bucovina Primarul municipiului Suceava, Vasile R\u00eembu, a transmis un mesaj \u00een care asigur\u0103 locuitorii c\u0103 modernizarea ora\u0219ului va cuprinde toate cartierele, f\u0103r\u0103 excep\u021bii. Edilul a recunoscut c\u0103 zone precum I\u021bcani, Obcini sau Cuza Vod\u0103 I au a\u0219teptat foarte mult, uneori peste 20 de ani, [&hellip;]<\/p>\n","protected":false},"author":1,"featured_media":0,"comment_status":"open","ping_status":"","sticky":false,"template":"","format":"standard","meta":{"footnotes":""},"categories":[89],"tags":[226,165],"class_list":["post-2079703","post","type-post","status-publish","format-standard","hentry","category-romania","tag-crawlmanager","tag-newsbucovina-ro"],"_links":{"self":[{"href":"https:\/\/analyse.optim.biz\/index.php?rest_route=\/wp\/v2\/posts\/2079703","targetHints":{"allow":["GET"]}}],"collection":[{"href":"https:\/\/analyse.optim.biz\/index.php?rest_route=\/wp\/v2\/posts"}],"about":[{"href":"https:\/\/analyse.optim.biz\/index.php?rest_route=\/wp\/v2\/types\/post"}],"author":[{"embeddable":true,"href":"https:\/\/analyse.optim.biz\/index.php?rest_route=\/wp\/v2\/users\/1"}],"replies":[{"embeddable":true,"href":"https:\/\/analyse.optim.biz\/index.php?rest_route=%2Fwp%2Fv2%2Fcomments&post=2079703"}],"version-history":[{"count":0,"href":"https:\/\/analyse.optim.biz\/index.php?rest_route=\/wp\/v2\/posts\/2079703\/revisions"}],"wp:attachment":[{"href":"https:\/\/analyse.optim.biz\/index.php?rest_route=%2Fwp%2Fv2%2Fmedia&parent=2079703"}],"wp:term":[{"taxonomy":"category","embeddable":true,"href":"https:\/\/analyse.optim.biz\/index.php?rest_route=%2Fwp%2Fv2%2Fcategories&post=2079703"},{"taxonomy":"post_tag","embeddable":true,"href":"https:\/\/analyse.optim.biz\/index.php?rest_route=%2Fwp%2Fv2%2Ftags&post=2079703"}],"curies":[{"name":"wp","href":"https:\/\/api.w.org\/{rel}","templated":true}]}}