{"id":2079700,"date":"2026-08-05T04:33:40","date_gmt":"2026-08-05T01:33:40","guid":{"rendered":"https:\/\/analyse.optim.biz\/?p=2079700"},"modified":"2026-08-05T04:33:40","modified_gmt":"2026-08-05T01:33:40","slug":"accident-mortal-la-sasca-noua-un-biciclist-a-fost-lovit-de-o-dubita","status":"publish","type":"post","link":"https:\/\/analyse.optim.biz\/?p=2079700","title":{"rendered":"Accident mortal la Sasca Nou\u0103. Un biciclist a fost lovit de o dubi\u021b\u0103"},"content":{"rendered":"<p>[analyse_image type=&#8221;featured&#8221; src=&#8221;https:\/\/www.newsbucovina.ro\/wp-content\/uploads\/2026\/08\/accident-noaptea-ambulanta-5.jpeghttps:\/\/cdn.newsbucovina.ro\/wp-content\/uploads\/2026\/08\/accident-noaptea-ambulanta-5.jpeg&#8221;]<\/p>\n<div class=\"td-post-content tagdiv-type\">\n<div class=\"td-a-rec td-a-rec-id-content_top  tdi_3 td_block_template_1\"><strong>Intr\u0103 acum \u0219i \u00een grupul de <\/p>\n<div class=\"wp-block-button\"><a class=\"wp-block-button__link wp-element-button\" href=\"https:\/\/t.me\/+TH8wcfnp8fw5NWI0\">Telegram News Bucovina<\/a><\/div>\n<p><\/strong><\/div>\n<p class=\"wp-block-paragraph\">\u00cen cursul nop\u021bii trecute, pe raza localit\u0103\u021bii Sasca Nou\u0103 a avut loc un accident rutier \u00een care un biciclist a fost lovit de o dubi\u021b\u0103.<\/p>\n<figure class=\"wp-block-gallery has-nested-images columns-default is-cropped wp-block-gallery-1 is-layout-flex wp-block-gallery-is-layout-flex\">\n<figure class=\"wp-block-image size-large\"><a href=\"https:\/\/cdn.newsbucovina.ro\/wp-content\/uploads\/2026\/08\/accident-noaptea-ambulanta-1.jpeg\"><img loading=\"lazy\" decoding=\"async\" width=\"1024\" height=\"768\" data-id=\"445676\" src=\"https:\/\/cdn.newsbucovina.ro\/wp-content\/uploads\/2026\/08\/accident-noaptea-ambulanta-1-1024x768.jpeg\" alt class=\"wp-image-445676\"><\/a><\/figure>\n<figure class=\"wp-block-image size-large\"><a href=\"https:\/\/cdn.newsbucovina.ro\/wp-content\/uploads\/2026\/08\/accident-noaptea-ambulanta-2.jpeg\"><img loading=\"lazy\" decoding=\"async\" width=\"1024\" height=\"768\" data-id=\"445677\" src=\"https:\/\/cdn.newsbucovina.ro\/wp-content\/uploads\/2026\/08\/accident-noaptea-ambulanta-2-1024x768.jpeg\" alt class=\"wp-image-445677\"><\/a><\/figure>\n<figure class=\"wp-block-image size-large\"><a href=\"https:\/\/cdn.newsbucovina.ro\/wp-content\/uploads\/2026\/08\/accident-noaptea-ambulanta-3.jpeg\"><img decoding=\"async\" loading=\"lazy\" width=\"1024\" height=\"768\" data-id=\"445679\" src=\"https:\/\/cdn.newsbucovina.ro\/wp-content\/uploads\/2026\/08\/accident-noaptea-ambulanta-3-1024x768.jpeg\" alt class=\"wp-image-445679\"><\/a><\/figure>\n<figure class=\"wp-block-image size-large\"><a href=\"https:\/\/cdn.newsbucovina.ro\/wp-content\/uploads\/2026\/08\/accident-noaptea-ambulanta-4.jpeg\"><img decoding=\"async\" loading=\"lazy\" width=\"1024\" height=\"768\" data-id=\"445678\" src=\"https:\/\/cdn.newsbucovina.ro\/wp-content\/uploads\/2026\/08\/accident-noaptea-ambulanta-4-1024x768.jpeg\" alt class=\"wp-image-445678\"><\/a><\/figure>\n<figure class=\"wp-block-image size-large\"><a href=\"https:\/\/cdn.newsbucovina.ro\/wp-content\/uploads\/2026\/08\/accident-noaptea-ambulanta-5.jpeg\"><img decoding=\"async\" loading=\"lazy\" width=\"1024\" height=\"768\" data-id=\"445680\" src=\"https:\/\/cdn.newsbucovina.ro\/wp-content\/uploads\/2026\/08\/accident-noaptea-ambulanta-5-1024x768.jpeg\" alt class=\"wp-image-445680\"><\/a><\/figure>\n<\/figure>\n<p class=\"wp-block-paragraph\">Potrivit purt\u0103torului de cuv\u00e2nt al Serviciului de Ambulan\u021b\u0103 Jude\u021bean Suceava, la fa\u021ba locului a fost trimis un echipaj tip C al Serviciului de Ambulan\u021b\u0103 Jude\u021bean Suceava. Echipajul medical a g\u0103sit victima, un b\u0103rbat de aproximativ 60 de ani, politraumatizat, \u00een stop cardio-respirator.<\/p>\n<p class=\"wp-block-paragraph\">Din p\u0103cate, dup\u0103 manevrele de resuscitare, a fost constatat decesul.<\/p>\n<p class=\"wp-block-paragraph\">Cauzele \u0219i \u00eemprejur\u0103rile exacte ale producerii accidentului urmeaz\u0103 s\u0103 fie stabilite de poli\u021bi\u0219ti.<\/p>\n<figure class=\"wp-block-embed is-type-video is-provider-youtube wp-block-embed-youtube wp-embed-aspect-16-9 wp-has-aspect-ratio\">\n<div class=\"wp-block-embed__wrapper\">\n<div class=\"youtube-embed\" data-video_id=\"EW4vNVg0_gU\"><iframe loading=\"lazy\" title=\"Nici \u00een GRAJD nu miroase a\u0219a!! Z\u0103c\u0103m\u00e2ntul de urin\u0103 din centrul Sucevei face ravagii ...\" width=\"696\" height=\"392\" src=\"https:\/\/www.youtube.com\/embed\/EW4vNVg0_gU?feature=oembed&amp;enablejsapi=1\" frameborder allow=\"accelerometer; autoplay; clipboard-write; encrypted-media; gyroscope; picture-in-picture; web-share\" referrerpolicy=\"strict-origin-when-cross-origin\" allowfullscreen><\/iframe><\/div>\n<\/div>\n<\/figure>\n<div class=\"td-a-rec td-a-rec-id-content_bottom  tdi_4 td_block_template_1\"><strong>Intr\u0103 acum \u0219i \u00een grupul de <\/p>\n<div class=\"wp-block-button\"><a class=\"wp-block-button__link wp-element-button\" href=\"https:\/\/t.me\/+TH8wcfnp8fw5NWI0\">Telegram News Bucovina<\/a><\/div>\n<p><\/strong><\/div>\n<\/div>\n<div class=\"td-post-content tagdiv-type\">\n<div class=\"td-a-rec td-a-rec-id-content_top  tdi_3 td_block_template_1\"><strong>Intr\u0103 acum \u0219i \u00een grupul de <\/p>\n<div class=\"wp-block-button\"><a class=\"wp-block-button__link wp-element-button\" href=\"https:\/\/t.me\/+TH8wcfnp8fw5NWI0\">Telegram News Bucovina<\/a><\/div>\n<p><\/strong><\/div>\n<p class=\"wp-block-paragraph\">\u00cen cursul nop\u021bii trecute, pe raza localit\u0103\u021bii Sasca Nou\u0103 a avut loc un accident rutier \u00een care un biciclist a fost lovit de o dubi\u021b\u0103.<\/p>\n<figure class=\"wp-block-gallery has-nested-images columns-default is-cropped wp-block-gallery-1 is-layout-flex wp-block-gallery-is-layout-flex\">\n<figure class=\"wp-block-image size-large\"><a href=\"https:\/\/cdn.newsbucovina.ro\/wp-content\/uploads\/2026\/08\/accident-noaptea-ambulanta-1.jpeg\"><img loading=\"lazy\" decoding=\"async\" width=\"1024\" height=\"768\" data-id=\"445676\" src=\"https:\/\/cdn.newsbucovina.ro\/wp-content\/uploads\/2026\/08\/accident-noaptea-ambulanta-1-1024x768.jpeg\" alt class=\"wp-image-445676\"><\/a><\/figure>\n<figure class=\"wp-block-image size-large\"><a href=\"https:\/\/cdn.newsbucovina.ro\/wp-content\/uploads\/2026\/08\/accident-noaptea-ambulanta-2.jpeg\"><img loading=\"lazy\" decoding=\"async\" width=\"1024\" height=\"768\" data-id=\"445677\" src=\"https:\/\/cdn.newsbucovina.ro\/wp-content\/uploads\/2026\/08\/accident-noaptea-ambulanta-2-1024x768.jpeg\" alt class=\"wp-image-445677\"><\/a><\/figure>\n<figure class=\"wp-block-image size-large\"><a href=\"https:\/\/cdn.newsbucovina.ro\/wp-content\/uploads\/2026\/08\/accident-noaptea-ambulanta-3.jpeg\"><img decoding=\"async\" loading=\"lazy\" width=\"1024\" height=\"768\" data-id=\"445679\" src=\"https:\/\/cdn.newsbucovina.ro\/wp-content\/uploads\/2026\/08\/accident-noaptea-ambulanta-3-1024x768.jpeg\" alt class=\"wp-image-445679\"><\/a><\/figure>\n<figure class=\"wp-block-image size-large\"><a href=\"https:\/\/cdn.newsbucovina.ro\/wp-content\/uploads\/2026\/08\/accident-noaptea-ambulanta-4.jpeg\"><img decoding=\"async\" loading=\"lazy\" width=\"1024\" height=\"768\" data-id=\"445678\" src=\"https:\/\/cdn.newsbucovina.ro\/wp-content\/uploads\/2026\/08\/accident-noaptea-ambulanta-4-1024x768.jpeg\" alt class=\"wp-image-445678\"><\/a><\/figure>\n<figure class=\"wp-block-image size-large\"><a href=\"https:\/\/cdn.newsbucovina.ro\/wp-content\/uploads\/2026\/08\/accident-noaptea-ambulanta-5.jpeg\"><img decoding=\"async\" loading=\"lazy\" width=\"1024\" height=\"768\" data-id=\"445680\" src=\"https:\/\/cdn.newsbucovina.ro\/wp-content\/uploads\/2026\/08\/accident-noaptea-ambulanta-5-1024x768.jpeg\" alt class=\"wp-image-445680\"><\/a><\/figure>\n<\/figure>\n<p class=\"wp-block-paragraph\">Potrivit purt\u0103torului de cuv\u00e2nt al Serviciului de Ambulan\u021b\u0103 Jude\u021bean Suceava, la fa\u021ba locului a fost trimis un echipaj tip C al Serviciului de Ambulan\u021b\u0103 Jude\u021bean Suceava. Echipajul medical a g\u0103sit victima, un b\u0103rbat de aproximativ 60 de ani, politraumatizat, \u00een stop cardio-respirator.<\/p>\n<p class=\"wp-block-paragraph\">Din p\u0103cate, dup\u0103 manevrele de resuscitare, a fost constatat decesul.<\/p>\n<p class=\"wp-block-paragraph\">Cauzele \u0219i \u00eemprejur\u0103rile exacte ale producerii accidentului urmeaz\u0103 s\u0103 fie stabilite de poli\u021bi\u0219ti.<\/p>\n<figure class=\"wp-block-embed is-type-video is-provider-youtube wp-block-embed-youtube wp-embed-aspect-16-9 wp-has-aspect-ratio\">\n<div class=\"wp-block-embed__wrapper\">\n<div class=\"youtube-embed\" data-video_id=\"EW4vNVg0_gU\"><iframe loading=\"lazy\" title=\"Nici \u00een GRAJD nu miroase a\u0219a!! Z\u0103c\u0103m\u00e2ntul de urin\u0103 din centrul Sucevei face ravagii ...\" width=\"696\" height=\"392\" src=\"https:\/\/www.youtube.com\/embed\/EW4vNVg0_gU?feature=oembed&amp;enablejsapi=1\" frameborder allow=\"accelerometer; autoplay; clipboard-write; encrypted-media; gyroscope; picture-in-picture; web-share\" referrerpolicy=\"strict-origin-when-cross-origin\" allowfullscreen><\/iframe><\/div>\n<\/div>\n<\/figure>\n<div class=\"td-a-rec td-a-rec-id-content_bottom  tdi_4 td_block_template_1\"><strong>Intr\u0103 acum \u0219i \u00een grupul de <\/p>\n<div class=\"wp-block-button\"><a class=\"wp-block-button__link wp-element-button\" href=\"https:\/\/t.me\/+TH8wcfnp8fw5NWI0\">Telegram News Bucovina<\/a><\/div>\n<p><\/strong><\/div>\n<\/div>\n<p>[analyse_source url=&#8221;https:\/\/www.newsbucovina.ro\/actualitate\/445675\/accident-mortal-la-sasca-noua-un-biciclist-a-fost-lovit-de-o-dubita&#8221;]<\/p>\n","protected":false},"excerpt":{"rendered":"<p>[analyse_image type=&#8221;featured&#8221; src=&#8221;https:\/\/www.newsbucovina.ro\/wp-content\/uploads\/2026\/08\/accident-noaptea-ambulanta-5.jpeghttps:\/\/cdn.newsbucovina.ro\/wp-content\/uploads\/2026\/08\/accident-noaptea-ambulanta-5.jpeg&#8221;] Intr\u0103 acum \u0219i \u00een grupul de Telegram News Bucovina \u00cen cursul nop\u021bii trecute, pe raza localit\u0103\u021bii Sasca Nou\u0103 a avut loc un accident rutier \u00een care un biciclist a fost lovit de o dubi\u021b\u0103. Potrivit purt\u0103torului de cuv\u00e2nt al Serviciului de Ambulan\u021b\u0103 Jude\u021bean Suceava, la fa\u021ba locului a fost trimis un echipaj [&hellip;]<\/p>\n","protected":false},"author":1,"featured_media":0,"comment_status":"open","ping_status":"","sticky":false,"template":"","format":"standard","meta":{"footnotes":""},"categories":[89],"tags":[226,165],"class_list":["post-2079700","post","type-post","status-publish","format-standard","hentry","category-romania","tag-crawlmanager","tag-newsbucovina-ro"],"_links":{"self":[{"href":"https:\/\/analyse.optim.biz\/index.php?rest_route=\/wp\/v2\/posts\/2079700","targetHints":{"allow":["GET"]}}],"collection":[{"href":"https:\/\/analyse.optim.biz\/index.php?rest_route=\/wp\/v2\/posts"}],"about":[{"href":"https:\/\/analyse.optim.biz\/index.php?rest_route=\/wp\/v2\/types\/post"}],"author":[{"embeddable":true,"href":"https:\/\/analyse.optim.biz\/index.php?rest_route=\/wp\/v2\/users\/1"}],"replies":[{"embeddable":true,"href":"https:\/\/analyse.optim.biz\/index.php?rest_route=%2Fwp%2Fv2%2Fcomments&post=2079700"}],"version-history":[{"count":0,"href":"https:\/\/analyse.optim.biz\/index.php?rest_route=\/wp\/v2\/posts\/2079700\/revisions"}],"wp:attachment":[{"href":"https:\/\/analyse.optim.biz\/index.php?rest_route=%2Fwp%2Fv2%2Fmedia&parent=2079700"}],"wp:term":[{"taxonomy":"category","embeddable":true,"href":"https:\/\/analyse.optim.biz\/index.php?rest_route=%2Fwp%2Fv2%2Fcategories&post=2079700"},{"taxonomy":"post_tag","embeddable":true,"href":"https:\/\/analyse.optim.biz\/index.php?rest_route=%2Fwp%2Fv2%2Ftags&post=2079700"}],"curies":[{"name":"wp","href":"https:\/\/api.w.org\/{rel}","templated":true}]}}