{"id":2079697,"date":"2026-08-04T16:37:09","date_gmt":"2026-08-04T13:37:09","guid":{"rendered":"https:\/\/analyse.optim.biz\/?p=2079697"},"modified":"2026-08-04T16:37:09","modified_gmt":"2026-08-04T13:37:09","slug":"femeie-din-darmanesti-retinuta-in-arest-dupa-un-accident-pe-dn-2-alcoolemia-a-depasit-31-g-l","status":"publish","type":"post","link":"https:\/\/analyse.optim.biz\/?p=2079697","title":{"rendered":"Femeie din D\u0103rm\u0103ne\u0219ti, re\u021binut\u0103 \u00een arest dup\u0103 un accident pe DN 2. Alcoolemia a dep\u0103\u0219it 3,1 g\/l"},"content":{"rendered":"<p>[analyse_image type=&#8221;featured&#8221; src=&#8221;https:\/\/www.newsbucovina.ro\/wp-content\/uploads\/2026\/08\/WhatsApp-Image-2026-08-04-at-19.33.43.jpeghttps:\/\/cdn.newsbucovina.ro\/wp-content\/uploads\/2026\/08\/WhatsApp-Image-2026-08-04-at-19.33.43.jpeg&#8221;]<\/p>\n<div class=\"td-post-content tagdiv-type\">\n<div class=\"td-a-rec td-a-rec-id-content_top  tdi_3 td_block_template_1\"><strong>Intr\u0103 acum \u0219i \u00een grupul de <\/p>\n<div class=\"wp-block-button\"><a class=\"wp-block-button__link wp-element-button\" href=\"https:\/\/t.me\/+TH8wcfnp8fw5NWI0\">Telegram News Bucovina<\/a><\/div>\n<p><\/strong><\/div>\n<p class=\"wp-block-paragraph\">Poli\u021bi\u0219tii din cadrul Biroului Rutier al Poli\u021biei Municipiului Suceava au dispus, \u00een aceast\u0103 sear\u0103, re\u021binerea pentru 24 de ore \u0219i \u00eencarcerarea \u00een Centrul de Re\u021binere \u0219i Arestare Preventiv\u0103 a unei femei de 37 de ani din comuna D\u0103rm\u0103ne\u0219ti, pentru conducerea unui autovehicul sub influen\u021ba b\u0103uturilor alcoolice.<\/p>\n<figure class=\"wp-block-image size-large\"><a href=\"https:\/\/cdn.newsbucovina.ro\/wp-content\/uploads\/2026\/08\/WhatsApp-Image-2026-08-04-at-19.33.43.jpeg\"><img loading=\"lazy\" decoding=\"async\" width=\"1024\" height=\"768\" src=\"https:\/\/cdn.newsbucovina.ro\/wp-content\/uploads\/2026\/08\/WhatsApp-Image-2026-08-04-at-19.33.43-1024x768.jpeg\" alt class=\"wp-image-445672\"><\/a><\/figure>\n<p class=\"wp-block-paragraph\">Potrivit rezultatelor analizelor, la prima prob\u0103 biologic\u0103 de s\u00e2nge femeia a \u00eenregistrat o alcoolemie de 3,12 g\/l, iar la a doua prob\u0103 2,95 g\/l.<\/p>\n<p class=\"wp-block-paragraph\">Evenimentul rutier s-a produs luni, 3 august 2026, \u00een jurul orei 12:40, pe DN 2, \u00eentre localit\u0103\u021bile P\u0103tr\u0103u\u021bi \u0219i D\u0103rm\u0103ne\u0219ti. Femeia conducea un autoturism Audi pe sensul dinspre D\u0103rm\u0103ne\u0219ti spre Suceava \u0219i, pe fondul nerespect\u0103rii distan\u021bei fa\u021b\u0103 de vehiculul din fa\u021b\u0103, a lovit din spate un autoturism Hyundai. \u00cen urma impactului, ma\u0219ina Hyundai a fost proiectat\u0103 \u00een autoturismul care circula pe sensul opus.<\/p>\n<p class=\"wp-block-paragraph\">Din accident nu au rezultat victime. Conduc\u0103torii au fost testa\u021bi cu aparatul etilometru, iar femeia a \u00eenregistrat o valoare de 1,853 mg\/l alcool pur \u00een aerul expirat. Ea a fost condus\u0103 la Unitatea de Primiri Urgen\u021be Suceava pentru recoltarea probelor biologice.<\/p>\n<p class=\"wp-block-paragraph\">Cercet\u0103rile au fost continuate sub aspectul infrac\u021biunii de conducere a unui vehicul sub influen\u021ba alcoolului, fapt\u0103 prev\u0103zut\u0103 de art. 336 alin. (1) din Codul Penal. Femeia urmeaz\u0103 s\u0103 fie prezentat\u0103 unit\u0103\u021bii de parchet competente pentru dispunerea m\u0103surilor procesuale.<\/p>\n<figure class=\"wp-block-embed is-type-video is-provider-youtube wp-block-embed-youtube wp-embed-aspect-16-9 wp-has-aspect-ratio\">\n<div class=\"wp-block-embed__wrapper\">\n<div class=\"youtube-embed\" data-video_id=\"EW4vNVg0_gU\"><iframe loading=\"lazy\" title=\"Nici \u00een GRAJD nu miroase a\u0219a!! Z\u0103c\u0103m\u00e2ntul de urin\u0103 din centrul Sucevei face ravagii ...\" width=\"696\" height=\"392\" src=\"https:\/\/www.youtube.com\/embed\/EW4vNVg0_gU?feature=oembed&amp;enablejsapi=1\" frameborder allow=\"accelerometer; autoplay; clipboard-write; encrypted-media; gyroscope; picture-in-picture; web-share\" referrerpolicy=\"strict-origin-when-cross-origin\" allowfullscreen><\/iframe><\/div>\n<\/div>\n<\/figure>\n<div class=\"td-a-rec td-a-rec-id-content_bottom  tdi_4 td_block_template_1\"><strong>Intr\u0103 acum \u0219i \u00een grupul de <\/p>\n<div class=\"wp-block-button\"><a class=\"wp-block-button__link wp-element-button\" href=\"https:\/\/t.me\/+TH8wcfnp8fw5NWI0\">Telegram News Bucovina<\/a><\/div>\n<p><\/strong><\/div>\n<\/div>\n<div class=\"td-post-content tagdiv-type\">\n<div class=\"td-a-rec td-a-rec-id-content_top  tdi_3 td_block_template_1\"><strong>Intr\u0103 acum \u0219i \u00een grupul de <\/p>\n<div class=\"wp-block-button\"><a class=\"wp-block-button__link wp-element-button\" href=\"https:\/\/t.me\/+TH8wcfnp8fw5NWI0\">Telegram News Bucovina<\/a><\/div>\n<p><\/strong><\/div>\n<p class=\"wp-block-paragraph\">Poli\u021bi\u0219tii din cadrul Biroului Rutier al Poli\u021biei Municipiului Suceava au dispus, \u00een aceast\u0103 sear\u0103, re\u021binerea pentru 24 de ore \u0219i \u00eencarcerarea \u00een Centrul de Re\u021binere \u0219i Arestare Preventiv\u0103 a unei femei de 37 de ani din comuna D\u0103rm\u0103ne\u0219ti, pentru conducerea unui autovehicul sub influen\u021ba b\u0103uturilor alcoolice.<\/p>\n<figure class=\"wp-block-image size-large\"><a href=\"https:\/\/cdn.newsbucovina.ro\/wp-content\/uploads\/2026\/08\/WhatsApp-Image-2026-08-04-at-19.33.43.jpeg\"><img loading=\"lazy\" decoding=\"async\" width=\"1024\" height=\"768\" src=\"https:\/\/cdn.newsbucovina.ro\/wp-content\/uploads\/2026\/08\/WhatsApp-Image-2026-08-04-at-19.33.43-1024x768.jpeg\" alt class=\"wp-image-445672\"><\/a><\/figure>\n<p class=\"wp-block-paragraph\">Potrivit rezultatelor analizelor, la prima prob\u0103 biologic\u0103 de s\u00e2nge femeia a \u00eenregistrat o alcoolemie de 3,12 g\/l, iar la a doua prob\u0103 2,95 g\/l.<\/p>\n<p class=\"wp-block-paragraph\">Evenimentul rutier s-a produs luni, 3 august 2026, \u00een jurul orei 12:40, pe DN 2, \u00eentre localit\u0103\u021bile P\u0103tr\u0103u\u021bi \u0219i D\u0103rm\u0103ne\u0219ti. Femeia conducea un autoturism Audi pe sensul dinspre D\u0103rm\u0103ne\u0219ti spre Suceava \u0219i, pe fondul nerespect\u0103rii distan\u021bei fa\u021b\u0103 de vehiculul din fa\u021b\u0103, a lovit din spate un autoturism Hyundai. \u00cen urma impactului, ma\u0219ina Hyundai a fost proiectat\u0103 \u00een autoturismul care circula pe sensul opus.<\/p>\n<p class=\"wp-block-paragraph\">Din accident nu au rezultat victime. Conduc\u0103torii au fost testa\u021bi cu aparatul etilometru, iar femeia a \u00eenregistrat o valoare de 1,853 mg\/l alcool pur \u00een aerul expirat. Ea a fost condus\u0103 la Unitatea de Primiri Urgen\u021be Suceava pentru recoltarea probelor biologice.<\/p>\n<p class=\"wp-block-paragraph\">Cercet\u0103rile au fost continuate sub aspectul infrac\u021biunii de conducere a unui vehicul sub influen\u021ba alcoolului, fapt\u0103 prev\u0103zut\u0103 de art. 336 alin. (1) din Codul Penal. Femeia urmeaz\u0103 s\u0103 fie prezentat\u0103 unit\u0103\u021bii de parchet competente pentru dispunerea m\u0103surilor procesuale.<\/p>\n<figure class=\"wp-block-embed is-type-video is-provider-youtube wp-block-embed-youtube wp-embed-aspect-16-9 wp-has-aspect-ratio\">\n<div class=\"wp-block-embed__wrapper\">\n<div class=\"youtube-embed\" data-video_id=\"EW4vNVg0_gU\"><iframe loading=\"lazy\" title=\"Nici \u00een GRAJD nu miroase a\u0219a!! Z\u0103c\u0103m\u00e2ntul de urin\u0103 din centrul Sucevei face ravagii ...\" width=\"696\" height=\"392\" src=\"https:\/\/www.youtube.com\/embed\/EW4vNVg0_gU?feature=oembed&amp;enablejsapi=1\" frameborder allow=\"accelerometer; autoplay; clipboard-write; encrypted-media; gyroscope; picture-in-picture; web-share\" referrerpolicy=\"strict-origin-when-cross-origin\" allowfullscreen><\/iframe><\/div>\n<\/div>\n<\/figure>\n<div class=\"td-a-rec td-a-rec-id-content_bottom  tdi_4 td_block_template_1\"><strong>Intr\u0103 acum \u0219i \u00een grupul de <\/p>\n<div class=\"wp-block-button\"><a class=\"wp-block-button__link wp-element-button\" href=\"https:\/\/t.me\/+TH8wcfnp8fw5NWI0\">Telegram News Bucovina<\/a><\/div>\n<p><\/strong><\/div>\n<\/div>\n<p>[analyse_source url=&#8221;https:\/\/www.newsbucovina.ro\/actualitate\/445671\/femeie-din-darmanesti-retinuta-in-arest-dupa-un-accident-pe-dn-2-alcoolemia-a-depasit-31-g-l&#8221;]<\/p>\n","protected":false},"excerpt":{"rendered":"<p>[analyse_image type=&#8221;featured&#8221; src=&#8221;https:\/\/www.newsbucovina.ro\/wp-content\/uploads\/2026\/08\/WhatsApp-Image-2026-08-04-at-19.33.43.jpeghttps:\/\/cdn.newsbucovina.ro\/wp-content\/uploads\/2026\/08\/WhatsApp-Image-2026-08-04-at-19.33.43.jpeg&#8221;] Intr\u0103 acum \u0219i \u00een grupul de Telegram News Bucovina Poli\u021bi\u0219tii din cadrul Biroului Rutier al Poli\u021biei Municipiului Suceava au dispus, \u00een aceast\u0103 sear\u0103, re\u021binerea pentru 24 de ore \u0219i \u00eencarcerarea \u00een Centrul de Re\u021binere \u0219i Arestare Preventiv\u0103 a unei femei de 37 de ani din comuna D\u0103rm\u0103ne\u0219ti, pentru conducerea unui autovehicul sub [&hellip;]<\/p>\n","protected":false},"author":1,"featured_media":0,"comment_status":"open","ping_status":"","sticky":false,"template":"","format":"standard","meta":{"footnotes":""},"categories":[89],"tags":[226,165],"class_list":["post-2079697","post","type-post","status-publish","format-standard","hentry","category-romania","tag-crawlmanager","tag-newsbucovina-ro"],"_links":{"self":[{"href":"https:\/\/analyse.optim.biz\/index.php?rest_route=\/wp\/v2\/posts\/2079697","targetHints":{"allow":["GET"]}}],"collection":[{"href":"https:\/\/analyse.optim.biz\/index.php?rest_route=\/wp\/v2\/posts"}],"about":[{"href":"https:\/\/analyse.optim.biz\/index.php?rest_route=\/wp\/v2\/types\/post"}],"author":[{"embeddable":true,"href":"https:\/\/analyse.optim.biz\/index.php?rest_route=\/wp\/v2\/users\/1"}],"replies":[{"embeddable":true,"href":"https:\/\/analyse.optim.biz\/index.php?rest_route=%2Fwp%2Fv2%2Fcomments&post=2079697"}],"version-history":[{"count":0,"href":"https:\/\/analyse.optim.biz\/index.php?rest_route=\/wp\/v2\/posts\/2079697\/revisions"}],"wp:attachment":[{"href":"https:\/\/analyse.optim.biz\/index.php?rest_route=%2Fwp%2Fv2%2Fmedia&parent=2079697"}],"wp:term":[{"taxonomy":"category","embeddable":true,"href":"https:\/\/analyse.optim.biz\/index.php?rest_route=%2Fwp%2Fv2%2Fcategories&post=2079697"},{"taxonomy":"post_tag","embeddable":true,"href":"https:\/\/analyse.optim.biz\/index.php?rest_route=%2Fwp%2Fv2%2Ftags&post=2079697"}],"curies":[{"name":"wp","href":"https:\/\/api.w.org\/{rel}","templated":true}]}}