{"id":2079694,"date":"2026-08-04T16:16:20","date_gmt":"2026-08-04T13:16:20","guid":{"rendered":"https:\/\/analyse.optim.biz\/?p=2079694"},"modified":"2026-08-04T16:16:20","modified_gmt":"2026-08-04T13:16:20","slug":"arhiepiscopia-sucevei-si-radautilor-anunta-cercetare-canonica-in-cazul-preotului-pensionar-mihai-fediuc","status":"publish","type":"post","link":"https:\/\/analyse.optim.biz\/?p=2079694","title":{"rendered":"Arhiepiscopia Sucevei \u0219i R\u0103d\u0103u\u021bilor anun\u021b\u0103 cercetare canonic\u0103 \u00een cazul preotului pensionar Mihai Fediuc"},"content":{"rendered":"<p>[analyse_image type=&#8221;featured&#8221; src=&#8221;https:\/\/www.newsbucovina.ro\/wp-content\/uploads\/2026\/01\/calinic.pnghttps:\/\/cdn.newsbucovina.ro\/wp-content\/uploads\/2026\/01\/calinic.png&#8221;]<\/p>\n<div class=\"td-post-content tagdiv-type\">\n<div class=\"td-a-rec td-a-rec-id-content_top  tdi_3 td_block_template_1\"><strong>Intr\u0103 acum \u0219i \u00een grupul de <\/p>\n<div class=\"wp-block-button\"><a class=\"wp-block-button__link wp-element-button\" href=\"https:\/\/t.me\/+TH8wcfnp8fw5NWI0\">Telegram News Bucovina<\/a><\/div>\n<p><\/strong><\/div>\n<p class=\"wp-block-paragraph\">Arhiepiscopia Sucevei \u0219i R\u0103d\u0103u\u021bilor a precizat, printr-un comunicat de pres\u0103, c\u0103 a luat act de informa\u021biile ap\u0103rute \u00een spa\u021biul public \u0219i \u00een mediul online referitoare la asocierea p\u0103rintelui Mihai Fediuc, preot pensionar din Protopopiatul R\u0103d\u0103u\u021bi, cu o structur\u0103 religioas\u0103 din afara comuniunii Bisericii Ortodoxe Rom\u00e2ne.<\/p>\n<figure class=\"wp-block-image size-large\"><a href=\"https:\/\/cdn.newsbucovina.ro\/wp-content\/uploads\/2026\/01\/calinic.png\"><img loading=\"lazy\" decoding=\"async\" width=\"1024\" height=\"543\" src=\"https:\/\/cdn.newsbucovina.ro\/wp-content\/uploads\/2026\/01\/calinic-1024x543.png\" alt class=\"wp-image-431109\"><\/a><\/figure>\n<p class=\"wp-block-paragraph\">Institu\u021bia va analiza aceast\u0103 situa\u021bie \u00een conformitate cu prevederile Statutului pentru organizarea \u0219i func\u021bionarea Bisericii Ortodoxe Rom\u00e2ne, ale Regulamentului autorit\u0103\u021bilor canonice disciplinare \u0219i al instan\u021belor de judecat\u0103 ale Bisericii Ortodoxe Rom\u00e2ne, precum \u0219i ale celorlalte norme canonice \u0219i biserice\u0219ti \u00een vigoare.<\/p>\n<p class=\"wp-block-paragraph\">Arhiepiscopia subliniaz\u0103 c\u0103, potrivit r\u00e2nduielilor Bisericii Ortodoxe Rom\u00e2ne, pensionarea unui cleric nu \u00eel scoate de sub ascultarea \u0219i jurisdic\u021bia canonic\u0103 a chiriarhului eparhiei de care apar\u021bine \u0219i nu modific\u0103 obliga\u021biile canonice \u0219i statutare care decurg din calitatea sa de cleric al Bisericii Ortodoxe Rom\u00e2ne.<\/p>\n<p class=\"wp-block-paragraph\">\u00cen vederea clarific\u0103rii tuturor aspectelor, cazul va fi \u00eenaintat inspectorului bisericesc eparhial pentru efectuarea cercet\u0103rii administrativ-canonice. \u00cen func\u021bie de concluziile acesteia, dosarul urmeaz\u0103 s\u0103 fie deferit Consistoriului Eparhial, autoritatea competent\u0103 s\u0103 se pronun\u021be potrivit prevederilor statutare \u0219i regulamentare \u00een vigoare.<\/p>\n<p class=\"wp-block-paragraph\">Arhiepiscopia \u00eendeamn\u0103 clerul \u0219i credincio\u0219ii s\u0103 manifeste discern\u0103m\u00e2nt \u0219i responsabilitate, evit\u00e2nd specula\u021biile \u0219i judec\u0103\u021bile pripite \u0219i av\u00e2nd \u00eencredere \u00een r\u00e2nduiala canonic\u0103 \u0219i \u00een institu\u021biile competente ale Bisericii Ortodoxe Rom\u00e2ne.<\/p>\n<figure class=\"wp-block-embed is-type-video is-provider-youtube wp-block-embed-youtube wp-embed-aspect-16-9 wp-has-aspect-ratio\">\n<div class=\"wp-block-embed__wrapper\">\n<div class=\"youtube-embed\" data-video_id=\"EW4vNVg0_gU\"><iframe loading=\"lazy\" title=\"Nici \u00een GRAJD nu miroase a\u0219a!! Z\u0103c\u0103m\u00e2ntul de urin\u0103 din centrul Sucevei face ravagii ...\" width=\"696\" height=\"392\" src=\"https:\/\/www.youtube.com\/embed\/EW4vNVg0_gU?feature=oembed&amp;enablejsapi=1\" frameborder allow=\"accelerometer; autoplay; clipboard-write; encrypted-media; gyroscope; picture-in-picture; web-share\" referrerpolicy=\"strict-origin-when-cross-origin\" allowfullscreen><\/iframe><\/div>\n<\/div>\n<\/figure>\n<div class=\"td-a-rec td-a-rec-id-content_bottom  tdi_4 td_block_template_1\"><strong>Intr\u0103 acum \u0219i \u00een grupul de <\/p>\n<div class=\"wp-block-button\"><a class=\"wp-block-button__link wp-element-button\" href=\"https:\/\/t.me\/+TH8wcfnp8fw5NWI0\">Telegram News Bucovina<\/a><\/div>\n<p><\/strong><\/div>\n<\/div>\n<div class=\"td-post-content tagdiv-type\">\n<div class=\"td-a-rec td-a-rec-id-content_top  tdi_3 td_block_template_1\"><strong>Intr\u0103 acum \u0219i \u00een grupul de <\/p>\n<div class=\"wp-block-button\"><a class=\"wp-block-button__link wp-element-button\" href=\"https:\/\/t.me\/+TH8wcfnp8fw5NWI0\">Telegram News Bucovina<\/a><\/div>\n<p><\/strong><\/div>\n<p class=\"wp-block-paragraph\">Arhiepiscopia Sucevei \u0219i R\u0103d\u0103u\u021bilor a precizat, printr-un comunicat de pres\u0103, c\u0103 a luat act de informa\u021biile ap\u0103rute \u00een spa\u021biul public \u0219i \u00een mediul online referitoare la asocierea p\u0103rintelui Mihai Fediuc, preot pensionar din Protopopiatul R\u0103d\u0103u\u021bi, cu o structur\u0103 religioas\u0103 din afara comuniunii Bisericii Ortodoxe Rom\u00e2ne.<\/p>\n<figure class=\"wp-block-image size-large\"><a href=\"https:\/\/cdn.newsbucovina.ro\/wp-content\/uploads\/2026\/01\/calinic.png\"><img loading=\"lazy\" decoding=\"async\" width=\"1024\" height=\"543\" src=\"https:\/\/cdn.newsbucovina.ro\/wp-content\/uploads\/2026\/01\/calinic-1024x543.png\" alt class=\"wp-image-431109\"><\/a><\/figure>\n<p class=\"wp-block-paragraph\">Institu\u021bia va analiza aceast\u0103 situa\u021bie \u00een conformitate cu prevederile Statutului pentru organizarea \u0219i func\u021bionarea Bisericii Ortodoxe Rom\u00e2ne, ale Regulamentului autorit\u0103\u021bilor canonice disciplinare \u0219i al instan\u021belor de judecat\u0103 ale Bisericii Ortodoxe Rom\u00e2ne, precum \u0219i ale celorlalte norme canonice \u0219i biserice\u0219ti \u00een vigoare.<\/p>\n<p class=\"wp-block-paragraph\">Arhiepiscopia subliniaz\u0103 c\u0103, potrivit r\u00e2nduielilor Bisericii Ortodoxe Rom\u00e2ne, pensionarea unui cleric nu \u00eel scoate de sub ascultarea \u0219i jurisdic\u021bia canonic\u0103 a chiriarhului eparhiei de care apar\u021bine \u0219i nu modific\u0103 obliga\u021biile canonice \u0219i statutare care decurg din calitatea sa de cleric al Bisericii Ortodoxe Rom\u00e2ne.<\/p>\n<p class=\"wp-block-paragraph\">\u00cen vederea clarific\u0103rii tuturor aspectelor, cazul va fi \u00eenaintat inspectorului bisericesc eparhial pentru efectuarea cercet\u0103rii administrativ-canonice. \u00cen func\u021bie de concluziile acesteia, dosarul urmeaz\u0103 s\u0103 fie deferit Consistoriului Eparhial, autoritatea competent\u0103 s\u0103 se pronun\u021be potrivit prevederilor statutare \u0219i regulamentare \u00een vigoare.<\/p>\n<p class=\"wp-block-paragraph\">Arhiepiscopia \u00eendeamn\u0103 clerul \u0219i credincio\u0219ii s\u0103 manifeste discern\u0103m\u00e2nt \u0219i responsabilitate, evit\u00e2nd specula\u021biile \u0219i judec\u0103\u021bile pripite \u0219i av\u00e2nd \u00eencredere \u00een r\u00e2nduiala canonic\u0103 \u0219i \u00een institu\u021biile competente ale Bisericii Ortodoxe Rom\u00e2ne.<\/p>\n<figure class=\"wp-block-embed is-type-video is-provider-youtube wp-block-embed-youtube wp-embed-aspect-16-9 wp-has-aspect-ratio\">\n<div class=\"wp-block-embed__wrapper\">\n<div class=\"youtube-embed\" data-video_id=\"EW4vNVg0_gU\"><iframe loading=\"lazy\" title=\"Nici \u00een GRAJD nu miroase a\u0219a!! Z\u0103c\u0103m\u00e2ntul de urin\u0103 din centrul Sucevei face ravagii ...\" width=\"696\" height=\"392\" src=\"https:\/\/www.youtube.com\/embed\/EW4vNVg0_gU?feature=oembed&amp;enablejsapi=1\" frameborder allow=\"accelerometer; autoplay; clipboard-write; encrypted-media; gyroscope; picture-in-picture; web-share\" referrerpolicy=\"strict-origin-when-cross-origin\" allowfullscreen><\/iframe><\/div>\n<\/div>\n<\/figure>\n<div class=\"td-a-rec td-a-rec-id-content_bottom  tdi_4 td_block_template_1\"><strong>Intr\u0103 acum \u0219i \u00een grupul de <\/p>\n<div class=\"wp-block-button\"><a class=\"wp-block-button__link wp-element-button\" href=\"https:\/\/t.me\/+TH8wcfnp8fw5NWI0\">Telegram News Bucovina<\/a><\/div>\n<p><\/strong><\/div>\n<\/div>\n<p>[analyse_source url=&#8221;https:\/\/www.newsbucovina.ro\/actualitate\/445669\/arhiepiscopia-sucevei-si-radautilor-anunta-cercetare-canonica-in-cazul-preotului-pensionar-mihai-fediuc&#8221;]<\/p>\n","protected":false},"excerpt":{"rendered":"<p>[analyse_image type=&#8221;featured&#8221; src=&#8221;https:\/\/www.newsbucovina.ro\/wp-content\/uploads\/2026\/01\/calinic.pnghttps:\/\/cdn.newsbucovina.ro\/wp-content\/uploads\/2026\/01\/calinic.png&#8221;] Intr\u0103 acum \u0219i \u00een grupul de Telegram News Bucovina Arhiepiscopia Sucevei \u0219i R\u0103d\u0103u\u021bilor a precizat, printr-un comunicat de pres\u0103, c\u0103 a luat act de informa\u021biile ap\u0103rute \u00een spa\u021biul public \u0219i \u00een mediul online referitoare la asocierea p\u0103rintelui Mihai Fediuc, preot pensionar din Protopopiatul R\u0103d\u0103u\u021bi, cu o structur\u0103 religioas\u0103 din afara comuniunii Bisericii [&hellip;]<\/p>\n","protected":false},"author":1,"featured_media":0,"comment_status":"open","ping_status":"","sticky":false,"template":"","format":"standard","meta":{"footnotes":""},"categories":[89],"tags":[226,165],"class_list":["post-2079694","post","type-post","status-publish","format-standard","hentry","category-romania","tag-crawlmanager","tag-newsbucovina-ro"],"_links":{"self":[{"href":"https:\/\/analyse.optim.biz\/index.php?rest_route=\/wp\/v2\/posts\/2079694","targetHints":{"allow":["GET"]}}],"collection":[{"href":"https:\/\/analyse.optim.biz\/index.php?rest_route=\/wp\/v2\/posts"}],"about":[{"href":"https:\/\/analyse.optim.biz\/index.php?rest_route=\/wp\/v2\/types\/post"}],"author":[{"embeddable":true,"href":"https:\/\/analyse.optim.biz\/index.php?rest_route=\/wp\/v2\/users\/1"}],"replies":[{"embeddable":true,"href":"https:\/\/analyse.optim.biz\/index.php?rest_route=%2Fwp%2Fv2%2Fcomments&post=2079694"}],"version-history":[{"count":0,"href":"https:\/\/analyse.optim.biz\/index.php?rest_route=\/wp\/v2\/posts\/2079694\/revisions"}],"wp:attachment":[{"href":"https:\/\/analyse.optim.biz\/index.php?rest_route=%2Fwp%2Fv2%2Fmedia&parent=2079694"}],"wp:term":[{"taxonomy":"category","embeddable":true,"href":"https:\/\/analyse.optim.biz\/index.php?rest_route=%2Fwp%2Fv2%2Fcategories&post=2079694"},{"taxonomy":"post_tag","embeddable":true,"href":"https:\/\/analyse.optim.biz\/index.php?rest_route=%2Fwp%2Fv2%2Ftags&post=2079694"}],"curies":[{"name":"wp","href":"https:\/\/api.w.org\/{rel}","templated":true}]}}