{"id":2079692,"date":"2026-08-04T12:45:37","date_gmt":"2026-08-04T09:45:37","guid":{"rendered":"https:\/\/analyse.optim.biz\/?p=2079692"},"modified":"2026-08-04T12:45:37","modified_gmt":"2026-08-04T09:45:37","slug":"ips-calinic-dupa-ce-un-credincios-i-a-transmis-ca-sfantul-sinod-a-interzis-din-2013-cununii-in-manastri-cununia-in-manastiri-se-savarseste-doar-in-situatii-exceptionale-cu-binecuvantarea-chiriarhul","status":"publish","type":"post","link":"https:\/\/analyse.optim.biz\/?p=2079692","title":{"rendered":"IPS Calinic, dup\u0103 ce un credincios i-a transmis c\u0103 Sf\u00e2ntul Sinod a interzis din 2013 cununii \u00een m\u0103n\u0103stri: cununia \u00een m\u0103n\u0103stiri se s\u0103v\u00e2r\u0219e\u0219te doar \u00een situa\u021bii excep\u021bionale, cu binecuv\u00e2ntarea chiriarhului"},"content":{"rendered":"<p>[analyse_image type=&#8221;featured&#8221; src=&#8221;https:\/\/www.newsbucovina.ro\/wp-content\/uploads\/2024\/01\/calinic-2.jpghttps:\/\/cdn.newsbucovina.ro\/wp-content\/uploads\/2024\/01\/calinic-2.jpg&#8221;]<\/p>\n<div class=\"td-post-content tagdiv-type\">\n<div class=\"td-a-rec td-a-rec-id-content_top  tdi_3 td_block_template_1\"><strong>Intr\u0103 acum \u0219i \u00een grupul de <\/p>\n<div class=\"wp-block-button\"><a class=\"wp-block-button__link wp-element-button\" href=\"https:\/\/t.me\/+TH8wcfnp8fw5NWI0\">Telegram News Bucovina<\/a><\/div>\n<p><\/strong><\/div>\n<p class=\"wp-block-paragraph\">\u00cenaltpreasfin\u021bitul P\u0103rinte Calinic, Arhiepiscopul Sucevei \u0219i R\u0103d\u0103u\u021bilor, a r\u0103spuns, prin rubrica \u201eR\u0103spunsul Ierarhului\u201d, unei \u00eentreb\u0103ri privind oficierea Tainelor Cununiei \u0219i Botezului \u00een m\u0103n\u0103stiri, practic\u0103 semnalat\u0103 ca fiind contrar\u0103 Hot\u0103r\u00e2rii Sf\u00e2ntului Sinod nr. 311 din 28 februarie 2013.<\/p>\n<figure class=\"wp-block-image size-large\"><a href=\"https:\/\/cdn.newsbucovina.ro\/wp-content\/uploads\/2024\/01\/calinic-2.jpg\"><img loading=\"lazy\" decoding=\"async\" width=\"1024\" height=\"683\" src=\"https:\/\/cdn.newsbucovina.ro\/wp-content\/uploads\/2024\/01\/calinic-2-1024x683.jpg\" alt class=\"wp-image-378690\"><\/a><\/figure>\n<p class=\"wp-block-paragraph\">\u00cen mesajul adresat ierarhului, un credincios semnala cu \u00eengrijorare c\u0103, \u00een ciuda interdic\u021biei sinodale care prevede ca aceste Taine s\u0103 fie s\u0103v\u00e2r\u0219ite exclusiv \u00een bisericile parohiale, se continu\u0103 oficierea lor \u00een a\u0219ez\u0103minte monahale. Autorul atr\u0103gea aten\u021bia c\u0103 m\u0103n\u0103stirea este, prin voca\u021bie, un spa\u021biu al isihiei \u0219i al poc\u0103in\u021bei, nu un centru de evenimente sociale, \u0219i c\u0103 o astfel de practic\u0103 risc\u0103 s\u0103 marginalizeze parohiile \u0219i s\u0103 creeze impresia gre\u0219it\u0103 c\u0103 o Tain\u0103 s\u0103v\u00e2r\u0219it\u0103 \u00eentr-o m\u0103n\u0103stire ar fi \u201emai valid\u0103\u201d sau ar purta un har sporit.<\/p>\n<p class=\"wp-block-paragraph\">\u00cen r\u0103spunsul s\u0103u, \u00cenaltpreasfin\u021bitul P\u0103rinte Calinic a precizat c\u0103, \u00een prezent, Taina Cununiei se s\u0103v\u00e2r\u0219e\u0219te \u00een m\u0103n\u0103stiri numai \u00een anumite situa\u021bii excep\u021bionale, analizate pastoral \u0219i \u00eeng\u0103duite cu binecuv\u00e2ntarea chiriarhului. Este vorba, \u00eentre altele, despre persoane care au avut o leg\u0103tur\u0103 apropiat\u0103 \u0219i \u00eendelungat\u0103 cu un a\u0219ez\u0103m\u00e2nt monahal, pe care l-au ajutat \u00een mod constant, precum \u0219i despre rom\u00e2ni care, din cauza conflictului din Ucraina, nu pot ajunge la parohiile rom\u00e2ne\u0219ti de care apar\u021bin.<\/p>\n<p class=\"wp-block-paragraph\">\u00cen asemenea cazuri, se solicit\u0103 \u00een prealabil acordul preotului paroh, iar acesta este invitat s\u0103 participe la s\u0103v\u00e2r\u0219irea slujbei, potrivit prevederilor Hot\u0103r\u00e2rii Sf\u00e2ntului Sinod nr. 311 din 28 februarie 2013. Nu este vorba, a subliniat ierarhul, despre o practic\u0103 general\u0103 \u0219i nici despre desconsiderarea parohiei, ci despre o iconomie pastoral\u0103 aplicat\u0103 \u00een \u00eemprejur\u0103ri deosebite, cu respectarea leg\u0103turii mirilor cu parohia de care apar\u021bin.<\/p>\n<p class=\"wp-block-paragraph\">S\u0103v\u00e2r\u0219irea Tainei \u00eentr-un astfel de context nu \u00eenseamn\u0103 c\u0103 aceasta ar fi considerat\u0103 mai valoroas\u0103 sau mai plin\u0103 de har dec\u00e2t Cununia oficiat\u0103 \u00eentr-o biseric\u0103 parohial\u0103. Harul Tainei este acela\u0219i, iar parohia r\u0103m\u00e2ne cadrul firesc al vie\u021bii sacramentale a familiei cre\u0219tine, a conchis \u00cenaltpreasfin\u021bitul P\u0103rinte Calinic.<\/p>\n<figure class=\"wp-block-embed is-type-video is-provider-youtube wp-block-embed-youtube wp-embed-aspect-16-9 wp-has-aspect-ratio\">\n<div class=\"wp-block-embed__wrapper\">\n<div class=\"youtube-embed\" data-video_id=\"H5LcMzGH100\"><iframe loading=\"lazy\" title=\"Cum transformi Bucuria-n...SC\u00c2RB\u0102? Te plimbi cu ma\u0219ina Prim\u0103riei ...f\u0103r\u0103 acte! POLI\u021aIA o cam scald\u0103!\" width=\"696\" height=\"392\" src=\"https:\/\/www.youtube.com\/embed\/H5LcMzGH100?feature=oembed&amp;enablejsapi=1\" frameborder allow=\"accelerometer; autoplay; clipboard-write; encrypted-media; gyroscope; picture-in-picture; web-share\" referrerpolicy=\"strict-origin-when-cross-origin\" allowfullscreen><\/iframe><\/div>\n<\/div>\n<\/figure>\n<div class=\"td-a-rec td-a-rec-id-content_bottom  tdi_4 td_block_template_1\"><strong>Intr\u0103 acum \u0219i \u00een grupul de <\/p>\n<div class=\"wp-block-button\"><a class=\"wp-block-button__link wp-element-button\" href=\"https:\/\/t.me\/+TH8wcfnp8fw5NWI0\">Telegram News Bucovina<\/a><\/div>\n<p><\/strong><\/div>\n<\/div>\n<div class=\"td-post-content tagdiv-type\">\n<div class=\"td-a-rec td-a-rec-id-content_top  tdi_3 td_block_template_1\"><strong>Intr\u0103 acum \u0219i \u00een grupul de <\/p>\n<div class=\"wp-block-button\"><a class=\"wp-block-button__link wp-element-button\" href=\"https:\/\/t.me\/+TH8wcfnp8fw5NWI0\">Telegram News Bucovina<\/a><\/div>\n<p><\/strong><\/div>\n<p class=\"wp-block-paragraph\">\u00cenaltpreasfin\u021bitul P\u0103rinte Calinic, Arhiepiscopul Sucevei \u0219i R\u0103d\u0103u\u021bilor, a r\u0103spuns, prin rubrica \u201eR\u0103spunsul Ierarhului\u201d, unei \u00eentreb\u0103ri privind oficierea Tainelor Cununiei \u0219i Botezului \u00een m\u0103n\u0103stiri, practic\u0103 semnalat\u0103 ca fiind contrar\u0103 Hot\u0103r\u00e2rii Sf\u00e2ntului Sinod nr. 311 din 28 februarie 2013.<\/p>\n<figure class=\"wp-block-image size-large\"><a href=\"https:\/\/cdn.newsbucovina.ro\/wp-content\/uploads\/2024\/01\/calinic-2.jpg\"><img loading=\"lazy\" decoding=\"async\" width=\"1024\" height=\"683\" src=\"https:\/\/cdn.newsbucovina.ro\/wp-content\/uploads\/2024\/01\/calinic-2-1024x683.jpg\" alt class=\"wp-image-378690\"><\/a><\/figure>\n<p class=\"wp-block-paragraph\">\u00cen mesajul adresat ierarhului, un credincios semnala cu \u00eengrijorare c\u0103, \u00een ciuda interdic\u021biei sinodale care prevede ca aceste Taine s\u0103 fie s\u0103v\u00e2r\u0219ite exclusiv \u00een bisericile parohiale, se continu\u0103 oficierea lor \u00een a\u0219ez\u0103minte monahale. Autorul atr\u0103gea aten\u021bia c\u0103 m\u0103n\u0103stirea este, prin voca\u021bie, un spa\u021biu al isihiei \u0219i al poc\u0103in\u021bei, nu un centru de evenimente sociale, \u0219i c\u0103 o astfel de practic\u0103 risc\u0103 s\u0103 marginalizeze parohiile \u0219i s\u0103 creeze impresia gre\u0219it\u0103 c\u0103 o Tain\u0103 s\u0103v\u00e2r\u0219it\u0103 \u00eentr-o m\u0103n\u0103stire ar fi \u201emai valid\u0103\u201d sau ar purta un har sporit.<\/p>\n<p class=\"wp-block-paragraph\">\u00cen r\u0103spunsul s\u0103u, \u00cenaltpreasfin\u021bitul P\u0103rinte Calinic a precizat c\u0103, \u00een prezent, Taina Cununiei se s\u0103v\u00e2r\u0219e\u0219te \u00een m\u0103n\u0103stiri numai \u00een anumite situa\u021bii excep\u021bionale, analizate pastoral \u0219i \u00eeng\u0103duite cu binecuv\u00e2ntarea chiriarhului. Este vorba, \u00eentre altele, despre persoane care au avut o leg\u0103tur\u0103 apropiat\u0103 \u0219i \u00eendelungat\u0103 cu un a\u0219ez\u0103m\u00e2nt monahal, pe care l-au ajutat \u00een mod constant, precum \u0219i despre rom\u00e2ni care, din cauza conflictului din Ucraina, nu pot ajunge la parohiile rom\u00e2ne\u0219ti de care apar\u021bin.<\/p>\n<p class=\"wp-block-paragraph\">\u00cen asemenea cazuri, se solicit\u0103 \u00een prealabil acordul preotului paroh, iar acesta este invitat s\u0103 participe la s\u0103v\u00e2r\u0219irea slujbei, potrivit prevederilor Hot\u0103r\u00e2rii Sf\u00e2ntului Sinod nr. 311 din 28 februarie 2013. Nu este vorba, a subliniat ierarhul, despre o practic\u0103 general\u0103 \u0219i nici despre desconsiderarea parohiei, ci despre o iconomie pastoral\u0103 aplicat\u0103 \u00een \u00eemprejur\u0103ri deosebite, cu respectarea leg\u0103turii mirilor cu parohia de care apar\u021bin.<\/p>\n<p class=\"wp-block-paragraph\">S\u0103v\u00e2r\u0219irea Tainei \u00eentr-un astfel de context nu \u00eenseamn\u0103 c\u0103 aceasta ar fi considerat\u0103 mai valoroas\u0103 sau mai plin\u0103 de har dec\u00e2t Cununia oficiat\u0103 \u00eentr-o biseric\u0103 parohial\u0103. Harul Tainei este acela\u0219i, iar parohia r\u0103m\u00e2ne cadrul firesc al vie\u021bii sacramentale a familiei cre\u0219tine, a conchis \u00cenaltpreasfin\u021bitul P\u0103rinte Calinic.<\/p>\n<figure class=\"wp-block-embed is-type-video is-provider-youtube wp-block-embed-youtube wp-embed-aspect-16-9 wp-has-aspect-ratio\">\n<div class=\"wp-block-embed__wrapper\">\n<div class=\"youtube-embed\" data-video_id=\"H5LcMzGH100\"><iframe loading=\"lazy\" title=\"Cum transformi Bucuria-n...SC\u00c2RB\u0102? Te plimbi cu ma\u0219ina Prim\u0103riei ...f\u0103r\u0103 acte! POLI\u021aIA o cam scald\u0103!\" width=\"696\" height=\"392\" src=\"https:\/\/www.youtube.com\/embed\/H5LcMzGH100?feature=oembed&amp;enablejsapi=1\" frameborder allow=\"accelerometer; autoplay; clipboard-write; encrypted-media; gyroscope; picture-in-picture; web-share\" referrerpolicy=\"strict-origin-when-cross-origin\" allowfullscreen><\/iframe><\/div>\n<\/div>\n<\/figure>\n<div class=\"td-a-rec td-a-rec-id-content_bottom  tdi_4 td_block_template_1\"><strong>Intr\u0103 acum \u0219i \u00een grupul de <\/p>\n<div class=\"wp-block-button\"><a class=\"wp-block-button__link wp-element-button\" href=\"https:\/\/t.me\/+TH8wcfnp8fw5NWI0\">Telegram News Bucovina<\/a><\/div>\n<p><\/strong><\/div>\n<\/div>\n<p>[analyse_source url=&#8221;https:\/\/www.newsbucovina.ro\/actualitate\/445629\/ips-calinic-dupa-ce-un-credincios-i-a-transmis-ca-sfantul-sinod-a-interzis-din-2013-cununii-in-manastri-cununia-in-manastiri-se-savarseste-doar-in-situatii-exceptionale-cu-binecuvantarea-chiriarhul&#8221;]<\/p>\n","protected":false},"excerpt":{"rendered":"<p>[analyse_image type=&#8221;featured&#8221; src=&#8221;https:\/\/www.newsbucovina.ro\/wp-content\/uploads\/2024\/01\/calinic-2.jpghttps:\/\/cdn.newsbucovina.ro\/wp-content\/uploads\/2024\/01\/calinic-2.jpg&#8221;] Intr\u0103 acum \u0219i \u00een grupul de Telegram News Bucovina \u00cenaltpreasfin\u021bitul P\u0103rinte Calinic, Arhiepiscopul Sucevei \u0219i R\u0103d\u0103u\u021bilor, a r\u0103spuns, prin rubrica \u201eR\u0103spunsul Ierarhului\u201d, unei \u00eentreb\u0103ri privind oficierea Tainelor Cununiei \u0219i Botezului \u00een m\u0103n\u0103stiri, practic\u0103 semnalat\u0103 ca fiind contrar\u0103 Hot\u0103r\u00e2rii Sf\u00e2ntului Sinod nr. 311 din 28 februarie 2013. \u00cen mesajul adresat ierarhului, un credincios [&hellip;]<\/p>\n","protected":false},"author":1,"featured_media":0,"comment_status":"open","ping_status":"","sticky":false,"template":"","format":"standard","meta":{"footnotes":""},"categories":[89],"tags":[226,165],"class_list":["post-2079692","post","type-post","status-publish","format-standard","hentry","category-romania","tag-crawlmanager","tag-newsbucovina-ro"],"_links":{"self":[{"href":"https:\/\/analyse.optim.biz\/index.php?rest_route=\/wp\/v2\/posts\/2079692","targetHints":{"allow":["GET"]}}],"collection":[{"href":"https:\/\/analyse.optim.biz\/index.php?rest_route=\/wp\/v2\/posts"}],"about":[{"href":"https:\/\/analyse.optim.biz\/index.php?rest_route=\/wp\/v2\/types\/post"}],"author":[{"embeddable":true,"href":"https:\/\/analyse.optim.biz\/index.php?rest_route=\/wp\/v2\/users\/1"}],"replies":[{"embeddable":true,"href":"https:\/\/analyse.optim.biz\/index.php?rest_route=%2Fwp%2Fv2%2Fcomments&post=2079692"}],"version-history":[{"count":0,"href":"https:\/\/analyse.optim.biz\/index.php?rest_route=\/wp\/v2\/posts\/2079692\/revisions"}],"wp:attachment":[{"href":"https:\/\/analyse.optim.biz\/index.php?rest_route=%2Fwp%2Fv2%2Fmedia&parent=2079692"}],"wp:term":[{"taxonomy":"category","embeddable":true,"href":"https:\/\/analyse.optim.biz\/index.php?rest_route=%2Fwp%2Fv2%2Fcategories&post=2079692"},{"taxonomy":"post_tag","embeddable":true,"href":"https:\/\/analyse.optim.biz\/index.php?rest_route=%2Fwp%2Fv2%2Ftags&post=2079692"}],"curies":[{"name":"wp","href":"https:\/\/api.w.org\/{rel}","templated":true}]}}