{"id":2079689,"date":"2026-08-04T11:36:18","date_gmt":"2026-08-04T08:36:18","guid":{"rendered":"https:\/\/analyse.optim.biz\/?p=2079689"},"modified":"2026-08-04T11:36:18","modified_gmt":"2026-08-04T08:36:18","slug":"garda-forestiera-suceava-a-finalizat-un-amplu-program-de-impadurire-peste-2-300-de-hectare-de-paduri-noi-in-cinci-judete-prin-pnrr","status":"publish","type":"post","link":"https:\/\/analyse.optim.biz\/?p=2079689","title":{"rendered":"Garda Forestier\u0103 Suceava a finalizat un amplu program de \u00eemp\u0103durire: Peste 2.300 de hectare de p\u0103duri noi \u00een cinci jude\u021be, prin PNRR."},"content":{"rendered":"<p>[analyse_image type=&#8221;featured&#8221; src=&#8221;https:\/\/www.newsbucovina.ro\/wp-content\/uploads\/2026\/08\/Picture1.jpghttps:\/\/cdn.newsbucovina.ro\/wp-content\/uploads\/2026\/08\/Picture1.jpg&#8221;]<\/p>\n<div class=\"td-post-content tagdiv-type\">\n<div class=\"td-a-rec td-a-rec-id-content_top  tdi_3 td_block_template_1\"><strong>Intr\u0103 acum \u0219i \u00een grupul de <\/p>\n<div class=\"wp-block-button\"><a class=\"wp-block-button__link wp-element-button\" href=\"https:\/\/t.me\/+TH8wcfnp8fw5NWI0\">Telegram News Bucovina<\/a><\/div>\n<p><\/strong><\/div>\n<p class=\"wp-block-paragraph\">Garda Forestier\u0103 Suceava a anun\u021bat finalizarea implement\u0103rii apelului de proiecte PNRR\/2022\/C2\/I.1.A \u2013 \u201eSprijin pentru investi\u021bii \u00een noi suprafe\u021be ocupate de p\u0103duri\u201d, finan\u021bat prin Planul Na\u021bional de Redresare \u0219i Rezilien\u021b\u0103. Programul a permis plantarea a 2.338 de hectare de p\u0103dure nou\u0103 pe teritoriul celor cinci jude\u021be aflate \u00een aria sa de competen\u021b\u0103: Bac\u0103u, Boto\u0219ani, Ia\u0219i, Neam\u021b \u0219i Suceava.<\/p>\n<figure class=\"wp-block-gallery has-nested-images columns-default is-cropped wp-block-gallery-1 is-layout-flex wp-block-gallery-is-layout-flex\">\n<figure class=\"wp-block-image size-large\"><a href=\"https:\/\/cdn.newsbucovina.ro\/wp-content\/uploads\/2026\/08\/01c6b066-df06-4290-a59f-1152412082ac.jpg\"><img loading=\"lazy\" decoding=\"async\" width=\"646\" height=\"1024\" data-id=\"445622\" src=\"https:\/\/cdn.newsbucovina.ro\/wp-content\/uploads\/2026\/08\/01c6b066-df06-4290-a59f-1152412082ac-646x1024.jpg\" alt class=\"wp-image-445622\"><\/a><figcaption class=\"wp-element-caption\">Dagata IASI<\/figcaption><\/figure>\n<figure class=\"wp-block-image size-large\"><a href=\"https:\/\/cdn.newsbucovina.ro\/wp-content\/uploads\/2026\/08\/13b603e4-5945-4183-82c2-9413cf4cf2ca.jpg\"><img loading=\"lazy\" decoding=\"async\" width=\"1024\" height=\"468\" data-id=\"445623\" src=\"https:\/\/cdn.newsbucovina.ro\/wp-content\/uploads\/2026\/08\/13b603e4-5945-4183-82c2-9413cf4cf2ca-1024x468.jpg\" alt class=\"wp-image-445623\"><\/a><figcaption class=\"wp-element-caption\">Cotusca<\/figcaption><\/figure>\n<figure class=\"wp-block-image size-large\"><a href=\"https:\/\/cdn.newsbucovina.ro\/wp-content\/uploads\/2026\/08\/6181ec06-a3b2-4937-b5e3-f4542032a168.jpg\"><img decoding=\"async\" loading=\"lazy\" width=\"660\" height=\"1024\" data-id=\"445621\" src=\"https:\/\/cdn.newsbucovina.ro\/wp-content\/uploads\/2026\/08\/6181ec06-a3b2-4937-b5e3-f4542032a168-660x1024.jpg\" alt class=\"wp-image-445621\"><\/a><figcaption class=\"wp-element-caption\">US.5<\/figcaption><\/figure>\n<figure class=\"wp-block-image size-large\"><a href=\"https:\/\/cdn.newsbucovina.ro\/wp-content\/uploads\/2026\/08\/e203fc43-2a64-4272-b3fa-b1e7441cde60.jpg\"><img decoding=\"async\" loading=\"lazy\" width=\"1024\" height=\"468\" data-id=\"445624\" src=\"https:\/\/cdn.newsbucovina.ro\/wp-content\/uploads\/2026\/08\/e203fc43-2a64-4272-b3fa-b1e7441cde60-1024x468.jpg\" alt class=\"wp-image-445624\"><\/a><figcaption class=\"wp-element-caption\">Cotusca<\/figcaption><\/figure>\n<\/figure>\n<figure class=\"wp-block-image size-large\"><a href=\"https:\/\/cdn.newsbucovina.ro\/wp-content\/uploads\/2026\/08\/Picture1.jpg\"><img decoding=\"async\" loading=\"lazy\" width=\"1024\" height=\"665\" src=\"https:\/\/cdn.newsbucovina.ro\/wp-content\/uploads\/2026\/08\/Picture1-1024x665.jpg\" alt class=\"wp-image-445625\"><\/a><\/figure>\n<p class=\"wp-block-paragraph\">\u00cen cadrul apelului au fost depuse \u0219i verificate 212 proiecte, care \u00eensumau 4.033 de hectare. Dintre acestea, 183 de proiecte au fost acceptate (3.715 hectare), iar 122 au primit finan\u021bare, pentru o suprafa\u021b\u0103 de 2.467 de hectare. \u00cen urma lucr\u0103rilor efective, au fost \u00eemp\u0103durite 2.338 de hectare. Valoarea total\u0103 a investi\u021biilor dep\u0103\u0219e\u0219te 90 de milioane de euro, din care peste 31 de milioane de euro reprezint\u0103 finan\u021bare eligibil\u0103 prin PNRR.<\/p>\n<p class=\"wp-block-paragraph\">Cele mai mari suprafe\u021be plantate se afl\u0103 \u00een jude\u021bele cu deficit de vegeta\u021bie forestier\u0103. Boto\u0219ani a beneficiat de 1.452 de hectare, Ia\u0219i de 437 de hectare, Suceava de 284 de hectare, Bac\u0103u de 130 de hectare, iar Neam\u021b de 35 de hectare. Noile planta\u021bii contribuie la cre\u0219terea conectivit\u0103\u021bii ecologice, la captarea dioxidului de carbon, la reducerea eroziunii solului \u0219i la \u00eembun\u0103t\u0103\u021birea regimului hidrologic local, \u00een special \u00een zonele mai s\u0103race \u00een p\u0103duri.<\/p>\n<p class=\"wp-block-paragraph\">\u00cen paralel, Garda Forestier\u0103 Suceava a derulat \u0219i activit\u0103\u021bi \u00een cadrul apelului PNRR\/2023\/C2\/I.1.B, destinat refacerii fondului forestier afectat de incendii, fenomene meteorologice extreme sau d\u0103un\u0103tori. Au fost implementate dou\u0103 proiecte care au ref\u0103cut 68 de hectare, cu o valoare total\u0103 a investi\u021biilor de 1,1 milioane de euro, din care 740 de mii de euro finan\u021bare eligibil\u0103 prin PNRR.<\/p>\n<p class=\"wp-block-paragraph\">Implementarea programului a fost gestionat\u0103 de o echip\u0103 restr\u00e2ns\u0103 de specialitate, format\u0103 din doar patru persoane, care a verificat documenta\u021biile, a analizat proiectele, a efectuat deplas\u0103ri \u00een teren \u0219i a monitorizat stadiul lucr\u0103rilor pe o arie extins\u0103. Rezultatele \u2013 212 proiecte analizate \u0219i 2.338 de hectare \u00eemp\u0103durite \u2013 arat\u0103 at\u00e2t interesul ridicat al beneficiarilor, c\u00e2t \u0219i efortul logistic sus\u021binut depus de personalul institu\u021biei.<\/p>\n<p class=\"wp-block-paragraph\">Finalizarea plant\u0103rilor nu \u00eenseamn\u0103 \u00eens\u0103 \u00eencheierea responsabilit\u0103\u021bilor. Garda Forestier\u0103 Suceava va continua monitorizarea suprafe\u021belor \u00eemp\u0103durite pe perioada de instalare \u0219i dezvoltare a culturilor, iar dup\u0103 atingerea reu\u0219itei definitive va verifica, cel pu\u021bin anual, timp de 20 de ani, men\u021binerea destina\u021biei terenurilor \u0219i starea planta\u021biilor.<\/p>\n<figure class=\"wp-block-embed is-type-video is-provider-youtube wp-block-embed-youtube wp-embed-aspect-16-9 wp-has-aspect-ratio\">\n<div class=\"wp-block-embed__wrapper\">\n<div class=\"youtube-embed\" data-video_id=\"H5LcMzGH100\"><iframe loading=\"lazy\" title=\"Cum transformi Bucuria-n...SC\u00c2RB\u0102? Te plimbi cu ma\u0219ina Prim\u0103riei ...f\u0103r\u0103 acte! POLI\u021aIA o cam scald\u0103!\" width=\"696\" height=\"392\" src=\"https:\/\/www.youtube.com\/embed\/H5LcMzGH100?feature=oembed&amp;enablejsapi=1\" frameborder allow=\"accelerometer; autoplay; clipboard-write; encrypted-media; gyroscope; picture-in-picture; web-share\" referrerpolicy=\"strict-origin-when-cross-origin\" allowfullscreen><\/iframe><\/div>\n<\/div>\n<\/figure>\n<div class=\"td-a-rec td-a-rec-id-content_bottom  tdi_4 td_block_template_1\"><strong>Intr\u0103 acum \u0219i \u00een grupul de <\/p>\n<div class=\"wp-block-button\"><a class=\"wp-block-button__link wp-element-button\" href=\"https:\/\/t.me\/+TH8wcfnp8fw5NWI0\">Telegram News Bucovina<\/a><\/div>\n<p><\/strong><\/div>\n<\/div>\n<div class=\"td-post-content tagdiv-type\">\n<div class=\"td-a-rec td-a-rec-id-content_top  tdi_3 td_block_template_1\"><strong>Intr\u0103 acum \u0219i \u00een grupul de <\/p>\n<div class=\"wp-block-button\"><a class=\"wp-block-button__link wp-element-button\" href=\"https:\/\/t.me\/+TH8wcfnp8fw5NWI0\">Telegram News Bucovina<\/a><\/div>\n<p><\/strong><\/div>\n<p class=\"wp-block-paragraph\">Garda Forestier\u0103 Suceava a anun\u021bat finalizarea implement\u0103rii apelului de proiecte PNRR\/2022\/C2\/I.1.A \u2013 \u201eSprijin pentru investi\u021bii \u00een noi suprafe\u021be ocupate de p\u0103duri\u201d, finan\u021bat prin Planul Na\u021bional de Redresare \u0219i Rezilien\u021b\u0103. Programul a permis plantarea a 2.338 de hectare de p\u0103dure nou\u0103 pe teritoriul celor cinci jude\u021be aflate \u00een aria sa de competen\u021b\u0103: Bac\u0103u, Boto\u0219ani, Ia\u0219i, Neam\u021b \u0219i Suceava.<\/p>\n<figure class=\"wp-block-gallery has-nested-images columns-default is-cropped wp-block-gallery-1 is-layout-flex wp-block-gallery-is-layout-flex\">\n<figure class=\"wp-block-image size-large\"><a href=\"https:\/\/cdn.newsbucovina.ro\/wp-content\/uploads\/2026\/08\/01c6b066-df06-4290-a59f-1152412082ac.jpg\"><img loading=\"lazy\" decoding=\"async\" width=\"646\" height=\"1024\" data-id=\"445622\" src=\"https:\/\/cdn.newsbucovina.ro\/wp-content\/uploads\/2026\/08\/01c6b066-df06-4290-a59f-1152412082ac-646x1024.jpg\" alt class=\"wp-image-445622\"><\/a><figcaption class=\"wp-element-caption\">Dagata IASI<\/figcaption><\/figure>\n<figure class=\"wp-block-image size-large\"><a href=\"https:\/\/cdn.newsbucovina.ro\/wp-content\/uploads\/2026\/08\/13b603e4-5945-4183-82c2-9413cf4cf2ca.jpg\"><img loading=\"lazy\" decoding=\"async\" width=\"1024\" height=\"468\" data-id=\"445623\" src=\"https:\/\/cdn.newsbucovina.ro\/wp-content\/uploads\/2026\/08\/13b603e4-5945-4183-82c2-9413cf4cf2ca-1024x468.jpg\" alt class=\"wp-image-445623\"><\/a><figcaption class=\"wp-element-caption\">Cotusca<\/figcaption><\/figure>\n<figure class=\"wp-block-image size-large\"><a href=\"https:\/\/cdn.newsbucovina.ro\/wp-content\/uploads\/2026\/08\/6181ec06-a3b2-4937-b5e3-f4542032a168.jpg\"><img decoding=\"async\" loading=\"lazy\" width=\"660\" height=\"1024\" data-id=\"445621\" src=\"https:\/\/cdn.newsbucovina.ro\/wp-content\/uploads\/2026\/08\/6181ec06-a3b2-4937-b5e3-f4542032a168-660x1024.jpg\" alt class=\"wp-image-445621\"><\/a><figcaption class=\"wp-element-caption\">US.5<\/figcaption><\/figure>\n<figure class=\"wp-block-image size-large\"><a href=\"https:\/\/cdn.newsbucovina.ro\/wp-content\/uploads\/2026\/08\/e203fc43-2a64-4272-b3fa-b1e7441cde60.jpg\"><img decoding=\"async\" loading=\"lazy\" width=\"1024\" height=\"468\" data-id=\"445624\" src=\"https:\/\/cdn.newsbucovina.ro\/wp-content\/uploads\/2026\/08\/e203fc43-2a64-4272-b3fa-b1e7441cde60-1024x468.jpg\" alt class=\"wp-image-445624\"><\/a><figcaption class=\"wp-element-caption\">Cotusca<\/figcaption><\/figure>\n<\/figure>\n<figure class=\"wp-block-image size-large\"><a href=\"https:\/\/cdn.newsbucovina.ro\/wp-content\/uploads\/2026\/08\/Picture1.jpg\"><img decoding=\"async\" loading=\"lazy\" width=\"1024\" height=\"665\" src=\"https:\/\/cdn.newsbucovina.ro\/wp-content\/uploads\/2026\/08\/Picture1-1024x665.jpg\" alt class=\"wp-image-445625\"><\/a><\/figure>\n<p class=\"wp-block-paragraph\">\u00cen cadrul apelului au fost depuse \u0219i verificate 212 proiecte, care \u00eensumau 4.033 de hectare. Dintre acestea, 183 de proiecte au fost acceptate (3.715 hectare), iar 122 au primit finan\u021bare, pentru o suprafa\u021b\u0103 de 2.467 de hectare. \u00cen urma lucr\u0103rilor efective, au fost \u00eemp\u0103durite 2.338 de hectare. Valoarea total\u0103 a investi\u021biilor dep\u0103\u0219e\u0219te 90 de milioane de euro, din care peste 31 de milioane de euro reprezint\u0103 finan\u021bare eligibil\u0103 prin PNRR.<\/p>\n<p class=\"wp-block-paragraph\">Cele mai mari suprafe\u021be plantate se afl\u0103 \u00een jude\u021bele cu deficit de vegeta\u021bie forestier\u0103. Boto\u0219ani a beneficiat de 1.452 de hectare, Ia\u0219i de 437 de hectare, Suceava de 284 de hectare, Bac\u0103u de 130 de hectare, iar Neam\u021b de 35 de hectare. Noile planta\u021bii contribuie la cre\u0219terea conectivit\u0103\u021bii ecologice, la captarea dioxidului de carbon, la reducerea eroziunii solului \u0219i la \u00eembun\u0103t\u0103\u021birea regimului hidrologic local, \u00een special \u00een zonele mai s\u0103race \u00een p\u0103duri.<\/p>\n<p class=\"wp-block-paragraph\">\u00cen paralel, Garda Forestier\u0103 Suceava a derulat \u0219i activit\u0103\u021bi \u00een cadrul apelului PNRR\/2023\/C2\/I.1.B, destinat refacerii fondului forestier afectat de incendii, fenomene meteorologice extreme sau d\u0103un\u0103tori. Au fost implementate dou\u0103 proiecte care au ref\u0103cut 68 de hectare, cu o valoare total\u0103 a investi\u021biilor de 1,1 milioane de euro, din care 740 de mii de euro finan\u021bare eligibil\u0103 prin PNRR.<\/p>\n<p class=\"wp-block-paragraph\">Implementarea programului a fost gestionat\u0103 de o echip\u0103 restr\u00e2ns\u0103 de specialitate, format\u0103 din doar patru persoane, care a verificat documenta\u021biile, a analizat proiectele, a efectuat deplas\u0103ri \u00een teren \u0219i a monitorizat stadiul lucr\u0103rilor pe o arie extins\u0103. Rezultatele \u2013 212 proiecte analizate \u0219i 2.338 de hectare \u00eemp\u0103durite \u2013 arat\u0103 at\u00e2t interesul ridicat al beneficiarilor, c\u00e2t \u0219i efortul logistic sus\u021binut depus de personalul institu\u021biei.<\/p>\n<p class=\"wp-block-paragraph\">Finalizarea plant\u0103rilor nu \u00eenseamn\u0103 \u00eens\u0103 \u00eencheierea responsabilit\u0103\u021bilor. Garda Forestier\u0103 Suceava va continua monitorizarea suprafe\u021belor \u00eemp\u0103durite pe perioada de instalare \u0219i dezvoltare a culturilor, iar dup\u0103 atingerea reu\u0219itei definitive va verifica, cel pu\u021bin anual, timp de 20 de ani, men\u021binerea destina\u021biei terenurilor \u0219i starea planta\u021biilor.<\/p>\n<figure class=\"wp-block-embed is-type-video is-provider-youtube wp-block-embed-youtube wp-embed-aspect-16-9 wp-has-aspect-ratio\">\n<div class=\"wp-block-embed__wrapper\">\n<div class=\"youtube-embed\" data-video_id=\"H5LcMzGH100\"><iframe loading=\"lazy\" title=\"Cum transformi Bucuria-n...SC\u00c2RB\u0102? Te plimbi cu ma\u0219ina Prim\u0103riei ...f\u0103r\u0103 acte! POLI\u021aIA o cam scald\u0103!\" width=\"696\" height=\"392\" src=\"https:\/\/www.youtube.com\/embed\/H5LcMzGH100?feature=oembed&amp;enablejsapi=1\" frameborder allow=\"accelerometer; autoplay; clipboard-write; encrypted-media; gyroscope; picture-in-picture; web-share\" referrerpolicy=\"strict-origin-when-cross-origin\" allowfullscreen><\/iframe><\/div>\n<\/div>\n<\/figure>\n<div class=\"td-a-rec td-a-rec-id-content_bottom  tdi_4 td_block_template_1\"><strong>Intr\u0103 acum \u0219i \u00een grupul de <\/p>\n<div class=\"wp-block-button\"><a class=\"wp-block-button__link wp-element-button\" href=\"https:\/\/t.me\/+TH8wcfnp8fw5NWI0\">Telegram News Bucovina<\/a><\/div>\n<p><\/strong><\/div>\n<\/div>\n<p>[analyse_source url=&#8221;https:\/\/www.newsbucovina.ro\/actualitate\/445620\/garda-forestiera-suceava-a-finalizat-un-amplu-program-de-impadurire-peste-2-300-de-hectare-de-paduri-noi-in-cinci-judete-prin-pnrr&#8221;]<\/p>\n","protected":false},"excerpt":{"rendered":"<p>[analyse_image type=&#8221;featured&#8221; src=&#8221;https:\/\/www.newsbucovina.ro\/wp-content\/uploads\/2026\/08\/Picture1.jpghttps:\/\/cdn.newsbucovina.ro\/wp-content\/uploads\/2026\/08\/Picture1.jpg&#8221;] Intr\u0103 acum \u0219i \u00een grupul de Telegram News Bucovina Garda Forestier\u0103 Suceava a anun\u021bat finalizarea implement\u0103rii apelului de proiecte PNRR\/2022\/C2\/I.1.A \u2013 \u201eSprijin pentru investi\u021bii \u00een noi suprafe\u021be ocupate de p\u0103duri\u201d, finan\u021bat prin Planul Na\u021bional de Redresare \u0219i Rezilien\u021b\u0103. Programul a permis plantarea a 2.338 de hectare de p\u0103dure nou\u0103 pe teritoriul celor [&hellip;]<\/p>\n","protected":false},"author":1,"featured_media":0,"comment_status":"open","ping_status":"","sticky":false,"template":"","format":"standard","meta":{"footnotes":""},"categories":[89],"tags":[226,165],"class_list":["post-2079689","post","type-post","status-publish","format-standard","hentry","category-romania","tag-crawlmanager","tag-newsbucovina-ro"],"_links":{"self":[{"href":"https:\/\/analyse.optim.biz\/index.php?rest_route=\/wp\/v2\/posts\/2079689","targetHints":{"allow":["GET"]}}],"collection":[{"href":"https:\/\/analyse.optim.biz\/index.php?rest_route=\/wp\/v2\/posts"}],"about":[{"href":"https:\/\/analyse.optim.biz\/index.php?rest_route=\/wp\/v2\/types\/post"}],"author":[{"embeddable":true,"href":"https:\/\/analyse.optim.biz\/index.php?rest_route=\/wp\/v2\/users\/1"}],"replies":[{"embeddable":true,"href":"https:\/\/analyse.optim.biz\/index.php?rest_route=%2Fwp%2Fv2%2Fcomments&post=2079689"}],"version-history":[{"count":0,"href":"https:\/\/analyse.optim.biz\/index.php?rest_route=\/wp\/v2\/posts\/2079689\/revisions"}],"wp:attachment":[{"href":"https:\/\/analyse.optim.biz\/index.php?rest_route=%2Fwp%2Fv2%2Fmedia&parent=2079689"}],"wp:term":[{"taxonomy":"category","embeddable":true,"href":"https:\/\/analyse.optim.biz\/index.php?rest_route=%2Fwp%2Fv2%2Fcategories&post=2079689"},{"taxonomy":"post_tag","embeddable":true,"href":"https:\/\/analyse.optim.biz\/index.php?rest_route=%2Fwp%2Fv2%2Ftags&post=2079689"}],"curies":[{"name":"wp","href":"https:\/\/api.w.org\/{rel}","templated":true}]}}