{"id":2079686,"date":"2026-08-04T09:00:12","date_gmt":"2026-08-04T06:00:12","guid":{"rendered":"https:\/\/analyse.optim.biz\/?p=2079686"},"modified":"2026-08-04T09:00:12","modified_gmt":"2026-08-04T06:00:12","slug":"o-femeie-de-52-de-ani-a-murit-dupa-ce-a-cazut-de-la-etaj-in-zona-belvedere-din-suceava","status":"publish","type":"post","link":"https:\/\/analyse.optim.biz\/?p=2079686","title":{"rendered":"O femeie de 52 de ani a murit dup\u0103 ce a c\u0103zut de la etaj \u00een zona Belvedere din Suceava"},"content":{"rendered":"<p>[analyse_image type=&#8221;featured&#8221; src=&#8221;https:\/\/www.newsbucovina.ro\/wp-content\/uploads\/2026\/07\/ambulanta-smurd.jpeghttps:\/\/cdn.newsbucovina.ro\/wp-content\/uploads\/2026\/07\/ambulanta-smurd.jpeg&#8221;]<\/p>\n<div class=\"td-post-content tagdiv-type\">\n<div class=\"td-a-rec td-a-rec-id-content_top  tdi_3 td_block_template_1\"><strong>Intr\u0103 acum \u0219i \u00een grupul de <\/p>\n<div class=\"wp-block-button\"><a class=\"wp-block-button__link wp-element-button\" href=\"https:\/\/t.me\/+TH8wcfnp8fw5NWI0\">Telegram News Bucovina<\/a><\/div>\n<p><\/strong><\/div>\n<p class=\"wp-block-paragraph\">O femeie \u00een v\u00e2rst\u0103 de 52 de ani a fost g\u0103sit\u0103, mar\u021bi diminea\u021ba, \u00een stop cardio-respirator, dup\u0103 ce a c\u0103zut de la \u00een\u0103l\u021bime, \u00een zona Belvedere din municipiul Suceava. <\/p>\n<figure class=\"wp-block-image size-full\"><a href=\"https:\/\/cdn.newsbucovina.ro\/wp-content\/uploads\/2026\/07\/ambulanta-smurd.jpeg\"><img loading=\"lazy\" decoding=\"async\" width=\"964\" height=\"482\" src=\"https:\/\/cdn.newsbucovina.ro\/wp-content\/uploads\/2026\/07\/ambulanta-smurd.jpeg\" alt class=\"wp-image-444798\"><\/a><\/figure>\n<p class=\"wp-block-paragraph\">Potrivit informa\u021biilor furnizate de purt\u0103torul de cuv\u00e2nt al Serviciului de Ambulan\u021b\u0103 Jude\u021bean Suceava, dr. Dan Teodorovici, femeia a c\u0103zut de la etajul 6 sau 8 al unui bloc.<\/p>\n<p class=\"wp-block-paragraph\">La fa\u021ba locului a fost trimis un echipaj tip C al ambulan\u021bei. Medicii au g\u0103sit-o pe femeie \u00een stop cardio-respirator \u0219i au \u00eenceput manevrele de resuscitare. Dup\u0103 aproximativ 40 de minute de eforturi intense, din p\u0103cate, a fost declarat decesul.<\/p>\n<p class=\"wp-block-paragraph\">Evenimentul tragic a avut loc \u00een zona Belvedere din Suceava. Cauzele exacte ale c\u0103derii \u0219i \u00eemprejur\u0103rile \u00een care s-a produs incidentul urmeaz\u0103 s\u0103 fie stabilite de anchetatori.<\/p>\n<figure class=\"wp-block-embed is-type-video is-provider-youtube wp-block-embed-youtube wp-embed-aspect-16-9 wp-has-aspect-ratio\">\n<div class=\"wp-block-embed__wrapper\">\n<div class=\"youtube-embed\" data-video_id=\"H5LcMzGH100\"><iframe loading=\"lazy\" title=\"Cum transformi Bucuria-n...SC\u00c2RB\u0102? Te plimbi cu ma\u0219ina Prim\u0103riei ...f\u0103r\u0103 acte! POLI\u021aIA o cam scald\u0103!\" width=\"696\" height=\"392\" src=\"https:\/\/www.youtube.com\/embed\/H5LcMzGH100?feature=oembed&amp;enablejsapi=1\" frameborder allow=\"accelerometer; autoplay; clipboard-write; encrypted-media; gyroscope; picture-in-picture; web-share\" referrerpolicy=\"strict-origin-when-cross-origin\" allowfullscreen><\/iframe><\/div>\n<\/div>\n<\/figure>\n<div class=\"td-a-rec td-a-rec-id-content_bottom  tdi_4 td_block_template_1\"><strong>Intr\u0103 acum \u0219i \u00een grupul de <\/p>\n<div class=\"wp-block-button\"><a class=\"wp-block-button__link wp-element-button\" href=\"https:\/\/t.me\/+TH8wcfnp8fw5NWI0\">Telegram News Bucovina<\/a><\/div>\n<p><\/strong><\/div>\n<\/div>\n<div class=\"td-post-content tagdiv-type\">\n<div class=\"td-a-rec td-a-rec-id-content_top  tdi_3 td_block_template_1\"><strong>Intr\u0103 acum \u0219i \u00een grupul de <\/p>\n<div class=\"wp-block-button\"><a class=\"wp-block-button__link wp-element-button\" href=\"https:\/\/t.me\/+TH8wcfnp8fw5NWI0\">Telegram News Bucovina<\/a><\/div>\n<p><\/strong><\/div>\n<p class=\"wp-block-paragraph\">O femeie \u00een v\u00e2rst\u0103 de 52 de ani a fost g\u0103sit\u0103, mar\u021bi diminea\u021ba, \u00een stop cardio-respirator, dup\u0103 ce a c\u0103zut de la \u00een\u0103l\u021bime, \u00een zona Belvedere din municipiul Suceava. <\/p>\n<figure class=\"wp-block-image size-full\"><a href=\"https:\/\/cdn.newsbucovina.ro\/wp-content\/uploads\/2026\/07\/ambulanta-smurd.jpeg\"><img loading=\"lazy\" decoding=\"async\" width=\"964\" height=\"482\" src=\"https:\/\/cdn.newsbucovina.ro\/wp-content\/uploads\/2026\/07\/ambulanta-smurd.jpeg\" alt class=\"wp-image-444798\"><\/a><\/figure>\n<p class=\"wp-block-paragraph\">Potrivit informa\u021biilor furnizate de purt\u0103torul de cuv\u00e2nt al Serviciului de Ambulan\u021b\u0103 Jude\u021bean Suceava, dr. Dan Teodorovici, femeia a c\u0103zut de la etajul 6 sau 8 al unui bloc.<\/p>\n<p class=\"wp-block-paragraph\">La fa\u021ba locului a fost trimis un echipaj tip C al ambulan\u021bei. Medicii au g\u0103sit-o pe femeie \u00een stop cardio-respirator \u0219i au \u00eenceput manevrele de resuscitare. Dup\u0103 aproximativ 40 de minute de eforturi intense, din p\u0103cate, a fost declarat decesul.<\/p>\n<p class=\"wp-block-paragraph\">Evenimentul tragic a avut loc \u00een zona Belvedere din Suceava. Cauzele exacte ale c\u0103derii \u0219i \u00eemprejur\u0103rile \u00een care s-a produs incidentul urmeaz\u0103 s\u0103 fie stabilite de anchetatori.<\/p>\n<figure class=\"wp-block-embed is-type-video is-provider-youtube wp-block-embed-youtube wp-embed-aspect-16-9 wp-has-aspect-ratio\">\n<div class=\"wp-block-embed__wrapper\">\n<div class=\"youtube-embed\" data-video_id=\"H5LcMzGH100\"><iframe loading=\"lazy\" title=\"Cum transformi Bucuria-n...SC\u00c2RB\u0102? Te plimbi cu ma\u0219ina Prim\u0103riei ...f\u0103r\u0103 acte! POLI\u021aIA o cam scald\u0103!\" width=\"696\" height=\"392\" src=\"https:\/\/www.youtube.com\/embed\/H5LcMzGH100?feature=oembed&amp;enablejsapi=1\" frameborder allow=\"accelerometer; autoplay; clipboard-write; encrypted-media; gyroscope; picture-in-picture; web-share\" referrerpolicy=\"strict-origin-when-cross-origin\" allowfullscreen><\/iframe><\/div>\n<\/div>\n<\/figure>\n<div class=\"td-a-rec td-a-rec-id-content_bottom  tdi_4 td_block_template_1\"><strong>Intr\u0103 acum \u0219i \u00een grupul de <\/p>\n<div class=\"wp-block-button\"><a class=\"wp-block-button__link wp-element-button\" href=\"https:\/\/t.me\/+TH8wcfnp8fw5NWI0\">Telegram News Bucovina<\/a><\/div>\n<p><\/strong><\/div>\n<\/div>\n<p>[analyse_source url=&#8221;https:\/\/www.newsbucovina.ro\/actualitate\/445612\/o-femeie-de-52-de-ani-a-murit-dupa-ce-a-cazut-de-la-etaj-in-zona-belvedere-din-suceava&#8221;]<\/p>\n","protected":false},"excerpt":{"rendered":"<p>[analyse_image type=&#8221;featured&#8221; src=&#8221;https:\/\/www.newsbucovina.ro\/wp-content\/uploads\/2026\/07\/ambulanta-smurd.jpeghttps:\/\/cdn.newsbucovina.ro\/wp-content\/uploads\/2026\/07\/ambulanta-smurd.jpeg&#8221;] Intr\u0103 acum \u0219i \u00een grupul de Telegram News Bucovina O femeie \u00een v\u00e2rst\u0103 de 52 de ani a fost g\u0103sit\u0103, mar\u021bi diminea\u021ba, \u00een stop cardio-respirator, dup\u0103 ce a c\u0103zut de la \u00een\u0103l\u021bime, \u00een zona Belvedere din municipiul Suceava. Potrivit informa\u021biilor furnizate de purt\u0103torul de cuv\u00e2nt al Serviciului de Ambulan\u021b\u0103 Jude\u021bean Suceava, dr. [&hellip;]<\/p>\n","protected":false},"author":1,"featured_media":0,"comment_status":"open","ping_status":"","sticky":false,"template":"","format":"standard","meta":{"footnotes":""},"categories":[89],"tags":[226,165],"class_list":["post-2079686","post","type-post","status-publish","format-standard","hentry","category-romania","tag-crawlmanager","tag-newsbucovina-ro"],"_links":{"self":[{"href":"https:\/\/analyse.optim.biz\/index.php?rest_route=\/wp\/v2\/posts\/2079686","targetHints":{"allow":["GET"]}}],"collection":[{"href":"https:\/\/analyse.optim.biz\/index.php?rest_route=\/wp\/v2\/posts"}],"about":[{"href":"https:\/\/analyse.optim.biz\/index.php?rest_route=\/wp\/v2\/types\/post"}],"author":[{"embeddable":true,"href":"https:\/\/analyse.optim.biz\/index.php?rest_route=\/wp\/v2\/users\/1"}],"replies":[{"embeddable":true,"href":"https:\/\/analyse.optim.biz\/index.php?rest_route=%2Fwp%2Fv2%2Fcomments&post=2079686"}],"version-history":[{"count":0,"href":"https:\/\/analyse.optim.biz\/index.php?rest_route=\/wp\/v2\/posts\/2079686\/revisions"}],"wp:attachment":[{"href":"https:\/\/analyse.optim.biz\/index.php?rest_route=%2Fwp%2Fv2%2Fmedia&parent=2079686"}],"wp:term":[{"taxonomy":"category","embeddable":true,"href":"https:\/\/analyse.optim.biz\/index.php?rest_route=%2Fwp%2Fv2%2Fcategories&post=2079686"},{"taxonomy":"post_tag","embeddable":true,"href":"https:\/\/analyse.optim.biz\/index.php?rest_route=%2Fwp%2Fv2%2Ftags&post=2079686"}],"curies":[{"name":"wp","href":"https:\/\/api.w.org\/{rel}","templated":true}]}}