{"id":2079679,"date":"2026-08-04T07:56:10","date_gmt":"2026-08-04T04:56:10","guid":{"rendered":"https:\/\/analyse.optim.biz\/?p=2079679"},"modified":"2026-08-04T07:56:10","modified_gmt":"2026-08-04T04:56:10","slug":"valul-de-caldura-se-intensifica-in-judetul-suceava-cod-portocaliu-de-canicula-disconfort-termic-accentuat-si-nopti-tropicale","status":"publish","type":"post","link":"https:\/\/analyse.optim.biz\/?p=2079679","title":{"rendered":"Valul de c\u0103ldur\u0103 se intensific\u0103 \u00een jude\u021bul Suceava: Cod Portocaliu de canicul\u0103, disconfort termic accentuat \u0219i nop\u021bi tropicale"},"content":{"rendered":"<p>[analyse_image type=&#8221;featured&#8221; src=&#8221;https:\/\/www.newsbucovina.ro\/wp-content\/uploads\/2024\/07\/canicula.jpghttps:\/\/cdn.newsbucovina.ro\/wp-content\/uploads\/2024\/07\/canicula.jpg&#8221;]<\/p>\n<div class=\"td-post-content tagdiv-type\">\n<div class=\"td-a-rec td-a-rec-id-content_top  tdi_3 td_block_template_1\"><strong>Intr\u0103 acum \u0219i \u00een grupul de <\/p>\n<div class=\"wp-block-button\"><a class=\"wp-block-button__link wp-element-button\" href=\"https:\/\/t.me\/+TH8wcfnp8fw5NWI0\">Telegram News Bucovina<\/a><\/div>\n<p><\/strong><\/div>\n<p class=\"wp-block-paragraph\">Administra\u021bia Na\u021bional\u0103 de Meteorologie a emis o informare meteorologic\u0103 valabil\u0103 de mar\u021bi, 4 august, ora 10, p\u00e2n\u0103 s\u00e2mb\u0103t\u0103, 8 august, ora 10, privind un val de c\u0103ldur\u0103 care se va intensifica \u00een aproape toat\u0103 \u021bara, \u00eenso\u021bit de canicul\u0103, disconfort termic ridicat, nop\u021bi tropicale \u0219i episoade de instabilitate atmosferic\u0103.<\/p>\n<figure class=\"wp-block-image size-large\"><a href=\"https:\/\/cdn.newsbucovina.ro\/wp-content\/uploads\/2024\/07\/canicula.jpg\"><img loading=\"lazy\" decoding=\"async\" width=\"1024\" height=\"623\" src=\"https:\/\/cdn.newsbucovina.ro\/wp-content\/uploads\/2024\/07\/canicula-1024x623.jpg\" alt class=\"wp-image-390208\"><\/a><\/figure>\n<p class=\"wp-block-paragraph\">Mar\u021bi, miercuri \u0219i joi valul de c\u0103ldur\u0103 va fi persistent \u0219i se va intensifica \u00een toate regiunile. Vineri intensitatea va sc\u0103dea treptat, iar fenomenul se va restr\u00e2nge c\u0103tre jum\u0103tatea de sud a \u021b\u0103rii. Pe arii relativ extinse va fi canicul\u0103, iar indicele temperatur\u0103-umezeal\u0103 (ITU) va atinge \u0219i dep\u0103\u0219i pragul critic de 80 de unit\u0103\u021bi. Temperaturile maxime vor oscila \u00eentre 29 \u0219i 31 de grade pe litoral \u0219i vor urca p\u00e2n\u0103 la 40-41 de grade \u00een Banat \u0219i Cri\u0219ana. Nop\u021bile vor fi tropicale \u00een cea mai mare parte a \u021b\u0103rii, cu minime de 20-26 de grade.<\/p>\n<p class=\"wp-block-paragraph\"><strong>Cod Galben mar\u021bi pentru Moldova<\/strong><\/p>\n<p class=\"wp-block-paragraph\">Pentru intervalul 4 august, ora 10 \u2013 5 august, ora 10, ANM a emis <strong>Cod Galben<\/strong> de canicul\u0103 \u0219i disconfort termic ridicat pentru Muntenia, Dobrogea, cea mai mare parte a Moldovei \u0219i a Olteniei, precum \u0219i pentru estul \u0219i sud-estul Transilvaniei.<\/p>\n<p class=\"wp-block-paragraph\">\u00cen aceste zone, inclusiv \u00een jude\u021bul Suceava \u0219i \u00een restul Moldovei, se vor \u00eenregistra temperaturi deosebit de ridicate. Pe arii extinse va fi canicul\u0103, iar disconfortul termic va fi ridicat, cu ITU care atinge pragul critic de 80 de unit\u0103\u021bi. Maximele vor fi cuprinse \u00eentre 31-32 de grade pe litoral \u0219i \u00een estul Transilvaniei \u0219i 37-38 de grade \u00een Oltenia \u0219i sud-vestul Munteniei. Pe alocuri noaptea va fi tropical\u0103, cu minime de 20-24 de grade, cele mai ridicate valori urm\u00e2nd a se \u00eenregistra pe litoral.<\/p>\n<p class=\"wp-block-paragraph\"><strong>Cod Portocaliu miercuri<\/strong><\/p>\n<p class=\"wp-block-paragraph\">De miercuri, 5 august, ora 10, p\u00e2n\u0103 joi, 6 august, ora 10, se instituie <strong>Cod Portocaliu<\/strong> pentru Moldova, Oltenia, cea mai mare parte a Transilvaniei, sud-vestul \u0219i centrul Munteniei.<\/p>\n<p class=\"wp-block-paragraph\">\u00cen Moldova, inclusiv \u00een zona Sucevei, valul de c\u0103ldur\u0103 se va intensifica. Va fi canicul\u0103, cu temperaturi maxime de 35-38 de grade. Disconfortul termic va fi accentuat, iar ITU va dep\u0103\u0219i pragul critic de 80 de unit\u0103\u021bi. Local nop\u021bile vor r\u0103m\u00e2ne tropicale, cu minime de 20-24 de grade.<\/p>\n<p class=\"wp-block-paragraph\"><strong>Instabilitate atmosferic\u0103 \u0219i averse<\/strong><\/p>\n<p class=\"wp-block-paragraph\">Pe l\u00e2ng\u0103 c\u0103ldur\u0103, meteorologii anun\u021b\u0103 \u0219i perioade de instabilitate atmosferic\u0103. Mar\u021bi \u0219i miercuri aceasta se va manifesta \u00eendeosebi \u00een zona Carpa\u021bilor Orientali, joi \u00een cea mai mare parte a zonei montane, iar vineri \u00een jum\u0103tatea de nord a teritoriului \u0219i pe arii restr\u00e2nse \u00een rest.<\/p>\n<p class=\"wp-block-paragraph\">Vor ap\u0103rea averse toren\u021biale, desc\u0103rc\u0103ri electrice, intensific\u0103ri ale v\u00e2ntului, vijelii \u0219i, izolat, grindin\u0103. \u00cen intervale scurte de timp (1-3 ore) se pot cumula cantit\u0103\u021bi de ap\u0103 de 10-25 l\/mp.<\/p>\n<p class=\"wp-block-paragraph\">Valul de c\u0103ldur\u0103 r\u0103m\u00e2ne persistent p\u00e2n\u0103 joi, iar vineri se va restr\u00e2nge treptat c\u0103tre sudul \u021b\u0103rii.<\/p>\n<figure class=\"wp-block-embed is-type-video is-provider-youtube wp-block-embed-youtube wp-embed-aspect-16-9 wp-has-aspect-ratio\">\n<div class=\"wp-block-embed__wrapper\">\n<div class=\"youtube-embed\" data-video_id=\"H5LcMzGH100\"><iframe loading=\"lazy\" title=\"Cum transformi Bucuria-n...SC\u00c2RB\u0102? Te plimbi cu ma\u0219ina Prim\u0103riei ...f\u0103r\u0103 acte! POLI\u021aIA o cam scald\u0103!\" width=\"696\" height=\"392\" src=\"https:\/\/www.youtube.com\/embed\/H5LcMzGH100?feature=oembed&amp;enablejsapi=1\" frameborder allow=\"accelerometer; autoplay; clipboard-write; encrypted-media; gyroscope; picture-in-picture; web-share\" referrerpolicy=\"strict-origin-when-cross-origin\" allowfullscreen><\/iframe><\/div>\n<\/div>\n<\/figure>\n<div class=\"td-a-rec td-a-rec-id-content_bottom  tdi_4 td_block_template_1\"><strong>Intr\u0103 acum \u0219i \u00een grupul de <\/p>\n<div class=\"wp-block-button\"><a class=\"wp-block-button__link wp-element-button\" href=\"https:\/\/t.me\/+TH8wcfnp8fw5NWI0\">Telegram News Bucovina<\/a><\/div>\n<p><\/strong><\/div>\n<\/div>\n<div class=\"td-post-content tagdiv-type\">\n<div class=\"td-a-rec td-a-rec-id-content_top  tdi_3 td_block_template_1\"><strong>Intr\u0103 acum \u0219i \u00een grupul de <\/p>\n<div class=\"wp-block-button\"><a class=\"wp-block-button__link wp-element-button\" href=\"https:\/\/t.me\/+TH8wcfnp8fw5NWI0\">Telegram News Bucovina<\/a><\/div>\n<p><\/strong><\/div>\n<p class=\"wp-block-paragraph\">Administra\u021bia Na\u021bional\u0103 de Meteorologie a emis o informare meteorologic\u0103 valabil\u0103 de mar\u021bi, 4 august, ora 10, p\u00e2n\u0103 s\u00e2mb\u0103t\u0103, 8 august, ora 10, privind un val de c\u0103ldur\u0103 care se va intensifica \u00een aproape toat\u0103 \u021bara, \u00eenso\u021bit de canicul\u0103, disconfort termic ridicat, nop\u021bi tropicale \u0219i episoade de instabilitate atmosferic\u0103.<\/p>\n<figure class=\"wp-block-image size-large\"><a href=\"https:\/\/cdn.newsbucovina.ro\/wp-content\/uploads\/2024\/07\/canicula.jpg\"><img loading=\"lazy\" decoding=\"async\" width=\"1024\" height=\"623\" src=\"https:\/\/cdn.newsbucovina.ro\/wp-content\/uploads\/2024\/07\/canicula-1024x623.jpg\" alt class=\"wp-image-390208\"><\/a><\/figure>\n<p class=\"wp-block-paragraph\">Mar\u021bi, miercuri \u0219i joi valul de c\u0103ldur\u0103 va fi persistent \u0219i se va intensifica \u00een toate regiunile. Vineri intensitatea va sc\u0103dea treptat, iar fenomenul se va restr\u00e2nge c\u0103tre jum\u0103tatea de sud a \u021b\u0103rii. Pe arii relativ extinse va fi canicul\u0103, iar indicele temperatur\u0103-umezeal\u0103 (ITU) va atinge \u0219i dep\u0103\u0219i pragul critic de 80 de unit\u0103\u021bi. Temperaturile maxime vor oscila \u00eentre 29 \u0219i 31 de grade pe litoral \u0219i vor urca p\u00e2n\u0103 la 40-41 de grade \u00een Banat \u0219i Cri\u0219ana. Nop\u021bile vor fi tropicale \u00een cea mai mare parte a \u021b\u0103rii, cu minime de 20-26 de grade.<\/p>\n<p class=\"wp-block-paragraph\"><strong>Cod Galben mar\u021bi pentru Moldova<\/strong><\/p>\n<p class=\"wp-block-paragraph\">Pentru intervalul 4 august, ora 10 \u2013 5 august, ora 10, ANM a emis <strong>Cod Galben<\/strong> de canicul\u0103 \u0219i disconfort termic ridicat pentru Muntenia, Dobrogea, cea mai mare parte a Moldovei \u0219i a Olteniei, precum \u0219i pentru estul \u0219i sud-estul Transilvaniei.<\/p>\n<p class=\"wp-block-paragraph\">\u00cen aceste zone, inclusiv \u00een jude\u021bul Suceava \u0219i \u00een restul Moldovei, se vor \u00eenregistra temperaturi deosebit de ridicate. Pe arii extinse va fi canicul\u0103, iar disconfortul termic va fi ridicat, cu ITU care atinge pragul critic de 80 de unit\u0103\u021bi. Maximele vor fi cuprinse \u00eentre 31-32 de grade pe litoral \u0219i \u00een estul Transilvaniei \u0219i 37-38 de grade \u00een Oltenia \u0219i sud-vestul Munteniei. Pe alocuri noaptea va fi tropical\u0103, cu minime de 20-24 de grade, cele mai ridicate valori urm\u00e2nd a se \u00eenregistra pe litoral.<\/p>\n<p class=\"wp-block-paragraph\"><strong>Cod Portocaliu miercuri<\/strong><\/p>\n<p class=\"wp-block-paragraph\">De miercuri, 5 august, ora 10, p\u00e2n\u0103 joi, 6 august, ora 10, se instituie <strong>Cod Portocaliu<\/strong> pentru Moldova, Oltenia, cea mai mare parte a Transilvaniei, sud-vestul \u0219i centrul Munteniei.<\/p>\n<p class=\"wp-block-paragraph\">\u00cen Moldova, inclusiv \u00een zona Sucevei, valul de c\u0103ldur\u0103 se va intensifica. Va fi canicul\u0103, cu temperaturi maxime de 35-38 de grade. Disconfortul termic va fi accentuat, iar ITU va dep\u0103\u0219i pragul critic de 80 de unit\u0103\u021bi. Local nop\u021bile vor r\u0103m\u00e2ne tropicale, cu minime de 20-24 de grade.<\/p>\n<p class=\"wp-block-paragraph\"><strong>Instabilitate atmosferic\u0103 \u0219i averse<\/strong><\/p>\n<p class=\"wp-block-paragraph\">Pe l\u00e2ng\u0103 c\u0103ldur\u0103, meteorologii anun\u021b\u0103 \u0219i perioade de instabilitate atmosferic\u0103. Mar\u021bi \u0219i miercuri aceasta se va manifesta \u00eendeosebi \u00een zona Carpa\u021bilor Orientali, joi \u00een cea mai mare parte a zonei montane, iar vineri \u00een jum\u0103tatea de nord a teritoriului \u0219i pe arii restr\u00e2nse \u00een rest.<\/p>\n<p class=\"wp-block-paragraph\">Vor ap\u0103rea averse toren\u021biale, desc\u0103rc\u0103ri electrice, intensific\u0103ri ale v\u00e2ntului, vijelii \u0219i, izolat, grindin\u0103. \u00cen intervale scurte de timp (1-3 ore) se pot cumula cantit\u0103\u021bi de ap\u0103 de 10-25 l\/mp.<\/p>\n<p class=\"wp-block-paragraph\">Valul de c\u0103ldur\u0103 r\u0103m\u00e2ne persistent p\u00e2n\u0103 joi, iar vineri se va restr\u00e2nge treptat c\u0103tre sudul \u021b\u0103rii.<\/p>\n<figure class=\"wp-block-embed is-type-video is-provider-youtube wp-block-embed-youtube wp-embed-aspect-16-9 wp-has-aspect-ratio\">\n<div class=\"wp-block-embed__wrapper\">\n<div class=\"youtube-embed\" data-video_id=\"H5LcMzGH100\"><iframe loading=\"lazy\" title=\"Cum transformi Bucuria-n...SC\u00c2RB\u0102? Te plimbi cu ma\u0219ina Prim\u0103riei ...f\u0103r\u0103 acte! POLI\u021aIA o cam scald\u0103!\" width=\"696\" height=\"392\" src=\"https:\/\/www.youtube.com\/embed\/H5LcMzGH100?feature=oembed&amp;enablejsapi=1\" frameborder allow=\"accelerometer; autoplay; clipboard-write; encrypted-media; gyroscope; picture-in-picture; web-share\" referrerpolicy=\"strict-origin-when-cross-origin\" allowfullscreen><\/iframe><\/div>\n<\/div>\n<\/figure>\n<div class=\"td-a-rec td-a-rec-id-content_bottom  tdi_4 td_block_template_1\"><strong>Intr\u0103 acum \u0219i \u00een grupul de <\/p>\n<div class=\"wp-block-button\"><a class=\"wp-block-button__link wp-element-button\" href=\"https:\/\/t.me\/+TH8wcfnp8fw5NWI0\">Telegram News Bucovina<\/a><\/div>\n<p><\/strong><\/div>\n<\/div>\n<p>[analyse_source url=&#8221;https:\/\/www.newsbucovina.ro\/actualitate\/445592\/valul-de-caldura-se-intensifica-in-judetul-suceava-cod-portocaliu-de-canicula-disconfort-termic-accentuat-si-nopti-tropicale&#8221;]<\/p>\n","protected":false},"excerpt":{"rendered":"<p>[analyse_image type=&#8221;featured&#8221; src=&#8221;https:\/\/www.newsbucovina.ro\/wp-content\/uploads\/2024\/07\/canicula.jpghttps:\/\/cdn.newsbucovina.ro\/wp-content\/uploads\/2024\/07\/canicula.jpg&#8221;] Intr\u0103 acum \u0219i \u00een grupul de Telegram News Bucovina Administra\u021bia Na\u021bional\u0103 de Meteorologie a emis o informare meteorologic\u0103 valabil\u0103 de mar\u021bi, 4 august, ora 10, p\u00e2n\u0103 s\u00e2mb\u0103t\u0103, 8 august, ora 10, privind un val de c\u0103ldur\u0103 care se va intensifica \u00een aproape toat\u0103 \u021bara, \u00eenso\u021bit de canicul\u0103, disconfort termic ridicat, nop\u021bi tropicale [&hellip;]<\/p>\n","protected":false},"author":1,"featured_media":0,"comment_status":"open","ping_status":"","sticky":false,"template":"","format":"standard","meta":{"footnotes":""},"categories":[89],"tags":[226,165],"class_list":["post-2079679","post","type-post","status-publish","format-standard","hentry","category-romania","tag-crawlmanager","tag-newsbucovina-ro"],"_links":{"self":[{"href":"https:\/\/analyse.optim.biz\/index.php?rest_route=\/wp\/v2\/posts\/2079679","targetHints":{"allow":["GET"]}}],"collection":[{"href":"https:\/\/analyse.optim.biz\/index.php?rest_route=\/wp\/v2\/posts"}],"about":[{"href":"https:\/\/analyse.optim.biz\/index.php?rest_route=\/wp\/v2\/types\/post"}],"author":[{"embeddable":true,"href":"https:\/\/analyse.optim.biz\/index.php?rest_route=\/wp\/v2\/users\/1"}],"replies":[{"embeddable":true,"href":"https:\/\/analyse.optim.biz\/index.php?rest_route=%2Fwp%2Fv2%2Fcomments&post=2079679"}],"version-history":[{"count":0,"href":"https:\/\/analyse.optim.biz\/index.php?rest_route=\/wp\/v2\/posts\/2079679\/revisions"}],"wp:attachment":[{"href":"https:\/\/analyse.optim.biz\/index.php?rest_route=%2Fwp%2Fv2%2Fmedia&parent=2079679"}],"wp:term":[{"taxonomy":"category","embeddable":true,"href":"https:\/\/analyse.optim.biz\/index.php?rest_route=%2Fwp%2Fv2%2Fcategories&post=2079679"},{"taxonomy":"post_tag","embeddable":true,"href":"https:\/\/analyse.optim.biz\/index.php?rest_route=%2Fwp%2Fv2%2Ftags&post=2079679"}],"curies":[{"name":"wp","href":"https:\/\/api.w.org\/{rel}","templated":true}]}}