{"id":2079677,"date":"2026-08-05T09:31:35","date_gmt":"2026-08-05T06:31:35","guid":{"rendered":"https:\/\/analyse.optim.biz\/?p=2079677"},"modified":"2026-08-05T09:31:35","modified_gmt":"2026-08-05T06:31:35","slug":"comisarul-general-al-garzii-de-mediu-andrei-corlan-reactioneaza-dupa-anuntul-ministerului-mediului-orice-judecata-de-valoare-trebuie-emisa-la-finalul-verificarii","status":"publish","type":"post","link":"https:\/\/analyse.optim.biz\/?p=2079677","title":{"rendered":"Comisarul general al G\u0103rzii de Mediu, Andrei Corlan, reac\u021bioneaz\u0103 dup\u0103 anun\u021bul Ministerului Mediului: \u201eOrice judecat\u0103 de valoare trebuie emis\u0103 la finalul verific\u0103rii\u201d"},"content":{"rendered":"<p>[analyse_image type=&#8221;featured&#8221; src=&#8221;https:\/\/www.newsbucovina.ro\/wp-content\/uploads\/2026\/08\/763894971_4477993152442839_2559151943409409646_n.jpghttps:\/\/cdn.newsbucovina.ro\/wp-content\/uploads\/2026\/08\/763894971_4477993152442839_2559151943409409646_n.jpg&#8221;]<\/p>\n<div class=\"td-post-content tagdiv-type\">\n<div class=\"td-a-rec td-a-rec-id-content_top  tdi_3 td_block_template_1\"><strong>Intr\u0103 acum \u0219i \u00een grupul de <\/p>\n<div class=\"wp-block-button\"><a class=\"wp-block-button__link wp-element-button\" href=\"https:\/\/t.me\/+TH8wcfnp8fw5NWI0\">Telegram News Bucovina<\/a><\/div>\n<p><\/strong><\/div>\n<p class=\"wp-block-paragraph\">Comisarul general al G\u0103rzii Na\u021bionale de Mediu (GNM), Andrei Corlan, a transmis o pozi\u021bie public\u0103 dup\u0103 ce Ministerul Mediului, Apelor \u0219i P\u0103durilor a anun\u021bat controlul de urgen\u021b\u0103 asupra a cinci structuri jude\u021bene ale institu\u021biei. Oficialul subliniaz\u0103 c\u0103 Garda de Mediu este pe deplin transparent\u0103 \u00een fa\u021ba oric\u0103rei verific\u0103ri \u0219i c\u0103 evalu\u0103rile trebuie f\u0103cute dup\u0103 finalizarea controlului, nu \u00eenainte.<\/p>\n<div class=\"wp-block-image\">\n<figure class=\"aligncenter size-full\"><a href=\"https:\/\/cdn.newsbucovina.ro\/wp-content\/uploads\/2026\/08\/763894971_4477993152442839_2559151943409409646_n.jpg\"><img loading=\"lazy\" decoding=\"async\" width=\"590\" height=\"393\" src=\"https:\/\/cdn.newsbucovina.ro\/wp-content\/uploads\/2026\/08\/763894971_4477993152442839_2559151943409409646_n.jpg\" alt class=\"wp-image-445706\"><\/a><\/figure>\n<\/div>\n<p class=\"wp-block-paragraph\">\u201eP\u00e2n\u0103 \u00een acest moment, nu cunosc care sunt datele punctuale pe care Ministerul Mediului le-a luat \u00een considerare atunci c\u00e2nd a selectat aceste cinci structuri jude\u021bene ale GNM spre a fi controlate de urgen\u021b\u0103. (\u2026) Consider c\u0103 este onest \u0219i corect ca orice eventual\u0103 judecat\u0103 de valoare s\u0103 fie emis\u0103 la finalul verific\u0103rii, \u0219i nu invers. Orice form\u0103 de antepronun\u021bare public\u0103 poate afecta at\u00e2t imaginea institu\u021biei, c\u00e2t \u0219i activitatea sa\u201d, a transmis Andrei Corlan.<\/p>\n<p class=\"wp-block-paragraph\">Comisarul general a prezentat \u0219i o serie de indicatori pe care \u00eei consider\u0103 relevante pentru activitatea institu\u021biei. Potrivit acestuia, Garda Na\u021bional\u0103 de Mediu a \u00eenregistrat rezultate aflate la maximul istoric, a absorbit 100% din fondurile alocate prin PNRR \u0219i a realizat o economie de aproximativ 2 milioane de euro. Activitatea GNM a fost evaluat\u0103 pozitiv \u0219i \u00een analiza de eficien\u021b\u0103 a Organiza\u021biei pentru Cooperare \u0219i Dezvoltare Economic\u0103 (OCDE).<\/p>\n<p class=\"wp-block-paragraph\">\u00cen prezent, institu\u021bia func\u021bioneaz\u0103 cu un efectiv de 424 de comisari, care acoper\u0103 peste 70.000 de activit\u0103\u021bi cu impact asupra mediului, inclusiv controlul transfrontalier cu de\u0219euri, balastierele, managementul de\u0219eurilor, traficul cu specii protejate, braconajul \u0219i traficul cu substan\u021be periculoase.<\/p>\n<p class=\"wp-block-paragraph\">Andrei Corlan a men\u021bionat c\u0103 at\u00e2t analizele de risc (publice pe site-ul GNM), c\u00e2t \u0219i inform\u0103rile transmise Ministerului Mediului trebuie s\u0103 se concretizeze \u00een politici publice care s\u0103 elimine cauzele sistemice ale problemelor de mediu. \u00cen caz contrar, a apreciat el, dificult\u0103\u021bile vor persista.<\/p>\n<p class=\"wp-block-paragraph\">\u201eR\u0103m\u00e2n fidel convingerii c\u0103 evolu\u021bia G\u0103rzii de Mediu nu trebuie doar \u00eencurajat\u0103, ci \u0219i felicitat\u0103. Dac\u0103 eu, dup\u0103 17 ani \u00een aceast\u0103 institu\u021bie, a\u0219 putea fi subiectiv, cifrele \u0219i indicatorii-cheie sunt clari\u201d, a mai ar\u0103tat comisarul general.<\/p>\n<p class=\"wp-block-paragraph\">Acesta a anexat indicatorii statistici ai institu\u021biei \u0219i ai celor cinci comisariate vizate, pentru perioada 1 ianuarie 2023 \u2013 30 iunie 2026, raporta\u021bi la num\u0103rul de comisari. Andrei Corlan a anun\u021bat c\u0103 a\u0219teapt\u0103 concluziile corpului de control \u0219i c\u0103, dup\u0103 finalizarea rapoartelor, Garda Na\u021bional\u0103 de Mediu va comunica public at\u00e2t pozi\u021bia sa, c\u00e2t \u0219i eventualele m\u0103suri adoptate.<\/p>\n<figure class=\"wp-block-embed is-type-video is-provider-youtube wp-block-embed-youtube wp-embed-aspect-16-9 wp-has-aspect-ratio\">\n<div class=\"wp-block-embed__wrapper\">\n<div class=\"youtube-embed\" data-video_id=\"uYtccfvP5bg\"><iframe loading=\"lazy\" title=\"Ce n-a v\u0103zut Paris-ul .. va vedea Suceava!! Nu-i chip s\u0103-i opre\u0219ti! Pe 4 septembrie va fi STOP joc\u2026\" width=\"696\" height=\"392\" src=\"https:\/\/www.youtube.com\/embed\/uYtccfvP5bg?feature=oembed&amp;enablejsapi=1\" frameborder allow=\"accelerometer; autoplay; clipboard-write; encrypted-media; gyroscope; picture-in-picture; web-share\" referrerpolicy=\"strict-origin-when-cross-origin\" allowfullscreen><\/iframe><\/div>\n<\/div>\n<\/figure>\n<div class=\"td-a-rec td-a-rec-id-content_bottom  tdi_4 td_block_template_1\"><strong>Intr\u0103 acum \u0219i \u00een grupul de <\/p>\n<div class=\"wp-block-button\"><a class=\"wp-block-button__link wp-element-button\" href=\"https:\/\/t.me\/+TH8wcfnp8fw5NWI0\">Telegram News Bucovina<\/a><\/div>\n<p><\/strong><\/div>\n<\/div>\n<div class=\"td-post-content tagdiv-type\">\n<div class=\"td-a-rec td-a-rec-id-content_top  tdi_3 td_block_template_1\"><strong>Intr\u0103 acum \u0219i \u00een grupul de <\/p>\n<div class=\"wp-block-button\"><a class=\"wp-block-button__link wp-element-button\" href=\"https:\/\/t.me\/+TH8wcfnp8fw5NWI0\">Telegram News Bucovina<\/a><\/div>\n<p><\/strong><\/div>\n<p class=\"wp-block-paragraph\">Comisarul general al G\u0103rzii Na\u021bionale de Mediu (GNM), Andrei Corlan, a transmis o pozi\u021bie public\u0103 dup\u0103 ce Ministerul Mediului, Apelor \u0219i P\u0103durilor a anun\u021bat controlul de urgen\u021b\u0103 asupra a cinci structuri jude\u021bene ale institu\u021biei. Oficialul subliniaz\u0103 c\u0103 Garda de Mediu este pe deplin transparent\u0103 \u00een fa\u021ba oric\u0103rei verific\u0103ri \u0219i c\u0103 evalu\u0103rile trebuie f\u0103cute dup\u0103 finalizarea controlului, nu \u00eenainte.<\/p>\n<div class=\"wp-block-image\">\n<figure class=\"aligncenter size-full\"><a href=\"https:\/\/cdn.newsbucovina.ro\/wp-content\/uploads\/2026\/08\/763894971_4477993152442839_2559151943409409646_n.jpg\"><img loading=\"lazy\" decoding=\"async\" width=\"590\" height=\"393\" src=\"https:\/\/cdn.newsbucovina.ro\/wp-content\/uploads\/2026\/08\/763894971_4477993152442839_2559151943409409646_n.jpg\" alt class=\"wp-image-445706\"><\/a><\/figure>\n<\/div>\n<p class=\"wp-block-paragraph\">\u201eP\u00e2n\u0103 \u00een acest moment, nu cunosc care sunt datele punctuale pe care Ministerul Mediului le-a luat \u00een considerare atunci c\u00e2nd a selectat aceste cinci structuri jude\u021bene ale GNM spre a fi controlate de urgen\u021b\u0103. (\u2026) Consider c\u0103 este onest \u0219i corect ca orice eventual\u0103 judecat\u0103 de valoare s\u0103 fie emis\u0103 la finalul verific\u0103rii, \u0219i nu invers. Orice form\u0103 de antepronun\u021bare public\u0103 poate afecta at\u00e2t imaginea institu\u021biei, c\u00e2t \u0219i activitatea sa\u201d, a transmis Andrei Corlan.<\/p>\n<p class=\"wp-block-paragraph\">Comisarul general a prezentat \u0219i o serie de indicatori pe care \u00eei consider\u0103 relevante pentru activitatea institu\u021biei. Potrivit acestuia, Garda Na\u021bional\u0103 de Mediu a \u00eenregistrat rezultate aflate la maximul istoric, a absorbit 100% din fondurile alocate prin PNRR \u0219i a realizat o economie de aproximativ 2 milioane de euro. Activitatea GNM a fost evaluat\u0103 pozitiv \u0219i \u00een analiza de eficien\u021b\u0103 a Organiza\u021biei pentru Cooperare \u0219i Dezvoltare Economic\u0103 (OCDE).<\/p>\n<p class=\"wp-block-paragraph\">\u00cen prezent, institu\u021bia func\u021bioneaz\u0103 cu un efectiv de 424 de comisari, care acoper\u0103 peste 70.000 de activit\u0103\u021bi cu impact asupra mediului, inclusiv controlul transfrontalier cu de\u0219euri, balastierele, managementul de\u0219eurilor, traficul cu specii protejate, braconajul \u0219i traficul cu substan\u021be periculoase.<\/p>\n<p class=\"wp-block-paragraph\">Andrei Corlan a men\u021bionat c\u0103 at\u00e2t analizele de risc (publice pe site-ul GNM), c\u00e2t \u0219i inform\u0103rile transmise Ministerului Mediului trebuie s\u0103 se concretizeze \u00een politici publice care s\u0103 elimine cauzele sistemice ale problemelor de mediu. \u00cen caz contrar, a apreciat el, dificult\u0103\u021bile vor persista.<\/p>\n<p class=\"wp-block-paragraph\">\u201eR\u0103m\u00e2n fidel convingerii c\u0103 evolu\u021bia G\u0103rzii de Mediu nu trebuie doar \u00eencurajat\u0103, ci \u0219i felicitat\u0103. Dac\u0103 eu, dup\u0103 17 ani \u00een aceast\u0103 institu\u021bie, a\u0219 putea fi subiectiv, cifrele \u0219i indicatorii-cheie sunt clari\u201d, a mai ar\u0103tat comisarul general.<\/p>\n<p class=\"wp-block-paragraph\">Acesta a anexat indicatorii statistici ai institu\u021biei \u0219i ai celor cinci comisariate vizate, pentru perioada 1 ianuarie 2023 \u2013 30 iunie 2026, raporta\u021bi la num\u0103rul de comisari. Andrei Corlan a anun\u021bat c\u0103 a\u0219teapt\u0103 concluziile corpului de control \u0219i c\u0103, dup\u0103 finalizarea rapoartelor, Garda Na\u021bional\u0103 de Mediu va comunica public at\u00e2t pozi\u021bia sa, c\u00e2t \u0219i eventualele m\u0103suri adoptate.<\/p>\n<figure class=\"wp-block-embed is-type-video is-provider-youtube wp-block-embed-youtube wp-embed-aspect-16-9 wp-has-aspect-ratio\">\n<div class=\"wp-block-embed__wrapper\">\n<div class=\"youtube-embed\" data-video_id=\"uYtccfvP5bg\"><iframe loading=\"lazy\" title=\"Ce n-a v\u0103zut Paris-ul .. va vedea Suceava!! Nu-i chip s\u0103-i opre\u0219ti! Pe 4 septembrie va fi STOP joc\u2026\" width=\"696\" height=\"392\" src=\"https:\/\/www.youtube.com\/embed\/uYtccfvP5bg?feature=oembed&amp;enablejsapi=1\" frameborder allow=\"accelerometer; autoplay; clipboard-write; encrypted-media; gyroscope; picture-in-picture; web-share\" referrerpolicy=\"strict-origin-when-cross-origin\" allowfullscreen><\/iframe><\/div>\n<\/div>\n<\/figure>\n<div class=\"td-a-rec td-a-rec-id-content_bottom  tdi_4 td_block_template_1\"><strong>Intr\u0103 acum \u0219i \u00een grupul de <\/p>\n<div class=\"wp-block-button\"><a class=\"wp-block-button__link wp-element-button\" href=\"https:\/\/t.me\/+TH8wcfnp8fw5NWI0\">Telegram News Bucovina<\/a><\/div>\n<p><\/strong><\/div>\n<\/div>\n<p>[analyse_source url=&#8221;https:\/\/www.newsbucovina.ro\/actualitate\/445705\/comisarul-general-al-garzii-de-mediu-andrei-corlan-reactioneaza-dupa-anuntul-ministerului-mediului-orice-judecata-de-valoare-trebuie-emisa-la-finalul-verificarii&#8221;]<\/p>\n","protected":false},"excerpt":{"rendered":"<p>[analyse_image type=&#8221;featured&#8221; src=&#8221;https:\/\/www.newsbucovina.ro\/wp-content\/uploads\/2026\/08\/763894971_4477993152442839_2559151943409409646_n.jpghttps:\/\/cdn.newsbucovina.ro\/wp-content\/uploads\/2026\/08\/763894971_4477993152442839_2559151943409409646_n.jpg&#8221;] Intr\u0103 acum \u0219i \u00een grupul de Telegram News Bucovina Comisarul general al G\u0103rzii Na\u021bionale de Mediu (GNM), Andrei Corlan, a transmis o pozi\u021bie public\u0103 dup\u0103 ce Ministerul Mediului, Apelor \u0219i P\u0103durilor a anun\u021bat controlul de urgen\u021b\u0103 asupra a cinci structuri jude\u021bene ale institu\u021biei. Oficialul subliniaz\u0103 c\u0103 Garda de Mediu este pe deplin [&hellip;]<\/p>\n","protected":false},"author":1,"featured_media":0,"comment_status":"open","ping_status":"","sticky":false,"template":"","format":"standard","meta":{"footnotes":""},"categories":[89],"tags":[226,165],"class_list":["post-2079677","post","type-post","status-publish","format-standard","hentry","category-romania","tag-crawlmanager","tag-newsbucovina-ro"],"_links":{"self":[{"href":"https:\/\/analyse.optim.biz\/index.php?rest_route=\/wp\/v2\/posts\/2079677","targetHints":{"allow":["GET"]}}],"collection":[{"href":"https:\/\/analyse.optim.biz\/index.php?rest_route=\/wp\/v2\/posts"}],"about":[{"href":"https:\/\/analyse.optim.biz\/index.php?rest_route=\/wp\/v2\/types\/post"}],"author":[{"embeddable":true,"href":"https:\/\/analyse.optim.biz\/index.php?rest_route=\/wp\/v2\/users\/1"}],"replies":[{"embeddable":true,"href":"https:\/\/analyse.optim.biz\/index.php?rest_route=%2Fwp%2Fv2%2Fcomments&post=2079677"}],"version-history":[{"count":0,"href":"https:\/\/analyse.optim.biz\/index.php?rest_route=\/wp\/v2\/posts\/2079677\/revisions"}],"wp:attachment":[{"href":"https:\/\/analyse.optim.biz\/index.php?rest_route=%2Fwp%2Fv2%2Fmedia&parent=2079677"}],"wp:term":[{"taxonomy":"category","embeddable":true,"href":"https:\/\/analyse.optim.biz\/index.php?rest_route=%2Fwp%2Fv2%2Fcategories&post=2079677"},{"taxonomy":"post_tag","embeddable":true,"href":"https:\/\/analyse.optim.biz\/index.php?rest_route=%2Fwp%2Fv2%2Ftags&post=2079677"}],"curies":[{"name":"wp","href":"https:\/\/api.w.org\/{rel}","templated":true}]}}