{"id":207964,"date":"2014-04-10T22:40:18","date_gmt":"2014-04-10T19:40:18","guid":{"rendered":"https:\/\/analyse.optim.biz\/?p=207964"},"modified":"2014-04-10T22:40:18","modified_gmt":"2014-04-10T19:40:18","slug":"victor-ponta-sare-in-apararea-lui-constantin-nicolescu-ii-vom-face-dreptate","status":"publish","type":"post","link":"https:\/\/analyse.optim.biz\/?p=207964","title":{"rendered":"Victor Ponta sare \u00een ap\u0103rarea lui Constantin Nicolescu: \u201e \u00cei vom face dreptate\u201d"},"content":{"rendered":"<div class=\"entry data-app-meta data-app-meta-article\" data-embed-base-url-canonical=\"https:\/\/www.digi24.ro\/embed\/stiri\/actualitate\/politica\/victor-ponta-sare-in-apararea-lui-constantin-nicolescu-ii-vom-face-dreptate-227898\">\n<p data-index=\"1\">Constantin Nicolescu a fost eliberat din func\u0163ie dup\u0103 ce Agen\u0163ia Na\u0163ional\u0103 de Integritatea a constat c\u0103 se afl\u0103 \u00een conflict de interese. Acesta a fost acuzat c\u0103 a luat fonduri europene de aproape 900.000 de euro, \u00een baza unor acte false.<\/p>\n<p data-index=\"2\">\u201eCred c\u0103 dreptate se va face p\u00e2n\u0103 la cap\u0103t \u00een ziua \u00een care pe poarta de la Cotroceni va ie\u0219i B\u0103sescu \u0219i noi, cei care ne-am b\u0103tut cu ei, vom \u0219ti c\u0103 am c\u00e2\u0219tigat aceast\u0103 b\u0103t\u0103lie. Atunci \u00eei vom face dreptate lui Costic\u0103 Nicolescu \u0219i celorlal\u0163i mul\u0163i care nu au putut s\u0103 fie \u00eenvin\u015fi la vot \u015fi atunci s-a \u00eencercat \u00een cazul multora s\u0103 fie \u00eenvin\u015fi pe alte c\u0103i\u201d, a spus premierul.<\/p>\n<p data-index=\"3\">\u201e<span>De\u0219i a avut mult de suferit, nu doar justi\u021bia \u00eei va face dreptate, ci noi to\u021bi \u00eei vom face dreptate\u201d, a mai spus Victor Ponta, la Pite\u0219ti, unde a mers pentru a-l sus\u021bine pe candidatul PSD pentru \u0219efia jude\u021bului.<\/span><\/p>\n<\/div>\n<p> Source URL: https:\/\/www.digi24.ro\/stiri\/actualitate\/politica\/victor-ponta-sare-in-apararea-lui-constantin-nicolescu-ii-vom-face-dreptate-227898<\/p>\n","protected":false},"excerpt":{"rendered":"<p>Constantin Nicolescu a fost eliberat din func\u0163ie dup\u0103 ce Agen\u0163ia Na\u0163ional\u0103 de Integritatea a constat c\u0103 se afl\u0103 \u00een conflict de interese. Acesta a fost acuzat c\u0103 a luat fonduri europene de aproape 900.000 de euro, \u00een baza unor acte false. \u201eCred c\u0103 dreptate se va face p\u00e2n\u0103 la cap\u0103t \u00een ziua \u00een care pe [&hellip;]<\/p>\n","protected":false},"author":1,"featured_media":207965,"comment_status":"open","ping_status":"","sticky":false,"template":"","format":"standard","meta":{"footnotes":""},"categories":[2],"tags":[11],"class_list":["post-207964","post","type-post","status-publish","format-standard","has-post-thumbnail","hentry","category-politics","tag-digi24"],"_links":{"self":[{"href":"https:\/\/analyse.optim.biz\/index.php?rest_route=\/wp\/v2\/posts\/207964","targetHints":{"allow":["GET"]}}],"collection":[{"href":"https:\/\/analyse.optim.biz\/index.php?rest_route=\/wp\/v2\/posts"}],"about":[{"href":"https:\/\/analyse.optim.biz\/index.php?rest_route=\/wp\/v2\/types\/post"}],"author":[{"embeddable":true,"href":"https:\/\/analyse.optim.biz\/index.php?rest_route=\/wp\/v2\/users\/1"}],"replies":[{"embeddable":true,"href":"https:\/\/analyse.optim.biz\/index.php?rest_route=%2Fwp%2Fv2%2Fcomments&post=207964"}],"version-history":[{"count":0,"href":"https:\/\/analyse.optim.biz\/index.php?rest_route=\/wp\/v2\/posts\/207964\/revisions"}],"wp:featuredmedia":[{"embeddable":true,"href":"https:\/\/analyse.optim.biz\/index.php?rest_route=\/wp\/v2\/media\/207965"}],"wp:attachment":[{"href":"https:\/\/analyse.optim.biz\/index.php?rest_route=%2Fwp%2Fv2%2Fmedia&parent=207964"}],"wp:term":[{"taxonomy":"category","embeddable":true,"href":"https:\/\/analyse.optim.biz\/index.php?rest_route=%2Fwp%2Fv2%2Fcategories&post=207964"},{"taxonomy":"post_tag","embeddable":true,"href":"https:\/\/analyse.optim.biz\/index.php?rest_route=%2Fwp%2Fv2%2Ftags&post=207964"}],"curies":[{"name":"wp","href":"https:\/\/api.w.org\/{rel}","templated":true}]}}