{"id":2079596,"date":"2026-08-05T06:50:28","date_gmt":"2026-08-05T03:50:28","guid":{"rendered":"https:\/\/analyse.optim.biz\/?p=2079596"},"modified":"2026-08-05T06:50:28","modified_gmt":"2026-08-05T03:50:28","slug":"valceanca-giulya-puiu-printre-remarcatele-nationalei-u-18-in-victoria-cu-suedia-a-marcat-3-goluri","status":"publish","type":"post","link":"https:\/\/analyse.optim.biz\/?p=2079596","title":{"rendered":"V\u00e2lceanca Giulya Puiu, printre remarcatele Na\u021bionalei U 18 \u00een victoria cu Suedia. A marcat 3 goluri"},"content":{"rendered":"<p>[analyse_image type=&#8221;featured&#8221; src=&#8221;https:\/\/www.impactreal.ro\/wp-content\/uploads\/2026\/08\/760587814_1664438155687854_6431239373525928941_n.jpg&#8221;]<\/p>\n<div class=\"single-news-content\">\n<div class=\"news-image\"><img loading=\"lazy\" decoding=\"async\" width=\"2048\" height=\"1365\" src=\"https:\/\/www.impactreal.ro\/wp-content\/uploads\/2026\/08\/760587814_1664438155687854_6431239373525928941_n.jpg\" class=\"img-responsive wp-post-image\" alt=\"V\u00e2lceanca Giulya Puiu, printre remarcatele Na\u021bionalei U 18 \u00een victoria cu Suedia. A marcat 3 goluri\"><\/div>\n<div class=\"news-detail clearfix\">\n<div class=\"entry-meta\"><span class=\"posted-date\"><a href=\"https:\/\/www.impactreal.ro\/2026\/08\/05\/valceanca-giulya-puiu-printre-remarcatele-nationalei-u-18-in-victoria-cu-suedia-a-marcat-3-goluri\/\" rel=\"bookmark\"><time class=\"entry-date published\" datetime=\"2026-08-05T09:50:28+03:00\">5 august 2026<\/time><time class=\"updated\" datetime=\"2026-08-05T10:51:54+03:00\">5 august 2026<\/time><\/a><\/span><span class=\"author vcard\"><a href=\"https:\/\/www.impactreal.ro\/author\/adi-georgescu\/\">Adi Georgescu<\/a><\/span><span class=\"cat-links\"><a href=\"https:\/\/www.impactreal.ro\/category\/sport\/\" rel=\"category tag\">Sport<\/a><\/span><\/div>\n<div class=\"news-content editor-content-entry\">\n<p><strong>Extrema st\u00e2nga de la junioarele lui SCM Rm. V\u00e2lcea, Giulya Puiu a marcat mar\u021bi 3 goluri \u00een victoria na\u021bionalei U 18 la Campionatul Mondial, 30-24 cu Suedia.\u00a0<\/strong><\/p>\n<p>Na\u021bionala U 18 a <strong>Rom\u00e2niei<\/strong> a \u00eencheiat grupa principal\u0103 a Campionatului Mondial din \u021bara noastr\u0103 cu o victorie clar\u0103, <strong>30-24<\/strong> cu <strong>Suedia<\/strong>, meci \u00een care a impresionat v\u00e2lceanca <strong>Giulya<\/strong><strong>Puiu<\/strong>, care a marcat <strong>3 goluri<\/strong> \u00een cele <strong>15 minute<\/strong> \u00een care a evoluat.<strong> Puiu<\/strong> joac\u0103 la junioarele 1 ale lui <strong>SCM Rm. V\u00e2lcea<\/strong>, unde este antrenat\u0103 de Mia R\u0103doi. Sportiva v\u00e2lceanc\u0103 a mai marcat marcat\u00a0<strong>1 gol<\/strong> \u00een jocurile cu Uruguay \u0219i China \u0219i <strong>2 goluri<\/strong>\u00a0\u00een meciul cu Kazahstan.<\/p>\n<figure id=\"attachment_58090\" aria-describedby=\"caption-attachment-58090\" class=\"wp-caption alignnone\"><img loading=\"lazy\" decoding=\"async\" class=\"size-full wp-image-58090\" src=\"https:\/\/www.impactreal.ro\/wp-content\/uploads\/2026\/08\/763740327_1664438179021185_1433576593340491170_n.jpg\" alt width=\"2048\" height=\"1365\"><figcaption id=\"caption-attachment-58090\" class=\"wp-caption-text\">Foto: Marius Ionescu<\/figcaption><\/figure>\n<p>Portarii na\u021bionalei au avut procentaje bune\u00a0 \u0219i \u00een meciul cu suedezele (Ardeleanu cu 44% fiind desemnat\u0103 ce mai bun\u0103 juc\u0103toare a meciului), <strong>Daniela Joi\u021ba<\/strong> prelu\u00e2nd din aceast\u0103 var\u0103 postul de antrenor cu portarii la na\u021bionala de tineret, \u00een staff-ul <strong>Victorinei Bora<\/strong>, fostul pivot al Oltchimului, stabilit\u0103 acum la Rm. V\u00e2lcea.<\/p>\n<p>Av\u00e2nd \u00een spate \u0219i experien\u021ba de la echipa de senioare, <strong>Joi\u021ba<\/strong>\u00a0 este \u0219i antrenor principal la<strong> junioarele 2<\/strong> de la<strong> SCM Rm. V\u00e2lcea.<\/strong><\/p>\n<figure id=\"attachment_58098\" aria-describedby=\"caption-attachment-58098\" class=\"wp-caption alignnone\"><img loading=\"lazy\" decoding=\"async\" class=\"wp-image-58098 size-full\" src=\"https:\/\/www.impactreal.ro\/wp-content\/uploads\/2026\/08\/762944524_1664434872354849_3299013769286064041_n.jpg\" alt width=\"2048\" height=\"1365\"><figcaption id=\"caption-attachment-58098\" class=\"wp-caption-text\">Foto: Marius Ionescu<\/figcaption><\/figure>\n<p><strong>Rom\u00e2nia<\/strong> a ratat calificarea \u00een sferturile de final\u0103 dup\u0103 ce a sc\u0103pat victoria printre degete \u00een finalul primului meci din grupa principal\u0103,<strong> 24-24<\/strong> cu <strong>Ungaria<\/strong>. Junioarele conduse de <strong>Victorina Bora<\/strong> continu\u0103 \u00eens\u0103 b\u0103t\u0103lia pentru o clasare c\u00e2t mai bun\u0103, urm\u00e2nd s\u0103 joace pentru locurile 9-12.<\/p>\n<figure id=\"attachment_58106\" aria-describedby=\"caption-attachment-58106\" class=\"wp-caption alignnone\"><img decoding=\"async\" loading=\"lazy\" class=\"size-full wp-image-58106\" src=\"https:\/\/www.impactreal.ro\/wp-content\/uploads\/2026\/08\/764676320_1006615608855689_7020122345616496772_n.jpg\" alt width=\"2048\" height=\"1366\"><figcaption id=\"caption-attachment-58106\" class=\"wp-caption-text\">Foto: Marius Ionescu<\/figcaption><\/figure>\n<p>Pe 6 august, micile \u201dtricolorele\u201d vor \u00eenfrunta selec\u021bionata similar\u0103 a Fran\u021bei. <em>\u201dSe pare c\u0103 sunt premize de progres \u0219i cu siguran\u021b\u0103 vor ap\u0103rea, \u00een viitor, rezultate mai bune.<\/em><em>Victorina este un bun antrenor \u0219i exigent, cred ca poate fi o garan\u021bie de cre\u0219tere a valorii echipe<\/em>i\u201d a opinat Ioan Gavrilescu, fostul conduc\u0103tor al Oltchimului.<\/p>\n<p>Competi\u021bia pentru locurile de clasament 17-34 continu\u0103\u00a0 joi \u0219i vineri \u0219i \u00een <strong>Sala Sporturilor Traian Rm. V\u00e2lcea<\/strong>, unde se anun\u021b\u0103 alte meciuri atractive.<\/p>\n<p>\u00a0<\/p>\n<p>\u00a0<\/p>\n<p>\u00a0<\/p>\n<p>\u00a0<\/p>\n<\/div>\n<\/div>\n<\/div>\n<div class=\"news-content editor-content-entry\">\n<p><strong>Extrema st\u00e2nga de la junioarele lui SCM Rm. V\u00e2lcea, Giulya Puiu a marcat mar\u021bi 3 goluri \u00een victoria na\u021bionalei U 18 la Campionatul Mondial, 30-24 cu Suedia.\u00a0<\/strong><\/p>\n<p>Na\u021bionala U 18 a <strong>Rom\u00e2niei<\/strong> a \u00eencheiat grupa principal\u0103 a Campionatului Mondial din \u021bara noastr\u0103 cu o victorie clar\u0103, <strong>30-24<\/strong> cu <strong>Suedia<\/strong>, meci \u00een care a impresionat v\u00e2lceanca <strong>Giulya<\/strong><strong>Puiu<\/strong>, care a marcat <strong>3 goluri<\/strong> \u00een cele <strong>15 minute<\/strong> \u00een care a evoluat.<strong> Puiu<\/strong> joac\u0103 la junioarele 1 ale lui <strong>SCM Rm. V\u00e2lcea<\/strong>, unde este antrenat\u0103 de Mia R\u0103doi. Sportiva v\u00e2lceanc\u0103 a mai marcat marcat\u00a0<strong>1 gol<\/strong> \u00een jocurile cu Uruguay \u0219i China \u0219i <strong>2 goluri<\/strong>\u00a0\u00een meciul cu Kazahstan.<\/p>\n<figure id=\"attachment_58090\" aria-describedby=\"caption-attachment-58090\" class=\"wp-caption alignnone\"><img loading=\"lazy\" decoding=\"async\" class=\"size-full wp-image-58090\" src=\"https:\/\/www.impactreal.ro\/wp-content\/uploads\/2026\/08\/763740327_1664438179021185_1433576593340491170_n.jpg\" alt width=\"2048\" height=\"1365\"><figcaption id=\"caption-attachment-58090\" class=\"wp-caption-text\">Foto: Marius Ionescu<\/figcaption><\/figure>\n<p>Portarii na\u021bionalei au avut procentaje bune\u00a0 \u0219i \u00een meciul cu suedezele (Ardeleanu cu 44% fiind desemnat\u0103 ce mai bun\u0103 juc\u0103toare a meciului), <strong>Daniela Joi\u021ba<\/strong> prelu\u00e2nd din aceast\u0103 var\u0103 postul de antrenor cu portarii la na\u021bionala de tineret, \u00een staff-ul <strong>Victorinei Bora<\/strong>, fostul pivot al Oltchimului, stabilit\u0103 acum la Rm. V\u00e2lcea.<\/p>\n<p>Av\u00e2nd \u00een spate \u0219i experien\u021ba de la echipa de senioare, <strong>Joi\u021ba<\/strong>\u00a0 este \u0219i antrenor principal la<strong> junioarele 2<\/strong> de la<strong> SCM Rm. V\u00e2lcea.<\/strong><\/p>\n<figure id=\"attachment_58098\" aria-describedby=\"caption-attachment-58098\" class=\"wp-caption alignnone\"><img loading=\"lazy\" decoding=\"async\" class=\"wp-image-58098 size-full\" src=\"https:\/\/www.impactreal.ro\/wp-content\/uploads\/2026\/08\/762944524_1664434872354849_3299013769286064041_n.jpg\" alt width=\"2048\" height=\"1365\"><figcaption id=\"caption-attachment-58098\" class=\"wp-caption-text\">Foto: Marius Ionescu<\/figcaption><\/figure>\n<p><strong>Rom\u00e2nia<\/strong> a ratat calificarea \u00een sferturile de final\u0103 dup\u0103 ce a sc\u0103pat victoria printre degete \u00een finalul primului meci din grupa principal\u0103,<strong> 24-24<\/strong> cu <strong>Ungaria<\/strong>. Junioarele conduse de <strong>Victorina Bora<\/strong> continu\u0103 \u00eens\u0103 b\u0103t\u0103lia pentru o clasare c\u00e2t mai bun\u0103, urm\u00e2nd s\u0103 joace pentru locurile 9-12.<\/p>\n<figure id=\"attachment_58106\" aria-describedby=\"caption-attachment-58106\" class=\"wp-caption alignnone\"><img decoding=\"async\" loading=\"lazy\" class=\"size-full wp-image-58106\" src=\"https:\/\/www.impactreal.ro\/wp-content\/uploads\/2026\/08\/764676320_1006615608855689_7020122345616496772_n.jpg\" alt width=\"2048\" height=\"1366\"><figcaption id=\"caption-attachment-58106\" class=\"wp-caption-text\">Foto: Marius Ionescu<\/figcaption><\/figure>\n<p>Pe 6 august, micile \u201dtricolorele\u201d vor \u00eenfrunta selec\u021bionata similar\u0103 a Fran\u021bei. <em>\u201dSe pare c\u0103 sunt premize de progres \u0219i cu siguran\u021b\u0103 vor ap\u0103rea, \u00een viitor, rezultate mai bune.<\/em><em>Victorina este un bun antrenor \u0219i exigent, cred ca poate fi o garan\u021bie de cre\u0219tere a valorii echipe<\/em>i\u201d a opinat Ioan Gavrilescu, fostul conduc\u0103tor al Oltchimului.<\/p>\n<p>Competi\u021bia pentru locurile de clasament 17-34 continu\u0103\u00a0 joi \u0219i vineri \u0219i \u00een <strong>Sala Sporturilor Traian Rm. V\u00e2lcea<\/strong>, unde se anun\u021b\u0103 alte meciuri atractive.<\/p>\n<p>\u00a0<\/p>\n<p>\u00a0<\/p>\n<p>\u00a0<\/p>\n<p>\u00a0<\/p>\n<\/div>\n<div class=\"news-content editor-content-entry\">\n<p><strong>Extrema st\u00e2nga de la junioarele lui SCM Rm. V\u00e2lcea, Giulya Puiu a marcat mar\u021bi 3 goluri \u00een victoria na\u021bionalei U 18 la Campionatul Mondial, 30-24 cu Suedia.\u00a0<\/strong><\/p>\n<p>Na\u021bionala U 18 a <strong>Rom\u00e2niei<\/strong> a \u00eencheiat grupa principal\u0103 a Campionatului Mondial din \u021bara noastr\u0103 cu o victorie clar\u0103, <strong>30-24<\/strong> cu <strong>Suedia<\/strong>, meci \u00een care a impresionat v\u00e2lceanca <strong>Giulya<\/strong><strong>Puiu<\/strong>, care a marcat <strong>3 goluri<\/strong> \u00een cele <strong>15 minute<\/strong> \u00een care a evoluat.<strong> Puiu<\/strong> joac\u0103 la junioarele 1 ale lui <strong>SCM Rm. V\u00e2lcea<\/strong>, unde este antrenat\u0103 de Mia R\u0103doi. Sportiva v\u00e2lceanc\u0103 a mai marcat marcat\u00a0<strong>1 gol<\/strong> \u00een jocurile cu Uruguay \u0219i China \u0219i <strong>2 goluri<\/strong>\u00a0\u00een meciul cu Kazahstan.<\/p>\n<figure id=\"attachment_58090\" aria-describedby=\"caption-attachment-58090\" class=\"wp-caption alignnone\"><img loading=\"lazy\" decoding=\"async\" class=\"size-full wp-image-58090\" src=\"https:\/\/www.impactreal.ro\/wp-content\/uploads\/2026\/08\/763740327_1664438179021185_1433576593340491170_n.jpg\" alt width=\"2048\" height=\"1365\"><figcaption id=\"caption-attachment-58090\" class=\"wp-caption-text\">Foto: Marius Ionescu<\/figcaption><\/figure>\n<p>Portarii na\u021bionalei au avut procentaje bune\u00a0 \u0219i \u00een meciul cu suedezele (Ardeleanu cu 44% fiind desemnat\u0103 ce mai bun\u0103 juc\u0103toare a meciului), <strong>Daniela Joi\u021ba<\/strong> prelu\u00e2nd din aceast\u0103 var\u0103 postul de antrenor cu portarii la na\u021bionala de tineret, \u00een staff-ul <strong>Victorinei Bora<\/strong>, fostul pivot al Oltchimului, stabilit\u0103 acum la Rm. V\u00e2lcea.<\/p>\n<p>Av\u00e2nd \u00een spate \u0219i experien\u021ba de la echipa de senioare, <strong>Joi\u021ba<\/strong>\u00a0 este \u0219i antrenor principal la<strong> junioarele 2<\/strong> de la<strong> SCM Rm. V\u00e2lcea.<\/strong><\/p>\n<figure id=\"attachment_58098\" aria-describedby=\"caption-attachment-58098\" class=\"wp-caption alignnone\"><img loading=\"lazy\" decoding=\"async\" class=\"wp-image-58098 size-full\" src=\"https:\/\/www.impactreal.ro\/wp-content\/uploads\/2026\/08\/762944524_1664434872354849_3299013769286064041_n.jpg\" alt width=\"2048\" height=\"1365\"><figcaption id=\"caption-attachment-58098\" class=\"wp-caption-text\">Foto: Marius Ionescu<\/figcaption><\/figure>\n<p><strong>Rom\u00e2nia<\/strong> a ratat calificarea \u00een sferturile de final\u0103 dup\u0103 ce a sc\u0103pat victoria printre degete \u00een finalul primului meci din grupa principal\u0103,<strong> 24-24<\/strong> cu <strong>Ungaria<\/strong>. Junioarele conduse de <strong>Victorina Bora<\/strong> continu\u0103 \u00eens\u0103 b\u0103t\u0103lia pentru o clasare c\u00e2t mai bun\u0103, urm\u00e2nd s\u0103 joace pentru locurile 9-12.<\/p>\n<figure id=\"attachment_58106\" aria-describedby=\"caption-attachment-58106\" class=\"wp-caption alignnone\"><img decoding=\"async\" loading=\"lazy\" class=\"size-full wp-image-58106\" src=\"https:\/\/www.impactreal.ro\/wp-content\/uploads\/2026\/08\/764676320_1006615608855689_7020122345616496772_n.jpg\" alt width=\"2048\" height=\"1366\"><figcaption id=\"caption-attachment-58106\" class=\"wp-caption-text\">Foto: Marius Ionescu<\/figcaption><\/figure>\n<p>Pe 6 august, micile \u201dtricolorele\u201d vor \u00eenfrunta selec\u021bionata similar\u0103 a Fran\u021bei. <em>\u201dSe pare c\u0103 sunt premize de progres \u0219i cu siguran\u021b\u0103 vor ap\u0103rea, \u00een viitor, rezultate mai bune.<\/em><em>Victorina este un bun antrenor \u0219i exigent, cred ca poate fi o garan\u021bie de cre\u0219tere a valorii echipe<\/em>i\u201d a opinat Ioan Gavrilescu, fostul conduc\u0103tor al Oltchimului.<\/p>\n<p>Competi\u021bia pentru locurile de clasament 17-34 continu\u0103\u00a0 joi \u0219i vineri \u0219i \u00een <strong>Sala Sporturilor Traian Rm. V\u00e2lcea<\/strong>, unde se anun\u021b\u0103 alte meciuri atractive.<\/p>\n<p>\u00a0<\/p>\n<p>\u00a0<\/p>\n<p>\u00a0<\/p>\n<p>\u00a0<\/p>\n<\/div>\n<p>[analyse_source url=&#8221;https:\/\/www.impactreal.ro\/2026\/08\/05\/valceanca-giulya-puiu-printre-remarcatele-nationalei-u-18-in-victoria-cu-suedia-a-marcat-3-goluri\/&#8221;]<\/p>\n","protected":false},"excerpt":{"rendered":"<p>[analyse_image type=&#8221;featured&#8221; src=&#8221;https:\/\/www.impactreal.ro\/wp-content\/uploads\/2026\/08\/760587814_1664438155687854_6431239373525928941_n.jpg&#8221;] 5 august 20265 august 2026Adi GeorgescuSport Extrema st\u00e2nga de la junioarele lui SCM Rm. V\u00e2lcea, Giulya Puiu a marcat mar\u021bi 3 goluri \u00een victoria na\u021bionalei U 18 la Campionatul Mondial, 30-24 cu Suedia.\u00a0 Na\u021bionala U 18 a Rom\u00e2niei a \u00eencheiat grupa principal\u0103 a Campionatului Mondial din \u021bara noastr\u0103 cu o victorie clar\u0103, [&hellip;]<\/p>\n","protected":false},"author":1,"featured_media":0,"comment_status":"open","ping_status":"","sticky":false,"template":"","format":"standard","meta":{"footnotes":""},"categories":[89],"tags":[226,212],"class_list":["post-2079596","post","type-post","status-publish","format-standard","hentry","category-romania","tag-crawlmanager","tag-impactreal-ro"],"_links":{"self":[{"href":"https:\/\/analyse.optim.biz\/index.php?rest_route=\/wp\/v2\/posts\/2079596","targetHints":{"allow":["GET"]}}],"collection":[{"href":"https:\/\/analyse.optim.biz\/index.php?rest_route=\/wp\/v2\/posts"}],"about":[{"href":"https:\/\/analyse.optim.biz\/index.php?rest_route=\/wp\/v2\/types\/post"}],"author":[{"embeddable":true,"href":"https:\/\/analyse.optim.biz\/index.php?rest_route=\/wp\/v2\/users\/1"}],"replies":[{"embeddable":true,"href":"https:\/\/analyse.optim.biz\/index.php?rest_route=%2Fwp%2Fv2%2Fcomments&post=2079596"}],"version-history":[{"count":0,"href":"https:\/\/analyse.optim.biz\/index.php?rest_route=\/wp\/v2\/posts\/2079596\/revisions"}],"wp:attachment":[{"href":"https:\/\/analyse.optim.biz\/index.php?rest_route=%2Fwp%2Fv2%2Fmedia&parent=2079596"}],"wp:term":[{"taxonomy":"category","embeddable":true,"href":"https:\/\/analyse.optim.biz\/index.php?rest_route=%2Fwp%2Fv2%2Fcategories&post=2079596"},{"taxonomy":"post_tag","embeddable":true,"href":"https:\/\/analyse.optim.biz\/index.php?rest_route=%2Fwp%2Fv2%2Ftags&post=2079596"}],"curies":[{"name":"wp","href":"https:\/\/api.w.org\/{rel}","templated":true}]}}