{"id":2079572,"date":"2026-08-05T12:23:19","date_gmt":"2026-08-05T09:23:19","guid":{"rendered":"https:\/\/analyse.optim.biz\/?p=2079572"},"modified":"2026-08-05T12:23:19","modified_gmt":"2026-08-05T09:23:19","slug":"primarul-vasile-rimbu-anunta-ca-incep-lucrarile-la-cele-100-de-insule-ecologice-digitalizate-din-suceava","status":"publish","type":"post","link":"https:\/\/analyse.optim.biz\/?p=2079572","title":{"rendered":"Primarul Vasile R\u00eembu anun\u021b\u0103 c\u0103 \u00eencep lucr\u0103rile la cele 100 de insule ecologice digitalizate din Suceava"},"content":{"rendered":"<p>[analyse_image type=&#8221;featured&#8221; src=&#8221;https:\/\/www.newsbucovina.ro\/wp-content\/uploads\/2026\/08\/765059753_122332442912031410_578545294127633824_n.jpghttps:\/\/cdn.newsbucovina.ro\/wp-content\/uploads\/2026\/08\/765059753_122332442912031410_578545294127633824_n.jpg&#8221;]<\/p>\n<div class=\"td-post-content tagdiv-type\">\n<div class=\"td-a-rec td-a-rec-id-content_top  tdi_3 td_block_template_1\"><strong>Intr\u0103 acum \u0219i \u00een grupul de <\/p>\n<div class=\"wp-block-button\"><a class=\"wp-block-button__link wp-element-button\" href=\"https:\/\/t.me\/+TH8wcfnp8fw5NWI0\">Telegram News Bucovina<\/a><\/div>\n<p><\/strong><\/div>\n<p class=\"wp-block-paragraph\">Primarul municipiului Suceava, Vasile R\u00eembu, a anun\u021bat c\u0103 proiectul \u201eConstruirea de insule ecologice digitalizate \u00een municipiul Suceava\u201d a ajuns \u00een faza concret\u0103 a primului pas, odat\u0103 cu sosirea primului lot de insule ecologice, ar\u0103t\u00e2nd c\u0103 a \u00eenceput \u0219i betonarea noilor amplasamente.<\/p>\n<figure class=\"wp-block-image size-large\"><a href=\"https:\/\/cdn.newsbucovina.ro\/wp-content\/uploads\/2026\/08\/765059753_122332442912031410_578545294127633824_n.jpg\"><img loading=\"lazy\" decoding=\"async\" width=\"1024\" height=\"768\" src=\"https:\/\/cdn.newsbucovina.ro\/wp-content\/uploads\/2026\/08\/765059753_122332442912031410_578545294127633824_n-1024x768.jpg\" alt class=\"wp-image-445733\"><\/a><\/figure>\n<p class=\"wp-block-paragraph\">Investi\u021bia, \u00een valoare de 9.970.596,50 lei, este finan\u021bat\u0103 nerambursabil din bugetul Fondului pentru Mediu. \u00cen cadrul proiectului vor fi instalate 100 de insule ecologice digitalizate destinate colect\u0103rii de\u0219eurilor, primul lot ajung\u00e2nd deja \u00een municipiu.<\/p>\n<p class=\"wp-block-paragraph\">Edilul a subliniat c\u0103 demersul reprezint\u0103 o trecere de la viziune la realitate, \u00een direc\u021bia unei salubrit\u0103\u021bi inteligente. \u201e\u00cemi doresc o salubritate inteligent\u0103 din grij\u0103 pentru Suceava, ca o trecere de la viziune la realitate a unui ora\u0219 curat \u0219i modern \u00een care tehnologia recicl\u0103rii inteligente s\u0103 devin\u0103 o rutin\u0103\u201d, a transmis Vasile R\u00eembu.<\/p>\n<p class=\"wp-block-paragraph\">Proiectul urm\u0103re\u0219te cre\u0219terea gradului de colectare selectiv\u0103 \u0219i modernizarea sistemului de gestionare a de\u0219eurilor la nivelul municipiului.<\/p>\n<figure class=\"wp-block-embed is-type-video is-provider-youtube wp-block-embed-youtube wp-embed-aspect-16-9 wp-has-aspect-ratio\">\n<div class=\"wp-block-embed__wrapper\">\n<div class=\"youtube-embed\" data-video_id=\"uYtccfvP5bg\"><iframe loading=\"lazy\" title=\"Ce n-a v\u0103zut Paris-ul .. va vedea Suceava!! Nu-i chip s\u0103-i opre\u0219ti! Pe 4 septembrie va fi STOP joc\u2026\" width=\"696\" height=\"392\" src=\"https:\/\/www.youtube.com\/embed\/uYtccfvP5bg?feature=oembed&amp;enablejsapi=1\" frameborder allow=\"accelerometer; autoplay; clipboard-write; encrypted-media; gyroscope; picture-in-picture; web-share\" referrerpolicy=\"strict-origin-when-cross-origin\" allowfullscreen><\/iframe><\/div>\n<\/div>\n<\/figure>\n<div class=\"td-a-rec td-a-rec-id-content_bottom  tdi_4 td_block_template_1\"><strong>Intr\u0103 acum \u0219i \u00een grupul de <\/p>\n<div class=\"wp-block-button\"><a class=\"wp-block-button__link wp-element-button\" href=\"https:\/\/t.me\/+TH8wcfnp8fw5NWI0\">Telegram News Bucovina<\/a><\/div>\n<p><\/strong><\/div>\n<\/div>\n<div class=\"td-post-content tagdiv-type\">\n<div class=\"td-a-rec td-a-rec-id-content_top  tdi_3 td_block_template_1\"><strong>Intr\u0103 acum \u0219i \u00een grupul de <\/p>\n<div class=\"wp-block-button\"><a class=\"wp-block-button__link wp-element-button\" href=\"https:\/\/t.me\/+TH8wcfnp8fw5NWI0\">Telegram News Bucovina<\/a><\/div>\n<p><\/strong><\/div>\n<p class=\"wp-block-paragraph\">Primarul municipiului Suceava, Vasile R\u00eembu, a anun\u021bat c\u0103 proiectul \u201eConstruirea de insule ecologice digitalizate \u00een municipiul Suceava\u201d a ajuns \u00een faza concret\u0103 a primului pas, odat\u0103 cu sosirea primului lot de insule ecologice, ar\u0103t\u00e2nd c\u0103 a \u00eenceput \u0219i betonarea noilor amplasamente.<\/p>\n<figure class=\"wp-block-image size-large\"><a href=\"https:\/\/cdn.newsbucovina.ro\/wp-content\/uploads\/2026\/08\/765059753_122332442912031410_578545294127633824_n.jpg\"><img loading=\"lazy\" decoding=\"async\" width=\"1024\" height=\"768\" src=\"https:\/\/cdn.newsbucovina.ro\/wp-content\/uploads\/2026\/08\/765059753_122332442912031410_578545294127633824_n-1024x768.jpg\" alt class=\"wp-image-445733\"><\/a><\/figure>\n<p class=\"wp-block-paragraph\">Investi\u021bia, \u00een valoare de 9.970.596,50 lei, este finan\u021bat\u0103 nerambursabil din bugetul Fondului pentru Mediu. \u00cen cadrul proiectului vor fi instalate 100 de insule ecologice digitalizate destinate colect\u0103rii de\u0219eurilor, primul lot ajung\u00e2nd deja \u00een municipiu.<\/p>\n<p class=\"wp-block-paragraph\">Edilul a subliniat c\u0103 demersul reprezint\u0103 o trecere de la viziune la realitate, \u00een direc\u021bia unei salubrit\u0103\u021bi inteligente. \u201e\u00cemi doresc o salubritate inteligent\u0103 din grij\u0103 pentru Suceava, ca o trecere de la viziune la realitate a unui ora\u0219 curat \u0219i modern \u00een care tehnologia recicl\u0103rii inteligente s\u0103 devin\u0103 o rutin\u0103\u201d, a transmis Vasile R\u00eembu.<\/p>\n<p class=\"wp-block-paragraph\">Proiectul urm\u0103re\u0219te cre\u0219terea gradului de colectare selectiv\u0103 \u0219i modernizarea sistemului de gestionare a de\u0219eurilor la nivelul municipiului.<\/p>\n<figure class=\"wp-block-embed is-type-video is-provider-youtube wp-block-embed-youtube wp-embed-aspect-16-9 wp-has-aspect-ratio\">\n<div class=\"wp-block-embed__wrapper\">\n<div class=\"youtube-embed\" data-video_id=\"uYtccfvP5bg\"><iframe loading=\"lazy\" title=\"Ce n-a v\u0103zut Paris-ul .. va vedea Suceava!! Nu-i chip s\u0103-i opre\u0219ti! Pe 4 septembrie va fi STOP joc\u2026\" width=\"696\" height=\"392\" src=\"https:\/\/www.youtube.com\/embed\/uYtccfvP5bg?feature=oembed&amp;enablejsapi=1\" frameborder allow=\"accelerometer; autoplay; clipboard-write; encrypted-media; gyroscope; picture-in-picture; web-share\" referrerpolicy=\"strict-origin-when-cross-origin\" allowfullscreen><\/iframe><\/div>\n<\/div>\n<\/figure>\n<div class=\"td-a-rec td-a-rec-id-content_bottom  tdi_4 td_block_template_1\"><strong>Intr\u0103 acum \u0219i \u00een grupul de <\/p>\n<div class=\"wp-block-button\"><a class=\"wp-block-button__link wp-element-button\" href=\"https:\/\/t.me\/+TH8wcfnp8fw5NWI0\">Telegram News Bucovina<\/a><\/div>\n<p><\/strong><\/div>\n<\/div>\n<p>[analyse_source url=&#8221;https:\/\/www.newsbucovina.ro\/actualitate\/445732\/primarul-vasile-rimbu-anunta-ca-incep-lucrarile-la-cele-100-de-insule-ecologice-digitalizate-din-suceava&#8221;]<\/p>\n","protected":false},"excerpt":{"rendered":"<p>[analyse_image type=&#8221;featured&#8221; src=&#8221;https:\/\/www.newsbucovina.ro\/wp-content\/uploads\/2026\/08\/765059753_122332442912031410_578545294127633824_n.jpghttps:\/\/cdn.newsbucovina.ro\/wp-content\/uploads\/2026\/08\/765059753_122332442912031410_578545294127633824_n.jpg&#8221;] Intr\u0103 acum \u0219i \u00een grupul de Telegram News Bucovina Primarul municipiului Suceava, Vasile R\u00eembu, a anun\u021bat c\u0103 proiectul \u201eConstruirea de insule ecologice digitalizate \u00een municipiul Suceava\u201d a ajuns \u00een faza concret\u0103 a primului pas, odat\u0103 cu sosirea primului lot de insule ecologice, ar\u0103t\u00e2nd c\u0103 a \u00eenceput \u0219i betonarea noilor amplasamente. Investi\u021bia, \u00een [&hellip;]<\/p>\n","protected":false},"author":1,"featured_media":0,"comment_status":"open","ping_status":"","sticky":false,"template":"","format":"standard","meta":{"footnotes":""},"categories":[89],"tags":[226,165],"class_list":["post-2079572","post","type-post","status-publish","format-standard","hentry","category-romania","tag-crawlmanager","tag-newsbucovina-ro"],"_links":{"self":[{"href":"https:\/\/analyse.optim.biz\/index.php?rest_route=\/wp\/v2\/posts\/2079572","targetHints":{"allow":["GET"]}}],"collection":[{"href":"https:\/\/analyse.optim.biz\/index.php?rest_route=\/wp\/v2\/posts"}],"about":[{"href":"https:\/\/analyse.optim.biz\/index.php?rest_route=\/wp\/v2\/types\/post"}],"author":[{"embeddable":true,"href":"https:\/\/analyse.optim.biz\/index.php?rest_route=\/wp\/v2\/users\/1"}],"replies":[{"embeddable":true,"href":"https:\/\/analyse.optim.biz\/index.php?rest_route=%2Fwp%2Fv2%2Fcomments&post=2079572"}],"version-history":[{"count":0,"href":"https:\/\/analyse.optim.biz\/index.php?rest_route=\/wp\/v2\/posts\/2079572\/revisions"}],"wp:attachment":[{"href":"https:\/\/analyse.optim.biz\/index.php?rest_route=%2Fwp%2Fv2%2Fmedia&parent=2079572"}],"wp:term":[{"taxonomy":"category","embeddable":true,"href":"https:\/\/analyse.optim.biz\/index.php?rest_route=%2Fwp%2Fv2%2Fcategories&post=2079572"},{"taxonomy":"post_tag","embeddable":true,"href":"https:\/\/analyse.optim.biz\/index.php?rest_route=%2Fwp%2Fv2%2Ftags&post=2079572"}],"curies":[{"name":"wp","href":"https:\/\/api.w.org\/{rel}","templated":true}]}}