{"id":2079571,"date":"2026-08-05T07:07:54","date_gmt":"2026-08-05T04:07:54","guid":{"rendered":"https:\/\/analyse.optim.biz\/?p=2079571"},"modified":"2026-08-05T07:07:54","modified_gmt":"2026-08-05T04:07:54","slug":"val-de-caldura-si-canicula-in-judetul-suceava-anm-a-emis-cod-portocaliu-pana-joi-dimineata-si-cod-galben-de-furtuna-pe-6-august","status":"publish","type":"post","link":"https:\/\/analyse.optim.biz\/?p=2079571","title":{"rendered":"Val de c\u0103ldur\u0103 \u0219i canicul\u0103 \u00een jude\u021bul Suceava. ANM a emis Cod Portocaliu p\u00e2n\u0103 joi diminea\u021ba \u0219i Cod Galben de furtun\u0103 pe 6 august"},"content":{"rendered":"<p>[analyse_image type=&#8221;featured&#8221; src=&#8221;https:\/\/www.newsbucovina.ro\/wp-content\/uploads\/2020\/07\/apus-de-soare-arsita-canicula-e1782890907456.jpeghttps:\/\/cdn.newsbucovina.ro\/wp-content\/uploads\/2020\/07\/apus-de-soare-arsita-canicula-e1782890907456.jpeg&#8221;]<\/p>\n<div class=\"td-post-content tagdiv-type\">\n<div class=\"td-a-rec td-a-rec-id-content_top  tdi_3 td_block_template_1\"><strong>Intr\u0103 acum \u0219i \u00een grupul de <\/p>\n<div class=\"wp-block-button\"><a class=\"wp-block-button__link wp-element-button\" href=\"https:\/\/t.me\/+TH8wcfnp8fw5NWI0\">Telegram News Bucovina<\/a><\/div>\n<p><\/strong><\/div>\n<p class=\"wp-block-paragraph\">Administra\u021bia Na\u021bional\u0103 de Meteorologie a emis o informare meteorologic\u0103 valabil\u0103 de miercuri, 5 august, ora 10:00, p\u00e2n\u0103 duminic\u0103, 9 august, ora 10:00, pentru val de c\u0103ldur\u0103, canicul\u0103, disconfort termic accentuat, nop\u021bi tropicale \u0219i perioade de instabilitate atmosferic\u0103.<\/p>\n<figure class=\"wp-block-image size-full\"><a href=\"https:\/\/cdn.newsbucovina.ro\/wp-content\/uploads\/2020\/07\/apus-de-soare-arsita-canicula-e1782890907456.jpeg\"><img loading=\"lazy\" decoding=\"async\" width=\"1024\" height=\"512\" src=\"https:\/\/cdn.newsbucovina.ro\/wp-content\/uploads\/2020\/07\/apus-de-soare-arsita-canicula-e1782890907456.jpeg\" alt class=\"wp-image-290510\"><\/a><\/figure>\n<p class=\"wp-block-paragraph\">\u00cen paralel, a fost emis Cod Portocaliu pentru intervalul 5 august, ora 10:00 \u2013 7 august, ora 10:00, \u0219i Cod Galben pentru joi, 6 august, \u00eentre orele 12:00 \u0219i 21:00.<\/p>\n<p class=\"wp-block-paragraph\">Potrivit ANM, miercuri, joi \u0219i vineri valul de c\u0103ldur\u0103 va fi intens \u0219i persistent \u00een cea mai mare parte a \u021b\u0103rii. S\u00e2mb\u0103t\u0103, 8 august, intensitatea va sc\u0103dea treptat, iar fenomenul se va restr\u00e2nge c\u0103tre sud-vestul \u0219i sudul teritoriului. Va fi canicul\u0103 pe arii relativ extinse, iar indicele temperatur\u0103-umezeal\u0103 (ITU) va atinge \u0219i dep\u0103\u0219i pragul critic de 80 de unit\u0103\u021bi. Nop\u021bile vor fi tropicale \u00een cea mai mare parte a \u021b\u0103rii, cu minime de 20\u201326 de grade.<\/p>\n<p class=\"wp-block-paragraph\">\u00cen Moldova, Oltenia, cea mai mare parte a Transilvaniei, sud-vestul \u0219i centrul Munteniei, Codul Portocaliu prevede temperaturi maxime de 35\u201338 de grade miercuri \u0219i joi, disconfort termic accentuat \u0219i nop\u021bi tropicale locale, cu minime de 20\u201324 de grade. Cele mai ridicate valori nocturne sunt a\u0219teptate \u00een dealurile Moldovei.<\/p>\n<p class=\"wp-block-paragraph\">Pe l\u00e2ng\u0103 c\u0103ldur\u0103, meteorologii anun\u021b\u0103 \u0219i episoade de instabilitate atmosferic\u0103. Joi, 6 august, \u00eentre orele 12:00 \u0219i 21:00, este valabil Cod Galben pentru nordul \u0219i centrul Moldovei, Transilvania, Maramure\u0219, Cri\u0219ana, Banat, Oltenia, jum\u0103tatea de vest a Munteniei \u0219i zona de munte. Se vor semnala intensific\u0103ri ale v\u00e2ntului \u0219i vijelii (rafale de 50\u201370 km\/h, izolat peste 80 km\/h), averse toren\u021biale, desc\u0103rc\u0103ri electrice \u0219i, izolat, grindin\u0103 de mici dimensiuni. \u00cen intervale scurte de timp, cantit\u0103\u021bile de ap\u0103 pot ajunge la 15\u201320 l\/mp, iar \u00een zonele montane la 30\u201350 l\/mp.<\/p>\n<p class=\"wp-block-paragraph\">Miercuri instabilitatea va fi prezent\u0103 \u00eendeosebi \u00een Carpa\u021bii Orientali, joi pe arii mai extinse, vineri \u00een jum\u0103tatea de nord a \u021b\u0103rii, iar s\u00e2mb\u0103t\u0103 mai ales \u00een zonele montane \u0219i submontane. Autorit\u0103\u021bile recomand\u0103 aten\u021bie sporit\u0103 la expunerea prelungit\u0103 la soare, hidratare corespunz\u0103toare \u0219i pruden\u021b\u0103 \u00een cazul intensific\u0103rilor de v\u00e2nt \u0219i a averselor toren\u021biale.<\/p>\n<figure class=\"wp-block-embed is-type-video is-provider-youtube wp-block-embed-youtube wp-embed-aspect-16-9 wp-has-aspect-ratio\">\n<div class=\"wp-block-embed__wrapper\">\n<div class=\"youtube-embed\" data-video_id=\"9lvPGckhaKM\"><iframe loading=\"lazy\" title=\"E nebunie curat\u0103 pe E 85 \u2026 Ziua \u00een care o Femeie a B\u0102(t)UT recordul de alcoolemie la Volan!!\" width=\"696\" height=\"392\" src=\"https:\/\/www.youtube.com\/embed\/9lvPGckhaKM?start=20&amp;feature=oembed\" frameborder allow=\"accelerometer; autoplay; clipboard-write; encrypted-media; gyroscope; picture-in-picture; web-share\" referrerpolicy=\"strict-origin-when-cross-origin\" allowfullscreen><\/iframe><\/div>\n<\/div>\n<\/figure>\n<div class=\"td-a-rec td-a-rec-id-content_bottom  tdi_4 td_block_template_1\"><strong>Intr\u0103 acum \u0219i \u00een grupul de <\/p>\n<div class=\"wp-block-button\"><a class=\"wp-block-button__link wp-element-button\" href=\"https:\/\/t.me\/+TH8wcfnp8fw5NWI0\">Telegram News Bucovina<\/a><\/div>\n<p><\/strong><\/div>\n<\/div>\n<div class=\"td-post-content tagdiv-type\">\n<div class=\"td-a-rec td-a-rec-id-content_top  tdi_3 td_block_template_1\"><strong>Intr\u0103 acum \u0219i \u00een grupul de <\/p>\n<div class=\"wp-block-button\"><a class=\"wp-block-button__link wp-element-button\" href=\"https:\/\/t.me\/+TH8wcfnp8fw5NWI0\">Telegram News Bucovina<\/a><\/div>\n<p><\/strong><\/div>\n<p class=\"wp-block-paragraph\">Administra\u021bia Na\u021bional\u0103 de Meteorologie a emis o informare meteorologic\u0103 valabil\u0103 de miercuri, 5 august, ora 10:00, p\u00e2n\u0103 duminic\u0103, 9 august, ora 10:00, pentru val de c\u0103ldur\u0103, canicul\u0103, disconfort termic accentuat, nop\u021bi tropicale \u0219i perioade de instabilitate atmosferic\u0103.<\/p>\n<figure class=\"wp-block-image size-full\"><a href=\"https:\/\/cdn.newsbucovina.ro\/wp-content\/uploads\/2020\/07\/apus-de-soare-arsita-canicula-e1782890907456.jpeg\"><img loading=\"lazy\" decoding=\"async\" width=\"1024\" height=\"512\" src=\"https:\/\/cdn.newsbucovina.ro\/wp-content\/uploads\/2020\/07\/apus-de-soare-arsita-canicula-e1782890907456.jpeg\" alt class=\"wp-image-290510\"><\/a><\/figure>\n<p class=\"wp-block-paragraph\">\u00cen paralel, a fost emis Cod Portocaliu pentru intervalul 5 august, ora 10:00 \u2013 7 august, ora 10:00, \u0219i Cod Galben pentru joi, 6 august, \u00eentre orele 12:00 \u0219i 21:00.<\/p>\n<p class=\"wp-block-paragraph\">Potrivit ANM, miercuri, joi \u0219i vineri valul de c\u0103ldur\u0103 va fi intens \u0219i persistent \u00een cea mai mare parte a \u021b\u0103rii. S\u00e2mb\u0103t\u0103, 8 august, intensitatea va sc\u0103dea treptat, iar fenomenul se va restr\u00e2nge c\u0103tre sud-vestul \u0219i sudul teritoriului. Va fi canicul\u0103 pe arii relativ extinse, iar indicele temperatur\u0103-umezeal\u0103 (ITU) va atinge \u0219i dep\u0103\u0219i pragul critic de 80 de unit\u0103\u021bi. Nop\u021bile vor fi tropicale \u00een cea mai mare parte a \u021b\u0103rii, cu minime de 20\u201326 de grade.<\/p>\n<p class=\"wp-block-paragraph\">\u00cen Moldova, Oltenia, cea mai mare parte a Transilvaniei, sud-vestul \u0219i centrul Munteniei, Codul Portocaliu prevede temperaturi maxime de 35\u201338 de grade miercuri \u0219i joi, disconfort termic accentuat \u0219i nop\u021bi tropicale locale, cu minime de 20\u201324 de grade. Cele mai ridicate valori nocturne sunt a\u0219teptate \u00een dealurile Moldovei.<\/p>\n<p class=\"wp-block-paragraph\">Pe l\u00e2ng\u0103 c\u0103ldur\u0103, meteorologii anun\u021b\u0103 \u0219i episoade de instabilitate atmosferic\u0103. Joi, 6 august, \u00eentre orele 12:00 \u0219i 21:00, este valabil Cod Galben pentru nordul \u0219i centrul Moldovei, Transilvania, Maramure\u0219, Cri\u0219ana, Banat, Oltenia, jum\u0103tatea de vest a Munteniei \u0219i zona de munte. Se vor semnala intensific\u0103ri ale v\u00e2ntului \u0219i vijelii (rafale de 50\u201370 km\/h, izolat peste 80 km\/h), averse toren\u021biale, desc\u0103rc\u0103ri electrice \u0219i, izolat, grindin\u0103 de mici dimensiuni. \u00cen intervale scurte de timp, cantit\u0103\u021bile de ap\u0103 pot ajunge la 15\u201320 l\/mp, iar \u00een zonele montane la 30\u201350 l\/mp.<\/p>\n<p class=\"wp-block-paragraph\">Miercuri instabilitatea va fi prezent\u0103 \u00eendeosebi \u00een Carpa\u021bii Orientali, joi pe arii mai extinse, vineri \u00een jum\u0103tatea de nord a \u021b\u0103rii, iar s\u00e2mb\u0103t\u0103 mai ales \u00een zonele montane \u0219i submontane. Autorit\u0103\u021bile recomand\u0103 aten\u021bie sporit\u0103 la expunerea prelungit\u0103 la soare, hidratare corespunz\u0103toare \u0219i pruden\u021b\u0103 \u00een cazul intensific\u0103rilor de v\u00e2nt \u0219i a averselor toren\u021biale.<\/p>\n<figure class=\"wp-block-embed is-type-video is-provider-youtube wp-block-embed-youtube wp-embed-aspect-16-9 wp-has-aspect-ratio\">\n<div class=\"wp-block-embed__wrapper\">\n<div class=\"youtube-embed\" data-video_id=\"9lvPGckhaKM\"><iframe loading=\"lazy\" title=\"E nebunie curat\u0103 pe E 85 \u2026 Ziua \u00een care o Femeie a B\u0102(t)UT recordul de alcoolemie la Volan!!\" width=\"696\" height=\"392\" src=\"https:\/\/www.youtube.com\/embed\/9lvPGckhaKM?start=20&amp;feature=oembed\" frameborder allow=\"accelerometer; autoplay; clipboard-write; encrypted-media; gyroscope; picture-in-picture; web-share\" referrerpolicy=\"strict-origin-when-cross-origin\" allowfullscreen><\/iframe><\/div>\n<\/div>\n<\/figure>\n<div class=\"td-a-rec td-a-rec-id-content_bottom  tdi_4 td_block_template_1\"><strong>Intr\u0103 acum \u0219i \u00een grupul de <\/p>\n<div class=\"wp-block-button\"><a class=\"wp-block-button__link wp-element-button\" href=\"https:\/\/t.me\/+TH8wcfnp8fw5NWI0\">Telegram News Bucovina<\/a><\/div>\n<p><\/strong><\/div>\n<\/div>\n<p>[analyse_source url=&#8221;https:\/\/www.newsbucovina.ro\/actualitate\/445696\/val-de-caldura-si-canicula-in-judetul-suceava-anm-a-emis-cod-portocaliu-pana-joi-dimineata-si-cod-galben-de-furtuna-pe-6-august&#8221;]<\/p>\n","protected":false},"excerpt":{"rendered":"<p>[analyse_image type=&#8221;featured&#8221; src=&#8221;https:\/\/www.newsbucovina.ro\/wp-content\/uploads\/2020\/07\/apus-de-soare-arsita-canicula-e1782890907456.jpeghttps:\/\/cdn.newsbucovina.ro\/wp-content\/uploads\/2020\/07\/apus-de-soare-arsita-canicula-e1782890907456.jpeg&#8221;] Intr\u0103 acum \u0219i \u00een grupul de Telegram News Bucovina Administra\u021bia Na\u021bional\u0103 de Meteorologie a emis o informare meteorologic\u0103 valabil\u0103 de miercuri, 5 august, ora 10:00, p\u00e2n\u0103 duminic\u0103, 9 august, ora 10:00, pentru val de c\u0103ldur\u0103, canicul\u0103, disconfort termic accentuat, nop\u021bi tropicale \u0219i perioade de instabilitate atmosferic\u0103. \u00cen paralel, a fost emis Cod [&hellip;]<\/p>\n","protected":false},"author":1,"featured_media":0,"comment_status":"open","ping_status":"","sticky":false,"template":"","format":"standard","meta":{"footnotes":""},"categories":[89],"tags":[226,165],"class_list":["post-2079571","post","type-post","status-publish","format-standard","hentry","category-romania","tag-crawlmanager","tag-newsbucovina-ro"],"_links":{"self":[{"href":"https:\/\/analyse.optim.biz\/index.php?rest_route=\/wp\/v2\/posts\/2079571","targetHints":{"allow":["GET"]}}],"collection":[{"href":"https:\/\/analyse.optim.biz\/index.php?rest_route=\/wp\/v2\/posts"}],"about":[{"href":"https:\/\/analyse.optim.biz\/index.php?rest_route=\/wp\/v2\/types\/post"}],"author":[{"embeddable":true,"href":"https:\/\/analyse.optim.biz\/index.php?rest_route=\/wp\/v2\/users\/1"}],"replies":[{"embeddable":true,"href":"https:\/\/analyse.optim.biz\/index.php?rest_route=%2Fwp%2Fv2%2Fcomments&post=2079571"}],"version-history":[{"count":0,"href":"https:\/\/analyse.optim.biz\/index.php?rest_route=\/wp\/v2\/posts\/2079571\/revisions"}],"wp:attachment":[{"href":"https:\/\/analyse.optim.biz\/index.php?rest_route=%2Fwp%2Fv2%2Fmedia&parent=2079571"}],"wp:term":[{"taxonomy":"category","embeddable":true,"href":"https:\/\/analyse.optim.biz\/index.php?rest_route=%2Fwp%2Fv2%2Fcategories&post=2079571"},{"taxonomy":"post_tag","embeddable":true,"href":"https:\/\/analyse.optim.biz\/index.php?rest_route=%2Fwp%2Fv2%2Ftags&post=2079571"}],"curies":[{"name":"wp","href":"https:\/\/api.w.org\/{rel}","templated":true}]}}