{"id":2079570,"date":"2026-08-04T08:51:21","date_gmt":"2026-08-04T05:51:21","guid":{"rendered":"https:\/\/analyse.optim.biz\/?p=2079570"},"modified":"2026-08-04T08:51:21","modified_gmt":"2026-08-04T05:51:21","slug":"presedintele-soldan-a-inceput-turnarea-ultimului-strat-de-asfalt-pe-noul-drum-de-legatura-spre-aeroportul-suceava","status":"publish","type":"post","link":"https:\/\/analyse.optim.biz\/?p=2079570","title":{"rendered":"Pre\u0219edintele \u0218oldan: A \u00eenceput turnarea ultimului strat de asfalt pe noul drum de leg\u0103tur\u0103 spre Aeroportul Suceava"},"content":{"rendered":"<p>[analyse_image type=&#8221;featured&#8221; src=&#8221;https:\/\/www.newsbucovina.ro\/wp-content\/uploads\/2026\/08\/763761947_1576358573993223_1893571041363579843_n.jpghttps:\/\/cdn.newsbucovina.ro\/wp-content\/uploads\/2026\/08\/763761947_1576358573993223_1893571041363579843_n.jpg&#8221;]<\/p>\n<div class=\"td-post-content tagdiv-type\">\n<div class=\"td-a-rec td-a-rec-id-content_top  tdi_3 td_block_template_1\"><strong>Intr\u0103 acum \u0219i \u00een grupul de <\/p>\n<div class=\"wp-block-button\"><a class=\"wp-block-button__link wp-element-button\" href=\"https:\/\/t.me\/+TH8wcfnp8fw5NWI0\">Telegram News Bucovina<\/a><\/div>\n<p><\/strong><\/div>\n<p class=\"wp-block-paragraph\">A \u00eenceput turnarea ultimului strat de asfalt, cel de uzur\u0103, pe noul drum de leg\u0103tur\u0103 spre Aeroportul Interna\u021bional \u201e\u0218tefan cel Mare\u201d Suceava, a anun\u021bat, mar\u021bi, pre\u0219edintele Consiliului Jude\u021bean Suceava, Gheorghe \u0218oldan.<\/p>\n<p class=\"wp-block-paragraph\">Este al treilea \u0219i ultimul strat, pe care vor circula efectiv autovehiculele \u0219i care asigur\u0103 aderen\u021ba \u0219i rezisten\u021ba drumului. Noua arter\u0103 va avea o lungime de aproximativ cinci kilometri \u0219i va lega strada Plevnei din cartierul Burdujeni de aeroport.<\/p>\n<figure class=\"wp-block-gallery has-nested-images columns-default is-cropped wp-block-gallery-1 is-layout-flex wp-block-gallery-is-layout-flex\">\n<figure class=\"wp-block-image size-large\"><a href=\"https:\/\/cdn.newsbucovina.ro\/wp-content\/uploads\/2026\/08\/762998209_1460198216168164_4839974975301430100_n.jpg\"><img loading=\"lazy\" decoding=\"async\" width=\"1024\" height=\"576\" data-id=\"445608\" src=\"https:\/\/cdn.newsbucovina.ro\/wp-content\/uploads\/2026\/08\/762998209_1460198216168164_4839974975301430100_n-1024x576.jpg\" alt class=\"wp-image-445608\"><\/a><figcaption class=\"wp-element-caption\">default<\/figcaption><\/figure>\n<figure class=\"wp-block-image size-large\"><a href=\"https:\/\/cdn.newsbucovina.ro\/wp-content\/uploads\/2026\/08\/763177818_1054438347518049_594171303179888871_n.jpg\"><img loading=\"lazy\" decoding=\"async\" width=\"1024\" height=\"576\" data-id=\"445610\" src=\"https:\/\/cdn.newsbucovina.ro\/wp-content\/uploads\/2026\/08\/763177818_1054438347518049_594171303179888871_n-1024x576.jpg\" alt class=\"wp-image-445610\"><\/a><\/figure>\n<figure class=\"wp-block-image size-large\"><a href=\"https:\/\/cdn.newsbucovina.ro\/wp-content\/uploads\/2026\/08\/763761947_1576358573993223_1893571041363579843_n.jpg\"><img decoding=\"async\" loading=\"lazy\" width=\"1024\" height=\"576\" data-id=\"445609\" src=\"https:\/\/cdn.newsbucovina.ro\/wp-content\/uploads\/2026\/08\/763761947_1576358573993223_1893571041363579843_n-1024x576.jpg\" alt class=\"wp-image-445609\"><\/a><figcaption class=\"wp-element-caption\">default<\/figcaption><\/figure>\n<figure class=\"wp-block-image size-large\"><a href=\"https:\/\/cdn.newsbucovina.ro\/wp-content\/uploads\/2026\/08\/763805684_1594575178726399_95989961309132211_n.jpg\"><img decoding=\"async\" loading=\"lazy\" width=\"1024\" height=\"683\" data-id=\"445607\" src=\"https:\/\/cdn.newsbucovina.ro\/wp-content\/uploads\/2026\/08\/763805684_1594575178726399_95989961309132211_n-1024x683.jpg\" alt class=\"wp-image-445607\"><\/a><\/figure>\n<\/figure>\n<p class=\"wp-block-paragraph\">Dup\u0103 finalizarea asfalt\u0103rii, vor continua lucr\u0103rile la sistemul de scurgere a apelor, semnalizarea rutier\u0103, montarea parapetelor \u0219i amenajarea sensului giratoriu din zona aeroportului.<\/p>\n<p class=\"wp-block-paragraph\">Investi\u021bia, \u00een valoare de 23,77 milioane de lei, este finan\u021bat\u0103 din bugetul Consiliului Jude\u021bean Suceava. Noul drum va asigura o rut\u0103 alternativ\u0103 spre aeroport, iar prin sensul giratoriu se va conecta direct cu DJ 290A, parcarea aeroportului, Centrul Economic Bucovina \u0219i, \u00een viitor, cu breteaua de leg\u0103tur\u0103 la Autostrada A7.<\/p>\n<p class=\"wp-block-paragraph\">Termenul contractual de finalizare este martie 2027, \u00eens\u0103 ritmul foarte bun al lucr\u0103rilor ofer\u0103 motive s\u0103 se cread\u0103 c\u0103 drumul ar putea fi deschis circula\u021biei \u00eenc\u0103 din acest an, a precizat \u0218oldan.<\/p>\n<figure class=\"wp-block-embed is-type-video is-provider-youtube wp-block-embed-youtube wp-embed-aspect-16-9 wp-has-aspect-ratio\">\n<div class=\"wp-block-embed__wrapper\">\n<div class=\"youtube-embed\" data-video_id=\"H5LcMzGH100\"><iframe loading=\"lazy\" title=\"Cum transformi Bucuria-n...SC\u00c2RB\u0102? Te plimbi cu ma\u0219ina Prim\u0103riei ...f\u0103r\u0103 acte! POLI\u021aIA o cam scald\u0103!\" width=\"696\" height=\"392\" src=\"https:\/\/www.youtube.com\/embed\/H5LcMzGH100?feature=oembed&amp;enablejsapi=1\" frameborder allow=\"accelerometer; autoplay; clipboard-write; encrypted-media; gyroscope; picture-in-picture; web-share\" referrerpolicy=\"strict-origin-when-cross-origin\" allowfullscreen><\/iframe><\/div>\n<\/div>\n<\/figure>\n<div class=\"td-a-rec td-a-rec-id-content_bottom  tdi_4 td_block_template_1\"><strong>Intr\u0103 acum \u0219i \u00een grupul de <\/p>\n<div class=\"wp-block-button\"><a class=\"wp-block-button__link wp-element-button\" href=\"https:\/\/t.me\/+TH8wcfnp8fw5NWI0\">Telegram News Bucovina<\/a><\/div>\n<p><\/strong><\/div>\n<\/div>\n<div class=\"td-post-content tagdiv-type\">\n<div class=\"td-a-rec td-a-rec-id-content_top  tdi_3 td_block_template_1\"><strong>Intr\u0103 acum \u0219i \u00een grupul de <\/p>\n<div class=\"wp-block-button\"><a class=\"wp-block-button__link wp-element-button\" href=\"https:\/\/t.me\/+TH8wcfnp8fw5NWI0\">Telegram News Bucovina<\/a><\/div>\n<p><\/strong><\/div>\n<p class=\"wp-block-paragraph\">A \u00eenceput turnarea ultimului strat de asfalt, cel de uzur\u0103, pe noul drum de leg\u0103tur\u0103 spre Aeroportul Interna\u021bional \u201e\u0218tefan cel Mare\u201d Suceava, a anun\u021bat, mar\u021bi, pre\u0219edintele Consiliului Jude\u021bean Suceava, Gheorghe \u0218oldan.<\/p>\n<p class=\"wp-block-paragraph\">Este al treilea \u0219i ultimul strat, pe care vor circula efectiv autovehiculele \u0219i care asigur\u0103 aderen\u021ba \u0219i rezisten\u021ba drumului. Noua arter\u0103 va avea o lungime de aproximativ cinci kilometri \u0219i va lega strada Plevnei din cartierul Burdujeni de aeroport.<\/p>\n<figure class=\"wp-block-gallery has-nested-images columns-default is-cropped wp-block-gallery-1 is-layout-flex wp-block-gallery-is-layout-flex\">\n<figure class=\"wp-block-image size-large\"><a href=\"https:\/\/cdn.newsbucovina.ro\/wp-content\/uploads\/2026\/08\/762998209_1460198216168164_4839974975301430100_n.jpg\"><img loading=\"lazy\" decoding=\"async\" width=\"1024\" height=\"576\" data-id=\"445608\" src=\"https:\/\/cdn.newsbucovina.ro\/wp-content\/uploads\/2026\/08\/762998209_1460198216168164_4839974975301430100_n-1024x576.jpg\" alt class=\"wp-image-445608\"><\/a><figcaption class=\"wp-element-caption\">default<\/figcaption><\/figure>\n<figure class=\"wp-block-image size-large\"><a href=\"https:\/\/cdn.newsbucovina.ro\/wp-content\/uploads\/2026\/08\/763177818_1054438347518049_594171303179888871_n.jpg\"><img loading=\"lazy\" decoding=\"async\" width=\"1024\" height=\"576\" data-id=\"445610\" src=\"https:\/\/cdn.newsbucovina.ro\/wp-content\/uploads\/2026\/08\/763177818_1054438347518049_594171303179888871_n-1024x576.jpg\" alt class=\"wp-image-445610\"><\/a><\/figure>\n<figure class=\"wp-block-image size-large\"><a href=\"https:\/\/cdn.newsbucovina.ro\/wp-content\/uploads\/2026\/08\/763761947_1576358573993223_1893571041363579843_n.jpg\"><img decoding=\"async\" loading=\"lazy\" width=\"1024\" height=\"576\" data-id=\"445609\" src=\"https:\/\/cdn.newsbucovina.ro\/wp-content\/uploads\/2026\/08\/763761947_1576358573993223_1893571041363579843_n-1024x576.jpg\" alt class=\"wp-image-445609\"><\/a><figcaption class=\"wp-element-caption\">default<\/figcaption><\/figure>\n<figure class=\"wp-block-image size-large\"><a href=\"https:\/\/cdn.newsbucovina.ro\/wp-content\/uploads\/2026\/08\/763805684_1594575178726399_95989961309132211_n.jpg\"><img decoding=\"async\" loading=\"lazy\" width=\"1024\" height=\"683\" data-id=\"445607\" src=\"https:\/\/cdn.newsbucovina.ro\/wp-content\/uploads\/2026\/08\/763805684_1594575178726399_95989961309132211_n-1024x683.jpg\" alt class=\"wp-image-445607\"><\/a><\/figure>\n<\/figure>\n<p class=\"wp-block-paragraph\">Dup\u0103 finalizarea asfalt\u0103rii, vor continua lucr\u0103rile la sistemul de scurgere a apelor, semnalizarea rutier\u0103, montarea parapetelor \u0219i amenajarea sensului giratoriu din zona aeroportului.<\/p>\n<p class=\"wp-block-paragraph\">Investi\u021bia, \u00een valoare de 23,77 milioane de lei, este finan\u021bat\u0103 din bugetul Consiliului Jude\u021bean Suceava. Noul drum va asigura o rut\u0103 alternativ\u0103 spre aeroport, iar prin sensul giratoriu se va conecta direct cu DJ 290A, parcarea aeroportului, Centrul Economic Bucovina \u0219i, \u00een viitor, cu breteaua de leg\u0103tur\u0103 la Autostrada A7.<\/p>\n<p class=\"wp-block-paragraph\">Termenul contractual de finalizare este martie 2027, \u00eens\u0103 ritmul foarte bun al lucr\u0103rilor ofer\u0103 motive s\u0103 se cread\u0103 c\u0103 drumul ar putea fi deschis circula\u021biei \u00eenc\u0103 din acest an, a precizat \u0218oldan.<\/p>\n<figure class=\"wp-block-embed is-type-video is-provider-youtube wp-block-embed-youtube wp-embed-aspect-16-9 wp-has-aspect-ratio\">\n<div class=\"wp-block-embed__wrapper\">\n<div class=\"youtube-embed\" data-video_id=\"H5LcMzGH100\"><iframe loading=\"lazy\" title=\"Cum transformi Bucuria-n...SC\u00c2RB\u0102? Te plimbi cu ma\u0219ina Prim\u0103riei ...f\u0103r\u0103 acte! POLI\u021aIA o cam scald\u0103!\" width=\"696\" height=\"392\" src=\"https:\/\/www.youtube.com\/embed\/H5LcMzGH100?feature=oembed&amp;enablejsapi=1\" frameborder allow=\"accelerometer; autoplay; clipboard-write; encrypted-media; gyroscope; picture-in-picture; web-share\" referrerpolicy=\"strict-origin-when-cross-origin\" allowfullscreen><\/iframe><\/div>\n<\/div>\n<\/figure>\n<div class=\"td-a-rec td-a-rec-id-content_bottom  tdi_4 td_block_template_1\"><strong>Intr\u0103 acum \u0219i \u00een grupul de <\/p>\n<div class=\"wp-block-button\"><a class=\"wp-block-button__link wp-element-button\" href=\"https:\/\/t.me\/+TH8wcfnp8fw5NWI0\">Telegram News Bucovina<\/a><\/div>\n<p><\/strong><\/div>\n<\/div>\n<p>[analyse_source url=&#8221;https:\/\/www.newsbucovina.ro\/actualitate\/445606\/presedintele-soldan-a-inceput-turnarea-ultimului-strat-de-asfalt-pe-noul-drum-de-legatura-spre-aeroportul-suceava&#8221;]<\/p>\n","protected":false},"excerpt":{"rendered":"<p>[analyse_image type=&#8221;featured&#8221; src=&#8221;https:\/\/www.newsbucovina.ro\/wp-content\/uploads\/2026\/08\/763761947_1576358573993223_1893571041363579843_n.jpghttps:\/\/cdn.newsbucovina.ro\/wp-content\/uploads\/2026\/08\/763761947_1576358573993223_1893571041363579843_n.jpg&#8221;] Intr\u0103 acum \u0219i \u00een grupul de Telegram News Bucovina A \u00eenceput turnarea ultimului strat de asfalt, cel de uzur\u0103, pe noul drum de leg\u0103tur\u0103 spre Aeroportul Interna\u021bional \u201e\u0218tefan cel Mare\u201d Suceava, a anun\u021bat, mar\u021bi, pre\u0219edintele Consiliului Jude\u021bean Suceava, Gheorghe \u0218oldan. Este al treilea \u0219i ultimul strat, pe care vor circula efectiv autovehiculele [&hellip;]<\/p>\n","protected":false},"author":1,"featured_media":0,"comment_status":"open","ping_status":"","sticky":false,"template":"","format":"standard","meta":{"footnotes":""},"categories":[89],"tags":[226,165],"class_list":["post-2079570","post","type-post","status-publish","format-standard","hentry","category-romania","tag-crawlmanager","tag-newsbucovina-ro"],"_links":{"self":[{"href":"https:\/\/analyse.optim.biz\/index.php?rest_route=\/wp\/v2\/posts\/2079570","targetHints":{"allow":["GET"]}}],"collection":[{"href":"https:\/\/analyse.optim.biz\/index.php?rest_route=\/wp\/v2\/posts"}],"about":[{"href":"https:\/\/analyse.optim.biz\/index.php?rest_route=\/wp\/v2\/types\/post"}],"author":[{"embeddable":true,"href":"https:\/\/analyse.optim.biz\/index.php?rest_route=\/wp\/v2\/users\/1"}],"replies":[{"embeddable":true,"href":"https:\/\/analyse.optim.biz\/index.php?rest_route=%2Fwp%2Fv2%2Fcomments&post=2079570"}],"version-history":[{"count":0,"href":"https:\/\/analyse.optim.biz\/index.php?rest_route=\/wp\/v2\/posts\/2079570\/revisions"}],"wp:attachment":[{"href":"https:\/\/analyse.optim.biz\/index.php?rest_route=%2Fwp%2Fv2%2Fmedia&parent=2079570"}],"wp:term":[{"taxonomy":"category","embeddable":true,"href":"https:\/\/analyse.optim.biz\/index.php?rest_route=%2Fwp%2Fv2%2Fcategories&post=2079570"},{"taxonomy":"post_tag","embeddable":true,"href":"https:\/\/analyse.optim.biz\/index.php?rest_route=%2Fwp%2Fv2%2Ftags&post=2079570"}],"curies":[{"name":"wp","href":"https:\/\/api.w.org\/{rel}","templated":true}]}}