{"id":2079569,"date":"2026-08-05T21:00:49","date_gmt":"2026-08-05T18:00:49","guid":{"rendered":"https:\/\/analyse.optim.biz\/?p=2079569"},"modified":"2026-08-05T21:00:49","modified_gmt":"2026-08-05T18:00:49","slug":"motociclistul-implicat-in-accidentul-produs-la-intrarea-in-suceava-dinspre-salcea-a-murit-la-spital","status":"publish","type":"post","link":"https:\/\/analyse.optim.biz\/?p=2079569","title":{"rendered":"Motociclistul implicat \u00een accidentul produs la intrarea \u00een Suceava dinspre Salcea a murit la spital"},"content":{"rendered":"<p>[analyse_image type=&#8221;featured&#8221; src=&#8221;https:\/\/www.newsbucovina.ro\/wp-content\/uploads\/2026\/08\/Screenshot-2-1.pnghttps:\/\/cdn.newsbucovina.ro\/wp-content\/uploads\/2026\/08\/Screenshot-2-1.png&#8221;]<\/p>\n<div class=\"td-post-content tagdiv-type\">\n<div class=\"td-a-rec td-a-rec-id-content_top  tdi_3 td_block_template_1\"><strong>Intr\u0103 acum \u0219i \u00een grupul de <\/p>\n<div class=\"wp-block-button\"><a class=\"wp-block-button__link wp-element-button\" href=\"https:\/\/t.me\/+TH8wcfnp8fw5NWI0\">Telegram News Bucovina<\/a><\/div>\n<p><\/strong><\/div>\n<p class=\"wp-block-paragraph\">\u00cen cursul zilei de miercuri, \u00een jurul orei 15:30, Poli\u021bia Municipiului Suceava a fost sesizat\u0103 cu privire la un accident rutier produs pe strada Cuza Vod\u0103, \u00eentre un autoturism \u0219i o motociclet\u0103.<\/p>\n<div class=\"wp-block-image\">\n<figure class=\"aligncenter size-full\"><a href=\"https:\/\/cdn.newsbucovina.ro\/wp-content\/uploads\/2026\/08\/Screenshot-2-1.png\"><img loading=\"lazy\" decoding=\"async\" width=\"750\" height=\"352\" src=\"https:\/\/cdn.newsbucovina.ro\/wp-content\/uploads\/2026\/08\/Screenshot-2-1.png\" alt class=\"wp-image-445766\"><\/a><\/figure>\n<\/div>\n<p class=\"wp-block-paragraph\">Din primele verific\u0103ri a rezultat c\u0103 un t\u00e2n\u0103r de 20 de ani din localitatea Plopeni, ora\u0219ul Salcea, conducea autoturismul pe direc\u021bia Salcea \u2013 cartier Burdujeni. \u00cen momentul \u00een care a efectuat un viraj la st\u00e2nga f\u0103r\u0103 a se asigura suficient, a intrat \u00een impact cu motocicleta condus\u0103 de un t\u00e2n\u0103r de 23 de ani din municipiul Suceava, care se deplasa pe aceea\u0219i direc\u021bie \u0219i se afla \u00een dep\u0103\u0219irea mai multor vehicule.<\/p>\n<p class=\"wp-block-paragraph\">\u00cen urma impactului, motociclistul a suferit v\u0103t\u0103m\u0103ri corporale grave \u0219i a fost transportat la UPU Suceava. Din p\u0103cate, \u00een jurul orei 21:30, Spitalul Jude\u021bean de Urgen\u021b\u0103 \u201eSf\u00e2ntul Ioan cel Nou\u201d Suceava a informat IPJ Suceava cu privire la decesul victimei.<\/p>\n<p class=\"wp-block-paragraph\">Motociclistul nu a putut fi testat la fa\u021ba locului cu aparatul etilotest, \u00eens\u0103 i-au fost recoltate probe biologice de s\u00e2nge. \u0218oferul autoturismului a fost testat, rezultatul fiind negativ.<\/p>\n<p class=\"wp-block-paragraph\">Verific\u0103rile efectuate de poli\u021bi\u0219ti au ar\u0103tat c\u0103 motociclistul nu de\u021binea permis de conducere corespunz\u0103tor categoriei, iar motocicleta era ne\u00eenmatriculat\u0103 \u0219i avea montat un num\u0103r de \u00eenmatriculare fals.<\/p>\n<p class=\"wp-block-paragraph\">\u00cen cauz\u0103 a fost \u00eentocmit dosar penal sub aspectul s\u0103v\u00e2r\u0219irii infrac\u021biunilor de ucidere din culp\u0103, conducerea unui vehicul f\u0103r\u0103 permis de conducere \u0219i punerea \u00een circula\u021bie a unui vehicul ne\u00eenmatriculat sau cu num\u0103r fals. Cercet\u0103rile continu\u0103 pentru stabilirea tuturor circumstan\u021belor producerii accidentului.<\/p>\n<div class=\"td-a-rec td-a-rec-id-content_bottom  tdi_4 td_block_template_1\"><strong>Intr\u0103 acum \u0219i \u00een grupul de <\/p>\n<div class=\"wp-block-button\"><a class=\"wp-block-button__link wp-element-button\" href=\"https:\/\/t.me\/+TH8wcfnp8fw5NWI0\">Telegram News Bucovina<\/a><\/div>\n<p><\/strong><\/div>\n<\/div>\n<div class=\"td-post-content tagdiv-type\">\n<div class=\"td-a-rec td-a-rec-id-content_top  tdi_3 td_block_template_1\"><strong>Intr\u0103 acum \u0219i \u00een grupul de <\/p>\n<div class=\"wp-block-button\"><a class=\"wp-block-button__link wp-element-button\" href=\"https:\/\/t.me\/+TH8wcfnp8fw5NWI0\">Telegram News Bucovina<\/a><\/div>\n<p><\/strong><\/div>\n<p class=\"wp-block-paragraph\">\u00cen cursul zilei de miercuri, \u00een jurul orei 15:30, Poli\u021bia Municipiului Suceava a fost sesizat\u0103 cu privire la un accident rutier produs pe strada Cuza Vod\u0103, \u00eentre un autoturism \u0219i o motociclet\u0103.<\/p>\n<div class=\"wp-block-image\">\n<figure class=\"aligncenter size-full\"><a href=\"https:\/\/cdn.newsbucovina.ro\/wp-content\/uploads\/2026\/08\/Screenshot-2-1.png\"><img loading=\"lazy\" decoding=\"async\" width=\"750\" height=\"352\" src=\"https:\/\/cdn.newsbucovina.ro\/wp-content\/uploads\/2026\/08\/Screenshot-2-1.png\" alt class=\"wp-image-445766\"><\/a><\/figure>\n<\/div>\n<p class=\"wp-block-paragraph\">Din primele verific\u0103ri a rezultat c\u0103 un t\u00e2n\u0103r de 20 de ani din localitatea Plopeni, ora\u0219ul Salcea, conducea autoturismul pe direc\u021bia Salcea \u2013 cartier Burdujeni. \u00cen momentul \u00een care a efectuat un viraj la st\u00e2nga f\u0103r\u0103 a se asigura suficient, a intrat \u00een impact cu motocicleta condus\u0103 de un t\u00e2n\u0103r de 23 de ani din municipiul Suceava, care se deplasa pe aceea\u0219i direc\u021bie \u0219i se afla \u00een dep\u0103\u0219irea mai multor vehicule.<\/p>\n<p class=\"wp-block-paragraph\">\u00cen urma impactului, motociclistul a suferit v\u0103t\u0103m\u0103ri corporale grave \u0219i a fost transportat la UPU Suceava. Din p\u0103cate, \u00een jurul orei 21:30, Spitalul Jude\u021bean de Urgen\u021b\u0103 \u201eSf\u00e2ntul Ioan cel Nou\u201d Suceava a informat IPJ Suceava cu privire la decesul victimei.<\/p>\n<p class=\"wp-block-paragraph\">Motociclistul nu a putut fi testat la fa\u021ba locului cu aparatul etilotest, \u00eens\u0103 i-au fost recoltate probe biologice de s\u00e2nge. \u0218oferul autoturismului a fost testat, rezultatul fiind negativ.<\/p>\n<p class=\"wp-block-paragraph\">Verific\u0103rile efectuate de poli\u021bi\u0219ti au ar\u0103tat c\u0103 motociclistul nu de\u021binea permis de conducere corespunz\u0103tor categoriei, iar motocicleta era ne\u00eenmatriculat\u0103 \u0219i avea montat un num\u0103r de \u00eenmatriculare fals.<\/p>\n<p class=\"wp-block-paragraph\">\u00cen cauz\u0103 a fost \u00eentocmit dosar penal sub aspectul s\u0103v\u00e2r\u0219irii infrac\u021biunilor de ucidere din culp\u0103, conducerea unui vehicul f\u0103r\u0103 permis de conducere \u0219i punerea \u00een circula\u021bie a unui vehicul ne\u00eenmatriculat sau cu num\u0103r fals. Cercet\u0103rile continu\u0103 pentru stabilirea tuturor circumstan\u021belor producerii accidentului.<\/p>\n<div class=\"td-a-rec td-a-rec-id-content_bottom  tdi_4 td_block_template_1\"><strong>Intr\u0103 acum \u0219i \u00een grupul de <\/p>\n<div class=\"wp-block-button\"><a class=\"wp-block-button__link wp-element-button\" href=\"https:\/\/t.me\/+TH8wcfnp8fw5NWI0\">Telegram News Bucovina<\/a><\/div>\n<p><\/strong><\/div>\n<\/div>\n<p>[analyse_source url=&#8221;https:\/\/www.newsbucovina.ro\/actualitate\/445765\/motociclistul-implicat-in-accidentul-produs-la-intrarea-in-suceava-dinspre-salcea-a-murit-la-spital&#8221;]<\/p>\n","protected":false},"excerpt":{"rendered":"<p>[analyse_image type=&#8221;featured&#8221; src=&#8221;https:\/\/www.newsbucovina.ro\/wp-content\/uploads\/2026\/08\/Screenshot-2-1.pnghttps:\/\/cdn.newsbucovina.ro\/wp-content\/uploads\/2026\/08\/Screenshot-2-1.png&#8221;] Intr\u0103 acum \u0219i \u00een grupul de Telegram News Bucovina \u00cen cursul zilei de miercuri, \u00een jurul orei 15:30, Poli\u021bia Municipiului Suceava a fost sesizat\u0103 cu privire la un accident rutier produs pe strada Cuza Vod\u0103, \u00eentre un autoturism \u0219i o motociclet\u0103. Din primele verific\u0103ri a rezultat c\u0103 un t\u00e2n\u0103r de 20 de [&hellip;]<\/p>\n","protected":false},"author":1,"featured_media":0,"comment_status":"open","ping_status":"","sticky":false,"template":"","format":"standard","meta":{"footnotes":""},"categories":[89],"tags":[226,165],"class_list":["post-2079569","post","type-post","status-publish","format-standard","hentry","category-romania","tag-crawlmanager","tag-newsbucovina-ro"],"_links":{"self":[{"href":"https:\/\/analyse.optim.biz\/index.php?rest_route=\/wp\/v2\/posts\/2079569","targetHints":{"allow":["GET"]}}],"collection":[{"href":"https:\/\/analyse.optim.biz\/index.php?rest_route=\/wp\/v2\/posts"}],"about":[{"href":"https:\/\/analyse.optim.biz\/index.php?rest_route=\/wp\/v2\/types\/post"}],"author":[{"embeddable":true,"href":"https:\/\/analyse.optim.biz\/index.php?rest_route=\/wp\/v2\/users\/1"}],"replies":[{"embeddable":true,"href":"https:\/\/analyse.optim.biz\/index.php?rest_route=%2Fwp%2Fv2%2Fcomments&post=2079569"}],"version-history":[{"count":0,"href":"https:\/\/analyse.optim.biz\/index.php?rest_route=\/wp\/v2\/posts\/2079569\/revisions"}],"wp:attachment":[{"href":"https:\/\/analyse.optim.biz\/index.php?rest_route=%2Fwp%2Fv2%2Fmedia&parent=2079569"}],"wp:term":[{"taxonomy":"category","embeddable":true,"href":"https:\/\/analyse.optim.biz\/index.php?rest_route=%2Fwp%2Fv2%2Fcategories&post=2079569"},{"taxonomy":"post_tag","embeddable":true,"href":"https:\/\/analyse.optim.biz\/index.php?rest_route=%2Fwp%2Fv2%2Ftags&post=2079569"}],"curies":[{"name":"wp","href":"https:\/\/api.w.org\/{rel}","templated":true}]}}