{"id":2079568,"date":"2026-08-05T18:26:39","date_gmt":"2026-08-05T15:26:39","guid":{"rendered":"https:\/\/analyse.optim.biz\/?p=2079568"},"modified":"2026-08-05T18:26:39","modified_gmt":"2026-08-05T15:26:39","slug":"salvamont-suceava-patru-interventii-in-mai-putin-de-o-saptamana-trei-persoane-transportate-la-ambulanta-cu-traumatisme","status":"publish","type":"post","link":"https:\/\/analyse.optim.biz\/?p=2079568","title":{"rendered":"Salvamont Suceava: Patru interven\u021bii \u00een mai pu\u021bin de o s\u0103pt\u0103m\u00e2n\u0103. Trei persoane transportate la ambulan\u021b\u0103 cu traumatisme"},"content":{"rendered":"<p>[analyse_image type=&#8221;featured&#8221; src=&#8221;https:\/\/www.newsbucovina.ro\/wp-content\/uploads\/2026\/08\/salvamont.jpghttps:\/\/cdn.newsbucovina.ro\/wp-content\/uploads\/2026\/08\/salvamont.jpg&#8221;]<\/p>\n<div class=\"td-post-content tagdiv-type\">\n<div class=\"td-a-rec td-a-rec-id-content_top  tdi_3 td_block_template_1\"><strong>Intr\u0103 acum \u0219i \u00een grupul de <\/p>\n<div class=\"wp-block-button\"><a class=\"wp-block-button__link wp-element-button\" href=\"https:\/\/t.me\/+TH8wcfnp8fw5NWI0\">Telegram News Bucovina<\/a><\/div>\n<p><\/strong><\/div>\n<p class=\"wp-block-paragraph\">Luna august abia a \u00eenceput, iar echipele Salvamont Suceava au fost deja solicitate la patru interven\u021bii \u00een mai pu\u021bin de \u0219apte zile. Trei persoane au necesitat transport la ambulan\u021b\u0103 din cauza unor traumatisme diverse, \u00een timp ce o a patra a fost g\u0103sit\u0103 \u00een stare bun\u0103 dup\u0103 ce a lipsit mai bine de 24 de ore.<\/p>\n<figure class=\"wp-block-image size-large\"><a href=\"https:\/\/cdn.newsbucovina.ro\/wp-content\/uploads\/2026\/08\/salvamont.jpg\"><img loading=\"lazy\" decoding=\"async\" width=\"1024\" height=\"512\" src=\"https:\/\/cdn.newsbucovina.ro\/wp-content\/uploads\/2026\/08\/salvamont-1024x512.jpg\" alt class=\"wp-image-445762\"><\/a><\/figure>\n<p class=\"wp-block-paragraph\">Potrivit mesajului transmis de Salvamont Suceava, interven\u021biile s-au desf\u0103\u0219urat pe fondul activit\u0103\u021bii turistice din zona montan\u0103. Salvatorii montani atrag aten\u021bia asupra necesit\u0103\u021bii pruden\u021bei at\u00e2t din partea turi\u0219tilor, c\u00e2t \u0219i a participan\u021bilor la trafic \u00een arealul montan.<\/p>\n<p class=\"wp-block-paragraph\">Dispeceratul jude\u021bean \u0219i cel na\u021bional r\u0103m\u00e2n disponibile pentru urgen\u021be \u0219i informa\u021bii. Numerele utile anun\u021bate sunt: 112 pentru situa\u021bii de urgen\u021b\u0103, 0725.826.668 (0 \u2013 SALVAMONT) pentru dispeceratul na\u021bional \u0219i 0724.212.857 pentru dispeceratul jude\u021bean Salvamont Suceava.<\/p>\n<p class=\"wp-block-paragraph\">Salvamont Suceava \u00eendeamn\u0103 la responsabilitate \u0219i le ureaz\u0103 tuturor timp frumos, petrecut cu bucurie pe munte.<\/p>\n<div class=\"td-a-rec td-a-rec-id-content_bottom  tdi_4 td_block_template_1\"><strong>Intr\u0103 acum \u0219i \u00een grupul de <\/p>\n<div class=\"wp-block-button\"><a class=\"wp-block-button__link wp-element-button\" href=\"https:\/\/t.me\/+TH8wcfnp8fw5NWI0\">Telegram News Bucovina<\/a><\/div>\n<p><\/strong><\/div>\n<\/div>\n<div class=\"td-post-content tagdiv-type\">\n<div class=\"td-a-rec td-a-rec-id-content_top  tdi_3 td_block_template_1\"><strong>Intr\u0103 acum \u0219i \u00een grupul de <\/p>\n<div class=\"wp-block-button\"><a class=\"wp-block-button__link wp-element-button\" href=\"https:\/\/t.me\/+TH8wcfnp8fw5NWI0\">Telegram News Bucovina<\/a><\/div>\n<p><\/strong><\/div>\n<p class=\"wp-block-paragraph\">Luna august abia a \u00eenceput, iar echipele Salvamont Suceava au fost deja solicitate la patru interven\u021bii \u00een mai pu\u021bin de \u0219apte zile. Trei persoane au necesitat transport la ambulan\u021b\u0103 din cauza unor traumatisme diverse, \u00een timp ce o a patra a fost g\u0103sit\u0103 \u00een stare bun\u0103 dup\u0103 ce a lipsit mai bine de 24 de ore.<\/p>\n<figure class=\"wp-block-image size-large\"><a href=\"https:\/\/cdn.newsbucovina.ro\/wp-content\/uploads\/2026\/08\/salvamont.jpg\"><img loading=\"lazy\" decoding=\"async\" width=\"1024\" height=\"512\" src=\"https:\/\/cdn.newsbucovina.ro\/wp-content\/uploads\/2026\/08\/salvamont-1024x512.jpg\" alt class=\"wp-image-445762\"><\/a><\/figure>\n<p class=\"wp-block-paragraph\">Potrivit mesajului transmis de Salvamont Suceava, interven\u021biile s-au desf\u0103\u0219urat pe fondul activit\u0103\u021bii turistice din zona montan\u0103. Salvatorii montani atrag aten\u021bia asupra necesit\u0103\u021bii pruden\u021bei at\u00e2t din partea turi\u0219tilor, c\u00e2t \u0219i a participan\u021bilor la trafic \u00een arealul montan.<\/p>\n<p class=\"wp-block-paragraph\">Dispeceratul jude\u021bean \u0219i cel na\u021bional r\u0103m\u00e2n disponibile pentru urgen\u021be \u0219i informa\u021bii. Numerele utile anun\u021bate sunt: 112 pentru situa\u021bii de urgen\u021b\u0103, 0725.826.668 (0 \u2013 SALVAMONT) pentru dispeceratul na\u021bional \u0219i 0724.212.857 pentru dispeceratul jude\u021bean Salvamont Suceava.<\/p>\n<p class=\"wp-block-paragraph\">Salvamont Suceava \u00eendeamn\u0103 la responsabilitate \u0219i le ureaz\u0103 tuturor timp frumos, petrecut cu bucurie pe munte.<\/p>\n<div class=\"td-a-rec td-a-rec-id-content_bottom  tdi_4 td_block_template_1\"><strong>Intr\u0103 acum \u0219i \u00een grupul de <\/p>\n<div class=\"wp-block-button\"><a class=\"wp-block-button__link wp-element-button\" href=\"https:\/\/t.me\/+TH8wcfnp8fw5NWI0\">Telegram News Bucovina<\/a><\/div>\n<p><\/strong><\/div>\n<\/div>\n<p>[analyse_source url=&#8221;https:\/\/www.newsbucovina.ro\/actualitate\/445761\/salvamont-suceava-patru-interventii-in-mai-putin-de-o-saptamana-trei-persoane-transportate-la-ambulanta-cu-traumatisme&#8221;]<\/p>\n","protected":false},"excerpt":{"rendered":"<p>[analyse_image type=&#8221;featured&#8221; src=&#8221;https:\/\/www.newsbucovina.ro\/wp-content\/uploads\/2026\/08\/salvamont.jpghttps:\/\/cdn.newsbucovina.ro\/wp-content\/uploads\/2026\/08\/salvamont.jpg&#8221;] Intr\u0103 acum \u0219i \u00een grupul de Telegram News Bucovina Luna august abia a \u00eenceput, iar echipele Salvamont Suceava au fost deja solicitate la patru interven\u021bii \u00een mai pu\u021bin de \u0219apte zile. Trei persoane au necesitat transport la ambulan\u021b\u0103 din cauza unor traumatisme diverse, \u00een timp ce o a patra a fost g\u0103sit\u0103 [&hellip;]<\/p>\n","protected":false},"author":1,"featured_media":0,"comment_status":"open","ping_status":"","sticky":false,"template":"","format":"standard","meta":{"footnotes":""},"categories":[89],"tags":[226,165],"class_list":["post-2079568","post","type-post","status-publish","format-standard","hentry","category-romania","tag-crawlmanager","tag-newsbucovina-ro"],"_links":{"self":[{"href":"https:\/\/analyse.optim.biz\/index.php?rest_route=\/wp\/v2\/posts\/2079568","targetHints":{"allow":["GET"]}}],"collection":[{"href":"https:\/\/analyse.optim.biz\/index.php?rest_route=\/wp\/v2\/posts"}],"about":[{"href":"https:\/\/analyse.optim.biz\/index.php?rest_route=\/wp\/v2\/types\/post"}],"author":[{"embeddable":true,"href":"https:\/\/analyse.optim.biz\/index.php?rest_route=\/wp\/v2\/users\/1"}],"replies":[{"embeddable":true,"href":"https:\/\/analyse.optim.biz\/index.php?rest_route=%2Fwp%2Fv2%2Fcomments&post=2079568"}],"version-history":[{"count":0,"href":"https:\/\/analyse.optim.biz\/index.php?rest_route=\/wp\/v2\/posts\/2079568\/revisions"}],"wp:attachment":[{"href":"https:\/\/analyse.optim.biz\/index.php?rest_route=%2Fwp%2Fv2%2Fmedia&parent=2079568"}],"wp:term":[{"taxonomy":"category","embeddable":true,"href":"https:\/\/analyse.optim.biz\/index.php?rest_route=%2Fwp%2Fv2%2Fcategories&post=2079568"},{"taxonomy":"post_tag","embeddable":true,"href":"https:\/\/analyse.optim.biz\/index.php?rest_route=%2Fwp%2Fv2%2Ftags&post=2079568"}],"curies":[{"name":"wp","href":"https:\/\/api.w.org\/{rel}","templated":true}]}}