{"id":2079567,"date":"2026-08-05T14:16:49","date_gmt":"2026-08-05T11:16:49","guid":{"rendered":"https:\/\/analyse.optim.biz\/?p=2079567"},"modified":"2026-08-05T14:16:49","modified_gmt":"2026-08-05T11:16:49","slug":"tanar-grav-ranit-la-salcea-dupa-coliziunea-dintre-o-motocicleta-si-un-autoturism","status":"publish","type":"post","link":"https:\/\/analyse.optim.biz\/?p=2079567","title":{"rendered":"T\u00e2n\u0103r grav r\u0103nit la Salcea dup\u0103 coliziunea dintre o motociclet\u0103 \u0219i un autoturism"},"content":{"rendered":"<p>[analyse_image type=&#8221;featured&#8221; src=&#8221;https:\/\/www.newsbucovina.ro\/wp-content\/uploads\/2026\/08\/motocicleta.jpghttps:\/\/cdn.newsbucovina.ro\/wp-content\/uploads\/2026\/08\/motocicleta.jpg&#8221;]<\/p>\n<div class=\"td-post-content tagdiv-type\">\n<div class=\"td-a-rec td-a-rec-id-content_top  tdi_3 td_block_template_1\"><strong>Intr\u0103 acum \u0219i \u00een grupul de <\/p>\n<div class=\"wp-block-button\"><a class=\"wp-block-button__link wp-element-button\" href=\"https:\/\/t.me\/+TH8wcfnp8fw5NWI0\">Telegram News Bucovina<\/a><\/div>\n<p><\/strong><\/div>\n<p class=\"wp-block-paragraph\">Miercuri, 5 august 2026, pe raza localit\u0103\u021bii Salcea a avut loc un accident rutier \u00een care au fost implicate o motociclet\u0103 \u0219i un autoturism.<\/p>\n<figure class=\"wp-block-image size-full\"><a href=\"https:\/\/cdn.newsbucovina.ro\/wp-content\/uploads\/2026\/08\/motocicleta.jpg\"><img loading=\"lazy\" decoding=\"async\" width=\"924\" height=\"462\" src=\"https:\/\/cdn.newsbucovina.ro\/wp-content\/uploads\/2026\/08\/motocicleta.jpg\" alt class=\"wp-image-445759\"><\/a><\/figure>\n<p class=\"wp-block-paragraph\">La fa\u021ba locului a fost trimis un echipaj tip C al Serviciului de Ambulan\u021b\u0103 Jude\u021bean Suceava. Echipajul medical a g\u0103sit un t\u00e2n\u0103r de aproximativ 25 de ani, politraumatizat, \u00een com\u0103, cu traumatism cranio-cerebral grav, traumatism toraco-abdominal, fracturi costale \u0219i fractur\u0103 de humerus st\u00e2ng.<\/p>\n<p class=\"wp-block-paragraph\">Potrivit purt\u0103torului de cuv\u00e2nt al Serviciului de Ambulan\u021b\u0103 Jude\u021bean Suceava, dr. Dan Teodorovici, dup\u0103 stabilizarea la fa\u021ba locului, pacientul a fost transportat la Unitatea de Primiri Urgen\u021be a Spitalului Jude\u021bean de Urgen\u021b\u0103 Suceava.<\/p>\n<p class=\"wp-block-paragraph\">Cauzele \u0219i \u00eemprejur\u0103rile producerii accidentului urmeaz\u0103 s\u0103 fie stabilite de poli\u021bi\u0219ti.<\/p>\n<div class=\"td-a-rec td-a-rec-id-content_bottom  tdi_4 td_block_template_1\"><strong>Intr\u0103 acum \u0219i \u00een grupul de <\/p>\n<div class=\"wp-block-button\"><a class=\"wp-block-button__link wp-element-button\" href=\"https:\/\/t.me\/+TH8wcfnp8fw5NWI0\">Telegram News Bucovina<\/a><\/div>\n<p><\/strong><\/div>\n<\/div>\n<div class=\"td-post-content tagdiv-type\">\n<div class=\"td-a-rec td-a-rec-id-content_top  tdi_3 td_block_template_1\"><strong>Intr\u0103 acum \u0219i \u00een grupul de <\/p>\n<div class=\"wp-block-button\"><a class=\"wp-block-button__link wp-element-button\" href=\"https:\/\/t.me\/+TH8wcfnp8fw5NWI0\">Telegram News Bucovina<\/a><\/div>\n<p><\/strong><\/div>\n<p class=\"wp-block-paragraph\">Miercuri, 5 august 2026, pe raza localit\u0103\u021bii Salcea a avut loc un accident rutier \u00een care au fost implicate o motociclet\u0103 \u0219i un autoturism.<\/p>\n<figure class=\"wp-block-image size-full\"><a href=\"https:\/\/cdn.newsbucovina.ro\/wp-content\/uploads\/2026\/08\/motocicleta.jpg\"><img loading=\"lazy\" decoding=\"async\" width=\"924\" height=\"462\" src=\"https:\/\/cdn.newsbucovina.ro\/wp-content\/uploads\/2026\/08\/motocicleta.jpg\" alt class=\"wp-image-445759\"><\/a><\/figure>\n<p class=\"wp-block-paragraph\">La fa\u021ba locului a fost trimis un echipaj tip C al Serviciului de Ambulan\u021b\u0103 Jude\u021bean Suceava. Echipajul medical a g\u0103sit un t\u00e2n\u0103r de aproximativ 25 de ani, politraumatizat, \u00een com\u0103, cu traumatism cranio-cerebral grav, traumatism toraco-abdominal, fracturi costale \u0219i fractur\u0103 de humerus st\u00e2ng.<\/p>\n<p class=\"wp-block-paragraph\">Potrivit purt\u0103torului de cuv\u00e2nt al Serviciului de Ambulan\u021b\u0103 Jude\u021bean Suceava, dr. Dan Teodorovici, dup\u0103 stabilizarea la fa\u021ba locului, pacientul a fost transportat la Unitatea de Primiri Urgen\u021be a Spitalului Jude\u021bean de Urgen\u021b\u0103 Suceava.<\/p>\n<p class=\"wp-block-paragraph\">Cauzele \u0219i \u00eemprejur\u0103rile producerii accidentului urmeaz\u0103 s\u0103 fie stabilite de poli\u021bi\u0219ti.<\/p>\n<div class=\"td-a-rec td-a-rec-id-content_bottom  tdi_4 td_block_template_1\"><strong>Intr\u0103 acum \u0219i \u00een grupul de <\/p>\n<div class=\"wp-block-button\"><a class=\"wp-block-button__link wp-element-button\" href=\"https:\/\/t.me\/+TH8wcfnp8fw5NWI0\">Telegram News Bucovina<\/a><\/div>\n<p><\/strong><\/div>\n<\/div>\n<p>[analyse_source url=&#8221;https:\/\/www.newsbucovina.ro\/actualitate\/445758\/tanar-grav-ranit-la-salcea-dupa-coliziunea-dintre-o-motocicleta-si-un-autoturism&#8221;]<\/p>\n","protected":false},"excerpt":{"rendered":"<p>[analyse_image type=&#8221;featured&#8221; src=&#8221;https:\/\/www.newsbucovina.ro\/wp-content\/uploads\/2026\/08\/motocicleta.jpghttps:\/\/cdn.newsbucovina.ro\/wp-content\/uploads\/2026\/08\/motocicleta.jpg&#8221;] Intr\u0103 acum \u0219i \u00een grupul de Telegram News Bucovina Miercuri, 5 august 2026, pe raza localit\u0103\u021bii Salcea a avut loc un accident rutier \u00een care au fost implicate o motociclet\u0103 \u0219i un autoturism. La fa\u021ba locului a fost trimis un echipaj tip C al Serviciului de Ambulan\u021b\u0103 Jude\u021bean Suceava. Echipajul medical a [&hellip;]<\/p>\n","protected":false},"author":1,"featured_media":0,"comment_status":"open","ping_status":"","sticky":false,"template":"","format":"standard","meta":{"footnotes":""},"categories":[89],"tags":[226,165],"class_list":["post-2079567","post","type-post","status-publish","format-standard","hentry","category-romania","tag-crawlmanager","tag-newsbucovina-ro"],"_links":{"self":[{"href":"https:\/\/analyse.optim.biz\/index.php?rest_route=\/wp\/v2\/posts\/2079567","targetHints":{"allow":["GET"]}}],"collection":[{"href":"https:\/\/analyse.optim.biz\/index.php?rest_route=\/wp\/v2\/posts"}],"about":[{"href":"https:\/\/analyse.optim.biz\/index.php?rest_route=\/wp\/v2\/types\/post"}],"author":[{"embeddable":true,"href":"https:\/\/analyse.optim.biz\/index.php?rest_route=\/wp\/v2\/users\/1"}],"replies":[{"embeddable":true,"href":"https:\/\/analyse.optim.biz\/index.php?rest_route=%2Fwp%2Fv2%2Fcomments&post=2079567"}],"version-history":[{"count":0,"href":"https:\/\/analyse.optim.biz\/index.php?rest_route=\/wp\/v2\/posts\/2079567\/revisions"}],"wp:attachment":[{"href":"https:\/\/analyse.optim.biz\/index.php?rest_route=%2Fwp%2Fv2%2Fmedia&parent=2079567"}],"wp:term":[{"taxonomy":"category","embeddable":true,"href":"https:\/\/analyse.optim.biz\/index.php?rest_route=%2Fwp%2Fv2%2Fcategories&post=2079567"},{"taxonomy":"post_tag","embeddable":true,"href":"https:\/\/analyse.optim.biz\/index.php?rest_route=%2Fwp%2Fv2%2Ftags&post=2079567"}],"curies":[{"name":"wp","href":"https:\/\/api.w.org\/{rel}","templated":true}]}}