{"id":2079566,"date":"2026-08-05T13:04:00","date_gmt":"2026-08-05T10:04:00","guid":{"rendered":"https:\/\/analyse.optim.biz\/?p=2079566"},"modified":"2026-08-05T13:04:00","modified_gmt":"2026-08-05T10:04:00","slug":"cercetatoarea-madalina-ungureanu-iuga-mentiune-in-cadrul-premiilor-rada-mihalcea-pentru-tineri-cercetatori-in-stiinta-si-inginerie-2026","status":"publish","type":"post","link":"https:\/\/analyse.optim.biz\/?p=2079566","title":{"rendered":"Cercet\u0103toarea M\u0103d\u0103lina Ungureanu-Iuga, men\u021biune \u00een cadrul Premiilor \u201eRada Mihalcea pentru Tineri Cercet\u0103tori \u00een \u0218tiin\u021b\u0103 \u0219i Inginerie\u201d 2026"},"content":{"rendered":"<p>[analyse_image type=&#8221;featured&#8221; src=&#8221;https:\/\/www.newsbucovina.ro\/wp-content\/uploads\/2026\/08\/FB_IMG_1785591927668.jpghttps:\/\/cdn.newsbucovina.ro\/wp-content\/uploads\/2026\/08\/FB_IMG_1785591927668.jpg&#8221;]<\/p>\n<div class=\"td-post-content tagdiv-type\">\n<div class=\"td-a-rec td-a-rec-id-content_top  tdi_3 td_block_template_1\"><strong>Intr\u0103 acum \u0219i \u00een grupul de <\/p>\n<div class=\"wp-block-button\"><a class=\"wp-block-button__link wp-element-button\" href=\"https:\/\/t.me\/+TH8wcfnp8fw5NWI0\">Telegram News Bucovina<\/a><\/div>\n<p><\/strong><\/div>\n<p class=\"wp-block-paragraph\">Cercet\u0103toarea M\u0103d\u0103lina Ungureanu-Iuga, din cadrul Universit\u0103\u021bii \u201e\u0218tefan cel Mare\u201d din Suceava (USV), membr\u0103 \u00een echipa Centrului de Economie Montan\u0103 \u2013 CE-MONT al Institutului Na\u021bional de Cercet\u0103ri Economice \u201eCostin C. Kiri\u021bescu\u201d al Academiei Rom\u00e2ne, a fost distins\u0103 cu men\u021biune \u00een cadrul celei de-a XII-a edi\u021bii a Premiilor \u201eRada Mihalcea pentru Tineri Cercet\u0103tori \u00een \u0218tiin\u021b\u0103 \u0219i Inginerie\u201d. Competi\u021bia a fost organizat\u0103 de Prim\u0103ria Municipiului Cluj-Napoca, sub coordonarea \u0219tiin\u021bific\u0103 a prof. dr. Rada Mihalcea, membru al prestigioasei American Academy of Arts and Sciences, una dintre cele mai cunoscute organiza\u021bii academice din Statele Unite ale Americii.<\/p>\n<figure class=\"wp-block-image size-large\"><a href=\"https:\/\/cdn.newsbucovina.ro\/wp-content\/uploads\/2026\/08\/FB_IMG_1785591927668.jpg\"><img loading=\"lazy\" decoding=\"async\" width=\"1024\" height=\"683\" src=\"https:\/\/cdn.newsbucovina.ro\/wp-content\/uploads\/2026\/08\/FB_IMG_1785591927668-1024x683.jpg\" alt class=\"wp-image-445742\"><\/a><\/figure>\n<p class=\"wp-block-paragraph\">Competi\u021bia, dedicat\u0103 cercet\u0103torilor cu v\u00e2rsta de p\u00e2n\u0103 la 35 de ani,\u00a0 premiaz\u0103 anual excelen\u021ba \u00een cercetare \u0219i inovare \u00een domeniile \u0219tiin\u021bei \u0219i ingineriei, reunind tineri cercet\u0103tori din universit\u0103\u021bi \u0219i institute de cercetare din \u00eentreaga \u021bar\u0103. Edi\u021bia 2026 a \u00eenregistrat aproximativ 90 de aplica\u021bii, cel mai mare num\u0103r de la lansarea competi\u021biei, \u00een anul 2015, fapt ce reflect\u0103 interesul cresc\u00e2nd pentru aceast\u0103 ini\u021biativ\u0103.<\/p>\n<p class=\"wp-block-paragraph\">La finalul procesului de jurizare, cercet\u0103toarea sucevean\u0103 a o ob\u021binut o men\u021biune special\u0103, iar organizatorii au eviden\u021biat rezultatele ei remarcabile, concretizate \u00een numeroase articole \u0219tiin\u021bifice, \u0219ase brevete de inven\u021bie \u0219i participarea la peste 100 de manifest\u0103ri \u0219tiin\u021bifice \u0219i saloane de inventic\u0103 na\u021bionale \u0219i interna\u021bionale.<\/p>\n<p class=\"wp-block-paragraph\">\u00cen cadrul ceremoniei de premiere, M\u0103d\u0103lina Ungureanu-Iuga a declarat: \u201eAceast\u0103 distinc\u021bie este o onoare pentru mine, este o \u00eencununare a activit\u0103\u021bii mele de p\u00e2n\u0103 acum \u0219i o confirmare a faptului c\u0103 sunt pe drumul cel bun.\u201d\u00a0 Referindu-se la direc\u021biile sale de cercetare, M\u0103d\u0103lina Ungureanu-Iuga a subliniat importan\u021ba dezvolt\u0103rii unor solu\u021bii inovatoare \u0219i sustenabile pentru industria alimentar\u0103: \u00a0\u201eP\u00e2n\u0103 \u00een prezent, activitatea mea de cercetare s-a concentrat mai ales pe valorificarea subproduselor din industria alimentar\u0103 pentru dezvoltarea de produse func\u021bionale, \u00eembun\u0103t\u0103\u021birea valorii nutri\u021bionale a produselor de baz\u0103, \u00een vederea reducerii amprentei de carbon \u0219i impactului asupra mediului.\u201d Totodat\u0103, ea a afirmat c\u0103 rezultatele cercet\u0103rii r\u0103spund unei cerin\u021be tot mai accentuate pentru produse alimentare s\u0103n\u0103toase \u0219i sustenabile: \u201eCeea ce am \u00eencercat eu s\u0103 fac este s\u0103 le valorific c\u00e2t mai bine posibil pentru a reduce impactul asupra mediului \u0219i, \u00een acela\u0219i timp, s\u0103 r\u0103spund unei nevoi a consumatorului care caut\u0103 din ce \u00een ce mai mult produse func\u021bionale, produse cu c\u00e2t mai pu\u021bini aditivi sintetici.\u201d<\/p>\n<p class=\"wp-block-paragraph\">Men\u021biunea ob\u021binut\u0103 confirm\u0103 valoarea rezultatelor \u0219tiin\u021bifice ob\u021binute de M\u0103d\u0103lina Ungureanu-Iuga \u0219i contribu\u021bia acestora la dezvoltarea unor tehnologii alimentare sustenabile, consolid\u00e2nd, totodat\u0103, vizibilitatea cercet\u0103rii din Rom\u00e2nia.<\/p>\n<figure class=\"wp-block-embed is-type-video is-provider-youtube wp-block-embed-youtube wp-embed-aspect-16-9 wp-has-aspect-ratio\">\n<div class=\"wp-block-embed__wrapper\">\n<div class=\"youtube-embed\" data-video_id=\"uYtccfvP5bg\"><iframe loading=\"lazy\" title=\"Ce n-a v\u0103zut Paris-ul .. va vedea Suceava!! Nu-i chip s\u0103-i opre\u0219ti! Pe 4 septembrie va fi STOP joc\u2026\" width=\"696\" height=\"392\" src=\"https:\/\/www.youtube.com\/embed\/uYtccfvP5bg?feature=oembed&amp;enablejsapi=1\" frameborder allow=\"accelerometer; autoplay; clipboard-write; encrypted-media; gyroscope; picture-in-picture; web-share\" referrerpolicy=\"strict-origin-when-cross-origin\" allowfullscreen><\/iframe><\/div>\n<\/div>\n<\/figure>\n<div class=\"td-a-rec td-a-rec-id-content_bottom  tdi_4 td_block_template_1\"><strong>Intr\u0103 acum \u0219i \u00een grupul de <\/p>\n<div class=\"wp-block-button\"><a class=\"wp-block-button__link wp-element-button\" href=\"https:\/\/t.me\/+TH8wcfnp8fw5NWI0\">Telegram News Bucovina<\/a><\/div>\n<p><\/strong><\/div>\n<\/div>\n<div class=\"td-post-content tagdiv-type\">\n<div class=\"td-a-rec td-a-rec-id-content_top  tdi_3 td_block_template_1\"><strong>Intr\u0103 acum \u0219i \u00een grupul de <\/p>\n<div class=\"wp-block-button\"><a class=\"wp-block-button__link wp-element-button\" href=\"https:\/\/t.me\/+TH8wcfnp8fw5NWI0\">Telegram News Bucovina<\/a><\/div>\n<p><\/strong><\/div>\n<p class=\"wp-block-paragraph\">Cercet\u0103toarea M\u0103d\u0103lina Ungureanu-Iuga, din cadrul Universit\u0103\u021bii \u201e\u0218tefan cel Mare\u201d din Suceava (USV), membr\u0103 \u00een echipa Centrului de Economie Montan\u0103 \u2013 CE-MONT al Institutului Na\u021bional de Cercet\u0103ri Economice \u201eCostin C. Kiri\u021bescu\u201d al Academiei Rom\u00e2ne, a fost distins\u0103 cu men\u021biune \u00een cadrul celei de-a XII-a edi\u021bii a Premiilor \u201eRada Mihalcea pentru Tineri Cercet\u0103tori \u00een \u0218tiin\u021b\u0103 \u0219i Inginerie\u201d. Competi\u021bia a fost organizat\u0103 de Prim\u0103ria Municipiului Cluj-Napoca, sub coordonarea \u0219tiin\u021bific\u0103 a prof. dr. Rada Mihalcea, membru al prestigioasei American Academy of Arts and Sciences, una dintre cele mai cunoscute organiza\u021bii academice din Statele Unite ale Americii.<\/p>\n<figure class=\"wp-block-image size-large\"><a href=\"https:\/\/cdn.newsbucovina.ro\/wp-content\/uploads\/2026\/08\/FB_IMG_1785591927668.jpg\"><img loading=\"lazy\" decoding=\"async\" width=\"1024\" height=\"683\" src=\"https:\/\/cdn.newsbucovina.ro\/wp-content\/uploads\/2026\/08\/FB_IMG_1785591927668-1024x683.jpg\" alt class=\"wp-image-445742\"><\/a><\/figure>\n<p class=\"wp-block-paragraph\">Competi\u021bia, dedicat\u0103 cercet\u0103torilor cu v\u00e2rsta de p\u00e2n\u0103 la 35 de ani,\u00a0 premiaz\u0103 anual excelen\u021ba \u00een cercetare \u0219i inovare \u00een domeniile \u0219tiin\u021bei \u0219i ingineriei, reunind tineri cercet\u0103tori din universit\u0103\u021bi \u0219i institute de cercetare din \u00eentreaga \u021bar\u0103. Edi\u021bia 2026 a \u00eenregistrat aproximativ 90 de aplica\u021bii, cel mai mare num\u0103r de la lansarea competi\u021biei, \u00een anul 2015, fapt ce reflect\u0103 interesul cresc\u00e2nd pentru aceast\u0103 ini\u021biativ\u0103.<\/p>\n<p class=\"wp-block-paragraph\">La finalul procesului de jurizare, cercet\u0103toarea sucevean\u0103 a o ob\u021binut o men\u021biune special\u0103, iar organizatorii au eviden\u021biat rezultatele ei remarcabile, concretizate \u00een numeroase articole \u0219tiin\u021bifice, \u0219ase brevete de inven\u021bie \u0219i participarea la peste 100 de manifest\u0103ri \u0219tiin\u021bifice \u0219i saloane de inventic\u0103 na\u021bionale \u0219i interna\u021bionale.<\/p>\n<p class=\"wp-block-paragraph\">\u00cen cadrul ceremoniei de premiere, M\u0103d\u0103lina Ungureanu-Iuga a declarat: \u201eAceast\u0103 distinc\u021bie este o onoare pentru mine, este o \u00eencununare a activit\u0103\u021bii mele de p\u00e2n\u0103 acum \u0219i o confirmare a faptului c\u0103 sunt pe drumul cel bun.\u201d\u00a0 Referindu-se la direc\u021biile sale de cercetare, M\u0103d\u0103lina Ungureanu-Iuga a subliniat importan\u021ba dezvolt\u0103rii unor solu\u021bii inovatoare \u0219i sustenabile pentru industria alimentar\u0103: \u00a0\u201eP\u00e2n\u0103 \u00een prezent, activitatea mea de cercetare s-a concentrat mai ales pe valorificarea subproduselor din industria alimentar\u0103 pentru dezvoltarea de produse func\u021bionale, \u00eembun\u0103t\u0103\u021birea valorii nutri\u021bionale a produselor de baz\u0103, \u00een vederea reducerii amprentei de carbon \u0219i impactului asupra mediului.\u201d Totodat\u0103, ea a afirmat c\u0103 rezultatele cercet\u0103rii r\u0103spund unei cerin\u021be tot mai accentuate pentru produse alimentare s\u0103n\u0103toase \u0219i sustenabile: \u201eCeea ce am \u00eencercat eu s\u0103 fac este s\u0103 le valorific c\u00e2t mai bine posibil pentru a reduce impactul asupra mediului \u0219i, \u00een acela\u0219i timp, s\u0103 r\u0103spund unei nevoi a consumatorului care caut\u0103 din ce \u00een ce mai mult produse func\u021bionale, produse cu c\u00e2t mai pu\u021bini aditivi sintetici.\u201d<\/p>\n<p class=\"wp-block-paragraph\">Men\u021biunea ob\u021binut\u0103 confirm\u0103 valoarea rezultatelor \u0219tiin\u021bifice ob\u021binute de M\u0103d\u0103lina Ungureanu-Iuga \u0219i contribu\u021bia acestora la dezvoltarea unor tehnologii alimentare sustenabile, consolid\u00e2nd, totodat\u0103, vizibilitatea cercet\u0103rii din Rom\u00e2nia.<\/p>\n<figure class=\"wp-block-embed is-type-video is-provider-youtube wp-block-embed-youtube wp-embed-aspect-16-9 wp-has-aspect-ratio\">\n<div class=\"wp-block-embed__wrapper\">\n<div class=\"youtube-embed\" data-video_id=\"uYtccfvP5bg\"><iframe loading=\"lazy\" title=\"Ce n-a v\u0103zut Paris-ul .. va vedea Suceava!! Nu-i chip s\u0103-i opre\u0219ti! Pe 4 septembrie va fi STOP joc\u2026\" width=\"696\" height=\"392\" src=\"https:\/\/www.youtube.com\/embed\/uYtccfvP5bg?feature=oembed&amp;enablejsapi=1\" frameborder allow=\"accelerometer; autoplay; clipboard-write; encrypted-media; gyroscope; picture-in-picture; web-share\" referrerpolicy=\"strict-origin-when-cross-origin\" allowfullscreen><\/iframe><\/div>\n<\/div>\n<\/figure>\n<div class=\"td-a-rec td-a-rec-id-content_bottom  tdi_4 td_block_template_1\"><strong>Intr\u0103 acum \u0219i \u00een grupul de <\/p>\n<div class=\"wp-block-button\"><a class=\"wp-block-button__link wp-element-button\" href=\"https:\/\/t.me\/+TH8wcfnp8fw5NWI0\">Telegram News Bucovina<\/a><\/div>\n<p><\/strong><\/div>\n<\/div>\n<p>[analyse_source url=&#8221;https:\/\/www.newsbucovina.ro\/actualitate\/445741\/cercetatoarea-madalina-ungureanu-iuga-mentiune-in-cadrul-premiilor-rada-mihalcea-pentru-tineri-cercetatori-in-stiinta-si-inginerie-2026&#8243;]<\/p>\n","protected":false},"excerpt":{"rendered":"<p>[analyse_image type=&#8221;featured&#8221; src=&#8221;https:\/\/www.newsbucovina.ro\/wp-content\/uploads\/2026\/08\/FB_IMG_1785591927668.jpghttps:\/\/cdn.newsbucovina.ro\/wp-content\/uploads\/2026\/08\/FB_IMG_1785591927668.jpg&#8221;] Intr\u0103 acum \u0219i \u00een grupul de Telegram News Bucovina Cercet\u0103toarea M\u0103d\u0103lina Ungureanu-Iuga, din cadrul Universit\u0103\u021bii \u201e\u0218tefan cel Mare\u201d din Suceava (USV), membr\u0103 \u00een echipa Centrului de Economie Montan\u0103 \u2013 CE-MONT al Institutului Na\u021bional de Cercet\u0103ri Economice \u201eCostin C. Kiri\u021bescu\u201d al Academiei Rom\u00e2ne, a fost distins\u0103 cu men\u021biune \u00een cadrul celei de-a XII-a [&hellip;]<\/p>\n","protected":false},"author":1,"featured_media":0,"comment_status":"open","ping_status":"","sticky":false,"template":"","format":"standard","meta":{"footnotes":""},"categories":[89],"tags":[226,165],"class_list":["post-2079566","post","type-post","status-publish","format-standard","hentry","category-romania","tag-crawlmanager","tag-newsbucovina-ro"],"_links":{"self":[{"href":"https:\/\/analyse.optim.biz\/index.php?rest_route=\/wp\/v2\/posts\/2079566","targetHints":{"allow":["GET"]}}],"collection":[{"href":"https:\/\/analyse.optim.biz\/index.php?rest_route=\/wp\/v2\/posts"}],"about":[{"href":"https:\/\/analyse.optim.biz\/index.php?rest_route=\/wp\/v2\/types\/post"}],"author":[{"embeddable":true,"href":"https:\/\/analyse.optim.biz\/index.php?rest_route=\/wp\/v2\/users\/1"}],"replies":[{"embeddable":true,"href":"https:\/\/analyse.optim.biz\/index.php?rest_route=%2Fwp%2Fv2%2Fcomments&post=2079566"}],"version-history":[{"count":0,"href":"https:\/\/analyse.optim.biz\/index.php?rest_route=\/wp\/v2\/posts\/2079566\/revisions"}],"wp:attachment":[{"href":"https:\/\/analyse.optim.biz\/index.php?rest_route=%2Fwp%2Fv2%2Fmedia&parent=2079566"}],"wp:term":[{"taxonomy":"category","embeddable":true,"href":"https:\/\/analyse.optim.biz\/index.php?rest_route=%2Fwp%2Fv2%2Fcategories&post=2079566"},{"taxonomy":"post_tag","embeddable":true,"href":"https:\/\/analyse.optim.biz\/index.php?rest_route=%2Fwp%2Fv2%2Ftags&post=2079566"}],"curies":[{"name":"wp","href":"https:\/\/api.w.org\/{rel}","templated":true}]}}