{"id":2079564,"date":"2026-08-05T12:09:15","date_gmt":"2026-08-05T09:09:15","guid":{"rendered":"https:\/\/analyse.optim.biz\/?p=2079564"},"modified":"2026-08-05T12:09:15","modified_gmt":"2026-08-05T09:09:15","slug":"barbat-de-44-de-ani-din-radauti-arestat-preventiv-pentru-pentru-agresiunea-sexuala-savarsita-asupra-unui-minor-pornografie-infantila-trafic-de-minori-si-viol-savarsit-asupra-unui-minor","status":"publish","type":"post","link":"https:\/\/analyse.optim.biz\/?p=2079564","title":{"rendered":"B\u0103rbat de 44 de ani din R\u0103d\u0103u\u021bi, arestat preventiv pentru pentru agresiunea sexual\u0103 s\u0103v\u00e2r\u0219it\u0103 asupra unui minor, pornografie infantil\u0103, trafic de minori \u0219i viol s\u0103v\u00e2r\u0219it asupra unui minor"},"content":{"rendered":"<p>[analyse_image type=&#8221;featured&#8221; src=&#8221;https:\/\/www.newsbucovina.ro\/wp-content\/uploads\/2025\/05\/retinere-politie.pnghttps:\/\/cdn.newsbucovina.ro\/wp-content\/uploads\/2025\/05\/retinere-politie.png&#8221;]<\/p>\n<div class=\"td-post-content tagdiv-type\">\n<div class=\"td-a-rec td-a-rec-id-content_top  tdi_3 td_block_template_1\"><strong>Intr\u0103 acum \u0219i \u00een grupul de <\/p>\n<div class=\"wp-block-button\"><a class=\"wp-block-button__link wp-element-button\" href=\"https:\/\/t.me\/+TH8wcfnp8fw5NWI0\">Telegram News Bucovina<\/a><\/div>\n<p><\/strong><\/div>\n<p class=\"wp-block-paragraph\">Poli\u021bi\u0219tii Brig\u0103zii de Combatere a Criminalit\u0103\u021bii Organizate Suceava, \u00eempreun\u0103 cu procurorii DIICOT \u2013 Serviciul Teritorial Suceava, au documentat activitatea unui b\u0103rbat de 44 de ani, cercetat pentru agresiune sexual\u0103 asupra unui minor, pornografie infantil\u0103, trafic de minori, viol asupra unui minor \u0219i determinarea sau \u00eenlesnirea de acte de natur\u0103 sexual\u0103 \u00eentre minori.<\/p>\n<figure class=\"wp-block-image size-large\"><a href=\"https:\/\/cdn.newsbucovina.ro\/wp-content\/uploads\/2025\/05\/retinere-politie.png\"><img loading=\"lazy\" decoding=\"async\" width=\"1024\" height=\"585\" src=\"https:\/\/cdn.newsbucovina.ro\/wp-content\/uploads\/2025\/05\/retinere-politie-1024x585.png\" alt class=\"wp-image-409706\"><\/a><\/figure>\n<p class=\"wp-block-paragraph\">\u00cen urma perchezi\u021biei domiciliare efectuate la locuin\u021ba acestuia din municipiul R\u0103d\u0103u\u021bi au fost ridicate dispozitive de stocare a datelor.<\/p>\n<p class=\"wp-block-paragraph\">Din probele administrate a reie\u0219it faptul c\u0103, \u00een perioada iunie 2026 \u2013 iulie 2026, la diferite date, profit\u00e2nd de imposibilitatea de a se ap\u0103ra sau de a-\u0219i exprima voin\u021ba, dar \u0219i de starea de v\u0103dit\u0103 vulnerabilitate a 4 victime minore, cu v\u00e2rste \u00eentre 5 \u0219i 16 ani, le-ar fi obligat la manifest\u0103ri pornografice \u00een vederea producerii \u015fi difuz\u0103rii de astfel de materiale, context \u00een care ar fi produs, ar fi de\u021binut \u0219i stocat cu ajutorul telefonului mobil materiale pornografice cu minori.<\/p>\n<p class=\"wp-block-paragraph\">De asemenea, \u00een acela\u0219i interval de timp, abuz\u00e2nd de pozi\u021bia recunoscut\u0103 de \u00eencredere sau de autoritate asupra a 5 victime minore, cu v\u00e2rste de 5, 7, 10, 15\u00a0 \u0219i 16 ani, dar \u0219i de situa\u0163ia de v\u0103dit\u0103 vulnerabilitate a acestora (familii dezorganizate \u0219i situa\u021bie material\u0103 precar\u0103), cel \u00een cauz\u0103 ar fi \u00eentre\u021binut acte sexuale cu acestea.<\/p>\n<p class=\"wp-block-paragraph\">Cercet\u0103rile au stabilit \u0219i faptul c\u0103, \u00een luna iulie 2026, b\u0103rbatul ar fi determinat dou\u0103 persoane v\u0103t\u0103mate minore (cu v\u00e2rste de 5 \u0219i 7 ani), membre ale aceleia\u0219i familii, fra\u021bi, s\u0103 comit\u0103 \u00eentre ei acte de natur\u0103 sexual\u0103. Totodat\u0103, acesta ar fi \u00eenregistrat cu telefonul mobil ac\u021biunile victimelor.<\/p>\n<p class=\"wp-block-paragraph\">Actele de urm\u0103rire penal\u0103 au ar\u0103tat \u0219i faptul c\u0103, pe parcursul lunii iunie 2026, \u00een mod repetat, ar fi atins cu m\u00e2inile \u00een zonele intime o persoan\u0103 v\u0103t\u0103mat\u0103, de 8 ani.<\/p>\n<p class=\"wp-block-paragraph\">Pe parcursul perchezi\u021biei domiciliare efectuate la locuin\u021ba acestuia, \u00een municipiul R\u0103d\u0103u\u021bi, au fost descoperite \u0219i ridicate dispozitive de stocare a datelor.<\/p>\n<p class=\"wp-block-paragraph\">La data de 3 august 2026, procurorii Direc\u021biei de Investigare a Infrac\u021biunilor de Criminalitate Organizat\u0103 \u0219i Terorism \u2013 Serviciul Teritorial Suceava au dispus re\u021binerea b\u0103rbatului de 44 de ani.<\/p>\n<p class=\"wp-block-paragraph\">La data de 4 august 2026, judec\u0103torul de drepturi \u015fi libert\u0103\u0163i din cadrul Tribunalului Suceava a dispus arestarea preventiv\u0103 a acestuia, pentru 30 de zile.<\/p>\n<p class=\"wp-block-paragraph\">Ac\u021biunea a beneficiat de sprijinul poli\u021bi\u0219tilor Inspectoratului de Poli\u021bie Jude\u021bean Suceava \u0219i jandarmilor Inspectoratului de Jandarmi Jude\u021bean Suceava.<\/p>\n<figure class=\"wp-block-embed is-type-video is-provider-youtube wp-block-embed-youtube wp-embed-aspect-16-9 wp-has-aspect-ratio\">\n<div class=\"wp-block-embed__wrapper\">\n<div class=\"youtube-embed\" data-video_id=\"uYtccfvP5bg\"><iframe loading=\"lazy\" title=\"Ce n-a v\u0103zut Paris-ul .. va vedea Suceava!! Nu-i chip s\u0103-i opre\u0219ti! Pe 4 septembrie va fi STOP joc\u2026\" width=\"696\" height=\"392\" src=\"https:\/\/www.youtube.com\/embed\/uYtccfvP5bg?feature=oembed&amp;enablejsapi=1\" frameborder allow=\"accelerometer; autoplay; clipboard-write; encrypted-media; gyroscope; picture-in-picture; web-share\" referrerpolicy=\"strict-origin-when-cross-origin\" allowfullscreen><\/iframe><\/div>\n<\/div>\n<\/figure>\n<div class=\"td-a-rec td-a-rec-id-content_bottom  tdi_4 td_block_template_1\"><strong>Intr\u0103 acum \u0219i \u00een grupul de <\/p>\n<div class=\"wp-block-button\"><a class=\"wp-block-button__link wp-element-button\" href=\"https:\/\/t.me\/+TH8wcfnp8fw5NWI0\">Telegram News Bucovina<\/a><\/div>\n<p><\/strong><\/div>\n<\/div>\n<div class=\"td-post-content tagdiv-type\">\n<div class=\"td-a-rec td-a-rec-id-content_top  tdi_3 td_block_template_1\"><strong>Intr\u0103 acum \u0219i \u00een grupul de <\/p>\n<div class=\"wp-block-button\"><a class=\"wp-block-button__link wp-element-button\" href=\"https:\/\/t.me\/+TH8wcfnp8fw5NWI0\">Telegram News Bucovina<\/a><\/div>\n<p><\/strong><\/div>\n<p class=\"wp-block-paragraph\">Poli\u021bi\u0219tii Brig\u0103zii de Combatere a Criminalit\u0103\u021bii Organizate Suceava, \u00eempreun\u0103 cu procurorii DIICOT \u2013 Serviciul Teritorial Suceava, au documentat activitatea unui b\u0103rbat de 44 de ani, cercetat pentru agresiune sexual\u0103 asupra unui minor, pornografie infantil\u0103, trafic de minori, viol asupra unui minor \u0219i determinarea sau \u00eenlesnirea de acte de natur\u0103 sexual\u0103 \u00eentre minori.<\/p>\n<figure class=\"wp-block-image size-large\"><a href=\"https:\/\/cdn.newsbucovina.ro\/wp-content\/uploads\/2025\/05\/retinere-politie.png\"><img loading=\"lazy\" decoding=\"async\" width=\"1024\" height=\"585\" src=\"https:\/\/cdn.newsbucovina.ro\/wp-content\/uploads\/2025\/05\/retinere-politie-1024x585.png\" alt class=\"wp-image-409706\"><\/a><\/figure>\n<p class=\"wp-block-paragraph\">\u00cen urma perchezi\u021biei domiciliare efectuate la locuin\u021ba acestuia din municipiul R\u0103d\u0103u\u021bi au fost ridicate dispozitive de stocare a datelor.<\/p>\n<p class=\"wp-block-paragraph\">Din probele administrate a reie\u0219it faptul c\u0103, \u00een perioada iunie 2026 \u2013 iulie 2026, la diferite date, profit\u00e2nd de imposibilitatea de a se ap\u0103ra sau de a-\u0219i exprima voin\u021ba, dar \u0219i de starea de v\u0103dit\u0103 vulnerabilitate a 4 victime minore, cu v\u00e2rste \u00eentre 5 \u0219i 16 ani, le-ar fi obligat la manifest\u0103ri pornografice \u00een vederea producerii \u015fi difuz\u0103rii de astfel de materiale, context \u00een care ar fi produs, ar fi de\u021binut \u0219i stocat cu ajutorul telefonului mobil materiale pornografice cu minori.<\/p>\n<p class=\"wp-block-paragraph\">De asemenea, \u00een acela\u0219i interval de timp, abuz\u00e2nd de pozi\u021bia recunoscut\u0103 de \u00eencredere sau de autoritate asupra a 5 victime minore, cu v\u00e2rste de 5, 7, 10, 15\u00a0 \u0219i 16 ani, dar \u0219i de situa\u0163ia de v\u0103dit\u0103 vulnerabilitate a acestora (familii dezorganizate \u0219i situa\u021bie material\u0103 precar\u0103), cel \u00een cauz\u0103 ar fi \u00eentre\u021binut acte sexuale cu acestea.<\/p>\n<p class=\"wp-block-paragraph\">Cercet\u0103rile au stabilit \u0219i faptul c\u0103, \u00een luna iulie 2026, b\u0103rbatul ar fi determinat dou\u0103 persoane v\u0103t\u0103mate minore (cu v\u00e2rste de 5 \u0219i 7 ani), membre ale aceleia\u0219i familii, fra\u021bi, s\u0103 comit\u0103 \u00eentre ei acte de natur\u0103 sexual\u0103. Totodat\u0103, acesta ar fi \u00eenregistrat cu telefonul mobil ac\u021biunile victimelor.<\/p>\n<p class=\"wp-block-paragraph\">Actele de urm\u0103rire penal\u0103 au ar\u0103tat \u0219i faptul c\u0103, pe parcursul lunii iunie 2026, \u00een mod repetat, ar fi atins cu m\u00e2inile \u00een zonele intime o persoan\u0103 v\u0103t\u0103mat\u0103, de 8 ani.<\/p>\n<p class=\"wp-block-paragraph\">Pe parcursul perchezi\u021biei domiciliare efectuate la locuin\u021ba acestuia, \u00een municipiul R\u0103d\u0103u\u021bi, au fost descoperite \u0219i ridicate dispozitive de stocare a datelor.<\/p>\n<p class=\"wp-block-paragraph\">La data de 3 august 2026, procurorii Direc\u021biei de Investigare a Infrac\u021biunilor de Criminalitate Organizat\u0103 \u0219i Terorism \u2013 Serviciul Teritorial Suceava au dispus re\u021binerea b\u0103rbatului de 44 de ani.<\/p>\n<p class=\"wp-block-paragraph\">La data de 4 august 2026, judec\u0103torul de drepturi \u015fi libert\u0103\u0163i din cadrul Tribunalului Suceava a dispus arestarea preventiv\u0103 a acestuia, pentru 30 de zile.<\/p>\n<p class=\"wp-block-paragraph\">Ac\u021biunea a beneficiat de sprijinul poli\u021bi\u0219tilor Inspectoratului de Poli\u021bie Jude\u021bean Suceava \u0219i jandarmilor Inspectoratului de Jandarmi Jude\u021bean Suceava.<\/p>\n<figure class=\"wp-block-embed is-type-video is-provider-youtube wp-block-embed-youtube wp-embed-aspect-16-9 wp-has-aspect-ratio\">\n<div class=\"wp-block-embed__wrapper\">\n<div class=\"youtube-embed\" data-video_id=\"uYtccfvP5bg\"><iframe loading=\"lazy\" title=\"Ce n-a v\u0103zut Paris-ul .. va vedea Suceava!! Nu-i chip s\u0103-i opre\u0219ti! Pe 4 septembrie va fi STOP joc\u2026\" width=\"696\" height=\"392\" src=\"https:\/\/www.youtube.com\/embed\/uYtccfvP5bg?feature=oembed&amp;enablejsapi=1\" frameborder allow=\"accelerometer; autoplay; clipboard-write; encrypted-media; gyroscope; picture-in-picture; web-share\" referrerpolicy=\"strict-origin-when-cross-origin\" allowfullscreen><\/iframe><\/div>\n<\/div>\n<\/figure>\n<div class=\"td-a-rec td-a-rec-id-content_bottom  tdi_4 td_block_template_1\"><strong>Intr\u0103 acum \u0219i \u00een grupul de <\/p>\n<div class=\"wp-block-button\"><a class=\"wp-block-button__link wp-element-button\" href=\"https:\/\/t.me\/+TH8wcfnp8fw5NWI0\">Telegram News Bucovina<\/a><\/div>\n<p><\/strong><\/div>\n<\/div>\n<p>[analyse_source url=&#8221;https:\/\/www.newsbucovina.ro\/actualitate\/445727\/barbat-de-44-de-ani-din-radauti-arestat-preventiv-pentru-pentru-agresiunea-sexuala-savarsita-asupra-unui-minor-pornografie-infantila-trafic-de-minori-si-viol-savarsit-asupra-unui-minor&#8221;]<\/p>\n","protected":false},"excerpt":{"rendered":"<p>[analyse_image type=&#8221;featured&#8221; src=&#8221;https:\/\/www.newsbucovina.ro\/wp-content\/uploads\/2025\/05\/retinere-politie.pnghttps:\/\/cdn.newsbucovina.ro\/wp-content\/uploads\/2025\/05\/retinere-politie.png&#8221;] Intr\u0103 acum \u0219i \u00een grupul de Telegram News Bucovina Poli\u021bi\u0219tii Brig\u0103zii de Combatere a Criminalit\u0103\u021bii Organizate Suceava, \u00eempreun\u0103 cu procurorii DIICOT \u2013 Serviciul Teritorial Suceava, au documentat activitatea unui b\u0103rbat de 44 de ani, cercetat pentru agresiune sexual\u0103 asupra unui minor, pornografie infantil\u0103, trafic de minori, viol asupra unui minor \u0219i determinarea [&hellip;]<\/p>\n","protected":false},"author":1,"featured_media":0,"comment_status":"open","ping_status":"","sticky":false,"template":"","format":"standard","meta":{"footnotes":""},"categories":[89],"tags":[226,165],"class_list":["post-2079564","post","type-post","status-publish","format-standard","hentry","category-romania","tag-crawlmanager","tag-newsbucovina-ro"],"_links":{"self":[{"href":"https:\/\/analyse.optim.biz\/index.php?rest_route=\/wp\/v2\/posts\/2079564","targetHints":{"allow":["GET"]}}],"collection":[{"href":"https:\/\/analyse.optim.biz\/index.php?rest_route=\/wp\/v2\/posts"}],"about":[{"href":"https:\/\/analyse.optim.biz\/index.php?rest_route=\/wp\/v2\/types\/post"}],"author":[{"embeddable":true,"href":"https:\/\/analyse.optim.biz\/index.php?rest_route=\/wp\/v2\/users\/1"}],"replies":[{"embeddable":true,"href":"https:\/\/analyse.optim.biz\/index.php?rest_route=%2Fwp%2Fv2%2Fcomments&post=2079564"}],"version-history":[{"count":0,"href":"https:\/\/analyse.optim.biz\/index.php?rest_route=\/wp\/v2\/posts\/2079564\/revisions"}],"wp:attachment":[{"href":"https:\/\/analyse.optim.biz\/index.php?rest_route=%2Fwp%2Fv2%2Fmedia&parent=2079564"}],"wp:term":[{"taxonomy":"category","embeddable":true,"href":"https:\/\/analyse.optim.biz\/index.php?rest_route=%2Fwp%2Fv2%2Fcategories&post=2079564"},{"taxonomy":"post_tag","embeddable":true,"href":"https:\/\/analyse.optim.biz\/index.php?rest_route=%2Fwp%2Fv2%2Ftags&post=2079564"}],"curies":[{"name":"wp","href":"https:\/\/api.w.org\/{rel}","templated":true}]}}